{"id":14853,"date":"2019-11-25T01:20:42","date_gmt":"2019-11-25T04:20:42","guid":{"rendered":"http:\/\/www.mundoagropecuario.cl\/new\/?p=14853"},"modified":"2019-11-28T10:32:47","modified_gmt":"2019-11-28T13:32:47","slug":"analizan-importancia-del-deficit-hidrico","status":"publish","type":"post","link":"https:\/\/www.mundoagropecuario.cl\/new\/analizan-importancia-del-deficit-hidrico\/","title":{"rendered":"Analizan importancia del d\u00e9ficit h\u00eddrico"},"content":{"rendered":"\n<ul class=\"wp-block-gallery columns-0 is-cropped wp-block-gallery-1 is-layout-flex wp-block-gallery-is-layout-flex\"><\/ul>\n\n\n\n<p class=\"has-medium-font-size\"><em>Las recomendaciones son realizar un monitoreo agrometeorol\u00f3gico, disponer de informaci\u00f3n adecuada y formar el recurso humano (Mundo Agropecuario).<\/em><\/p>\n\n\n\n<p>En los \u00faltimos a\u00f1os, La Araucan\u00eda se enfrenta a un escenario de d\u00e9ficit h\u00eddrico que afecta la agricultura, dificultad que se ha acentuado en el norte y centro del pa\u00eds. Esto exige gestionar adecuadamente el agua de riego para ser m\u00e1s eficaz y eficiente en su uso, interaccionando las herramientas tecnol\u00f3gicas existentes. Para el agro, implica considerar disponibilidad de agua, manejo de m\u00e9todos de riego, optimizaci\u00f3n del agua de riego, incorporaci\u00f3n de tecnolog\u00edas, estrategias h\u00eddricas y transferencia tecnol\u00f3gica, adem\u00e1s de una articulaci\u00f3n p\u00fablico-privada para avanzar en el desarrollo productivo de la regi\u00f3n.<\/p>\n\n\n\n<p>Bajo esta mirada se realiz\u00f3 el seminario \u201cgesti\u00f3n h\u00eddrica y adaptaci\u00f3n al cambio clim\u00e1tico\u201d, actividad inserta en el programa ejecutado por INIA Carillanca, aprobado por el Consejo Regional y financiado por el Gobierno Regional de La Araucan\u00eda: \u201cFortalecimiento de la gesti\u00f3n h\u00eddrica intrapredial para los principales sistemas agropecuarios&nbsp;&nbsp;del \u00e1rea de influencia Canal Faja Maisan y sus alrededores&#8221; (GESH-FAM). El objetivo de este programa es optimizar el recurso agua y aumentar la productividad predial, lo cual redundar\u00e1 en la calidad de vida de los agricultores de los sectores del territorio involucrado; cuyo sustento se encuentra en 4 ejes estrat\u00e9gicos: gesti\u00f3n h\u00eddrica, cambio clim\u00e1tico, agricultura sustentable y transferencia tecnol\u00f3gica.<\/p>\n\n\n\n<p>En esta oportunidad, el alcalde de Pitrufqu\u00e9n Jorge Jaramillo, la Directora Regional de INIA Carillanca Elizabeth Kehr y el presidente del Canal Faja Maisan Milton Alberti, concordaron que es importante darle un uso estrat\u00e9gico al canal Faja Maisan para potenciar los distintos cultivos que se producen en el sector, considerando que este programa naci\u00f3 de una demanda concreta de los propios usuarios. Actualmente en el \u00e1rea de influencia del canal Faja Maisan y sus alrededores, el agua de riego no se ha usado racional o correctamente, es decir, enfocada a la optimizaci\u00f3n del recurso h\u00eddrico y maximizar la producci\u00f3n de sus sistemas agr\u00edcolas. As\u00ed, se hace pertinente entregar herramientas tecnol\u00f3gicas de vanguardia a equipos t\u00e9cnicos y agricultores orientados al fortalecimiento de las capacidades t\u00e9cnicas en gesti\u00f3n h\u00eddrica intrapredial donde se hace relevante el apoyo p\u00fablico.&nbsp;<\/p>\n\n\n\n<figure class=\"wp-block-image\"><img loading=\"lazy\" decoding=\"async\" width=\"1024\" height=\"681\" src=\"https:\/\/www.mundoagropecuario.cl\/new\/wp-content\/uploads\/2019\/11\/DSC_0093-1024x681.jpg\" alt=\"\" class=\"wp-image-14855\" srcset=\"https:\/\/www.mundoagropecuario.cl\/new\/wp-content\/uploads\/2019\/11\/DSC_0093-1024x681.jpg 1024w, https:\/\/www.mundoagropecuario.cl\/new\/wp-content\/uploads\/2019\/11\/DSC_0093-586x390.jpg 586w, https:\/\/www.mundoagropecuario.cl\/new\/wp-content\/uploads\/2019\/11\/DSC_0093-768x511.jpg 768w, https:\/\/www.mundoagropecuario.cl\/new\/wp-content\/uploads\/2019\/11\/DSC_0093.jpg 601w\" sizes=\"auto, (max-width: 1024px) 100vw, 1024px\" \/><\/figure>\n\n\n\n<p>Durante el seminario se entregaron los lineamientos generales del programa GORE-INIA a ejecutar en el territorio, a cargo del Dr. Rafael L\u00f3pez-Olivari de INIA Carillanca, y se cont\u00f3 con la charla magistral sobre estimaci\u00f3n de la evapotranspiraci\u00f3n de referencia a escala territorial en la Regi\u00f3n de La Araucan\u00eda, expuesta por el Dr. Luis Morales Salinas, investigador de la Universidad de Chile, quien plantea la necesidad de cuantificar claramente la cantidad de agua que necesitan los diferentes cultivos para as\u00ed evitar p\u00e9rdidas del recurso innecesariamente.<\/p>\n\n\n\n<p>Frente al cambio clim\u00e1tico los agricultores y equipos t\u00e9cnicos deben tener informaci\u00f3n clara de sus cultivos, la forma de c\u00f3mo regar (conocer los m\u00e9todos de riego), cu\u00e1ndo y cu\u00e1nto regar (programaci\u00f3n de riego) incorporando tecnolog\u00edas adecuadas con el apoyo de especialistas que trabajan en base a modelos concretos y reconocer que el riego tecnificado es una estrategia importante para coexistir con la variabilidad clim\u00e1tica presenta en la regi\u00f3n de La Araucan\u00eda.<\/p>\n\n\n\n<p>En este escenario las recomendaciones son realizar un monitoreo agrometeorol\u00f3gico, disponer de informaci\u00f3n adecuada y local, formar recurso humano, hacer un uso eficiente del agua de riego, cambiar tecnolog\u00edas (Sistemas de riego), introducir nuevas variedades y especies, y capacitar tanto a los agricultores como los equipos t\u00e9cnicos. Muchos de estos temas ser\u00e1n abordados en detalle por el programa que INIA ejecuta en la zona de Pitrufqu\u00e9n hasta el 2021.<\/p>\n","protected":false},"excerpt":{"rendered":"<p>Las recomendaciones son realizar un monitoreo agrometeorol\u00f3gico, disponer de informaci\u00f3n adecuada y formar el recurso humano (Mundo Agropecuario). En los \u00faltimos a\u00f1os, La Araucan\u00eda se enfrenta a un escenario de&#8230;<\/p>\n","protected":false},"author":2,"featured_media":14854,"comment_status":"closed","ping_status":"closed","sticky":false,"template":"","format":"standard","meta":{"footnotes":""},"categories":[1945],"tags":[3127,3966,2052,2404],"class_list":["post-14853","post","type-post","status-publish","format-standard","has-post-thumbnail","hentry","category-agricultura","tag-agro","tag-deficit-hidrico","tag-inia","tag-inia-carillanca"],"yoast_head":"<!-- This site is optimized with the Yoast SEO plugin v26.6 - https:\/\/yoast.com\/wordpress\/plugins\/seo\/ -->\n<title>Analizan importancia del d\u00e9ficit h\u00eddrico - Mundoagropecuario<\/title>\n<meta name=\"robots\" content=\"index, follow, max-snippet:-1, max-image-preview:large, max-video-preview:-1\" \/>\n<link rel=\"canonical\" href=\"https:\/\/www.mundoagropecuario.cl\/new\/analizan-importancia-del-deficit-hidrico\/\" \/>\n<meta property=\"og:locale\" content=\"es_ES\" \/>\n<meta property=\"og:type\" content=\"article\" \/>\n<meta property=\"og:title\" content=\"Analizan importancia del d\u00e9ficit h\u00eddrico - Mundoagropecuario\" \/>\n<meta property=\"og:description\" content=\"Las recomendaciones son realizar un monitoreo agrometeorol\u00f3gico, disponer de informaci\u00f3n adecuada y formar el recurso humano (Mundo Agropecuario). En los \u00faltimos a\u00f1os, La Araucan\u00eda se enfrenta a un escenario de...\" \/>\n<meta property=\"og:url\" content=\"https:\/\/www.mundoagropecuario.cl\/new\/analizan-importancia-del-deficit-hidrico\/\" \/>\n<meta property=\"og:site_name\" content=\"Mundoagropecuario\" \/>\n<meta property=\"article:publisher\" content=\"https:\/\/www.facebook.com\/mundo.agropecuario.3\" \/>\n<meta property=\"article:published_time\" content=\"2019-11-25T04:20:42+00:00\" \/>\n<meta property=\"article:modified_time\" content=\"2019-11-28T13:32:47+00:00\" \/>\n<meta property=\"og:image\" content=\"https:\/\/www.mundoagropecuario.cl\/new\/wp-content\/uploads\/2019\/11\/DSC_0081.jpg\" \/>\n\t<meta property=\"og:image:width\" content=\"1024\" \/>\n\t<meta property=\"og:image:height\" content=\"681\" \/>\n\t<meta property=\"og:image:type\" content=\"image\/jpeg\" \/>\n<meta name=\"author\" content=\"mundo\" \/>\n<meta name=\"twitter:card\" content=\"summary_large_image\" \/>\n<meta name=\"twitter:creator\" content=\"@MundoAgropecuar\" \/>\n<meta name=\"twitter:site\" content=\"@MundoAgropecuar\" \/>\n<meta name=\"twitter:label1\" content=\"Escrito por\" \/>\n\t<meta name=\"twitter:data1\" content=\"mundo\" \/>\n\t<meta name=\"twitter:label2\" content=\"Tiempo de lectura\" \/>\n\t<meta name=\"twitter:data2\" content=\"3 minutos\" \/>\n<script type=\"application\/ld+json\" class=\"yoast-schema-graph\">{\"@context\":\"https:\/\/schema.org\",\"@graph\":[{\"@type\":\"Article\",\"@id\":\"https:\/\/www.mundoagropecuario.cl\/new\/analizan-importancia-del-deficit-hidrico\/#article\",\"isPartOf\":{\"@id\":\"https:\/\/www.mundoagropecuario.cl\/new\/analizan-importancia-del-deficit-hidrico\/\"},\"author\":{\"name\":\"mundo\",\"@id\":\"https:\/\/www.mundoagropecuario.cl\/new\/#\/schema\/person\/4e9f74a82a7dac260eb1c44b7eebeb18\"},\"headline\":\"Analizan importancia del d\u00e9ficit h\u00eddrico\",\"datePublished\":\"2019-11-25T04:20:42+00:00\",\"dateModified\":\"2019-11-28T13:32:47+00:00\",\"mainEntityOfPage\":{\"@id\":\"https:\/\/www.mundoagropecuario.cl\/new\/analizan-importancia-del-deficit-hidrico\/\"},\"wordCount\":652,\"publisher\":{\"@id\":\"https:\/\/www.mundoagropecuario.cl\/new\/#organization\"},\"image\":{\"@id\":\"https:\/\/www.mundoagropecuario.cl\/new\/analizan-importancia-del-deficit-hidrico\/#primaryimage\"},\"thumbnailUrl\":\"https:\/\/www.mundoagropecuario.cl\/new\/wp-content\/uploads\/2019\/11\/DSC_0081.jpg\",\"keywords\":[\"Agro\",\"d\u00e9ficit h\u00eddrico\",\"INIA\",\"INIA Carillanca\"],\"articleSection\":[\"Agricultura\"],\"inLanguage\":\"es\"},{\"@type\":\"WebPage\",\"@id\":\"https:\/\/www.mundoagropecuario.cl\/new\/analizan-importancia-del-deficit-hidrico\/\",\"url\":\"https:\/\/www.mundoagropecuario.cl\/new\/analizan-importancia-del-deficit-hidrico\/\",\"name\":\"Analizan importancia del d\u00e9ficit h\u00eddrico - Mundoagropecuario\",\"isPartOf\":{\"@id\":\"https:\/\/www.mundoagropecuario.cl\/new\/#website\"},\"primaryImageOfPage\":{\"@id\":\"https:\/\/www.mundoagropecuario.cl\/new\/analizan-importancia-del-deficit-hidrico\/#primaryimage\"},\"image\":{\"@id\":\"https:\/\/www.mundoagropecuario.cl\/new\/analizan-importancia-del-deficit-hidrico\/#primaryimage\"},\"thumbnailUrl\":\"https:\/\/www.mundoagropecuario.cl\/new\/wp-content\/uploads\/2019\/11\/DSC_0081.jpg\",\"datePublished\":\"2019-11-25T04:20:42+00:00\",\"dateModified\":\"2019-11-28T13:32:47+00:00\",\"breadcrumb\":{\"@id\":\"https:\/\/www.mundoagropecuario.cl\/new\/analizan-importancia-del-deficit-hidrico\/#breadcrumb\"},\"inLanguage\":\"es\",\"potentialAction\":[{\"@type\":\"ReadAction\",\"target\":[\"https:\/\/www.mundoagropecuario.cl\/new\/analizan-importancia-del-deficit-hidrico\/\"]}]},{\"@type\":\"ImageObject\",\"inLanguage\":\"es\",\"@id\":\"https:\/\/www.mundoagropecuario.cl\/new\/analizan-importancia-del-deficit-hidrico\/#primaryimage\",\"url\":\"https:\/\/www.mundoagropecuario.cl\/new\/wp-content\/uploads\/2019\/11\/DSC_0081.jpg\",\"contentUrl\":\"https:\/\/www.mundoagropecuario.cl\/new\/wp-content\/uploads\/2019\/11\/DSC_0081.jpg\",\"width\":601,\"height\":400},{\"@type\":\"BreadcrumbList\",\"@id\":\"https:\/\/www.mundoagropecuario.cl\/new\/analizan-importancia-del-deficit-hidrico\/#breadcrumb\",\"itemListElement\":[{\"@type\":\"ListItem\",\"position\":1,\"name\":\"Portada\",\"item\":\"https:\/\/www.mundoagropecuario.cl\/new\/\"},{\"@type\":\"ListItem\",\"position\":2,\"name\":\"Analizan importancia del d\u00e9ficit h\u00eddrico\"}]},{\"@type\":\"WebSite\",\"@id\":\"https:\/\/www.mundoagropecuario.cl\/new\/#website\",\"url\":\"https:\/\/www.mundoagropecuario.cl\/new\/\",\"name\":\"Mundoagropecuario\",\"description\":\"Mundo Agropecuario\",\"publisher\":{\"@id\":\"https:\/\/www.mundoagropecuario.cl\/new\/#organization\"},\"potentialAction\":[{\"@type\":\"SearchAction\",\"target\":{\"@type\":\"EntryPoint\",\"urlTemplate\":\"https:\/\/www.mundoagropecuario.cl\/new\/?s={search_term_string}\"},\"query-input\":{\"@type\":\"PropertyValueSpecification\",\"valueRequired\":true,\"valueName\":\"search_term_string\"}}],\"inLanguage\":\"es\"},{\"@type\":\"Organization\",\"@id\":\"https:\/\/www.mundoagropecuario.cl\/new\/#organization\",\"name\":\"Revista de Agricultura\",\"url\":\"https:\/\/www.mundoagropecuario.cl\/new\/\",\"logo\":{\"@type\":\"ImageObject\",\"inLanguage\":\"es\",\"@id\":\"https:\/\/www.mundoagropecuario.cl\/new\/#\/schema\/logo\/image\/\",\"url\":\"https:\/\/www.mundoagropecuario.cl\/new\/wp-content\/uploads\/2020\/11\/PORTAL-1-1.png\",\"contentUrl\":\"https:\/\/www.mundoagropecuario.cl\/new\/wp-content\/uploads\/2020\/11\/PORTAL-1-1.png\",\"width\":1026,\"height\":100,\"caption\":\"Revista de Agricultura\"},\"image\":{\"@id\":\"https:\/\/www.mundoagropecuario.cl\/new\/#\/schema\/logo\/image\/\"},\"sameAs\":[\"https:\/\/www.facebook.com\/mundo.agropecuario.3\",\"https:\/\/x.com\/MundoAgropecuar\",\"https:\/\/www.linkedin.com\/in\/mundo-agropecuario-934009201\/\"]},{\"@type\":\"Person\",\"@id\":\"https:\/\/www.mundoagropecuario.cl\/new\/#\/schema\/person\/4e9f74a82a7dac260eb1c44b7eebeb18\",\"name\":\"mundo\",\"url\":\"https:\/\/www.mundoagropecuario.cl\/new\/author\/mundo\/\"}]}<\/script>\n<!-- \/ Yoast SEO plugin. -->","yoast_head_json":{"title":"Analizan importancia del d\u00e9ficit h\u00eddrico - Mundoagropecuario","robots":{"index":"index","follow":"follow","max-snippet":"max-snippet:-1","max-image-preview":"max-image-preview:large","max-video-preview":"max-video-preview:-1"},"canonical":"https:\/\/www.mundoagropecuario.cl\/new\/analizan-importancia-del-deficit-hidrico\/","og_locale":"es_ES","og_type":"article","og_title":"Analizan importancia del d\u00e9ficit h\u00eddrico - Mundoagropecuario","og_description":"Las recomendaciones son realizar un monitoreo agrometeorol\u00f3gico, disponer de informaci\u00f3n adecuada y formar el recurso humano (Mundo Agropecuario). En los \u00faltimos a\u00f1os, La Araucan\u00eda se enfrenta a un escenario de...","og_url":"https:\/\/www.mundoagropecuario.cl\/new\/analizan-importancia-del-deficit-hidrico\/","og_site_name":"Mundoagropecuario","article_publisher":"https:\/\/www.facebook.com\/mundo.agropecuario.3","article_published_time":"2019-11-25T04:20:42+00:00","article_modified_time":"2019-11-28T13:32:47+00:00","og_image":[{"width":1024,"height":681,"url":"https:\/\/www.mundoagropecuario.cl\/new\/wp-content\/uploads\/2019\/11\/DSC_0081.jpg","type":"image\/jpeg"}],"author":"mundo","twitter_card":"summary_large_image","twitter_creator":"@MundoAgropecuar","twitter_site":"@MundoAgropecuar","twitter_misc":{"Escrito por":"mundo","Tiempo de lectura":"3 minutos"},"schema":{"@context":"https:\/\/schema.org","@graph":[{"@type":"Article","@id":"https:\/\/www.mundoagropecuario.cl\/new\/analizan-importancia-del-deficit-hidrico\/#article","isPartOf":{"@id":"https:\/\/www.mundoagropecuario.cl\/new\/analizan-importancia-del-deficit-hidrico\/"},"author":{"name":"mundo","@id":"https:\/\/www.mundoagropecuario.cl\/new\/#\/schema\/person\/4e9f74a82a7dac260eb1c44b7eebeb18"},"headline":"Analizan importancia del d\u00e9ficit h\u00eddrico","datePublished":"2019-11-25T04:20:42+00:00","dateModified":"2019-11-28T13:32:47+00:00","mainEntityOfPage":{"@id":"https:\/\/www.mundoagropecuario.cl\/new\/analizan-importancia-del-deficit-hidrico\/"},"wordCount":652,"publisher":{"@id":"https:\/\/www.mundoagropecuario.cl\/new\/#organization"},"image":{"@id":"https:\/\/www.mundoagropecuario.cl\/new\/analizan-importancia-del-deficit-hidrico\/#primaryimage"},"thumbnailUrl":"https:\/\/www.mundoagropecuario.cl\/new\/wp-content\/uploads\/2019\/11\/DSC_0081.jpg","keywords":["Agro","d\u00e9ficit h\u00eddrico","INIA","INIA Carillanca"],"articleSection":["Agricultura"],"inLanguage":"es"},{"@type":"WebPage","@id":"https:\/\/www.mundoagropecuario.cl\/new\/analizan-importancia-del-deficit-hidrico\/","url":"https:\/\/www.mundoagropecuario.cl\/new\/analizan-importancia-del-deficit-hidrico\/","name":"Analizan importancia del d\u00e9ficit h\u00eddrico - Mundoagropecuario","isPartOf":{"@id":"https:\/\/www.mundoagropecuario.cl\/new\/#website"},"primaryImageOfPage":{"@id":"https:\/\/www.mundoagropecuario.cl\/new\/analizan-importancia-del-deficit-hidrico\/#primaryimage"},"image":{"@id":"https:\/\/www.mundoagropecuario.cl\/new\/analizan-importancia-del-deficit-hidrico\/#primaryimage"},"thumbnailUrl":"https:\/\/www.mundoagropecuario.cl\/new\/wp-content\/uploads\/2019\/11\/DSC_0081.jpg","datePublished":"2019-11-25T04:20:42+00:00","dateModified":"2019-11-28T13:32:47+00:00","breadcrumb":{"@id":"https:\/\/www.mundoagropecuario.cl\/new\/analizan-importancia-del-deficit-hidrico\/#breadcrumb"},"inLanguage":"es","potentialAction":[{"@type":"ReadAction","target":["https:\/\/www.mundoagropecuario.cl\/new\/analizan-importancia-del-deficit-hidrico\/"]}]},{"@type":"ImageObject","inLanguage":"es","@id":"https:\/\/www.mundoagropecuario.cl\/new\/analizan-importancia-del-deficit-hidrico\/#primaryimage","url":"https:\/\/www.mundoagropecuario.cl\/new\/wp-content\/uploads\/2019\/11\/DSC_0081.jpg","contentUrl":"https:\/\/www.mundoagropecuario.cl\/new\/wp-content\/uploads\/2019\/11\/DSC_0081.jpg","width":601,"height":400},{"@type":"BreadcrumbList","@id":"https:\/\/www.mundoagropecuario.cl\/new\/analizan-importancia-del-deficit-hidrico\/#breadcrumb","itemListElement":[{"@type":"ListItem","position":1,"name":"Portada","item":"https:\/\/www.mundoagropecuario.cl\/new\/"},{"@type":"ListItem","position":2,"name":"Analizan importancia del d\u00e9ficit h\u00eddrico"}]},{"@type":"WebSite","@id":"https:\/\/www.mundoagropecuario.cl\/new\/#website","url":"https:\/\/www.mundoagropecuario.cl\/new\/","name":"Mundoagropecuario","description":"Mundo Agropecuario","publisher":{"@id":"https:\/\/www.mundoagropecuario.cl\/new\/#organization"},"potentialAction":[{"@type":"SearchAction","target":{"@type":"EntryPoint","urlTemplate":"https:\/\/www.mundoagropecuario.cl\/new\/?s={search_term_string}"},"query-input":{"@type":"PropertyValueSpecification","valueRequired":true,"valueName":"search_term_string"}}],"inLanguage":"es"},{"@type":"Organization","@id":"https:\/\/www.mundoagropecuario.cl\/new\/#organization","name":"Revista de Agricultura","url":"https:\/\/www.mundoagropecuario.cl\/new\/","logo":{"@type":"ImageObject","inLanguage":"es","@id":"https:\/\/www.mundoagropecuario.cl\/new\/#\/schema\/logo\/image\/","url":"https:\/\/www.mundoagropecuario.cl\/new\/wp-content\/uploads\/2020\/11\/PORTAL-1-1.png","contentUrl":"https:\/\/www.mundoagropecuario.cl\/new\/wp-content\/uploads\/2020\/11\/PORTAL-1-1.png","width":1026,"height":100,"caption":"Revista de Agricultura"},"image":{"@id":"https:\/\/www.mundoagropecuario.cl\/new\/#\/schema\/logo\/image\/"},"sameAs":["https:\/\/www.facebook.com\/mundo.agropecuario.3","https:\/\/x.com\/MundoAgropecuar","https:\/\/www.linkedin.com\/in\/mundo-agropecuario-934009201\/"]},{"@type":"Person","@id":"https:\/\/www.mundoagropecuario.cl\/new\/#\/schema\/person\/4e9f74a82a7dac260eb1c44b7eebeb18","name":"mundo","url":"https:\/\/www.mundoagropecuario.cl\/new\/author\/mundo\/"}]}},"_links":{"self":[{"href":"https:\/\/www.mundoagropecuario.cl\/new\/wp-json\/wp\/v2\/posts\/14853","targetHints":{"allow":["GET"]}}],"collection":[{"href":"https:\/\/www.mundoagropecuario.cl\/new\/wp-json\/wp\/v2\/posts"}],"about":[{"href":"https:\/\/www.mundoagropecuario.cl\/new\/wp-json\/wp\/v2\/types\/post"}],"author":[{"embeddable":true,"href":"https:\/\/www.mundoagropecuario.cl\/new\/wp-json\/wp\/v2\/users\/2"}],"replies":[{"embeddable":true,"href":"https:\/\/www.mundoagropecuario.cl\/new\/wp-json\/wp\/v2\/comments?post=14853"}],"version-history":[{"count":1,"href":"https:\/\/www.mundoagropecuario.cl\/new\/wp-json\/wp\/v2\/posts\/14853\/revisions"}],"predecessor-version":[{"id":14856,"href":"https:\/\/www.mundoagropecuario.cl\/new\/wp-json\/wp\/v2\/posts\/14853\/revisions\/14856"}],"wp:featuredmedia":[{"embeddable":true,"href":"https:\/\/www.mundoagropecuario.cl\/new\/wp-json\/wp\/v2\/media\/14854"}],"wp:attachment":[{"href":"https:\/\/www.mundoagropecuario.cl\/new\/wp-json\/wp\/v2\/media?parent=14853"}],"wp:term":[{"taxonomy":"category","embeddable":true,"href":"https:\/\/www.mundoagropecuario.cl\/new\/wp-json\/wp\/v2\/categories?post=14853"},{"taxonomy":"post_tag","embeddable":true,"href":"https:\/\/www.mundoagropecuario.cl\/new\/wp-json\/wp\/v2\/tags?post=14853"}],"curies":[{"name":"wp","href":"https:\/\/api.w.org\/{rel}","templated":true}]}}