{"id":14812,"date":"2019-11-21T10:55:39","date_gmt":"2019-11-21T13:55:39","guid":{"rendered":"http:\/\/www.mundoagropecuario.cl\/new\/?p=14812"},"modified":"2019-11-22T12:08:01","modified_gmt":"2019-11-22T15:08:01","slug":"inia-realizo-1ra-plantacion-mecanica-de-almendros-en-chile","status":"publish","type":"post","link":"https:\/\/www.mundoagropecuario.cl\/new\/inia-realizo-1ra-plantacion-mecanica-de-almendros-en-chile\/","title":{"rendered":"INIA realiz\u00f3 1ra plantaci\u00f3n mec\u00e1nica de almendros en Chile"},"content":{"rendered":"\n<ul class=\"wp-block-gallery columns-0 is-cropped wp-block-gallery-1 is-layout-flex wp-block-gallery-is-layout-flex\"><\/ul>\n\n\n\n<p class=\"has-medium-font-size\"><em>El proyecto contempla validaciones en unidades productivas que puedan ser transferidas al sector agr\u00edcola con an\u00e1lisis de rentabilidad y factibilidad, adem\u00e1s de la prospecci\u00f3n de nuevos mercados asociados (Mundo Agropecuario).<\/em><\/p>\n\n\n\n<p>Como un aporte del Plan Impulso al desarrollo frut\u00edcola de la regi\u00f3n de La Araucan\u00eda, el Instituto de Investigaciones Agropecuarias (INIA) llev\u00f3 a cabo la primera plantaci\u00f3n mec\u00e1nica de almendros del pa\u00eds de alta densidad, con variedades de floraci\u00f3n tard\u00eda sobre patrones enanizantes, utilizando tecnolog\u00eda satelital y aplicaci\u00f3n localizada de fertilizantes y plaguicidas.<\/p>\n\n\n\n<p>El encargado de la iniciativa e integrante del centro regional INIA Carillanca, el investigador Carlos Fuentes, coment\u00f3 que \u201cestamos plantando variedades de la empresa Agromillora (c) sobre el patr\u00f3n Rootpac-20. Al segundo a\u00f1o se espera el inicio de producci\u00f3n en plantas conducidas en forma de setos, en un marco de plantaci\u00f3n de 3 por 1 metro, que es una producci\u00f3n en alta densidad que implica unas 2.800 plantas por hect\u00e1rea aproximadamente. Esto equivale a unas 25 hect\u00e1reas en la zona central con densidad tradicional de 6 por 5 metros\u201d.<\/p>\n\n\n\n<p>El especialista a\u00f1adi\u00f3 que \u201cpara un establecimiento eficaz en el menor tiempo posible, se ha realizado una plantaci\u00f3n de tipo mec\u00e1nica con tecnolog\u00eda satelital y con aplicaci\u00f3n localizada de fertilizantes y plaguicidas. Asimismo, se establecer\u00e1n variedades de IRTA Espa\u00f1a cuyo representante en Chile es Viveros Sunnyridge, en 3 densidades distintas para evaluar econ\u00f3micamente los distintos modelos de producci\u00f3n, as\u00ed como tambi\u00e9n la entrada en floraci\u00f3n en latitudes de La Araucan\u00eda y su comportamiento frente a las heladas y la producci\u00f3n de fruta por unidad de superficie\u201d.<\/p>\n\n\n\n<p>Esta primera plantaci\u00f3n con dicha tecnolog\u00eda en Chile, est\u00e1 enmarcada en el proyecto de innovaci\u00f3n productiva INIA-FIA \u201cIncremento de la competitividad agr\u00edcola en La Araucan\u00eda, mediante el fomento de la reconversi\u00f3n de sistemas tradicionales a sistemas frut\u00edcolas\u201d. La iniciativa comenz\u00f3 su ejecuci\u00f3n en 2019, mediante validaciones en unidades productivas que puedan ser transferidas al medio agr\u00edcola regional con an\u00e1lisis de rentabilidad y factibilidad, adem\u00e1s de la prospecci\u00f3n de nuevos mercados asociados.<\/p>\n\n\n\n<p>Para el representante macrozonal de FIA en La Araucan\u00eda y Los R\u00edos, Jos\u00e9 R\u00fcth, \u201cesta primera plantaci\u00f3n de almendros es un hito dentro de esta iniciativa pues, como instituci\u00f3n que busca impulsar la innovaci\u00f3n en el agro, hemos buscado tambi\u00e9n dar respuestas a los diferentes problemas que existen en los distintos territorios y tomarlas como una oportunidad. En este caso el r\u00e1pido desplazamiento de la fruticultura hacia el sur de Chile, producto del cambio clim\u00e1tico, ha hecho posible&nbsp;&nbsp;incorporar nuevas especies a la matriz productiva de la regi\u00f3n, que sean m\u00e1s rentables que los cultivos tradicionales y se adapten a las nuevas condiciones de la Regi\u00f3n de La Araucan\u00eda\u201d.<\/p>\n\n\n\n<p>Debido al cambio clim\u00e1tico y la migraci\u00f3n de la fruticultura hacia el sur de Chile, en este proyecto fue necesario evaluar adaptaciones de especies frutales no consideradas y que cuenten con demanda de mercado y oportunidades para su desarrollo. Por ello, la propuesta aqu\u00ed consider\u00f3 la introducci\u00f3n de variedades de almendro (Prunus dulcis) de origen europeo con tecnolog\u00edas que puedan adaptarse a la regi\u00f3n, con el uso de patrones enanizantes, variedades autof\u00e9rtiles, de floraci\u00f3n tard\u00eda, de precocidad en la entrada en producci\u00f3n y de adaptaci\u00f3n a manejos m\u00e1s equilibrados en el uso de agroqu\u00edmicos, dise\u00f1ando sistemas de producci\u00f3n con uso de control de heladas, entre otras formas de manejo para su adaptaci\u00f3n.<\/p>\n\n\n\n<p>Asimismo, el proyecto busca evaluar en condiciones de precordillera la adaptaci\u00f3n a manejos m\u00e1s sustentables de casta\u00f1o tipo marr\u00f3n (Castanea sativa), con un sistema intensivo de uso de los espacios con otros cultivos para acelerar la recuperaci\u00f3n de capital de la inversi\u00f3n. Esta evaluaci\u00f3n pretende entregar resultados de adaptaci\u00f3n y econ\u00f3micos a partir del 2020 en adelante.<\/p>\n","protected":false},"excerpt":{"rendered":"<p>El proyecto contempla validaciones en unidades productivas que puedan ser transferidas al sector agr\u00edcola con an\u00e1lisis de rentabilidad y factibilidad, adem\u00e1s de la prospecci\u00f3n de nuevos mercados asociados (Mundo Agropecuario)&#8230;.<\/p>\n","protected":false},"author":2,"featured_media":14813,"comment_status":"closed","ping_status":"closed","sticky":false,"template":"","format":"standard","meta":{"footnotes":""},"categories":[1945],"tags":[2090,3127,2052],"class_list":["post-14812","post","type-post","status-publish","format-standard","has-post-thumbnail","hentry","category-agricultura","tag-agricultura","tag-agro","tag-inia"],"yoast_head":"<!-- This site is optimized with the Yoast SEO plugin v26.6 - https:\/\/yoast.com\/wordpress\/plugins\/seo\/ -->\n<title>INIA realiz\u00f3 1ra plantaci\u00f3n mec\u00e1nica de almendros en Chile - Mundoagropecuario<\/title>\n<meta name=\"robots\" content=\"index, follow, max-snippet:-1, max-image-preview:large, max-video-preview:-1\" \/>\n<link rel=\"canonical\" href=\"https:\/\/www.mundoagropecuario.cl\/new\/inia-realizo-1ra-plantacion-mecanica-de-almendros-en-chile\/\" \/>\n<meta property=\"og:locale\" content=\"es_ES\" \/>\n<meta property=\"og:type\" content=\"article\" \/>\n<meta property=\"og:title\" content=\"INIA realiz\u00f3 1ra plantaci\u00f3n mec\u00e1nica de almendros en Chile - Mundoagropecuario\" \/>\n<meta property=\"og:description\" content=\"El proyecto contempla validaciones en unidades productivas que puedan ser transferidas al sector agr\u00edcola con an\u00e1lisis de rentabilidad y factibilidad, adem\u00e1s de la prospecci\u00f3n de nuevos mercados asociados (Mundo Agropecuario)....\" \/>\n<meta property=\"og:url\" content=\"https:\/\/www.mundoagropecuario.cl\/new\/inia-realizo-1ra-plantacion-mecanica-de-almendros-en-chile\/\" \/>\n<meta property=\"og:site_name\" content=\"Mundoagropecuario\" \/>\n<meta property=\"article:publisher\" content=\"https:\/\/www.facebook.com\/mundo.agropecuario.3\" \/>\n<meta property=\"article:published_time\" content=\"2019-11-21T13:55:39+00:00\" \/>\n<meta property=\"article:modified_time\" content=\"2019-11-22T15:08:01+00:00\" \/>\n<meta property=\"og:image\" content=\"https:\/\/www.mundoagropecuario.cl\/new\/wp-content\/uploads\/2019\/11\/PLANTACIon.jpg\" \/>\n\t<meta property=\"og:image:width\" content=\"831\" \/>\n\t<meta property=\"og:image:height\" content=\"532\" \/>\n\t<meta property=\"og:image:type\" content=\"image\/jpeg\" \/>\n<meta name=\"author\" content=\"mundo\" \/>\n<meta name=\"twitter:card\" content=\"summary_large_image\" \/>\n<meta name=\"twitter:creator\" content=\"@MundoAgropecuar\" \/>\n<meta name=\"twitter:site\" content=\"@MundoAgropecuar\" \/>\n<meta name=\"twitter:label1\" content=\"Escrito por\" \/>\n\t<meta name=\"twitter:data1\" content=\"mundo\" \/>\n\t<meta name=\"twitter:label2\" content=\"Tiempo de lectura\" \/>\n\t<meta name=\"twitter:data2\" content=\"3 minutos\" \/>\n<script type=\"application\/ld+json\" class=\"yoast-schema-graph\">{\"@context\":\"https:\/\/schema.org\",\"@graph\":[{\"@type\":\"Article\",\"@id\":\"https:\/\/www.mundoagropecuario.cl\/new\/inia-realizo-1ra-plantacion-mecanica-de-almendros-en-chile\/#article\",\"isPartOf\":{\"@id\":\"https:\/\/www.mundoagropecuario.cl\/new\/inia-realizo-1ra-plantacion-mecanica-de-almendros-en-chile\/\"},\"author\":{\"name\":\"mundo\",\"@id\":\"https:\/\/www.mundoagropecuario.cl\/new\/#\/schema\/person\/4e9f74a82a7dac260eb1c44b7eebeb18\"},\"headline\":\"INIA realiz\u00f3 1ra plantaci\u00f3n mec\u00e1nica de almendros en Chile\",\"datePublished\":\"2019-11-21T13:55:39+00:00\",\"dateModified\":\"2019-11-22T15:08:01+00:00\",\"mainEntityOfPage\":{\"@id\":\"https:\/\/www.mundoagropecuario.cl\/new\/inia-realizo-1ra-plantacion-mecanica-de-almendros-en-chile\/\"},\"wordCount\":694,\"publisher\":{\"@id\":\"https:\/\/www.mundoagropecuario.cl\/new\/#organization\"},\"image\":{\"@id\":\"https:\/\/www.mundoagropecuario.cl\/new\/inia-realizo-1ra-plantacion-mecanica-de-almendros-en-chile\/#primaryimage\"},\"thumbnailUrl\":\"https:\/\/www.mundoagropecuario.cl\/new\/wp-content\/uploads\/2019\/11\/PLANTACIon.jpg\",\"keywords\":[\"Agricultura\",\"Agro\",\"INIA\"],\"articleSection\":[\"Agricultura\"],\"inLanguage\":\"es\"},{\"@type\":\"WebPage\",\"@id\":\"https:\/\/www.mundoagropecuario.cl\/new\/inia-realizo-1ra-plantacion-mecanica-de-almendros-en-chile\/\",\"url\":\"https:\/\/www.mundoagropecuario.cl\/new\/inia-realizo-1ra-plantacion-mecanica-de-almendros-en-chile\/\",\"name\":\"INIA realiz\u00f3 1ra plantaci\u00f3n mec\u00e1nica de almendros en Chile - Mundoagropecuario\",\"isPartOf\":{\"@id\":\"https:\/\/www.mundoagropecuario.cl\/new\/#website\"},\"primaryImageOfPage\":{\"@id\":\"https:\/\/www.mundoagropecuario.cl\/new\/inia-realizo-1ra-plantacion-mecanica-de-almendros-en-chile\/#primaryimage\"},\"image\":{\"@id\":\"https:\/\/www.mundoagropecuario.cl\/new\/inia-realizo-1ra-plantacion-mecanica-de-almendros-en-chile\/#primaryimage\"},\"thumbnailUrl\":\"https:\/\/www.mundoagropecuario.cl\/new\/wp-content\/uploads\/2019\/11\/PLANTACIon.jpg\",\"datePublished\":\"2019-11-21T13:55:39+00:00\",\"dateModified\":\"2019-11-22T15:08:01+00:00\",\"breadcrumb\":{\"@id\":\"https:\/\/www.mundoagropecuario.cl\/new\/inia-realizo-1ra-plantacion-mecanica-de-almendros-en-chile\/#breadcrumb\"},\"inLanguage\":\"es\",\"potentialAction\":[{\"@type\":\"ReadAction\",\"target\":[\"https:\/\/www.mundoagropecuario.cl\/new\/inia-realizo-1ra-plantacion-mecanica-de-almendros-en-chile\/\"]}]},{\"@type\":\"ImageObject\",\"inLanguage\":\"es\",\"@id\":\"https:\/\/www.mundoagropecuario.cl\/new\/inia-realizo-1ra-plantacion-mecanica-de-almendros-en-chile\/#primaryimage\",\"url\":\"https:\/\/www.mundoagropecuario.cl\/new\/wp-content\/uploads\/2019\/11\/PLANTACIon.jpg\",\"contentUrl\":\"https:\/\/www.mundoagropecuario.cl\/new\/wp-content\/uploads\/2019\/11\/PLANTACIon.jpg\",\"width\":625,\"height\":400},{\"@type\":\"BreadcrumbList\",\"@id\":\"https:\/\/www.mundoagropecuario.cl\/new\/inia-realizo-1ra-plantacion-mecanica-de-almendros-en-chile\/#breadcrumb\",\"itemListElement\":[{\"@type\":\"ListItem\",\"position\":1,\"name\":\"Portada\",\"item\":\"https:\/\/www.mundoagropecuario.cl\/new\/\"},{\"@type\":\"ListItem\",\"position\":2,\"name\":\"INIA realiz\u00f3 1ra plantaci\u00f3n mec\u00e1nica de almendros en Chile\"}]},{\"@type\":\"WebSite\",\"@id\":\"https:\/\/www.mundoagropecuario.cl\/new\/#website\",\"url\":\"https:\/\/www.mundoagropecuario.cl\/new\/\",\"name\":\"Mundoagropecuario\",\"description\":\"Mundo Agropecuario\",\"publisher\":{\"@id\":\"https:\/\/www.mundoagropecuario.cl\/new\/#organization\"},\"potentialAction\":[{\"@type\":\"SearchAction\",\"target\":{\"@type\":\"EntryPoint\",\"urlTemplate\":\"https:\/\/www.mundoagropecuario.cl\/new\/?s={search_term_string}\"},\"query-input\":{\"@type\":\"PropertyValueSpecification\",\"valueRequired\":true,\"valueName\":\"search_term_string\"}}],\"inLanguage\":\"es\"},{\"@type\":\"Organization\",\"@id\":\"https:\/\/www.mundoagropecuario.cl\/new\/#organization\",\"name\":\"Revista de Agricultura\",\"url\":\"https:\/\/www.mundoagropecuario.cl\/new\/\",\"logo\":{\"@type\":\"ImageObject\",\"inLanguage\":\"es\",\"@id\":\"https:\/\/www.mundoagropecuario.cl\/new\/#\/schema\/logo\/image\/\",\"url\":\"https:\/\/www.mundoagropecuario.cl\/new\/wp-content\/uploads\/2020\/11\/PORTAL-1-1.png\",\"contentUrl\":\"https:\/\/www.mundoagropecuario.cl\/new\/wp-content\/uploads\/2020\/11\/PORTAL-1-1.png\",\"width\":1026,\"height\":100,\"caption\":\"Revista de Agricultura\"},\"image\":{\"@id\":\"https:\/\/www.mundoagropecuario.cl\/new\/#\/schema\/logo\/image\/\"},\"sameAs\":[\"https:\/\/www.facebook.com\/mundo.agropecuario.3\",\"https:\/\/x.com\/MundoAgropecuar\",\"https:\/\/www.linkedin.com\/in\/mundo-agropecuario-934009201\/\"]},{\"@type\":\"Person\",\"@id\":\"https:\/\/www.mundoagropecuario.cl\/new\/#\/schema\/person\/4e9f74a82a7dac260eb1c44b7eebeb18\",\"name\":\"mundo\",\"url\":\"https:\/\/www.mundoagropecuario.cl\/new\/author\/mundo\/\"}]}<\/script>\n<!-- \/ Yoast SEO plugin. -->","yoast_head_json":{"title":"INIA realiz\u00f3 1ra plantaci\u00f3n mec\u00e1nica de almendros en Chile - Mundoagropecuario","robots":{"index":"index","follow":"follow","max-snippet":"max-snippet:-1","max-image-preview":"max-image-preview:large","max-video-preview":"max-video-preview:-1"},"canonical":"https:\/\/www.mundoagropecuario.cl\/new\/inia-realizo-1ra-plantacion-mecanica-de-almendros-en-chile\/","og_locale":"es_ES","og_type":"article","og_title":"INIA realiz\u00f3 1ra plantaci\u00f3n mec\u00e1nica de almendros en Chile - Mundoagropecuario","og_description":"El proyecto contempla validaciones en unidades productivas que puedan ser transferidas al sector agr\u00edcola con an\u00e1lisis de rentabilidad y factibilidad, adem\u00e1s de la prospecci\u00f3n de nuevos mercados asociados (Mundo Agropecuario)....","og_url":"https:\/\/www.mundoagropecuario.cl\/new\/inia-realizo-1ra-plantacion-mecanica-de-almendros-en-chile\/","og_site_name":"Mundoagropecuario","article_publisher":"https:\/\/www.facebook.com\/mundo.agropecuario.3","article_published_time":"2019-11-21T13:55:39+00:00","article_modified_time":"2019-11-22T15:08:01+00:00","og_image":[{"width":831,"height":532,"url":"https:\/\/www.mundoagropecuario.cl\/new\/wp-content\/uploads\/2019\/11\/PLANTACIon.jpg","type":"image\/jpeg"}],"author":"mundo","twitter_card":"summary_large_image","twitter_creator":"@MundoAgropecuar","twitter_site":"@MundoAgropecuar","twitter_misc":{"Escrito por":"mundo","Tiempo de lectura":"3 minutos"},"schema":{"@context":"https:\/\/schema.org","@graph":[{"@type":"Article","@id":"https:\/\/www.mundoagropecuario.cl\/new\/inia-realizo-1ra-plantacion-mecanica-de-almendros-en-chile\/#article","isPartOf":{"@id":"https:\/\/www.mundoagropecuario.cl\/new\/inia-realizo-1ra-plantacion-mecanica-de-almendros-en-chile\/"},"author":{"name":"mundo","@id":"https:\/\/www.mundoagropecuario.cl\/new\/#\/schema\/person\/4e9f74a82a7dac260eb1c44b7eebeb18"},"headline":"INIA realiz\u00f3 1ra plantaci\u00f3n mec\u00e1nica de almendros en Chile","datePublished":"2019-11-21T13:55:39+00:00","dateModified":"2019-11-22T15:08:01+00:00","mainEntityOfPage":{"@id":"https:\/\/www.mundoagropecuario.cl\/new\/inia-realizo-1ra-plantacion-mecanica-de-almendros-en-chile\/"},"wordCount":694,"publisher":{"@id":"https:\/\/www.mundoagropecuario.cl\/new\/#organization"},"image":{"@id":"https:\/\/www.mundoagropecuario.cl\/new\/inia-realizo-1ra-plantacion-mecanica-de-almendros-en-chile\/#primaryimage"},"thumbnailUrl":"https:\/\/www.mundoagropecuario.cl\/new\/wp-content\/uploads\/2019\/11\/PLANTACIon.jpg","keywords":["Agricultura","Agro","INIA"],"articleSection":["Agricultura"],"inLanguage":"es"},{"@type":"WebPage","@id":"https:\/\/www.mundoagropecuario.cl\/new\/inia-realizo-1ra-plantacion-mecanica-de-almendros-en-chile\/","url":"https:\/\/www.mundoagropecuario.cl\/new\/inia-realizo-1ra-plantacion-mecanica-de-almendros-en-chile\/","name":"INIA realiz\u00f3 1ra plantaci\u00f3n mec\u00e1nica de almendros en Chile - Mundoagropecuario","isPartOf":{"@id":"https:\/\/www.mundoagropecuario.cl\/new\/#website"},"primaryImageOfPage":{"@id":"https:\/\/www.mundoagropecuario.cl\/new\/inia-realizo-1ra-plantacion-mecanica-de-almendros-en-chile\/#primaryimage"},"image":{"@id":"https:\/\/www.mundoagropecuario.cl\/new\/inia-realizo-1ra-plantacion-mecanica-de-almendros-en-chile\/#primaryimage"},"thumbnailUrl":"https:\/\/www.mundoagropecuario.cl\/new\/wp-content\/uploads\/2019\/11\/PLANTACIon.jpg","datePublished":"2019-11-21T13:55:39+00:00","dateModified":"2019-11-22T15:08:01+00:00","breadcrumb":{"@id":"https:\/\/www.mundoagropecuario.cl\/new\/inia-realizo-1ra-plantacion-mecanica-de-almendros-en-chile\/#breadcrumb"},"inLanguage":"es","potentialAction":[{"@type":"ReadAction","target":["https:\/\/www.mundoagropecuario.cl\/new\/inia-realizo-1ra-plantacion-mecanica-de-almendros-en-chile\/"]}]},{"@type":"ImageObject","inLanguage":"es","@id":"https:\/\/www.mundoagropecuario.cl\/new\/inia-realizo-1ra-plantacion-mecanica-de-almendros-en-chile\/#primaryimage","url":"https:\/\/www.mundoagropecuario.cl\/new\/wp-content\/uploads\/2019\/11\/PLANTACIon.jpg","contentUrl":"https:\/\/www.mundoagropecuario.cl\/new\/wp-content\/uploads\/2019\/11\/PLANTACIon.jpg","width":625,"height":400},{"@type":"BreadcrumbList","@id":"https:\/\/www.mundoagropecuario.cl\/new\/inia-realizo-1ra-plantacion-mecanica-de-almendros-en-chile\/#breadcrumb","itemListElement":[{"@type":"ListItem","position":1,"name":"Portada","item":"https:\/\/www.mundoagropecuario.cl\/new\/"},{"@type":"ListItem","position":2,"name":"INIA realiz\u00f3 1ra plantaci\u00f3n mec\u00e1nica de almendros en Chile"}]},{"@type":"WebSite","@id":"https:\/\/www.mundoagropecuario.cl\/new\/#website","url":"https:\/\/www.mundoagropecuario.cl\/new\/","name":"Mundoagropecuario","description":"Mundo Agropecuario","publisher":{"@id":"https:\/\/www.mundoagropecuario.cl\/new\/#organization"},"potentialAction":[{"@type":"SearchAction","target":{"@type":"EntryPoint","urlTemplate":"https:\/\/www.mundoagropecuario.cl\/new\/?s={search_term_string}"},"query-input":{"@type":"PropertyValueSpecification","valueRequired":true,"valueName":"search_term_string"}}],"inLanguage":"es"},{"@type":"Organization","@id":"https:\/\/www.mundoagropecuario.cl\/new\/#organization","name":"Revista de Agricultura","url":"https:\/\/www.mundoagropecuario.cl\/new\/","logo":{"@type":"ImageObject","inLanguage":"es","@id":"https:\/\/www.mundoagropecuario.cl\/new\/#\/schema\/logo\/image\/","url":"https:\/\/www.mundoagropecuario.cl\/new\/wp-content\/uploads\/2020\/11\/PORTAL-1-1.png","contentUrl":"https:\/\/www.mundoagropecuario.cl\/new\/wp-content\/uploads\/2020\/11\/PORTAL-1-1.png","width":1026,"height":100,"caption":"Revista de Agricultura"},"image":{"@id":"https:\/\/www.mundoagropecuario.cl\/new\/#\/schema\/logo\/image\/"},"sameAs":["https:\/\/www.facebook.com\/mundo.agropecuario.3","https:\/\/x.com\/MundoAgropecuar","https:\/\/www.linkedin.com\/in\/mundo-agropecuario-934009201\/"]},{"@type":"Person","@id":"https:\/\/www.mundoagropecuario.cl\/new\/#\/schema\/person\/4e9f74a82a7dac260eb1c44b7eebeb18","name":"mundo","url":"https:\/\/www.mundoagropecuario.cl\/new\/author\/mundo\/"}]}},"_links":{"self":[{"href":"https:\/\/www.mundoagropecuario.cl\/new\/wp-json\/wp\/v2\/posts\/14812","targetHints":{"allow":["GET"]}}],"collection":[{"href":"https:\/\/www.mundoagropecuario.cl\/new\/wp-json\/wp\/v2\/posts"}],"about":[{"href":"https:\/\/www.mundoagropecuario.cl\/new\/wp-json\/wp\/v2\/types\/post"}],"author":[{"embeddable":true,"href":"https:\/\/www.mundoagropecuario.cl\/new\/wp-json\/wp\/v2\/users\/2"}],"replies":[{"embeddable":true,"href":"https:\/\/www.mundoagropecuario.cl\/new\/wp-json\/wp\/v2\/comments?post=14812"}],"version-history":[{"count":1,"href":"https:\/\/www.mundoagropecuario.cl\/new\/wp-json\/wp\/v2\/posts\/14812\/revisions"}],"predecessor-version":[{"id":14814,"href":"https:\/\/www.mundoagropecuario.cl\/new\/wp-json\/wp\/v2\/posts\/14812\/revisions\/14814"}],"wp:featuredmedia":[{"embeddable":true,"href":"https:\/\/www.mundoagropecuario.cl\/new\/wp-json\/wp\/v2\/media\/14813"}],"wp:attachment":[{"href":"https:\/\/www.mundoagropecuario.cl\/new\/wp-json\/wp\/v2\/media?parent=14812"}],"wp:term":[{"taxonomy":"category","embeddable":true,"href":"https:\/\/www.mundoagropecuario.cl\/new\/wp-json\/wp\/v2\/categories?post=14812"},{"taxonomy":"post_tag","embeddable":true,"href":"https:\/\/www.mundoagropecuario.cl\/new\/wp-json\/wp\/v2\/tags?post=14812"}],"curies":[{"name":"wp","href":"https:\/\/api.w.org\/{rel}","templated":true}]}}