{"id":14807,"date":"2019-11-21T10:44:41","date_gmt":"2019-11-21T13:44:41","guid":{"rendered":"http:\/\/www.mundoagropecuario.cl\/new\/?p=14807"},"modified":"2019-11-22T12:07:28","modified_gmt":"2019-11-22T15:07:28","slug":"cientifico-sobre-incendios-forestales-necesitamos-una-verdadera-politica-que-apunte-a-la-prevencion","status":"publish","type":"post","link":"https:\/\/www.mundoagropecuario.cl\/new\/cientifico-sobre-incendios-forestales-necesitamos-una-verdadera-politica-que-apunte-a-la-prevencion\/","title":{"rendered":"Cient\u00edfico sobre incendios forestales: \u201cNecesitamos una verdadera pol\u00edtica que apunte a la prevenci\u00f3n"},"content":{"rendered":"\n<ul class=\"wp-block-gallery columns-0 is-cropped wp-block-gallery-1 is-layout-flex wp-block-gallery-is-layout-flex\"><\/ul>\n\n\n\n<p class=\"has-medium-font-size\"><em>Investigador del IEB advierte que en \u00e9poca de verano seco,  hay que olvidarse de esa idea id\u00edlica del pasado de hacer una fogata o cocinar con fuego cuando se va a acampar (Mundo Agropecuario).<\/em><\/p>\n\n\n\n<p>La falta de pol\u00edticas p\u00fablicas contundentes, que incluyan un enfoque ecosist\u00e9mico, obstaculiza la prevenci\u00f3n y control de los siniestros. El mal uso del fuego, la degradaci\u00f3n de la vegetaci\u00f3n nativa y la expansi\u00f3n urbana desregulada son algunos factores importantes de considerar, para lo cual el investigador entrega algunas recomendaciones.<\/p>\n\n\n\n<p>Este a\u00f1o ha sido particularmente problem\u00e1tico por el enorme impacto de los incendios forestales que se han desatado a nivel global. Chile no se ha librado del fuego: de acuerdo al Ministerio de Agricultura, se han registrado al menos 989 siniestros en el pa\u00eds, mientras que la superficie afectada supera las 6.657 hect\u00e1reas.<\/p>\n\n\n\n<p>La situaci\u00f3n m\u00e1s grave en estos d\u00edas la ha experimentado la Regi\u00f3n de Valpara\u00edso, donde se han reportado hasta ahora m\u00e1s de 3.625 hect\u00e1reas afectadas, sum\u00e1ndose otros focos en las regiones de O\u2019Higgins, Maule y La Araucan\u00eda.<\/p>\n\n\n\n<p>El incremento de los incendios forestales en Chile obedece a tres principales factores: la acci\u00f3n humana intencional o accidental, el clima marcado por una mayor sequ\u00eda y altas temperaturas, y el combustible generado por el aumento de la vegetaci\u00f3n inflamable, dominada en muchas zonas por especies ex\u00f3ticas.<\/p>\n\n\n\n<p>Por lo anterior, y pese a la indiscutible necesidad de aumentar recursos como el n\u00famero de aeronaves o brigadistas, hay un elemento esencial que debe incluirse en las pol\u00edticas p\u00fablicas para una mejor prevenci\u00f3n: el manejo del paisaje para que sea m\u00e1s seguro, heterog\u00e9neo y diverso.<\/p>\n\n\n\n<figure class=\"wp-block-image\"><img loading=\"lazy\" decoding=\"async\" width=\"720\" height=\"384\" src=\"https:\/\/www.mundoagropecuario.cl\/new\/wp-content\/uploads\/2019\/11\/incendios.jpg\" alt=\"\" class=\"wp-image-14809\" srcset=\"https:\/\/www.mundoagropecuario.cl\/new\/wp-content\/uploads\/2019\/11\/incendios.jpg 720w, https:\/\/www.mundoagropecuario.cl\/new\/wp-content\/uploads\/2019\/11\/incendios-586x313.jpg 586w\" sizes=\"auto, (max-width: 720px) 100vw, 720px\" \/><\/figure>\n\n\n\n<p>\u201cLa situaci\u00f3n de la regi\u00f3n de Valpara\u00edso ha sido bastante compleja hist\u00f3ricamente, dado que se conjugan varios elementos que componen el actual fen\u00f3meno de cambio global. Por un lado, tenemos un clima cada vez m\u00e1s seco y caluroso, unido a una transformaci\u00f3n de la flora nativa de la zona, que de manera natural era una vegetaci\u00f3n boscosa, costera y h\u00fameda, y que ha sido reemplazada principalmente por vegetaci\u00f3n ex\u00f3tica, con mucho pasto que se seca en el verano y que queda disponible para una propagaci\u00f3n m\u00e1s r\u00e1pida del fuego\u201d explica Rafael Garc\u00eda, investigador del Instituto de Ecolog\u00eda y Biodiversidad (IEB) y del Laboratorio de Invasiones Biol\u00f3gicas de la Universidad de Concepci\u00f3n.<\/p>\n\n\n\n<p>Precisamente, los distintos focos que se han reportado en Valpara\u00edso se han originado y propagado en \u00e1reas compuestas por pastizales, matorrales, pinos y eucaliptus. Estos dos \u00faltimos se han extendido en amplias \u00e1reas del pa\u00eds \u2013 incluyendo a la ciudad puerto &#8211; a trav\u00e9s de plantaciones forestales homog\u00e9neas y m\u00e1s inflamables que han reemplazado los bosques nativos, los cuales se caracterizan por su mayor diversidad y heterogeneidad de especies.<\/p>\n\n\n\n<p>A esto se suma el impacto de la megasequ\u00eda y fen\u00f3menos globales como el cambio clim\u00e1tico, el cual est\u00e1 aumentando la frecuencia e intensidad de eventos secos y c\u00e1lidos en el pa\u00eds.<\/p>\n\n\n\n<p>Pero hay m\u00e1s factores de riesgo, seg\u00fan Garc\u00eda, como la expansi\u00f3n urbana desregulada, en especial en la interfaz urbana-rural, donde se pueden encontrar viviendas en zonas de quebradas y matorrales, as\u00ed como el mal uso del fuego, el cual se sigue utilizando para hacer quema de basura y de desechos agr\u00edcolas y forestales.<\/p>\n\n\n\n<p><strong>Mejor prevenir<\/strong><\/p>\n\n\n\n<p>Si bien Garc\u00eda destaca que las brigadas suelen ser muy efectivas a la hora de detectar y controlar incendios, la gran falencia ha sido la falta o inexistencia de pol\u00edticas fuertes y contundentes.<\/p>\n\n\n\n<p>\u201cNecesitamos una verdadera pol\u00edtica que apunte a la prevenci\u00f3n, desde un punto de vista del manejo del paisaje y la educaci\u00f3n\u201d.<\/p>\n\n\n\n<p>Por ello, una de las primeras medidas urgentes ser\u00eda restringir al m\u00e1ximo posible el uso del fuego, como la quema de desechos de faenas agr\u00edcolas y forestales, las cuales constituyen una de las causas m\u00e1s importantes de los siniestros, en especial en lugares del pa\u00eds como la novena y octava regi\u00f3n.<\/p>\n\n\n\n<p>El investigador del IEB advierte que \u201cen esta \u00e9poca de veranos tan secos hay que olvidarse de esa idea id\u00edlica del pasado de hacer una fogata o cocinar con fuego cuando se va a acampar. Son actividades que, desgraciadamente, tienen que quedar en el pasado\u201d.<\/p>\n\n\n\n<p>\u201cAdem\u00e1s, se hace necesario generar una pol\u00edtica de ordenaci\u00f3n y modificaci\u00f3n del paisaje, donde los l\u00edmites urbanos est\u00e9n m\u00e1s definidos, y que estos l\u00edmites sean seguidos por una zona de vegetaci\u00f3n baja, manejada, ojal\u00e1 praderas o parques urbanos con poco arbolado, para despu\u00e9s tener una zona de restauraci\u00f3n de bosque nativo\u201d.<\/p>\n\n\n\n<p>En ese sentido, la restauraci\u00f3n y conservaci\u00f3n de los ecosistemas naturales son fundamentales para la prevenci\u00f3n de los incendios forestales, por lo que los expertos han hecho recurrentes llamados para progresar en esa materia.<\/p>\n\n\n\n<p>\u201cLos bosques nativos, al ser m\u00e1s complejos en t\u00e9rminos de las especies que los componen y de las estructuras que se generan, son mucho m\u00e1s sombr\u00edos, y por lo tanto generan una condici\u00f3n de humedad mucho m\u00e1s elevada. Este aumento en la humedad en el suelo y la hojarasca hacen que la probabilidad de que eso origine un incendio en su interior sea bastante baja\u201d, detalla el investigador.<\/p>\n\n\n\n<p>Considerando el caso de las personas que viven en los l\u00edmites de la interfaz urbano-rural, se recomienda que los primeros metros alrededor de los domicilios est\u00e9n libres de todo tipo de vegetaci\u00f3n, y en caso de que posean c\u00e9sped, evitar en lo posible que se seque.<\/p>\n\n\n\n<p>A partir de los 10 metros de distancia de las casas, se podr\u00eda disponer de \u00e1rboles aislados y arbustos bajos, evitando as\u00ed que un arbolado m\u00e1s alto permita el avance del fuego a las copas, lo que podr\u00eda desencadenar que las llamas salten desde ah\u00ed hacia las viviendas aleda\u00f1as.<\/p>\n\n\n\n<p>Otra recomendaci\u00f3n es mantener los techos y canaletas lo m\u00e1s limpios y libre de hojas posible. Una alternativa m\u00e1s segura es contar con techos de materiales no combustibles, como las planchas de zinc.<\/p>\n\n\n\n<p>Asimismo, las casas debieran estar \u2013 como m\u00ednimo &#8211; a unos 30 metros de distancia de los bosques o plantaciones forestales.<\/p>\n\n\n\n<p>\u201cNo puede ser que termine la plantaci\u00f3n o un bosque e inmediatamente empiece una zona de vivienda. Los bordes de estos bosques o plantaciones debieran manejarse con raleos para tener una menor cantidad de \u00e1rboles por unidad de superficie\u201d, se\u00f1ala Garc\u00eda, en alusi\u00f3n a la pr\u00e1ctica de arrancar las plantas que han nacido muy juntas.<\/p>\n\n\n\n<p>Por \u00faltimo, el investigador tambi\u00e9n propone que se aborde este tema a trav\u00e9s de campa\u00f1as en la educaci\u00f3n formal, incluy\u00e9ndolas por ejemplo en el curr\u00edculo escolar, para que \u201cayude a entender y a preparar a la gente sobre el uso correcto del fuego, y sobre los impactos sociales y medioambientales que est\u00e1n ligados a los incendios\u201d.<\/p>\n","protected":false},"excerpt":{"rendered":"<p>Investigador del IEB advierte que en \u00e9poca de verano seco, hay que olvidarse de esa idea id\u00edlica del pasado de hacer una fogata o cocinar con fuego cuando se va&#8230;<\/p>\n","protected":false},"author":2,"featured_media":14811,"comment_status":"closed","ping_status":"closed","sticky":false,"template":"","format":"standard","meta":{"footnotes":""},"categories":[1949],"tags":[4380,2090,3127,876,2663],"class_list":["post-14807","post","type-post","status-publish","format-standard","has-post-thumbnail","hentry","category-forestal","tag-agr","tag-agricultura","tag-agro","tag-conaf","tag-incendios-forestales"],"yoast_head":"<!-- This site is optimized with the Yoast SEO plugin v26.6 - https:\/\/yoast.com\/wordpress\/plugins\/seo\/ -->\n<title>Cient\u00edfico sobre incendios forestales: \u201cNecesitamos una verdadera pol\u00edtica que apunte a la prevenci\u00f3n - Mundoagropecuario<\/title>\n<meta name=\"robots\" content=\"index, follow, max-snippet:-1, max-image-preview:large, max-video-preview:-1\" \/>\n<link rel=\"canonical\" href=\"https:\/\/www.mundoagropecuario.cl\/new\/cientifico-sobre-incendios-forestales-necesitamos-una-verdadera-politica-que-apunte-a-la-prevencion\/\" \/>\n<meta property=\"og:locale\" content=\"es_ES\" \/>\n<meta property=\"og:type\" content=\"article\" \/>\n<meta property=\"og:title\" content=\"Cient\u00edfico sobre incendios forestales: \u201cNecesitamos una verdadera pol\u00edtica que apunte a la prevenci\u00f3n - Mundoagropecuario\" \/>\n<meta property=\"og:description\" content=\"Investigador del IEB advierte que en \u00e9poca de verano seco, hay que olvidarse de esa idea id\u00edlica del pasado de hacer una fogata o cocinar con fuego cuando se va...\" \/>\n<meta property=\"og:url\" content=\"https:\/\/www.mundoagropecuario.cl\/new\/cientifico-sobre-incendios-forestales-necesitamos-una-verdadera-politica-que-apunte-a-la-prevencion\/\" \/>\n<meta property=\"og:site_name\" content=\"Mundoagropecuario\" \/>\n<meta property=\"article:publisher\" content=\"https:\/\/www.facebook.com\/mundo.agropecuario.3\" \/>\n<meta property=\"article:published_time\" content=\"2019-11-21T13:44:41+00:00\" \/>\n<meta property=\"article:modified_time\" content=\"2019-11-22T15:07:28+00:00\" \/>\n<meta property=\"og:image\" content=\"https:\/\/www.mundoagropecuario.cl\/new\/wp-content\/uploads\/2019\/11\/incendios3.jpg\" \/>\n\t<meta property=\"og:image:width\" content=\"1024\" \/>\n\t<meta property=\"og:image:height\" content=\"683\" \/>\n\t<meta property=\"og:image:type\" content=\"image\/jpeg\" \/>\n<meta name=\"author\" content=\"mundo\" \/>\n<meta name=\"twitter:card\" content=\"summary_large_image\" \/>\n<meta name=\"twitter:creator\" content=\"@MundoAgropecuar\" \/>\n<meta name=\"twitter:site\" content=\"@MundoAgropecuar\" \/>\n<meta name=\"twitter:label1\" content=\"Escrito por\" \/>\n\t<meta name=\"twitter:data1\" content=\"mundo\" \/>\n\t<meta name=\"twitter:label2\" content=\"Tiempo de lectura\" \/>\n\t<meta name=\"twitter:data2\" content=\"6 minutos\" \/>\n<script type=\"application\/ld+json\" class=\"yoast-schema-graph\">{\"@context\":\"https:\/\/schema.org\",\"@graph\":[{\"@type\":\"Article\",\"@id\":\"https:\/\/www.mundoagropecuario.cl\/new\/cientifico-sobre-incendios-forestales-necesitamos-una-verdadera-politica-que-apunte-a-la-prevencion\/#article\",\"isPartOf\":{\"@id\":\"https:\/\/www.mundoagropecuario.cl\/new\/cientifico-sobre-incendios-forestales-necesitamos-una-verdadera-politica-que-apunte-a-la-prevencion\/\"},\"author\":{\"name\":\"mundo\",\"@id\":\"https:\/\/www.mundoagropecuario.cl\/new\/#\/schema\/person\/4e9f74a82a7dac260eb1c44b7eebeb18\"},\"headline\":\"Cient\u00edfico sobre incendios forestales: \u201cNecesitamos una verdadera pol\u00edtica que apunte a la prevenci\u00f3n\",\"datePublished\":\"2019-11-21T13:44:41+00:00\",\"dateModified\":\"2019-11-22T15:07:28+00:00\",\"mainEntityOfPage\":{\"@id\":\"https:\/\/www.mundoagropecuario.cl\/new\/cientifico-sobre-incendios-forestales-necesitamos-una-verdadera-politica-que-apunte-a-la-prevencion\/\"},\"wordCount\":1226,\"publisher\":{\"@id\":\"https:\/\/www.mundoagropecuario.cl\/new\/#organization\"},\"image\":{\"@id\":\"https:\/\/www.mundoagropecuario.cl\/new\/cientifico-sobre-incendios-forestales-necesitamos-una-verdadera-politica-que-apunte-a-la-prevencion\/#primaryimage\"},\"thumbnailUrl\":\"https:\/\/www.mundoagropecuario.cl\/new\/wp-content\/uploads\/2019\/11\/incendios3.jpg\",\"keywords\":[\"agr\",\"Agricultura\",\"Agro\",\"Conaf\",\"incendios forestales\"],\"articleSection\":[\"Forestal\"],\"inLanguage\":\"es\"},{\"@type\":\"WebPage\",\"@id\":\"https:\/\/www.mundoagropecuario.cl\/new\/cientifico-sobre-incendios-forestales-necesitamos-una-verdadera-politica-que-apunte-a-la-prevencion\/\",\"url\":\"https:\/\/www.mundoagropecuario.cl\/new\/cientifico-sobre-incendios-forestales-necesitamos-una-verdadera-politica-que-apunte-a-la-prevencion\/\",\"name\":\"Cient\u00edfico sobre incendios forestales: \u201cNecesitamos una verdadera pol\u00edtica que apunte a la prevenci\u00f3n - Mundoagropecuario\",\"isPartOf\":{\"@id\":\"https:\/\/www.mundoagropecuario.cl\/new\/#website\"},\"primaryImageOfPage\":{\"@id\":\"https:\/\/www.mundoagropecuario.cl\/new\/cientifico-sobre-incendios-forestales-necesitamos-una-verdadera-politica-que-apunte-a-la-prevencion\/#primaryimage\"},\"image\":{\"@id\":\"https:\/\/www.mundoagropecuario.cl\/new\/cientifico-sobre-incendios-forestales-necesitamos-una-verdadera-politica-que-apunte-a-la-prevencion\/#primaryimage\"},\"thumbnailUrl\":\"https:\/\/www.mundoagropecuario.cl\/new\/wp-content\/uploads\/2019\/11\/incendios3.jpg\",\"datePublished\":\"2019-11-21T13:44:41+00:00\",\"dateModified\":\"2019-11-22T15:07:28+00:00\",\"breadcrumb\":{\"@id\":\"https:\/\/www.mundoagropecuario.cl\/new\/cientifico-sobre-incendios-forestales-necesitamos-una-verdadera-politica-que-apunte-a-la-prevencion\/#breadcrumb\"},\"inLanguage\":\"es\",\"potentialAction\":[{\"@type\":\"ReadAction\",\"target\":[\"https:\/\/www.mundoagropecuario.cl\/new\/cientifico-sobre-incendios-forestales-necesitamos-una-verdadera-politica-que-apunte-a-la-prevencion\/\"]}]},{\"@type\":\"ImageObject\",\"inLanguage\":\"es\",\"@id\":\"https:\/\/www.mundoagropecuario.cl\/new\/cientifico-sobre-incendios-forestales-necesitamos-una-verdadera-politica-que-apunte-a-la-prevencion\/#primaryimage\",\"url\":\"https:\/\/www.mundoagropecuario.cl\/new\/wp-content\/uploads\/2019\/11\/incendios3.jpg\",\"contentUrl\":\"https:\/\/www.mundoagropecuario.cl\/new\/wp-content\/uploads\/2019\/11\/incendios3.jpg\",\"width\":600,\"height\":400,\"caption\":\"Seg\u00fan inform\u00f3 la Corporaci\u00f3n Nacional Forestal CONAF la totalidad de incendios forestales activos que se tienen registro a nivel nacional al d\u00eda de hoy 22 de Enero del 2017 es de apr\u00f3ximadamente de 122 siniestros y 67 han sido controlados por los brigadistas. Las llamas abarcan una superficie que afecta 126.142,31 hect\u00e1reas y solo en la Regi\u00f3n de O\u2019 Higgins van 98.864, 47.894 en Maule, 38.217 en la Regi\u00f3n Metropolitana y 23.304 en Valpara\u00edso. Hasta ahora hay 16 alertas rojas, 11 amarillas y 6 regiones con alertas preventivas. Estas fotograf\u00edas corresponden al sector de Pumanque en la regi\u00f3n de O'higgins. El \u00faltimo informe de la CONAF arroj\u00f3 que eran 43 incendios forestales en combate. Chile 2017\"},{\"@type\":\"BreadcrumbList\",\"@id\":\"https:\/\/www.mundoagropecuario.cl\/new\/cientifico-sobre-incendios-forestales-necesitamos-una-verdadera-politica-que-apunte-a-la-prevencion\/#breadcrumb\",\"itemListElement\":[{\"@type\":\"ListItem\",\"position\":1,\"name\":\"Portada\",\"item\":\"https:\/\/www.mundoagropecuario.cl\/new\/\"},{\"@type\":\"ListItem\",\"position\":2,\"name\":\"Cient\u00edfico sobre incendios forestales: \u201cNecesitamos una verdadera pol\u00edtica que apunte a la prevenci\u00f3n\"}]},{\"@type\":\"WebSite\",\"@id\":\"https:\/\/www.mundoagropecuario.cl\/new\/#website\",\"url\":\"https:\/\/www.mundoagropecuario.cl\/new\/\",\"name\":\"Mundoagropecuario\",\"description\":\"Mundo Agropecuario\",\"publisher\":{\"@id\":\"https:\/\/www.mundoagropecuario.cl\/new\/#organization\"},\"potentialAction\":[{\"@type\":\"SearchAction\",\"target\":{\"@type\":\"EntryPoint\",\"urlTemplate\":\"https:\/\/www.mundoagropecuario.cl\/new\/?s={search_term_string}\"},\"query-input\":{\"@type\":\"PropertyValueSpecification\",\"valueRequired\":true,\"valueName\":\"search_term_string\"}}],\"inLanguage\":\"es\"},{\"@type\":\"Organization\",\"@id\":\"https:\/\/www.mundoagropecuario.cl\/new\/#organization\",\"name\":\"Revista de Agricultura\",\"url\":\"https:\/\/www.mundoagropecuario.cl\/new\/\",\"logo\":{\"@type\":\"ImageObject\",\"inLanguage\":\"es\",\"@id\":\"https:\/\/www.mundoagropecuario.cl\/new\/#\/schema\/logo\/image\/\",\"url\":\"https:\/\/www.mundoagropecuario.cl\/new\/wp-content\/uploads\/2020\/11\/PORTAL-1-1.png\",\"contentUrl\":\"https:\/\/www.mundoagropecuario.cl\/new\/wp-content\/uploads\/2020\/11\/PORTAL-1-1.png\",\"width\":1026,\"height\":100,\"caption\":\"Revista de Agricultura\"},\"image\":{\"@id\":\"https:\/\/www.mundoagropecuario.cl\/new\/#\/schema\/logo\/image\/\"},\"sameAs\":[\"https:\/\/www.facebook.com\/mundo.agropecuario.3\",\"https:\/\/x.com\/MundoAgropecuar\",\"https:\/\/www.linkedin.com\/in\/mundo-agropecuario-934009201\/\"]},{\"@type\":\"Person\",\"@id\":\"https:\/\/www.mundoagropecuario.cl\/new\/#\/schema\/person\/4e9f74a82a7dac260eb1c44b7eebeb18\",\"name\":\"mundo\",\"url\":\"https:\/\/www.mundoagropecuario.cl\/new\/author\/mundo\/\"}]}<\/script>\n<!-- \/ Yoast SEO plugin. -->","yoast_head_json":{"title":"Cient\u00edfico sobre incendios forestales: \u201cNecesitamos una verdadera pol\u00edtica que apunte a la prevenci\u00f3n - Mundoagropecuario","robots":{"index":"index","follow":"follow","max-snippet":"max-snippet:-1","max-image-preview":"max-image-preview:large","max-video-preview":"max-video-preview:-1"},"canonical":"https:\/\/www.mundoagropecuario.cl\/new\/cientifico-sobre-incendios-forestales-necesitamos-una-verdadera-politica-que-apunte-a-la-prevencion\/","og_locale":"es_ES","og_type":"article","og_title":"Cient\u00edfico sobre incendios forestales: \u201cNecesitamos una verdadera pol\u00edtica que apunte a la prevenci\u00f3n - Mundoagropecuario","og_description":"Investigador del IEB advierte que en \u00e9poca de verano seco, hay que olvidarse de esa idea id\u00edlica del pasado de hacer una fogata o cocinar con fuego cuando se va...","og_url":"https:\/\/www.mundoagropecuario.cl\/new\/cientifico-sobre-incendios-forestales-necesitamos-una-verdadera-politica-que-apunte-a-la-prevencion\/","og_site_name":"Mundoagropecuario","article_publisher":"https:\/\/www.facebook.com\/mundo.agropecuario.3","article_published_time":"2019-11-21T13:44:41+00:00","article_modified_time":"2019-11-22T15:07:28+00:00","og_image":[{"width":1024,"height":683,"url":"https:\/\/www.mundoagropecuario.cl\/new\/wp-content\/uploads\/2019\/11\/incendios3.jpg","type":"image\/jpeg"}],"author":"mundo","twitter_card":"summary_large_image","twitter_creator":"@MundoAgropecuar","twitter_site":"@MundoAgropecuar","twitter_misc":{"Escrito por":"mundo","Tiempo de lectura":"6 minutos"},"schema":{"@context":"https:\/\/schema.org","@graph":[{"@type":"Article","@id":"https:\/\/www.mundoagropecuario.cl\/new\/cientifico-sobre-incendios-forestales-necesitamos-una-verdadera-politica-que-apunte-a-la-prevencion\/#article","isPartOf":{"@id":"https:\/\/www.mundoagropecuario.cl\/new\/cientifico-sobre-incendios-forestales-necesitamos-una-verdadera-politica-que-apunte-a-la-prevencion\/"},"author":{"name":"mundo","@id":"https:\/\/www.mundoagropecuario.cl\/new\/#\/schema\/person\/4e9f74a82a7dac260eb1c44b7eebeb18"},"headline":"Cient\u00edfico sobre incendios forestales: \u201cNecesitamos una verdadera pol\u00edtica que apunte a la prevenci\u00f3n","datePublished":"2019-11-21T13:44:41+00:00","dateModified":"2019-11-22T15:07:28+00:00","mainEntityOfPage":{"@id":"https:\/\/www.mundoagropecuario.cl\/new\/cientifico-sobre-incendios-forestales-necesitamos-una-verdadera-politica-que-apunte-a-la-prevencion\/"},"wordCount":1226,"publisher":{"@id":"https:\/\/www.mundoagropecuario.cl\/new\/#organization"},"image":{"@id":"https:\/\/www.mundoagropecuario.cl\/new\/cientifico-sobre-incendios-forestales-necesitamos-una-verdadera-politica-que-apunte-a-la-prevencion\/#primaryimage"},"thumbnailUrl":"https:\/\/www.mundoagropecuario.cl\/new\/wp-content\/uploads\/2019\/11\/incendios3.jpg","keywords":["agr","Agricultura","Agro","Conaf","incendios forestales"],"articleSection":["Forestal"],"inLanguage":"es"},{"@type":"WebPage","@id":"https:\/\/www.mundoagropecuario.cl\/new\/cientifico-sobre-incendios-forestales-necesitamos-una-verdadera-politica-que-apunte-a-la-prevencion\/","url":"https:\/\/www.mundoagropecuario.cl\/new\/cientifico-sobre-incendios-forestales-necesitamos-una-verdadera-politica-que-apunte-a-la-prevencion\/","name":"Cient\u00edfico sobre incendios forestales: \u201cNecesitamos una verdadera pol\u00edtica que apunte a la prevenci\u00f3n - Mundoagropecuario","isPartOf":{"@id":"https:\/\/www.mundoagropecuario.cl\/new\/#website"},"primaryImageOfPage":{"@id":"https:\/\/www.mundoagropecuario.cl\/new\/cientifico-sobre-incendios-forestales-necesitamos-una-verdadera-politica-que-apunte-a-la-prevencion\/#primaryimage"},"image":{"@id":"https:\/\/www.mundoagropecuario.cl\/new\/cientifico-sobre-incendios-forestales-necesitamos-una-verdadera-politica-que-apunte-a-la-prevencion\/#primaryimage"},"thumbnailUrl":"https:\/\/www.mundoagropecuario.cl\/new\/wp-content\/uploads\/2019\/11\/incendios3.jpg","datePublished":"2019-11-21T13:44:41+00:00","dateModified":"2019-11-22T15:07:28+00:00","breadcrumb":{"@id":"https:\/\/www.mundoagropecuario.cl\/new\/cientifico-sobre-incendios-forestales-necesitamos-una-verdadera-politica-que-apunte-a-la-prevencion\/#breadcrumb"},"inLanguage":"es","potentialAction":[{"@type":"ReadAction","target":["https:\/\/www.mundoagropecuario.cl\/new\/cientifico-sobre-incendios-forestales-necesitamos-una-verdadera-politica-que-apunte-a-la-prevencion\/"]}]},{"@type":"ImageObject","inLanguage":"es","@id":"https:\/\/www.mundoagropecuario.cl\/new\/cientifico-sobre-incendios-forestales-necesitamos-una-verdadera-politica-que-apunte-a-la-prevencion\/#primaryimage","url":"https:\/\/www.mundoagropecuario.cl\/new\/wp-content\/uploads\/2019\/11\/incendios3.jpg","contentUrl":"https:\/\/www.mundoagropecuario.cl\/new\/wp-content\/uploads\/2019\/11\/incendios3.jpg","width":600,"height":400,"caption":"Seg\u00fan inform\u00f3 la Corporaci\u00f3n Nacional Forestal CONAF la totalidad de incendios forestales activos que se tienen registro a nivel nacional al d\u00eda de hoy 22 de Enero del 2017 es de apr\u00f3ximadamente de 122 siniestros y 67 han sido controlados por los brigadistas. Las llamas abarcan una superficie que afecta 126.142,31 hect\u00e1reas y solo en la Regi\u00f3n de O\u2019 Higgins van 98.864, 47.894 en Maule, 38.217 en la Regi\u00f3n Metropolitana y 23.304 en Valpara\u00edso. Hasta ahora hay 16 alertas rojas, 11 amarillas y 6 regiones con alertas preventivas. Estas fotograf\u00edas corresponden al sector de Pumanque en la regi\u00f3n de O'higgins. El \u00faltimo informe de la CONAF arroj\u00f3 que eran 43 incendios forestales en combate. Chile 2017"},{"@type":"BreadcrumbList","@id":"https:\/\/www.mundoagropecuario.cl\/new\/cientifico-sobre-incendios-forestales-necesitamos-una-verdadera-politica-que-apunte-a-la-prevencion\/#breadcrumb","itemListElement":[{"@type":"ListItem","position":1,"name":"Portada","item":"https:\/\/www.mundoagropecuario.cl\/new\/"},{"@type":"ListItem","position":2,"name":"Cient\u00edfico sobre incendios forestales: \u201cNecesitamos una verdadera pol\u00edtica que apunte a la prevenci\u00f3n"}]},{"@type":"WebSite","@id":"https:\/\/www.mundoagropecuario.cl\/new\/#website","url":"https:\/\/www.mundoagropecuario.cl\/new\/","name":"Mundoagropecuario","description":"Mundo Agropecuario","publisher":{"@id":"https:\/\/www.mundoagropecuario.cl\/new\/#organization"},"potentialAction":[{"@type":"SearchAction","target":{"@type":"EntryPoint","urlTemplate":"https:\/\/www.mundoagropecuario.cl\/new\/?s={search_term_string}"},"query-input":{"@type":"PropertyValueSpecification","valueRequired":true,"valueName":"search_term_string"}}],"inLanguage":"es"},{"@type":"Organization","@id":"https:\/\/www.mundoagropecuario.cl\/new\/#organization","name":"Revista de Agricultura","url":"https:\/\/www.mundoagropecuario.cl\/new\/","logo":{"@type":"ImageObject","inLanguage":"es","@id":"https:\/\/www.mundoagropecuario.cl\/new\/#\/schema\/logo\/image\/","url":"https:\/\/www.mundoagropecuario.cl\/new\/wp-content\/uploads\/2020\/11\/PORTAL-1-1.png","contentUrl":"https:\/\/www.mundoagropecuario.cl\/new\/wp-content\/uploads\/2020\/11\/PORTAL-1-1.png","width":1026,"height":100,"caption":"Revista de Agricultura"},"image":{"@id":"https:\/\/www.mundoagropecuario.cl\/new\/#\/schema\/logo\/image\/"},"sameAs":["https:\/\/www.facebook.com\/mundo.agropecuario.3","https:\/\/x.com\/MundoAgropecuar","https:\/\/www.linkedin.com\/in\/mundo-agropecuario-934009201\/"]},{"@type":"Person","@id":"https:\/\/www.mundoagropecuario.cl\/new\/#\/schema\/person\/4e9f74a82a7dac260eb1c44b7eebeb18","name":"mundo","url":"https:\/\/www.mundoagropecuario.cl\/new\/author\/mundo\/"}]}},"_links":{"self":[{"href":"https:\/\/www.mundoagropecuario.cl\/new\/wp-json\/wp\/v2\/posts\/14807","targetHints":{"allow":["GET"]}}],"collection":[{"href":"https:\/\/www.mundoagropecuario.cl\/new\/wp-json\/wp\/v2\/posts"}],"about":[{"href":"https:\/\/www.mundoagropecuario.cl\/new\/wp-json\/wp\/v2\/types\/post"}],"author":[{"embeddable":true,"href":"https:\/\/www.mundoagropecuario.cl\/new\/wp-json\/wp\/v2\/users\/2"}],"replies":[{"embeddable":true,"href":"https:\/\/www.mundoagropecuario.cl\/new\/wp-json\/wp\/v2\/comments?post=14807"}],"version-history":[{"count":1,"href":"https:\/\/www.mundoagropecuario.cl\/new\/wp-json\/wp\/v2\/posts\/14807\/revisions"}],"predecessor-version":[{"id":14810,"href":"https:\/\/www.mundoagropecuario.cl\/new\/wp-json\/wp\/v2\/posts\/14807\/revisions\/14810"}],"wp:featuredmedia":[{"embeddable":true,"href":"https:\/\/www.mundoagropecuario.cl\/new\/wp-json\/wp\/v2\/media\/14811"}],"wp:attachment":[{"href":"https:\/\/www.mundoagropecuario.cl\/new\/wp-json\/wp\/v2\/media?parent=14807"}],"wp:term":[{"taxonomy":"category","embeddable":true,"href":"https:\/\/www.mundoagropecuario.cl\/new\/wp-json\/wp\/v2\/categories?post=14807"},{"taxonomy":"post_tag","embeddable":true,"href":"https:\/\/www.mundoagropecuario.cl\/new\/wp-json\/wp\/v2\/tags?post=14807"}],"curies":[{"name":"wp","href":"https:\/\/api.w.org\/{rel}","templated":true}]}}