{"id":14792,"date":"2019-11-20T11:09:14","date_gmt":"2019-11-20T14:09:14","guid":{"rendered":"http:\/\/www.mundoagropecuario.cl\/new\/?p=14792"},"modified":"2019-11-21T11:56:41","modified_gmt":"2019-11-21T14:56:41","slug":"proyectan-critico-nivel-para-los-embalses-de-generacion-en-2020-por-la-sequia","status":"publish","type":"post","link":"https:\/\/www.mundoagropecuario.cl\/new\/proyectan-critico-nivel-para-los-embalses-de-generacion-en-2020-por-la-sequia\/","title":{"rendered":"Proyectan cr\u00edtico nivel para los embalses de generaci\u00f3n en 2020 por la sequ\u00eda"},"content":{"rendered":"\n<ul class=\"wp-block-gallery columns-0 is-cropped wp-block-gallery-1 is-layout-flex wp-block-gallery-is-layout-flex\"><\/ul>\n\n\n\n<p class=\"has-medium-font-size\"><em>En el \u00faltimo pron\u00f3stico de deshielo del Coordinador El\u00e9ctrico a marzo de 2020, estim\u00f3 una probabilidad de excedencia del 91% en promedio, aunque las m\u00e1s afectadas, como Rapel, llegar\u00e1n al 98%. Es decir, se espera un verano dentro del 2% m\u00e1s seco a nivel hist\u00f3rico en esa cuenca (Pulso).<\/em><\/p>\n\n\n\n<p>La sequ\u00eda no ha dado tregua al pa\u00eds en los \u00faltimos a\u00f1os, en particular a la zona central. Durante la temporada 2019-2020 esto se ha mantenido y las estimaciones de los niveles que tendr\u00e1n los embalses de la zona central durante el verano, que se utilizan para generaci\u00f3n hidroel\u00e9ctrica, son cr\u00edticos.<\/p>\n\n\n\n<p>As\u00ed lo refleja el \u00faltimo pron\u00f3stico de deshielo que realiz\u00f3 el Coordinador El\u00e9ctrico Nacional, y que contabiliza el per\u00edodo que va desde octubre de 2019 a marzo de 2020. Seg\u00fan ese estudio, en los embalses para generaci\u00f3n el\u00e9ctrica ubicados entre las regiones de Valpara\u00edso y Biob\u00edo habr\u00e1 una probabilidad de excedencia promedio del 91%, aunque en algunas zonas, como es el caso de Rapel, el valor escala a 98%.<\/p>\n\n\n\n<p>Esto quiere decir que el 98% de las temporadas anteriores fue m\u00e1s h\u00fameda que esta, lo que la ubica en el 2% de los per\u00edodos m\u00e1s secos desde que se tiene registro. En el caso de Rapel, en el mismo de los a\u00f1os pasado y antepasado la probabilidad de excedencia hab\u00eda sido del 87%.<\/p>\n\n\n\n<p>La cuenca del Maule, donde se encuentran embalses como la Laguna del Maule o Colb\u00fan, tambi\u00e9n sufrir\u00e1 las consecuencias de la sequ\u00eda. De acuerdo con el pron\u00f3stico del Coordinador, la excedencia alcanzar\u00e1 el 94%, lo que es 19 puntos m\u00e1s que en el per\u00edodo anterior.<\/p>\n\n\n\n<p>M\u00e1s al sur, la situaci\u00f3n var\u00eda favorablemente, aunque sigue en niveles cr\u00edticos. En las zonas de Laja y Ralco (Biob\u00edo), los niveles de excedencia ser\u00e1n menores que en el mismo per\u00edodo del a\u00f1o anterior. En el caso de Laja, se alcanzar\u00e1 una cifra del 78%, 5 puntos menos que en 2018\/2019, mientras que en Ralco se llegar\u00e1 al 78%, cuatro puntos por debajo que en la temporada previa.<\/p>\n\n\n\n<p>Desde el Coordinador El\u00e9ctrico sostuvieron que los estudios que elaboraron confirman que hasta marzo del pr\u00f3ximo a\u00f1o, que es cuando se constata el nivel m\u00e1s bajo de deshielos, se observan condiciones secas desde la cuenca del R\u00edo Maule al Norte. En tanto, desde la cuenca del R\u00edo Laja hacia el Sur, las condiciones ser\u00e1n medias a secas.<\/p>\n\n\n\n<p>En tanto, en la cuenca del R\u00edo Aconcagua la situaci\u00f3n es m\u00e1s deficitaria, batiendo los r\u00e9cords hist\u00f3ricos. As\u00ed lo sostuvo el presidente ejecutivo de Generadoras de Chile, Claudio Seebach. Sin embargo, se trata de una cuenca de menor relevancia para el sistema para efectos de generaci\u00f3n el\u00e9ctrica, en comparaci\u00f3n con Laja, Maule o Ralco.<\/p>\n\n\n\n<p>Como podr\u00eda suponerse, la causa de estos bajos niveles de deshielo est\u00e1 en la poca nieve ca\u00edda en la alta cordillera, que es el principal abastecedor de estos embalses para generar energ\u00eda.<\/p>\n\n\n\n<p><strong>Sistema cubierto<\/strong><\/p>\n\n\n\n<p>A pesar de que la situaci\u00f3n en las cuencas es as\u00ed de negativa, el Coordinador El\u00e9ctrico descarta una falta de abastecimiento o riesgos para el sistema.<\/p>\n\n\n\n<p>Desde esa entidad indicaron que \u201ctenemos una matriz de generaci\u00f3n diversa y robusta\u201d. Agregaron que hasta la fecha, el Sistema El\u00e9ctrico Nacional dispone de un total de 551 centrales de generaci\u00f3n en condiciones de operar, de las cuales 161 son hidroel\u00e9ctricas (6.822 MW), 181 termoel\u00e9ctricas (13.531 MW), 172 solares (2.711 MW), 36 e\u00f3licas (2.157 MW) y 1 geot\u00e9rmica (44 MW).<\/p>\n\n\n\n<p>El presidente ejecutivo de Generadoras de Chile, indic\u00f3 que las condiciones de transmisi\u00f3n, las proyecciones de demanda el\u00e9ctrica, la disponibilidad de centrales de generaci\u00f3n, as\u00ed como el nivel de precio de los combustible para los pr\u00f3ximos meses, dan se\u00f1ales de tranquilidad.<\/p>\n\n\n\n<p>\u201cEl Coordinador entreg\u00f3 un plan de generaci\u00f3n que optimiza el uso de recursos para optimizar el uso de los recursos, para obtener una operaci\u00f3n segura y de menor costo total\u201d, comentaron desde esa entidad.<\/p>\n\n\n\n<p>Al respecto, agreg\u00f3 que es esperable que, junto con el m\u00e1ximo de aprovechamiento de la generaci\u00f3n solar y e\u00f3lica, se haga un mayor uso de la energ\u00eda almacenada a la fecha en embalses.<\/p>\n\n\n\n<p>Por \u00faltimo, sostuvo que el volumen de recursos h\u00eddricos acumulado al 30 de septiembre en los embalses m\u00e1s relevantes del sistema totaliz\u00f3 3.221 millones de metros c\u00fabicos, \u201clo que representa s\u00f3lo el 59% del volumen habitualmente almacenado en esta fecha\u201d.<\/p>\n","protected":false},"excerpt":{"rendered":"<p>En el \u00faltimo pron\u00f3stico de deshielo del Coordinador El\u00e9ctrico a marzo de 2020, estim\u00f3 una probabilidad de excedencia del 91% en promedio, aunque las m\u00e1s afectadas, como Rapel, llegar\u00e1n al&#8230;<\/p>\n","protected":false},"author":2,"featured_media":14793,"comment_status":"closed","ping_status":"closed","sticky":false,"template":"","format":"standard","meta":{"footnotes":""},"categories":[1945],"tags":[2090,3127,2148],"class_list":["post-14792","post","type-post","status-publish","format-standard","has-post-thumbnail","hentry","category-agricultura","tag-agricultura","tag-agro","tag-sequia"],"yoast_head":"<!-- This site is optimized with the Yoast SEO plugin v26.6 - https:\/\/yoast.com\/wordpress\/plugins\/seo\/ -->\n<title>Proyectan cr\u00edtico nivel para los embalses de generaci\u00f3n en 2020 por la sequ\u00eda - Mundoagropecuario<\/title>\n<meta name=\"robots\" content=\"index, follow, max-snippet:-1, max-image-preview:large, max-video-preview:-1\" \/>\n<link rel=\"canonical\" href=\"https:\/\/www.mundoagropecuario.cl\/new\/proyectan-critico-nivel-para-los-embalses-de-generacion-en-2020-por-la-sequia\/\" \/>\n<meta property=\"og:locale\" content=\"es_ES\" \/>\n<meta property=\"og:type\" content=\"article\" \/>\n<meta property=\"og:title\" content=\"Proyectan cr\u00edtico nivel para los embalses de generaci\u00f3n en 2020 por la sequ\u00eda - Mundoagropecuario\" \/>\n<meta property=\"og:description\" content=\"En el \u00faltimo pron\u00f3stico de deshielo del Coordinador El\u00e9ctrico a marzo de 2020, estim\u00f3 una probabilidad de excedencia del 91% en promedio, aunque las m\u00e1s afectadas, como Rapel, llegar\u00e1n al...\" \/>\n<meta property=\"og:url\" content=\"https:\/\/www.mundoagropecuario.cl\/new\/proyectan-critico-nivel-para-los-embalses-de-generacion-en-2020-por-la-sequia\/\" \/>\n<meta property=\"og:site_name\" content=\"Mundoagropecuario\" \/>\n<meta property=\"article:publisher\" content=\"https:\/\/www.facebook.com\/mundo.agropecuario.3\" \/>\n<meta property=\"article:published_time\" content=\"2019-11-20T14:09:14+00:00\" \/>\n<meta property=\"article:modified_time\" content=\"2019-11-21T14:56:41+00:00\" \/>\n<meta property=\"og:image\" content=\"https:\/\/www.mundoagropecuario.cl\/new\/wp-content\/uploads\/2019\/11\/embalse-W800.jpg\" \/>\n\t<meta property=\"og:image:width\" content=\"800\" \/>\n\t<meta property=\"og:image:height\" content=\"535\" \/>\n\t<meta property=\"og:image:type\" content=\"image\/jpeg\" \/>\n<meta name=\"author\" content=\"mundo\" \/>\n<meta name=\"twitter:card\" content=\"summary_large_image\" \/>\n<meta name=\"twitter:creator\" content=\"@MundoAgropecuar\" \/>\n<meta name=\"twitter:site\" content=\"@MundoAgropecuar\" \/>\n<meta name=\"twitter:label1\" content=\"Escrito por\" \/>\n\t<meta name=\"twitter:data1\" content=\"mundo\" \/>\n\t<meta name=\"twitter:label2\" content=\"Tiempo de lectura\" \/>\n\t<meta name=\"twitter:data2\" content=\"4 minutos\" \/>\n<script type=\"application\/ld+json\" class=\"yoast-schema-graph\">{\"@context\":\"https:\/\/schema.org\",\"@graph\":[{\"@type\":\"Article\",\"@id\":\"https:\/\/www.mundoagropecuario.cl\/new\/proyectan-critico-nivel-para-los-embalses-de-generacion-en-2020-por-la-sequia\/#article\",\"isPartOf\":{\"@id\":\"https:\/\/www.mundoagropecuario.cl\/new\/proyectan-critico-nivel-para-los-embalses-de-generacion-en-2020-por-la-sequia\/\"},\"author\":{\"name\":\"mundo\",\"@id\":\"https:\/\/www.mundoagropecuario.cl\/new\/#\/schema\/person\/4e9f74a82a7dac260eb1c44b7eebeb18\"},\"headline\":\"Proyectan cr\u00edtico nivel para los embalses de generaci\u00f3n en 2020 por la sequ\u00eda\",\"datePublished\":\"2019-11-20T14:09:14+00:00\",\"dateModified\":\"2019-11-21T14:56:41+00:00\",\"mainEntityOfPage\":{\"@id\":\"https:\/\/www.mundoagropecuario.cl\/new\/proyectan-critico-nivel-para-los-embalses-de-generacion-en-2020-por-la-sequia\/\"},\"wordCount\":782,\"publisher\":{\"@id\":\"https:\/\/www.mundoagropecuario.cl\/new\/#organization\"},\"image\":{\"@id\":\"https:\/\/www.mundoagropecuario.cl\/new\/proyectan-critico-nivel-para-los-embalses-de-generacion-en-2020-por-la-sequia\/#primaryimage\"},\"thumbnailUrl\":\"https:\/\/www.mundoagropecuario.cl\/new\/wp-content\/uploads\/2019\/11\/embalse-W800.jpg\",\"keywords\":[\"Agricultura\",\"Agro\",\"Sequ\u00eda\"],\"articleSection\":[\"Agricultura\"],\"inLanguage\":\"es\"},{\"@type\":\"WebPage\",\"@id\":\"https:\/\/www.mundoagropecuario.cl\/new\/proyectan-critico-nivel-para-los-embalses-de-generacion-en-2020-por-la-sequia\/\",\"url\":\"https:\/\/www.mundoagropecuario.cl\/new\/proyectan-critico-nivel-para-los-embalses-de-generacion-en-2020-por-la-sequia\/\",\"name\":\"Proyectan cr\u00edtico nivel para los embalses de generaci\u00f3n en 2020 por la sequ\u00eda - Mundoagropecuario\",\"isPartOf\":{\"@id\":\"https:\/\/www.mundoagropecuario.cl\/new\/#website\"},\"primaryImageOfPage\":{\"@id\":\"https:\/\/www.mundoagropecuario.cl\/new\/proyectan-critico-nivel-para-los-embalses-de-generacion-en-2020-por-la-sequia\/#primaryimage\"},\"image\":{\"@id\":\"https:\/\/www.mundoagropecuario.cl\/new\/proyectan-critico-nivel-para-los-embalses-de-generacion-en-2020-por-la-sequia\/#primaryimage\"},\"thumbnailUrl\":\"https:\/\/www.mundoagropecuario.cl\/new\/wp-content\/uploads\/2019\/11\/embalse-W800.jpg\",\"datePublished\":\"2019-11-20T14:09:14+00:00\",\"dateModified\":\"2019-11-21T14:56:41+00:00\",\"breadcrumb\":{\"@id\":\"https:\/\/www.mundoagropecuario.cl\/new\/proyectan-critico-nivel-para-los-embalses-de-generacion-en-2020-por-la-sequia\/#breadcrumb\"},\"inLanguage\":\"es\",\"potentialAction\":[{\"@type\":\"ReadAction\",\"target\":[\"https:\/\/www.mundoagropecuario.cl\/new\/proyectan-critico-nivel-para-los-embalses-de-generacion-en-2020-por-la-sequia\/\"]}]},{\"@type\":\"ImageObject\",\"inLanguage\":\"es\",\"@id\":\"https:\/\/www.mundoagropecuario.cl\/new\/proyectan-critico-nivel-para-los-embalses-de-generacion-en-2020-por-la-sequia\/#primaryimage\",\"url\":\"https:\/\/www.mundoagropecuario.cl\/new\/wp-content\/uploads\/2019\/11\/embalse-W800.jpg\",\"contentUrl\":\"https:\/\/www.mundoagropecuario.cl\/new\/wp-content\/uploads\/2019\/11\/embalse-W800.jpg\",\"width\":598,\"height\":400},{\"@type\":\"BreadcrumbList\",\"@id\":\"https:\/\/www.mundoagropecuario.cl\/new\/proyectan-critico-nivel-para-los-embalses-de-generacion-en-2020-por-la-sequia\/#breadcrumb\",\"itemListElement\":[{\"@type\":\"ListItem\",\"position\":1,\"name\":\"Portada\",\"item\":\"https:\/\/www.mundoagropecuario.cl\/new\/\"},{\"@type\":\"ListItem\",\"position\":2,\"name\":\"Proyectan cr\u00edtico nivel para los embalses de generaci\u00f3n en 2020 por la sequ\u00eda\"}]},{\"@type\":\"WebSite\",\"@id\":\"https:\/\/www.mundoagropecuario.cl\/new\/#website\",\"url\":\"https:\/\/www.mundoagropecuario.cl\/new\/\",\"name\":\"Mundoagropecuario\",\"description\":\"Mundo Agropecuario\",\"publisher\":{\"@id\":\"https:\/\/www.mundoagropecuario.cl\/new\/#organization\"},\"potentialAction\":[{\"@type\":\"SearchAction\",\"target\":{\"@type\":\"EntryPoint\",\"urlTemplate\":\"https:\/\/www.mundoagropecuario.cl\/new\/?s={search_term_string}\"},\"query-input\":{\"@type\":\"PropertyValueSpecification\",\"valueRequired\":true,\"valueName\":\"search_term_string\"}}],\"inLanguage\":\"es\"},{\"@type\":\"Organization\",\"@id\":\"https:\/\/www.mundoagropecuario.cl\/new\/#organization\",\"name\":\"Revista de Agricultura\",\"url\":\"https:\/\/www.mundoagropecuario.cl\/new\/\",\"logo\":{\"@type\":\"ImageObject\",\"inLanguage\":\"es\",\"@id\":\"https:\/\/www.mundoagropecuario.cl\/new\/#\/schema\/logo\/image\/\",\"url\":\"https:\/\/www.mundoagropecuario.cl\/new\/wp-content\/uploads\/2020\/11\/PORTAL-1-1.png\",\"contentUrl\":\"https:\/\/www.mundoagropecuario.cl\/new\/wp-content\/uploads\/2020\/11\/PORTAL-1-1.png\",\"width\":1026,\"height\":100,\"caption\":\"Revista de Agricultura\"},\"image\":{\"@id\":\"https:\/\/www.mundoagropecuario.cl\/new\/#\/schema\/logo\/image\/\"},\"sameAs\":[\"https:\/\/www.facebook.com\/mundo.agropecuario.3\",\"https:\/\/x.com\/MundoAgropecuar\",\"https:\/\/www.linkedin.com\/in\/mundo-agropecuario-934009201\/\"]},{\"@type\":\"Person\",\"@id\":\"https:\/\/www.mundoagropecuario.cl\/new\/#\/schema\/person\/4e9f74a82a7dac260eb1c44b7eebeb18\",\"name\":\"mundo\",\"url\":\"https:\/\/www.mundoagropecuario.cl\/new\/author\/mundo\/\"}]}<\/script>\n<!-- \/ Yoast SEO plugin. -->","yoast_head_json":{"title":"Proyectan cr\u00edtico nivel para los embalses de generaci\u00f3n en 2020 por la sequ\u00eda - Mundoagropecuario","robots":{"index":"index","follow":"follow","max-snippet":"max-snippet:-1","max-image-preview":"max-image-preview:large","max-video-preview":"max-video-preview:-1"},"canonical":"https:\/\/www.mundoagropecuario.cl\/new\/proyectan-critico-nivel-para-los-embalses-de-generacion-en-2020-por-la-sequia\/","og_locale":"es_ES","og_type":"article","og_title":"Proyectan cr\u00edtico nivel para los embalses de generaci\u00f3n en 2020 por la sequ\u00eda - Mundoagropecuario","og_description":"En el \u00faltimo pron\u00f3stico de deshielo del Coordinador El\u00e9ctrico a marzo de 2020, estim\u00f3 una probabilidad de excedencia del 91% en promedio, aunque las m\u00e1s afectadas, como Rapel, llegar\u00e1n al...","og_url":"https:\/\/www.mundoagropecuario.cl\/new\/proyectan-critico-nivel-para-los-embalses-de-generacion-en-2020-por-la-sequia\/","og_site_name":"Mundoagropecuario","article_publisher":"https:\/\/www.facebook.com\/mundo.agropecuario.3","article_published_time":"2019-11-20T14:09:14+00:00","article_modified_time":"2019-11-21T14:56:41+00:00","og_image":[{"width":800,"height":535,"url":"https:\/\/www.mundoagropecuario.cl\/new\/wp-content\/uploads\/2019\/11\/embalse-W800.jpg","type":"image\/jpeg"}],"author":"mundo","twitter_card":"summary_large_image","twitter_creator":"@MundoAgropecuar","twitter_site":"@MundoAgropecuar","twitter_misc":{"Escrito por":"mundo","Tiempo de lectura":"4 minutos"},"schema":{"@context":"https:\/\/schema.org","@graph":[{"@type":"Article","@id":"https:\/\/www.mundoagropecuario.cl\/new\/proyectan-critico-nivel-para-los-embalses-de-generacion-en-2020-por-la-sequia\/#article","isPartOf":{"@id":"https:\/\/www.mundoagropecuario.cl\/new\/proyectan-critico-nivel-para-los-embalses-de-generacion-en-2020-por-la-sequia\/"},"author":{"name":"mundo","@id":"https:\/\/www.mundoagropecuario.cl\/new\/#\/schema\/person\/4e9f74a82a7dac260eb1c44b7eebeb18"},"headline":"Proyectan cr\u00edtico nivel para los embalses de generaci\u00f3n en 2020 por la sequ\u00eda","datePublished":"2019-11-20T14:09:14+00:00","dateModified":"2019-11-21T14:56:41+00:00","mainEntityOfPage":{"@id":"https:\/\/www.mundoagropecuario.cl\/new\/proyectan-critico-nivel-para-los-embalses-de-generacion-en-2020-por-la-sequia\/"},"wordCount":782,"publisher":{"@id":"https:\/\/www.mundoagropecuario.cl\/new\/#organization"},"image":{"@id":"https:\/\/www.mundoagropecuario.cl\/new\/proyectan-critico-nivel-para-los-embalses-de-generacion-en-2020-por-la-sequia\/#primaryimage"},"thumbnailUrl":"https:\/\/www.mundoagropecuario.cl\/new\/wp-content\/uploads\/2019\/11\/embalse-W800.jpg","keywords":["Agricultura","Agro","Sequ\u00eda"],"articleSection":["Agricultura"],"inLanguage":"es"},{"@type":"WebPage","@id":"https:\/\/www.mundoagropecuario.cl\/new\/proyectan-critico-nivel-para-los-embalses-de-generacion-en-2020-por-la-sequia\/","url":"https:\/\/www.mundoagropecuario.cl\/new\/proyectan-critico-nivel-para-los-embalses-de-generacion-en-2020-por-la-sequia\/","name":"Proyectan cr\u00edtico nivel para los embalses de generaci\u00f3n en 2020 por la sequ\u00eda - Mundoagropecuario","isPartOf":{"@id":"https:\/\/www.mundoagropecuario.cl\/new\/#website"},"primaryImageOfPage":{"@id":"https:\/\/www.mundoagropecuario.cl\/new\/proyectan-critico-nivel-para-los-embalses-de-generacion-en-2020-por-la-sequia\/#primaryimage"},"image":{"@id":"https:\/\/www.mundoagropecuario.cl\/new\/proyectan-critico-nivel-para-los-embalses-de-generacion-en-2020-por-la-sequia\/#primaryimage"},"thumbnailUrl":"https:\/\/www.mundoagropecuario.cl\/new\/wp-content\/uploads\/2019\/11\/embalse-W800.jpg","datePublished":"2019-11-20T14:09:14+00:00","dateModified":"2019-11-21T14:56:41+00:00","breadcrumb":{"@id":"https:\/\/www.mundoagropecuario.cl\/new\/proyectan-critico-nivel-para-los-embalses-de-generacion-en-2020-por-la-sequia\/#breadcrumb"},"inLanguage":"es","potentialAction":[{"@type":"ReadAction","target":["https:\/\/www.mundoagropecuario.cl\/new\/proyectan-critico-nivel-para-los-embalses-de-generacion-en-2020-por-la-sequia\/"]}]},{"@type":"ImageObject","inLanguage":"es","@id":"https:\/\/www.mundoagropecuario.cl\/new\/proyectan-critico-nivel-para-los-embalses-de-generacion-en-2020-por-la-sequia\/#primaryimage","url":"https:\/\/www.mundoagropecuario.cl\/new\/wp-content\/uploads\/2019\/11\/embalse-W800.jpg","contentUrl":"https:\/\/www.mundoagropecuario.cl\/new\/wp-content\/uploads\/2019\/11\/embalse-W800.jpg","width":598,"height":400},{"@type":"BreadcrumbList","@id":"https:\/\/www.mundoagropecuario.cl\/new\/proyectan-critico-nivel-para-los-embalses-de-generacion-en-2020-por-la-sequia\/#breadcrumb","itemListElement":[{"@type":"ListItem","position":1,"name":"Portada","item":"https:\/\/www.mundoagropecuario.cl\/new\/"},{"@type":"ListItem","position":2,"name":"Proyectan cr\u00edtico nivel para los embalses de generaci\u00f3n en 2020 por la sequ\u00eda"}]},{"@type":"WebSite","@id":"https:\/\/www.mundoagropecuario.cl\/new\/#website","url":"https:\/\/www.mundoagropecuario.cl\/new\/","name":"Mundoagropecuario","description":"Mundo Agropecuario","publisher":{"@id":"https:\/\/www.mundoagropecuario.cl\/new\/#organization"},"potentialAction":[{"@type":"SearchAction","target":{"@type":"EntryPoint","urlTemplate":"https:\/\/www.mundoagropecuario.cl\/new\/?s={search_term_string}"},"query-input":{"@type":"PropertyValueSpecification","valueRequired":true,"valueName":"search_term_string"}}],"inLanguage":"es"},{"@type":"Organization","@id":"https:\/\/www.mundoagropecuario.cl\/new\/#organization","name":"Revista de Agricultura","url":"https:\/\/www.mundoagropecuario.cl\/new\/","logo":{"@type":"ImageObject","inLanguage":"es","@id":"https:\/\/www.mundoagropecuario.cl\/new\/#\/schema\/logo\/image\/","url":"https:\/\/www.mundoagropecuario.cl\/new\/wp-content\/uploads\/2020\/11\/PORTAL-1-1.png","contentUrl":"https:\/\/www.mundoagropecuario.cl\/new\/wp-content\/uploads\/2020\/11\/PORTAL-1-1.png","width":1026,"height":100,"caption":"Revista de Agricultura"},"image":{"@id":"https:\/\/www.mundoagropecuario.cl\/new\/#\/schema\/logo\/image\/"},"sameAs":["https:\/\/www.facebook.com\/mundo.agropecuario.3","https:\/\/x.com\/MundoAgropecuar","https:\/\/www.linkedin.com\/in\/mundo-agropecuario-934009201\/"]},{"@type":"Person","@id":"https:\/\/www.mundoagropecuario.cl\/new\/#\/schema\/person\/4e9f74a82a7dac260eb1c44b7eebeb18","name":"mundo","url":"https:\/\/www.mundoagropecuario.cl\/new\/author\/mundo\/"}]}},"_links":{"self":[{"href":"https:\/\/www.mundoagropecuario.cl\/new\/wp-json\/wp\/v2\/posts\/14792","targetHints":{"allow":["GET"]}}],"collection":[{"href":"https:\/\/www.mundoagropecuario.cl\/new\/wp-json\/wp\/v2\/posts"}],"about":[{"href":"https:\/\/www.mundoagropecuario.cl\/new\/wp-json\/wp\/v2\/types\/post"}],"author":[{"embeddable":true,"href":"https:\/\/www.mundoagropecuario.cl\/new\/wp-json\/wp\/v2\/users\/2"}],"replies":[{"embeddable":true,"href":"https:\/\/www.mundoagropecuario.cl\/new\/wp-json\/wp\/v2\/comments?post=14792"}],"version-history":[{"count":1,"href":"https:\/\/www.mundoagropecuario.cl\/new\/wp-json\/wp\/v2\/posts\/14792\/revisions"}],"predecessor-version":[{"id":14794,"href":"https:\/\/www.mundoagropecuario.cl\/new\/wp-json\/wp\/v2\/posts\/14792\/revisions\/14794"}],"wp:featuredmedia":[{"embeddable":true,"href":"https:\/\/www.mundoagropecuario.cl\/new\/wp-json\/wp\/v2\/media\/14793"}],"wp:attachment":[{"href":"https:\/\/www.mundoagropecuario.cl\/new\/wp-json\/wp\/v2\/media?parent=14792"}],"wp:term":[{"taxonomy":"category","embeddable":true,"href":"https:\/\/www.mundoagropecuario.cl\/new\/wp-json\/wp\/v2\/categories?post=14792"},{"taxonomy":"post_tag","embeddable":true,"href":"https:\/\/www.mundoagropecuario.cl\/new\/wp-json\/wp\/v2\/tags?post=14792"}],"curies":[{"name":"wp","href":"https:\/\/api.w.org\/{rel}","templated":true}]}}