{"id":14785,"date":"2019-11-20T10:39:53","date_gmt":"2019-11-20T13:39:53","guid":{"rendered":"http:\/\/www.mundoagropecuario.cl\/new\/?p=14785"},"modified":"2019-11-21T11:55:49","modified_gmt":"2019-11-21T14:55:49","slug":"buscan-reducir-el-impacto-climatico-en-las-praderas-de-osorno-y-llanquihue","status":"publish","type":"post","link":"https:\/\/www.mundoagropecuario.cl\/new\/buscan-reducir-el-impacto-climatico-en-las-praderas-de-osorno-y-llanquihue\/","title":{"rendered":"Buscan reducir el impacto clim\u00e1tico en las praderas de Osorno y Llanquihue"},"content":{"rendered":"\n<ul class=\"wp-block-gallery columns-0 is-cropped wp-block-gallery-1 is-layout-flex wp-block-gallery-is-layout-flex\"><\/ul>\n\n\n\n<p class=\"has-medium-font-size\"><em>El proyecto tiene como principal objetivo,&nbsp;&nbsp;apoyar a los agricultores con informaci\u00f3n que les permita proyectar la situaci\u00f3n de sus praderas, optimizando el gasto econ\u00f3mico y la producci\u00f3n (Austral de Osorno).<\/em><\/p>\n\n\n\n<p>El impacto del cambio clim\u00e1tico sobre el forraje de las praderas de las provincias Osorno y Llanquihue, al a\u00f1o 2050, podr\u00e1 ser disminuido gracias a un estudio que actualmente lleva a cabo en la zona el Centro de Informaci\u00f3n de Recursos Naturales (Ciren), con el apoyo de la Fundaci\u00f3n para la Innovaci\u00f3n Agraria (FIA) y el Ministerio de Agricultura (Minagri).<\/p>\n\n\n\n<p>\u00abTodos sabemos que el cambio clim\u00e1tico ha comenzado a afectarnos directamente. Aqu\u00ed en la zona ha incidido en las temperaturas, porque han aumentado, y en las lluvias. Por lo tanto, tenemos que preparar las praderas de una zona netamente ganadera, para que no tengan falencias por falta de agua y por mayor temperatura. Lo que necesitamos es hacer proyecciones en base a los antecedentes que procedemos y que investigamos y con eso ayudar a los agricultores para que mantengan sus praderas en buen estado\u00bb, indic\u00f3 Eduardo Becker, subdirector ejecutivo de Ciren.<\/p>\n\n\n\n<p>El proyecto, que posee una duraci\u00f3n de 24 meses, tiene como principal objetivo apoyar a los agricultores con informaci\u00f3n que les permita proyectar la situaci\u00f3n de sus praderas, optimizando el gasto econ\u00f3mico y la producci\u00f3n.<\/p>\n\n\n\n<p>\u00abEn general, el objetivo es, con los resultados del proyecto, ayudar al productor a tomar decisiones, acerca de c\u00f3mo se ve mi pradera, en una tendencia al 2050. Sobre la base de eso, cu\u00e1les son las especies que mejor se adaptan a condiciones, por ejemplo, de escasez h\u00eddrica. Por otro lado, si vemos que la pradera no nos est\u00e1 suministrando lo necesario para mantener a mi ganado, hay que buscar opciones alimentarias suplementarias, siempre buscando con esto no degradar la pradera, ser sustentable con el uso de ella\u00bb, explic\u00f3 Carolina Leiva, ingeniero agr\u00f3nomo y jefe de proyecto.<\/p>\n\n\n\n<p>Para lograr esto, un grupo de expertos de Ciren y la Universidad Cat\u00f3lica de Chile (UC), se encuentran estudiando desde enero de 2019 aspectos como la productividad de las praderas, en sus distintos par\u00e1metros f\u00edsicos de suelo, como profundidad, drenaje, pendiente, entre otros. Y tambi\u00e9n en la parte clim\u00e1tica, haciendo proyecciones bajo un escenario de cambio clim\u00e1tico para evaluar las tendencias del comportamiento en esas zonas.<\/p>\n\n\n\n<p>\u00abDesarrollaremos una zonificaci\u00f3n clim\u00e1tica. Esto significa recoger informaci\u00f3n de todas las estaciones meteorol\u00f3gicas que hay en la zona y un poco m\u00e1s, para tratar de identificar aquellas que tienen un comportamiento semejante y sobre las cuales uno podr\u00eda hacer un manejo espec\u00edfico de la pradera; y podr\u00eda encontrar caracter\u00edsticas comunes, como por ejemplo su rendimiento potencial y adem\u00e1s vamos a desarrollar los escenarios futuros clim\u00e1ticos, de tal manera de ver c\u00f3mo se modifican esos potenciales en los pr\u00f3ximos a\u00f1os\u00bb, indic\u00f3 Francisco Meza, profesor de la UC.<\/p>\n\n\n\n<figure class=\"wp-block-image\"><img loading=\"lazy\" decoding=\"async\" width=\"533\" height=\"400\" src=\"https:\/\/www.mundoagropecuario.cl\/new\/wp-content\/uploads\/2019\/05\/praderas-biocontroladores.jpg\" alt=\"\" class=\"wp-image-12113\" srcset=\"https:\/\/www.mundoagropecuario.cl\/new\/wp-content\/uploads\/2019\/05\/praderas-biocontroladores.jpg 533w, https:\/\/www.mundoagropecuario.cl\/new\/wp-content\/uploads\/2019\/05\/praderas-biocontroladores-586x440.jpg 586w, https:\/\/www.mundoagropecuario.cl\/new\/wp-content\/uploads\/2019\/05\/praderas-biocontroladores-768x576.jpg 768w\" sizes=\"auto, (max-width: 533px) 100vw, 533px\" \/><\/figure>\n\n\n\n<p>La importancia del estudio radica en el escenario de incertidumbre agroclim\u00e1tica en que se encuentran los productores, por lo cual, es fundamental contar con herramientas que permitan obtener informaci\u00f3n en este momento, para tomar decisiones correctas en el futuro que permitan potenciar la agricultura en la Regi\u00f3n.<\/p>\n\n\n\n<p>\u00abPara nosotros, la agricultura a futuro est\u00e1 pensada con informaci\u00f3n para tomar decisiones y as\u00ed hacer nuestros procesos m\u00e1s rentables y sustentables en el tiempo. Este proyecto de Ciren con FIA tiene la importancia de tener un modelo predictivo futuro sobre nuestras praderas, c\u00f3mo se van a comportar al 2050 y as\u00ed nuestros agricultores puedan tomar las mejores decisiones y seguir potenciando el coraz\u00f3n de la agricultura en la regi\u00f3n, que es la leche y la carne\u00bb, resalt\u00f3 Juan Barrientos, seremi de Agricultura.<\/p>\n\n\n\n<p><strong>Cambio Clim\u00e1tico<\/strong><\/p>\n\n\n\n<p>El cambio clim\u00e1tico es una realidad, para lo cual todos los agentes, en particular los productores, agricultores y ganaderos, tienen que estar anticipados a sus consecuencias, de tal manera que puedan tomar decisiones informadas acerca de c\u00f3mo modificar su manejo productivo.<\/p>\n\n\n\n<p>Sin embargo, no todos los efectos de este fen\u00f3meno podr\u00e1n considerarse negativos. En algunos casos ser\u00e1n ben\u00e9ficos y se deber\u00e1n aprovechar los potenciales productivos que podr\u00edan aparecer en Los Lagos.<\/p>\n\n\n\n<p>\u00abEsta es una regi\u00f3n que tiene una vocaci\u00f3n agr\u00edcola enorme, sustentable y que con suficiente informaci\u00f3n, adecuada, espacialmente expl\u00edcita, podr\u00eda ser capaz de tomar decisiones y sacarle partido a las eventuales oportunidades que aparezcan\u00bb, asever\u00f3 Meza.<\/p>\n","protected":false},"excerpt":{"rendered":"<p>El proyecto tiene como principal objetivo,&nbsp;&nbsp;apoyar a los agricultores con informaci\u00f3n que les permita proyectar la situaci\u00f3n de sus praderas, optimizando el gasto econ\u00f3mico y la producci\u00f3n (Austral de Osorno)&#8230;.<\/p>\n","protected":false},"author":2,"featured_media":14109,"comment_status":"closed","ping_status":"closed","sticky":false,"template":"","format":"standard","meta":{"footnotes":""},"categories":[1945],"tags":[2090,3127,542,4439],"class_list":["post-14785","post","type-post","status-publish","format-standard","has-post-thumbnail","hentry","category-agricultura","tag-agricultura","tag-agro","tag-cambio-climatico","tag-pradreras"],"yoast_head":"<!-- This site is optimized with the Yoast SEO plugin v26.6 - https:\/\/yoast.com\/wordpress\/plugins\/seo\/ -->\n<title>Buscan reducir el impacto clim\u00e1tico en las praderas de Osorno y Llanquihue - Mundoagropecuario<\/title>\n<meta name=\"robots\" content=\"index, follow, max-snippet:-1, max-image-preview:large, max-video-preview:-1\" \/>\n<link rel=\"canonical\" href=\"https:\/\/www.mundoagropecuario.cl\/new\/buscan-reducir-el-impacto-climatico-en-las-praderas-de-osorno-y-llanquihue\/\" \/>\n<meta property=\"og:locale\" content=\"es_ES\" \/>\n<meta property=\"og:type\" content=\"article\" \/>\n<meta property=\"og:title\" content=\"Buscan reducir el impacto clim\u00e1tico en las praderas de Osorno y Llanquihue - Mundoagropecuario\" \/>\n<meta property=\"og:description\" content=\"El proyecto tiene como principal objetivo,&nbsp;&nbsp;apoyar a los agricultores con informaci\u00f3n que les permita proyectar la situaci\u00f3n de sus praderas, optimizando el gasto econ\u00f3mico y la producci\u00f3n (Austral de Osorno)....\" \/>\n<meta property=\"og:url\" content=\"https:\/\/www.mundoagropecuario.cl\/new\/buscan-reducir-el-impacto-climatico-en-las-praderas-de-osorno-y-llanquihue\/\" \/>\n<meta property=\"og:site_name\" content=\"Mundoagropecuario\" \/>\n<meta property=\"article:publisher\" content=\"https:\/\/www.facebook.com\/mundo.agropecuario.3\" \/>\n<meta property=\"article:published_time\" content=\"2019-11-20T13:39:53+00:00\" \/>\n<meta property=\"article:modified_time\" content=\"2019-11-21T14:55:49+00:00\" \/>\n<meta property=\"og:image\" content=\"https:\/\/www.mundoagropecuario.cl\/new\/wp-content\/uploads\/2019\/09\/Praderas3.jpg\" \/>\n\t<meta property=\"og:image:width\" content=\"1024\" \/>\n\t<meta property=\"og:image:height\" content=\"682\" \/>\n\t<meta property=\"og:image:type\" content=\"image\/jpeg\" \/>\n<meta name=\"author\" content=\"mundo\" \/>\n<meta name=\"twitter:card\" content=\"summary_large_image\" \/>\n<meta name=\"twitter:creator\" content=\"@MundoAgropecuar\" \/>\n<meta name=\"twitter:site\" content=\"@MundoAgropecuar\" \/>\n<meta name=\"twitter:label1\" content=\"Escrito por\" \/>\n\t<meta name=\"twitter:data1\" content=\"mundo\" \/>\n\t<meta name=\"twitter:label2\" content=\"Tiempo de lectura\" \/>\n\t<meta name=\"twitter:data2\" content=\"4 minutos\" \/>\n<script type=\"application\/ld+json\" class=\"yoast-schema-graph\">{\"@context\":\"https:\/\/schema.org\",\"@graph\":[{\"@type\":\"Article\",\"@id\":\"https:\/\/www.mundoagropecuario.cl\/new\/buscan-reducir-el-impacto-climatico-en-las-praderas-de-osorno-y-llanquihue\/#article\",\"isPartOf\":{\"@id\":\"https:\/\/www.mundoagropecuario.cl\/new\/buscan-reducir-el-impacto-climatico-en-las-praderas-de-osorno-y-llanquihue\/\"},\"author\":{\"name\":\"mundo\",\"@id\":\"https:\/\/www.mundoagropecuario.cl\/new\/#\/schema\/person\/4e9f74a82a7dac260eb1c44b7eebeb18\"},\"headline\":\"Buscan reducir el impacto clim\u00e1tico en las praderas de Osorno y Llanquihue\",\"datePublished\":\"2019-11-20T13:39:53+00:00\",\"dateModified\":\"2019-11-21T14:55:49+00:00\",\"mainEntityOfPage\":{\"@id\":\"https:\/\/www.mundoagropecuario.cl\/new\/buscan-reducir-el-impacto-climatico-en-las-praderas-de-osorno-y-llanquihue\/\"},\"wordCount\":777,\"publisher\":{\"@id\":\"https:\/\/www.mundoagropecuario.cl\/new\/#organization\"},\"image\":{\"@id\":\"https:\/\/www.mundoagropecuario.cl\/new\/buscan-reducir-el-impacto-climatico-en-las-praderas-de-osorno-y-llanquihue\/#primaryimage\"},\"thumbnailUrl\":\"https:\/\/www.mundoagropecuario.cl\/new\/wp-content\/uploads\/2019\/09\/Praderas3.jpg\",\"keywords\":[\"Agricultura\",\"Agro\",\"Cambio clim\u00e1tico\",\"pradreras\"],\"articleSection\":[\"Agricultura\"],\"inLanguage\":\"es\"},{\"@type\":\"WebPage\",\"@id\":\"https:\/\/www.mundoagropecuario.cl\/new\/buscan-reducir-el-impacto-climatico-en-las-praderas-de-osorno-y-llanquihue\/\",\"url\":\"https:\/\/www.mundoagropecuario.cl\/new\/buscan-reducir-el-impacto-climatico-en-las-praderas-de-osorno-y-llanquihue\/\",\"name\":\"Buscan reducir el impacto clim\u00e1tico en las praderas de Osorno y Llanquihue - Mundoagropecuario\",\"isPartOf\":{\"@id\":\"https:\/\/www.mundoagropecuario.cl\/new\/#website\"},\"primaryImageOfPage\":{\"@id\":\"https:\/\/www.mundoagropecuario.cl\/new\/buscan-reducir-el-impacto-climatico-en-las-praderas-de-osorno-y-llanquihue\/#primaryimage\"},\"image\":{\"@id\":\"https:\/\/www.mundoagropecuario.cl\/new\/buscan-reducir-el-impacto-climatico-en-las-praderas-de-osorno-y-llanquihue\/#primaryimage\"},\"thumbnailUrl\":\"https:\/\/www.mundoagropecuario.cl\/new\/wp-content\/uploads\/2019\/09\/Praderas3.jpg\",\"datePublished\":\"2019-11-20T13:39:53+00:00\",\"dateModified\":\"2019-11-21T14:55:49+00:00\",\"breadcrumb\":{\"@id\":\"https:\/\/www.mundoagropecuario.cl\/new\/buscan-reducir-el-impacto-climatico-en-las-praderas-de-osorno-y-llanquihue\/#breadcrumb\"},\"inLanguage\":\"es\",\"potentialAction\":[{\"@type\":\"ReadAction\",\"target\":[\"https:\/\/www.mundoagropecuario.cl\/new\/buscan-reducir-el-impacto-climatico-en-las-praderas-de-osorno-y-llanquihue\/\"]}]},{\"@type\":\"ImageObject\",\"inLanguage\":\"es\",\"@id\":\"https:\/\/www.mundoagropecuario.cl\/new\/buscan-reducir-el-impacto-climatico-en-las-praderas-de-osorno-y-llanquihue\/#primaryimage\",\"url\":\"https:\/\/www.mundoagropecuario.cl\/new\/wp-content\/uploads\/2019\/09\/Praderas3.jpg\",\"contentUrl\":\"https:\/\/www.mundoagropecuario.cl\/new\/wp-content\/uploads\/2019\/09\/Praderas3.jpg\",\"width\":601,\"height\":400},{\"@type\":\"BreadcrumbList\",\"@id\":\"https:\/\/www.mundoagropecuario.cl\/new\/buscan-reducir-el-impacto-climatico-en-las-praderas-de-osorno-y-llanquihue\/#breadcrumb\",\"itemListElement\":[{\"@type\":\"ListItem\",\"position\":1,\"name\":\"Portada\",\"item\":\"https:\/\/www.mundoagropecuario.cl\/new\/\"},{\"@type\":\"ListItem\",\"position\":2,\"name\":\"Buscan reducir el impacto clim\u00e1tico en las praderas de Osorno y Llanquihue\"}]},{\"@type\":\"WebSite\",\"@id\":\"https:\/\/www.mundoagropecuario.cl\/new\/#website\",\"url\":\"https:\/\/www.mundoagropecuario.cl\/new\/\",\"name\":\"Mundoagropecuario\",\"description\":\"Mundo Agropecuario\",\"publisher\":{\"@id\":\"https:\/\/www.mundoagropecuario.cl\/new\/#organization\"},\"potentialAction\":[{\"@type\":\"SearchAction\",\"target\":{\"@type\":\"EntryPoint\",\"urlTemplate\":\"https:\/\/www.mundoagropecuario.cl\/new\/?s={search_term_string}\"},\"query-input\":{\"@type\":\"PropertyValueSpecification\",\"valueRequired\":true,\"valueName\":\"search_term_string\"}}],\"inLanguage\":\"es\"},{\"@type\":\"Organization\",\"@id\":\"https:\/\/www.mundoagropecuario.cl\/new\/#organization\",\"name\":\"Revista de Agricultura\",\"url\":\"https:\/\/www.mundoagropecuario.cl\/new\/\",\"logo\":{\"@type\":\"ImageObject\",\"inLanguage\":\"es\",\"@id\":\"https:\/\/www.mundoagropecuario.cl\/new\/#\/schema\/logo\/image\/\",\"url\":\"https:\/\/www.mundoagropecuario.cl\/new\/wp-content\/uploads\/2020\/11\/PORTAL-1-1.png\",\"contentUrl\":\"https:\/\/www.mundoagropecuario.cl\/new\/wp-content\/uploads\/2020\/11\/PORTAL-1-1.png\",\"width\":1026,\"height\":100,\"caption\":\"Revista de Agricultura\"},\"image\":{\"@id\":\"https:\/\/www.mundoagropecuario.cl\/new\/#\/schema\/logo\/image\/\"},\"sameAs\":[\"https:\/\/www.facebook.com\/mundo.agropecuario.3\",\"https:\/\/x.com\/MundoAgropecuar\",\"https:\/\/www.linkedin.com\/in\/mundo-agropecuario-934009201\/\"]},{\"@type\":\"Person\",\"@id\":\"https:\/\/www.mundoagropecuario.cl\/new\/#\/schema\/person\/4e9f74a82a7dac260eb1c44b7eebeb18\",\"name\":\"mundo\",\"url\":\"https:\/\/www.mundoagropecuario.cl\/new\/author\/mundo\/\"}]}<\/script>\n<!-- \/ Yoast SEO plugin. -->","yoast_head_json":{"title":"Buscan reducir el impacto clim\u00e1tico en las praderas de Osorno y Llanquihue - Mundoagropecuario","robots":{"index":"index","follow":"follow","max-snippet":"max-snippet:-1","max-image-preview":"max-image-preview:large","max-video-preview":"max-video-preview:-1"},"canonical":"https:\/\/www.mundoagropecuario.cl\/new\/buscan-reducir-el-impacto-climatico-en-las-praderas-de-osorno-y-llanquihue\/","og_locale":"es_ES","og_type":"article","og_title":"Buscan reducir el impacto clim\u00e1tico en las praderas de Osorno y Llanquihue - Mundoagropecuario","og_description":"El proyecto tiene como principal objetivo,&nbsp;&nbsp;apoyar a los agricultores con informaci\u00f3n que les permita proyectar la situaci\u00f3n de sus praderas, optimizando el gasto econ\u00f3mico y la producci\u00f3n (Austral de Osorno)....","og_url":"https:\/\/www.mundoagropecuario.cl\/new\/buscan-reducir-el-impacto-climatico-en-las-praderas-de-osorno-y-llanquihue\/","og_site_name":"Mundoagropecuario","article_publisher":"https:\/\/www.facebook.com\/mundo.agropecuario.3","article_published_time":"2019-11-20T13:39:53+00:00","article_modified_time":"2019-11-21T14:55:49+00:00","og_image":[{"width":1024,"height":682,"url":"https:\/\/www.mundoagropecuario.cl\/new\/wp-content\/uploads\/2019\/09\/Praderas3.jpg","type":"image\/jpeg"}],"author":"mundo","twitter_card":"summary_large_image","twitter_creator":"@MundoAgropecuar","twitter_site":"@MundoAgropecuar","twitter_misc":{"Escrito por":"mundo","Tiempo de lectura":"4 minutos"},"schema":{"@context":"https:\/\/schema.org","@graph":[{"@type":"Article","@id":"https:\/\/www.mundoagropecuario.cl\/new\/buscan-reducir-el-impacto-climatico-en-las-praderas-de-osorno-y-llanquihue\/#article","isPartOf":{"@id":"https:\/\/www.mundoagropecuario.cl\/new\/buscan-reducir-el-impacto-climatico-en-las-praderas-de-osorno-y-llanquihue\/"},"author":{"name":"mundo","@id":"https:\/\/www.mundoagropecuario.cl\/new\/#\/schema\/person\/4e9f74a82a7dac260eb1c44b7eebeb18"},"headline":"Buscan reducir el impacto clim\u00e1tico en las praderas de Osorno y Llanquihue","datePublished":"2019-11-20T13:39:53+00:00","dateModified":"2019-11-21T14:55:49+00:00","mainEntityOfPage":{"@id":"https:\/\/www.mundoagropecuario.cl\/new\/buscan-reducir-el-impacto-climatico-en-las-praderas-de-osorno-y-llanquihue\/"},"wordCount":777,"publisher":{"@id":"https:\/\/www.mundoagropecuario.cl\/new\/#organization"},"image":{"@id":"https:\/\/www.mundoagropecuario.cl\/new\/buscan-reducir-el-impacto-climatico-en-las-praderas-de-osorno-y-llanquihue\/#primaryimage"},"thumbnailUrl":"https:\/\/www.mundoagropecuario.cl\/new\/wp-content\/uploads\/2019\/09\/Praderas3.jpg","keywords":["Agricultura","Agro","Cambio clim\u00e1tico","pradreras"],"articleSection":["Agricultura"],"inLanguage":"es"},{"@type":"WebPage","@id":"https:\/\/www.mundoagropecuario.cl\/new\/buscan-reducir-el-impacto-climatico-en-las-praderas-de-osorno-y-llanquihue\/","url":"https:\/\/www.mundoagropecuario.cl\/new\/buscan-reducir-el-impacto-climatico-en-las-praderas-de-osorno-y-llanquihue\/","name":"Buscan reducir el impacto clim\u00e1tico en las praderas de Osorno y Llanquihue - Mundoagropecuario","isPartOf":{"@id":"https:\/\/www.mundoagropecuario.cl\/new\/#website"},"primaryImageOfPage":{"@id":"https:\/\/www.mundoagropecuario.cl\/new\/buscan-reducir-el-impacto-climatico-en-las-praderas-de-osorno-y-llanquihue\/#primaryimage"},"image":{"@id":"https:\/\/www.mundoagropecuario.cl\/new\/buscan-reducir-el-impacto-climatico-en-las-praderas-de-osorno-y-llanquihue\/#primaryimage"},"thumbnailUrl":"https:\/\/www.mundoagropecuario.cl\/new\/wp-content\/uploads\/2019\/09\/Praderas3.jpg","datePublished":"2019-11-20T13:39:53+00:00","dateModified":"2019-11-21T14:55:49+00:00","breadcrumb":{"@id":"https:\/\/www.mundoagropecuario.cl\/new\/buscan-reducir-el-impacto-climatico-en-las-praderas-de-osorno-y-llanquihue\/#breadcrumb"},"inLanguage":"es","potentialAction":[{"@type":"ReadAction","target":["https:\/\/www.mundoagropecuario.cl\/new\/buscan-reducir-el-impacto-climatico-en-las-praderas-de-osorno-y-llanquihue\/"]}]},{"@type":"ImageObject","inLanguage":"es","@id":"https:\/\/www.mundoagropecuario.cl\/new\/buscan-reducir-el-impacto-climatico-en-las-praderas-de-osorno-y-llanquihue\/#primaryimage","url":"https:\/\/www.mundoagropecuario.cl\/new\/wp-content\/uploads\/2019\/09\/Praderas3.jpg","contentUrl":"https:\/\/www.mundoagropecuario.cl\/new\/wp-content\/uploads\/2019\/09\/Praderas3.jpg","width":601,"height":400},{"@type":"BreadcrumbList","@id":"https:\/\/www.mundoagropecuario.cl\/new\/buscan-reducir-el-impacto-climatico-en-las-praderas-de-osorno-y-llanquihue\/#breadcrumb","itemListElement":[{"@type":"ListItem","position":1,"name":"Portada","item":"https:\/\/www.mundoagropecuario.cl\/new\/"},{"@type":"ListItem","position":2,"name":"Buscan reducir el impacto clim\u00e1tico en las praderas de Osorno y Llanquihue"}]},{"@type":"WebSite","@id":"https:\/\/www.mundoagropecuario.cl\/new\/#website","url":"https:\/\/www.mundoagropecuario.cl\/new\/","name":"Mundoagropecuario","description":"Mundo Agropecuario","publisher":{"@id":"https:\/\/www.mundoagropecuario.cl\/new\/#organization"},"potentialAction":[{"@type":"SearchAction","target":{"@type":"EntryPoint","urlTemplate":"https:\/\/www.mundoagropecuario.cl\/new\/?s={search_term_string}"},"query-input":{"@type":"PropertyValueSpecification","valueRequired":true,"valueName":"search_term_string"}}],"inLanguage":"es"},{"@type":"Organization","@id":"https:\/\/www.mundoagropecuario.cl\/new\/#organization","name":"Revista de Agricultura","url":"https:\/\/www.mundoagropecuario.cl\/new\/","logo":{"@type":"ImageObject","inLanguage":"es","@id":"https:\/\/www.mundoagropecuario.cl\/new\/#\/schema\/logo\/image\/","url":"https:\/\/www.mundoagropecuario.cl\/new\/wp-content\/uploads\/2020\/11\/PORTAL-1-1.png","contentUrl":"https:\/\/www.mundoagropecuario.cl\/new\/wp-content\/uploads\/2020\/11\/PORTAL-1-1.png","width":1026,"height":100,"caption":"Revista de Agricultura"},"image":{"@id":"https:\/\/www.mundoagropecuario.cl\/new\/#\/schema\/logo\/image\/"},"sameAs":["https:\/\/www.facebook.com\/mundo.agropecuario.3","https:\/\/x.com\/MundoAgropecuar","https:\/\/www.linkedin.com\/in\/mundo-agropecuario-934009201\/"]},{"@type":"Person","@id":"https:\/\/www.mundoagropecuario.cl\/new\/#\/schema\/person\/4e9f74a82a7dac260eb1c44b7eebeb18","name":"mundo","url":"https:\/\/www.mundoagropecuario.cl\/new\/author\/mundo\/"}]}},"_links":{"self":[{"href":"https:\/\/www.mundoagropecuario.cl\/new\/wp-json\/wp\/v2\/posts\/14785","targetHints":{"allow":["GET"]}}],"collection":[{"href":"https:\/\/www.mundoagropecuario.cl\/new\/wp-json\/wp\/v2\/posts"}],"about":[{"href":"https:\/\/www.mundoagropecuario.cl\/new\/wp-json\/wp\/v2\/types\/post"}],"author":[{"embeddable":true,"href":"https:\/\/www.mundoagropecuario.cl\/new\/wp-json\/wp\/v2\/users\/2"}],"replies":[{"embeddable":true,"href":"https:\/\/www.mundoagropecuario.cl\/new\/wp-json\/wp\/v2\/comments?post=14785"}],"version-history":[{"count":2,"href":"https:\/\/www.mundoagropecuario.cl\/new\/wp-json\/wp\/v2\/posts\/14785\/revisions"}],"predecessor-version":[{"id":14828,"href":"https:\/\/www.mundoagropecuario.cl\/new\/wp-json\/wp\/v2\/posts\/14785\/revisions\/14828"}],"wp:featuredmedia":[{"embeddable":true,"href":"https:\/\/www.mundoagropecuario.cl\/new\/wp-json\/wp\/v2\/media\/14109"}],"wp:attachment":[{"href":"https:\/\/www.mundoagropecuario.cl\/new\/wp-json\/wp\/v2\/media?parent=14785"}],"wp:term":[{"taxonomy":"category","embeddable":true,"href":"https:\/\/www.mundoagropecuario.cl\/new\/wp-json\/wp\/v2\/categories?post=14785"},{"taxonomy":"post_tag","embeddable":true,"href":"https:\/\/www.mundoagropecuario.cl\/new\/wp-json\/wp\/v2\/tags?post=14785"}],"curies":[{"name":"wp","href":"https:\/\/api.w.org\/{rel}","templated":true}]}}