{"id":14780,"date":"2019-11-20T10:22:18","date_gmt":"2019-11-20T13:22:18","guid":{"rendered":"http:\/\/www.mundoagropecuario.cl\/new\/?p=14780"},"modified":"2019-11-21T11:55:29","modified_gmt":"2019-11-21T14:55:29","slug":"ministro-ante-incendios-forestales-estamos-con-alerta-roja-y-apunto-a-la-intencionalidad","status":"publish","type":"post","link":"https:\/\/www.mundoagropecuario.cl\/new\/ministro-ante-incendios-forestales-estamos-con-alerta-roja-y-apunto-a-la-intencionalidad\/","title":{"rendered":"Ministro ante incendios forestales: &#8220;estamos con alerta roja y apunt\u00f3 a la intencionalidad&#8221;"},"content":{"rendered":"\n<ul class=\"wp-block-gallery columns-0 is-cropped wp-block-gallery-1 is-layout-flex wp-block-gallery-is-layout-flex\"><\/ul>\n\n\n\n<p><\/p>\n\n\n\n<p class=\"has-medium-font-size\"><em>Ministro de Agricultura indic\u00f3 que Presidente de la Rep\u00fablica autoriz\u00f3 nuevos recursos econ\u00f3micos y se\u00f1al\u00f3, adem\u00e1s, que se est\u00e1 estudiando la posibilidad de contratar un cuarto helic\u00f3ptero pesado Chinook (Mundo agropecuario).<\/em><\/p>\n\n\n\n<p>El Ministro de Agricultura, Antonio Walker se refiri\u00f3 a la situaci\u00f3n de incendios forestales en la Regi\u00f3n de Valpara\u00edso, la que permanece con alerta roja y apunt\u00f3 a la intencionalidad. \u201cSe han encontrado bidones con bencina y parafina y por la forma en que han ido surgiendo los incendios de manera simult\u00e1nea, no queda m\u00e1s que pensar en la intencionalidad. El ministerio y las 10 instituciones que conforman la mesa de trabajo para enfrentar estos siniestros est\u00e1bamos todos preparados para una temporada dif\u00edcil, pero no ten\u00edamos considerado el nivel de intencionalidad. Las penas por intencionalidad llegan hasta 20 a\u00f1os de c\u00e1rcel y estamos viendo incrementar las multas. Con CONAF, PDI y Carabineros entregaremos todos los antecedentes que tengamos al Ministerio P\u00fablico para perseguir a los responsables\u201d, expres\u00f3.<\/p>\n\n\n\n<p>Adem\u00e1s, las autoridades destacaron el aumento del presupuesto de CONAF para incendios forestales de $2.800 millones aprobado por el Presidente de la Rep\u00fablica y la posibilidad de contratar un cuarto helic\u00f3ptero pesado Chinook fueron los anuncios dados a conocer hoy por el Ministro de Agricultura, Antonio Walker, durante un balance sobre las emergencias acaecidas durante los \u00faltimos cuatros d\u00edas en la Regi\u00f3n de Valpara\u00edso.<\/p>\n\n\n\n<figure class=\"wp-block-image\"><img loading=\"lazy\" decoding=\"async\" width=\"1024\" height=\"682\" src=\"https:\/\/www.mundoagropecuario.cl\/new\/wp-content\/uploads\/2019\/11\/Incendios-forestales-3-1024x682.jpeg\" alt=\"\" class=\"wp-image-14782\" srcset=\"https:\/\/www.mundoagropecuario.cl\/new\/wp-content\/uploads\/2019\/11\/Incendios-forestales-3-1024x682.jpeg 1024w, https:\/\/www.mundoagropecuario.cl\/new\/wp-content\/uploads\/2019\/11\/Incendios-forestales-3-586x391.jpeg 586w, https:\/\/www.mundoagropecuario.cl\/new\/wp-content\/uploads\/2019\/11\/Incendios-forestales-3-768x512.jpeg 768w, https:\/\/www.mundoagropecuario.cl\/new\/wp-content\/uploads\/2019\/11\/Incendios-forestales-3.jpeg 601w\" sizes=\"auto, (max-width: 1024px) 100vw, 1024px\" \/><\/figure>\n\n\n\n<p>En compa\u00f1\u00eda del Director Ejecutivo de CONAF, Jos\u00e9 Manuel Rebolledo, y el Gerente de Protecci\u00f3n contra Incendios Forestales, Osvaldo Vera, el Secretario de Estado coment\u00f3 que \u201cCONAF ha hecho un estudio de todas las aeronaves disponibles en el mercado, por lo que estamos preparados para -en caso necesario- contratar de inmediato m\u00e1s helic\u00f3pteros o aviones. Estamos analizando la posibilidad de sumar un cuarto o un quinto Chinook, ya que hemos visto su efectividad en los cerros y quebradas. Este helic\u00f3ptero tiene una capacidad de lanzamiento de 10 mil litros de agua\u201d.<\/p>\n\n\n\n<p>&nbsp;El Ministro Walker indic\u00f3 tambi\u00e9n que \u201cel Presidente Sebasti\u00e1n Pi\u00f1era, adelant\u00e1ndose a la complejidad de las temporadas, producto de los efectos del cambio clim\u00e1tico, aprob\u00f3 un presupuesto extra a CONAF de $ 2.800 millones para orientarlo a la prevenci\u00f3n de incendios forestales. Es as\u00ed como a partir de este a\u00f1o tendremos a brigadistas todo el a\u00f1o y no s\u00f3lo por un per\u00edodo, a fin de realizar cortafuegos, para trabajar con las comunidades y desarrollar todo tipo de actividades tendientes de la prevenci\u00f3n durante la \u00e9poca de invierno\u201d.<\/p>\n\n\n\n<p>&nbsp;CONAF dispone para la temporada 2019-2020 de incendios forestales de un presupuesto de $ 57.800 millones, 55 aeronaves (entre ellas, tres helic\u00f3pteros estadounidenses Chinook) y 2.515 brigadistas.<\/p>\n\n\n\n<p>&nbsp;La autoridad de Gobierno explic\u00f3 que a la fecha se han registrado a nivel nacional 989 incendios forestales, 101% m\u00e1s que la temporada pasada (491), mientras que la superficie afectada asciende a 6.657 hect\u00e1reas, 304% m\u00e1s que el per\u00edodo anterior (1.646 ha).<\/p>\n\n\n\n<p>&nbsp;Walker, ante el complejo panorama, hizo un llamado a la poblaci\u00f3n \u201ca denunciar al fono 130 de CONAF a toda persona que est\u00e9 iniciando un incendio o en caso de avistar un humo. Mientras m\u00e1s pronto lleguemos al lugar del fuego, m\u00e1s posibilidades tenemos de controlarlo en un corto tiempo. En esto todos debemos colaborar. Por eso que llamo a no hacer uso del fuego en zonas de vegetaci\u00f3n. Hay que evitarlo, ya que hay mucho combustible seco, altas temperaturas, poca humedad y fuertes viento, escenario propicio para los incendios\u201d.<\/p>\n\n\n\n<figure class=\"wp-block-image\"><img loading=\"lazy\" decoding=\"async\" width=\"1024\" height=\"682\" src=\"https:\/\/www.mundoagropecuario.cl\/new\/wp-content\/uploads\/2019\/11\/Incendios-forestales-1-1024x682.jpeg\" alt=\"\" class=\"wp-image-14781\" srcset=\"https:\/\/www.mundoagropecuario.cl\/new\/wp-content\/uploads\/2019\/11\/Incendios-forestales-1-1024x682.jpeg 1024w, https:\/\/www.mundoagropecuario.cl\/new\/wp-content\/uploads\/2019\/11\/Incendios-forestales-1-586x391.jpeg 586w, https:\/\/www.mundoagropecuario.cl\/new\/wp-content\/uploads\/2019\/11\/Incendios-forestales-1-768x512.jpeg 768w, https:\/\/www.mundoagropecuario.cl\/new\/wp-content\/uploads\/2019\/11\/Incendios-forestales-1.jpeg 601w\" sizes=\"auto, (max-width: 1024px) 100vw, 1024px\" \/><\/figure>\n\n\n\n<p>El Ministro de Agricultura inform\u00f3, adem\u00e1s, que Chile se adjudic\u00f3 a trav\u00e9s del Fondo Verde la suma de US$ 63 millones, \u201clos que estar\u00e1n destinados a la restauraci\u00f3n y reforestaci\u00f3n de la superficie afectada por los incendios, principalmente de peque\u00f1os y medianos propietarios forestales, con el objetivo de recuperar nuestros bosques quemados. Es una gran noticia\u201d.<\/p>\n\n\n\n<p>Por su parte, el Director Ejecutivo de CONAF, Jos\u00e9 Manuel Rebolledo, afirm\u00f3 que \u201cestamos adelantando el ingreso de recursos tanto de brigadas como de aeronaves para el combate de los incendios. Las condiciones que hoy estamos viviendo las ten\u00edamos planificadas para diciembre, por lo que decidimos incorporar anticipadamente los recursos\u201d.<\/p>\n\n\n\n<p>El directivo puso \u00e9nfasis igualmente en la intencionalidad de los incendios de la Regi\u00f3n de Valpara\u00edso, donde a la fecha se registran 176 siniestros, 52% m\u00e1s que la temporada pasada (116) y 4.784 hect\u00e1reas afectadas, 1.635% m\u00e1s que el per\u00edodo anterior (275 hect\u00e1reas).<\/p>\n\n\n\n<p>Rebolledo sostuvo, finalmente, que \u201ccon el sector privado estamos trabajando fuertemente en la prevenci\u00f3n y con las comunidades. Hemos construido en conjunto m\u00e1s de 3.000 kms. de cortafuegos, gran parte en la Regi\u00f3n de Valpara\u00edso, pero pese a ello el n\u00famero de incendios ha subido. Todo indica que son intencionales, por lo que insto a la poblaci\u00f3n a denunciar a quien provoque un incendio\u201d.<\/p>\n","protected":false},"excerpt":{"rendered":"<p>Ministro de Agricultura indic\u00f3 que Presidente de la Rep\u00fablica autoriz\u00f3 nuevos recursos econ\u00f3micos y se\u00f1al\u00f3, adem\u00e1s, que se est\u00e1 estudiando la posibilidad de contratar un cuarto helic\u00f3ptero pesado Chinook (Mundo&#8230;<\/p>\n","protected":false},"author":2,"featured_media":14783,"comment_status":"closed","ping_status":"closed","sticky":false,"template":"","format":"standard","meta":{"footnotes":""},"categories":[1949],"tags":[2090,3127,2663,2293],"class_list":["post-14780","post","type-post","status-publish","format-standard","has-post-thumbnail","hentry","category-forestal","tag-agricultura","tag-agro","tag-incendios-forestales","tag-ministro-de-agricultura"],"yoast_head":"<!-- This site is optimized with the Yoast SEO plugin v26.6 - https:\/\/yoast.com\/wordpress\/plugins\/seo\/ -->\n<title>Ministro ante incendios forestales: &quot;estamos con alerta roja y apunt\u00f3 a la intencionalidad&quot; - Mundoagropecuario<\/title>\n<meta name=\"robots\" content=\"index, follow, max-snippet:-1, max-image-preview:large, max-video-preview:-1\" \/>\n<link rel=\"canonical\" href=\"https:\/\/www.mundoagropecuario.cl\/new\/ministro-ante-incendios-forestales-estamos-con-alerta-roja-y-apunto-a-la-intencionalidad\/\" \/>\n<meta property=\"og:locale\" content=\"es_ES\" \/>\n<meta property=\"og:type\" content=\"article\" \/>\n<meta property=\"og:title\" content=\"Ministro ante incendios forestales: &quot;estamos con alerta roja y apunt\u00f3 a la intencionalidad&quot; - Mundoagropecuario\" \/>\n<meta property=\"og:description\" content=\"Ministro de Agricultura indic\u00f3 que Presidente de la Rep\u00fablica autoriz\u00f3 nuevos recursos econ\u00f3micos y se\u00f1al\u00f3, adem\u00e1s, que se est\u00e1 estudiando la posibilidad de contratar un cuarto helic\u00f3ptero pesado Chinook (Mundo...\" \/>\n<meta property=\"og:url\" content=\"https:\/\/www.mundoagropecuario.cl\/new\/ministro-ante-incendios-forestales-estamos-con-alerta-roja-y-apunto-a-la-intencionalidad\/\" \/>\n<meta property=\"og:site_name\" content=\"Mundoagropecuario\" \/>\n<meta property=\"article:publisher\" content=\"https:\/\/www.facebook.com\/mundo.agropecuario.3\" \/>\n<meta property=\"article:published_time\" content=\"2019-11-20T13:22:18+00:00\" \/>\n<meta property=\"article:modified_time\" content=\"2019-11-21T14:55:29+00:00\" \/>\n<meta property=\"og:image\" content=\"https:\/\/www.mundoagropecuario.cl\/new\/wp-content\/uploads\/2019\/11\/Incendios-forestales-4.jpeg\" \/>\n\t<meta property=\"og:image:width\" content=\"1024\" \/>\n\t<meta property=\"og:image:height\" content=\"682\" \/>\n\t<meta property=\"og:image:type\" content=\"image\/jpeg\" \/>\n<meta name=\"author\" content=\"mundo\" \/>\n<meta name=\"twitter:card\" content=\"summary_large_image\" \/>\n<meta name=\"twitter:creator\" content=\"@MundoAgropecuar\" \/>\n<meta name=\"twitter:site\" content=\"@MundoAgropecuar\" \/>\n<meta name=\"twitter:label1\" content=\"Escrito por\" \/>\n\t<meta name=\"twitter:data1\" content=\"mundo\" \/>\n\t<meta name=\"twitter:label2\" content=\"Tiempo de lectura\" \/>\n\t<meta name=\"twitter:data2\" content=\"4 minutos\" \/>\n<script type=\"application\/ld+json\" class=\"yoast-schema-graph\">{\"@context\":\"https:\/\/schema.org\",\"@graph\":[{\"@type\":\"Article\",\"@id\":\"https:\/\/www.mundoagropecuario.cl\/new\/ministro-ante-incendios-forestales-estamos-con-alerta-roja-y-apunto-a-la-intencionalidad\/#article\",\"isPartOf\":{\"@id\":\"https:\/\/www.mundoagropecuario.cl\/new\/ministro-ante-incendios-forestales-estamos-con-alerta-roja-y-apunto-a-la-intencionalidad\/\"},\"author\":{\"name\":\"mundo\",\"@id\":\"https:\/\/www.mundoagropecuario.cl\/new\/#\/schema\/person\/4e9f74a82a7dac260eb1c44b7eebeb18\"},\"headline\":\"Ministro ante incendios forestales: &#8220;estamos con alerta roja y apunt\u00f3 a la intencionalidad&#8221;\",\"datePublished\":\"2019-11-20T13:22:18+00:00\",\"dateModified\":\"2019-11-21T14:55:29+00:00\",\"mainEntityOfPage\":{\"@id\":\"https:\/\/www.mundoagropecuario.cl\/new\/ministro-ante-incendios-forestales-estamos-con-alerta-roja-y-apunto-a-la-intencionalidad\/\"},\"wordCount\":831,\"publisher\":{\"@id\":\"https:\/\/www.mundoagropecuario.cl\/new\/#organization\"},\"image\":{\"@id\":\"https:\/\/www.mundoagropecuario.cl\/new\/ministro-ante-incendios-forestales-estamos-con-alerta-roja-y-apunto-a-la-intencionalidad\/#primaryimage\"},\"thumbnailUrl\":\"https:\/\/www.mundoagropecuario.cl\/new\/wp-content\/uploads\/2019\/11\/Incendios-forestales-4.jpeg\",\"keywords\":[\"Agricultura\",\"Agro\",\"incendios forestales\",\"Ministro de Agricultura\"],\"articleSection\":[\"Forestal\"],\"inLanguage\":\"es\"},{\"@type\":\"WebPage\",\"@id\":\"https:\/\/www.mundoagropecuario.cl\/new\/ministro-ante-incendios-forestales-estamos-con-alerta-roja-y-apunto-a-la-intencionalidad\/\",\"url\":\"https:\/\/www.mundoagropecuario.cl\/new\/ministro-ante-incendios-forestales-estamos-con-alerta-roja-y-apunto-a-la-intencionalidad\/\",\"name\":\"Ministro ante incendios forestales: \\\"estamos con alerta roja y apunt\u00f3 a la intencionalidad\\\" - Mundoagropecuario\",\"isPartOf\":{\"@id\":\"https:\/\/www.mundoagropecuario.cl\/new\/#website\"},\"primaryImageOfPage\":{\"@id\":\"https:\/\/www.mundoagropecuario.cl\/new\/ministro-ante-incendios-forestales-estamos-con-alerta-roja-y-apunto-a-la-intencionalidad\/#primaryimage\"},\"image\":{\"@id\":\"https:\/\/www.mundoagropecuario.cl\/new\/ministro-ante-incendios-forestales-estamos-con-alerta-roja-y-apunto-a-la-intencionalidad\/#primaryimage\"},\"thumbnailUrl\":\"https:\/\/www.mundoagropecuario.cl\/new\/wp-content\/uploads\/2019\/11\/Incendios-forestales-4.jpeg\",\"datePublished\":\"2019-11-20T13:22:18+00:00\",\"dateModified\":\"2019-11-21T14:55:29+00:00\",\"breadcrumb\":{\"@id\":\"https:\/\/www.mundoagropecuario.cl\/new\/ministro-ante-incendios-forestales-estamos-con-alerta-roja-y-apunto-a-la-intencionalidad\/#breadcrumb\"},\"inLanguage\":\"es\",\"potentialAction\":[{\"@type\":\"ReadAction\",\"target\":[\"https:\/\/www.mundoagropecuario.cl\/new\/ministro-ante-incendios-forestales-estamos-con-alerta-roja-y-apunto-a-la-intencionalidad\/\"]}]},{\"@type\":\"ImageObject\",\"inLanguage\":\"es\",\"@id\":\"https:\/\/www.mundoagropecuario.cl\/new\/ministro-ante-incendios-forestales-estamos-con-alerta-roja-y-apunto-a-la-intencionalidad\/#primaryimage\",\"url\":\"https:\/\/www.mundoagropecuario.cl\/new\/wp-content\/uploads\/2019\/11\/Incendios-forestales-4.jpeg\",\"contentUrl\":\"https:\/\/www.mundoagropecuario.cl\/new\/wp-content\/uploads\/2019\/11\/Incendios-forestales-4.jpeg\",\"width\":601,\"height\":400},{\"@type\":\"BreadcrumbList\",\"@id\":\"https:\/\/www.mundoagropecuario.cl\/new\/ministro-ante-incendios-forestales-estamos-con-alerta-roja-y-apunto-a-la-intencionalidad\/#breadcrumb\",\"itemListElement\":[{\"@type\":\"ListItem\",\"position\":1,\"name\":\"Portada\",\"item\":\"https:\/\/www.mundoagropecuario.cl\/new\/\"},{\"@type\":\"ListItem\",\"position\":2,\"name\":\"Ministro ante incendios forestales: &#8220;estamos con alerta roja y apunt\u00f3 a la intencionalidad&#8221;\"}]},{\"@type\":\"WebSite\",\"@id\":\"https:\/\/www.mundoagropecuario.cl\/new\/#website\",\"url\":\"https:\/\/www.mundoagropecuario.cl\/new\/\",\"name\":\"Mundoagropecuario\",\"description\":\"Mundo Agropecuario\",\"publisher\":{\"@id\":\"https:\/\/www.mundoagropecuario.cl\/new\/#organization\"},\"potentialAction\":[{\"@type\":\"SearchAction\",\"target\":{\"@type\":\"EntryPoint\",\"urlTemplate\":\"https:\/\/www.mundoagropecuario.cl\/new\/?s={search_term_string}\"},\"query-input\":{\"@type\":\"PropertyValueSpecification\",\"valueRequired\":true,\"valueName\":\"search_term_string\"}}],\"inLanguage\":\"es\"},{\"@type\":\"Organization\",\"@id\":\"https:\/\/www.mundoagropecuario.cl\/new\/#organization\",\"name\":\"Revista de Agricultura\",\"url\":\"https:\/\/www.mundoagropecuario.cl\/new\/\",\"logo\":{\"@type\":\"ImageObject\",\"inLanguage\":\"es\",\"@id\":\"https:\/\/www.mundoagropecuario.cl\/new\/#\/schema\/logo\/image\/\",\"url\":\"https:\/\/www.mundoagropecuario.cl\/new\/wp-content\/uploads\/2020\/11\/PORTAL-1-1.png\",\"contentUrl\":\"https:\/\/www.mundoagropecuario.cl\/new\/wp-content\/uploads\/2020\/11\/PORTAL-1-1.png\",\"width\":1026,\"height\":100,\"caption\":\"Revista de Agricultura\"},\"image\":{\"@id\":\"https:\/\/www.mundoagropecuario.cl\/new\/#\/schema\/logo\/image\/\"},\"sameAs\":[\"https:\/\/www.facebook.com\/mundo.agropecuario.3\",\"https:\/\/x.com\/MundoAgropecuar\",\"https:\/\/www.linkedin.com\/in\/mundo-agropecuario-934009201\/\"]},{\"@type\":\"Person\",\"@id\":\"https:\/\/www.mundoagropecuario.cl\/new\/#\/schema\/person\/4e9f74a82a7dac260eb1c44b7eebeb18\",\"name\":\"mundo\",\"url\":\"https:\/\/www.mundoagropecuario.cl\/new\/author\/mundo\/\"}]}<\/script>\n<!-- \/ Yoast SEO plugin. -->","yoast_head_json":{"title":"Ministro ante incendios forestales: \"estamos con alerta roja y apunt\u00f3 a la intencionalidad\" - Mundoagropecuario","robots":{"index":"index","follow":"follow","max-snippet":"max-snippet:-1","max-image-preview":"max-image-preview:large","max-video-preview":"max-video-preview:-1"},"canonical":"https:\/\/www.mundoagropecuario.cl\/new\/ministro-ante-incendios-forestales-estamos-con-alerta-roja-y-apunto-a-la-intencionalidad\/","og_locale":"es_ES","og_type":"article","og_title":"Ministro ante incendios forestales: \"estamos con alerta roja y apunt\u00f3 a la intencionalidad\" - Mundoagropecuario","og_description":"Ministro de Agricultura indic\u00f3 que Presidente de la Rep\u00fablica autoriz\u00f3 nuevos recursos econ\u00f3micos y se\u00f1al\u00f3, adem\u00e1s, que se est\u00e1 estudiando la posibilidad de contratar un cuarto helic\u00f3ptero pesado Chinook (Mundo...","og_url":"https:\/\/www.mundoagropecuario.cl\/new\/ministro-ante-incendios-forestales-estamos-con-alerta-roja-y-apunto-a-la-intencionalidad\/","og_site_name":"Mundoagropecuario","article_publisher":"https:\/\/www.facebook.com\/mundo.agropecuario.3","article_published_time":"2019-11-20T13:22:18+00:00","article_modified_time":"2019-11-21T14:55:29+00:00","og_image":[{"width":1024,"height":682,"url":"https:\/\/www.mundoagropecuario.cl\/new\/wp-content\/uploads\/2019\/11\/Incendios-forestales-4.jpeg","type":"image\/jpeg"}],"author":"mundo","twitter_card":"summary_large_image","twitter_creator":"@MundoAgropecuar","twitter_site":"@MundoAgropecuar","twitter_misc":{"Escrito por":"mundo","Tiempo de lectura":"4 minutos"},"schema":{"@context":"https:\/\/schema.org","@graph":[{"@type":"Article","@id":"https:\/\/www.mundoagropecuario.cl\/new\/ministro-ante-incendios-forestales-estamos-con-alerta-roja-y-apunto-a-la-intencionalidad\/#article","isPartOf":{"@id":"https:\/\/www.mundoagropecuario.cl\/new\/ministro-ante-incendios-forestales-estamos-con-alerta-roja-y-apunto-a-la-intencionalidad\/"},"author":{"name":"mundo","@id":"https:\/\/www.mundoagropecuario.cl\/new\/#\/schema\/person\/4e9f74a82a7dac260eb1c44b7eebeb18"},"headline":"Ministro ante incendios forestales: &#8220;estamos con alerta roja y apunt\u00f3 a la intencionalidad&#8221;","datePublished":"2019-11-20T13:22:18+00:00","dateModified":"2019-11-21T14:55:29+00:00","mainEntityOfPage":{"@id":"https:\/\/www.mundoagropecuario.cl\/new\/ministro-ante-incendios-forestales-estamos-con-alerta-roja-y-apunto-a-la-intencionalidad\/"},"wordCount":831,"publisher":{"@id":"https:\/\/www.mundoagropecuario.cl\/new\/#organization"},"image":{"@id":"https:\/\/www.mundoagropecuario.cl\/new\/ministro-ante-incendios-forestales-estamos-con-alerta-roja-y-apunto-a-la-intencionalidad\/#primaryimage"},"thumbnailUrl":"https:\/\/www.mundoagropecuario.cl\/new\/wp-content\/uploads\/2019\/11\/Incendios-forestales-4.jpeg","keywords":["Agricultura","Agro","incendios forestales","Ministro de Agricultura"],"articleSection":["Forestal"],"inLanguage":"es"},{"@type":"WebPage","@id":"https:\/\/www.mundoagropecuario.cl\/new\/ministro-ante-incendios-forestales-estamos-con-alerta-roja-y-apunto-a-la-intencionalidad\/","url":"https:\/\/www.mundoagropecuario.cl\/new\/ministro-ante-incendios-forestales-estamos-con-alerta-roja-y-apunto-a-la-intencionalidad\/","name":"Ministro ante incendios forestales: \"estamos con alerta roja y apunt\u00f3 a la intencionalidad\" - Mundoagropecuario","isPartOf":{"@id":"https:\/\/www.mundoagropecuario.cl\/new\/#website"},"primaryImageOfPage":{"@id":"https:\/\/www.mundoagropecuario.cl\/new\/ministro-ante-incendios-forestales-estamos-con-alerta-roja-y-apunto-a-la-intencionalidad\/#primaryimage"},"image":{"@id":"https:\/\/www.mundoagropecuario.cl\/new\/ministro-ante-incendios-forestales-estamos-con-alerta-roja-y-apunto-a-la-intencionalidad\/#primaryimage"},"thumbnailUrl":"https:\/\/www.mundoagropecuario.cl\/new\/wp-content\/uploads\/2019\/11\/Incendios-forestales-4.jpeg","datePublished":"2019-11-20T13:22:18+00:00","dateModified":"2019-11-21T14:55:29+00:00","breadcrumb":{"@id":"https:\/\/www.mundoagropecuario.cl\/new\/ministro-ante-incendios-forestales-estamos-con-alerta-roja-y-apunto-a-la-intencionalidad\/#breadcrumb"},"inLanguage":"es","potentialAction":[{"@type":"ReadAction","target":["https:\/\/www.mundoagropecuario.cl\/new\/ministro-ante-incendios-forestales-estamos-con-alerta-roja-y-apunto-a-la-intencionalidad\/"]}]},{"@type":"ImageObject","inLanguage":"es","@id":"https:\/\/www.mundoagropecuario.cl\/new\/ministro-ante-incendios-forestales-estamos-con-alerta-roja-y-apunto-a-la-intencionalidad\/#primaryimage","url":"https:\/\/www.mundoagropecuario.cl\/new\/wp-content\/uploads\/2019\/11\/Incendios-forestales-4.jpeg","contentUrl":"https:\/\/www.mundoagropecuario.cl\/new\/wp-content\/uploads\/2019\/11\/Incendios-forestales-4.jpeg","width":601,"height":400},{"@type":"BreadcrumbList","@id":"https:\/\/www.mundoagropecuario.cl\/new\/ministro-ante-incendios-forestales-estamos-con-alerta-roja-y-apunto-a-la-intencionalidad\/#breadcrumb","itemListElement":[{"@type":"ListItem","position":1,"name":"Portada","item":"https:\/\/www.mundoagropecuario.cl\/new\/"},{"@type":"ListItem","position":2,"name":"Ministro ante incendios forestales: &#8220;estamos con alerta roja y apunt\u00f3 a la intencionalidad&#8221;"}]},{"@type":"WebSite","@id":"https:\/\/www.mundoagropecuario.cl\/new\/#website","url":"https:\/\/www.mundoagropecuario.cl\/new\/","name":"Mundoagropecuario","description":"Mundo Agropecuario","publisher":{"@id":"https:\/\/www.mundoagropecuario.cl\/new\/#organization"},"potentialAction":[{"@type":"SearchAction","target":{"@type":"EntryPoint","urlTemplate":"https:\/\/www.mundoagropecuario.cl\/new\/?s={search_term_string}"},"query-input":{"@type":"PropertyValueSpecification","valueRequired":true,"valueName":"search_term_string"}}],"inLanguage":"es"},{"@type":"Organization","@id":"https:\/\/www.mundoagropecuario.cl\/new\/#organization","name":"Revista de Agricultura","url":"https:\/\/www.mundoagropecuario.cl\/new\/","logo":{"@type":"ImageObject","inLanguage":"es","@id":"https:\/\/www.mundoagropecuario.cl\/new\/#\/schema\/logo\/image\/","url":"https:\/\/www.mundoagropecuario.cl\/new\/wp-content\/uploads\/2020\/11\/PORTAL-1-1.png","contentUrl":"https:\/\/www.mundoagropecuario.cl\/new\/wp-content\/uploads\/2020\/11\/PORTAL-1-1.png","width":1026,"height":100,"caption":"Revista de Agricultura"},"image":{"@id":"https:\/\/www.mundoagropecuario.cl\/new\/#\/schema\/logo\/image\/"},"sameAs":["https:\/\/www.facebook.com\/mundo.agropecuario.3","https:\/\/x.com\/MundoAgropecuar","https:\/\/www.linkedin.com\/in\/mundo-agropecuario-934009201\/"]},{"@type":"Person","@id":"https:\/\/www.mundoagropecuario.cl\/new\/#\/schema\/person\/4e9f74a82a7dac260eb1c44b7eebeb18","name":"mundo","url":"https:\/\/www.mundoagropecuario.cl\/new\/author\/mundo\/"}]}},"_links":{"self":[{"href":"https:\/\/www.mundoagropecuario.cl\/new\/wp-json\/wp\/v2\/posts\/14780","targetHints":{"allow":["GET"]}}],"collection":[{"href":"https:\/\/www.mundoagropecuario.cl\/new\/wp-json\/wp\/v2\/posts"}],"about":[{"href":"https:\/\/www.mundoagropecuario.cl\/new\/wp-json\/wp\/v2\/types\/post"}],"author":[{"embeddable":true,"href":"https:\/\/www.mundoagropecuario.cl\/new\/wp-json\/wp\/v2\/users\/2"}],"replies":[{"embeddable":true,"href":"https:\/\/www.mundoagropecuario.cl\/new\/wp-json\/wp\/v2\/comments?post=14780"}],"version-history":[{"count":1,"href":"https:\/\/www.mundoagropecuario.cl\/new\/wp-json\/wp\/v2\/posts\/14780\/revisions"}],"predecessor-version":[{"id":14784,"href":"https:\/\/www.mundoagropecuario.cl\/new\/wp-json\/wp\/v2\/posts\/14780\/revisions\/14784"}],"wp:featuredmedia":[{"embeddable":true,"href":"https:\/\/www.mundoagropecuario.cl\/new\/wp-json\/wp\/v2\/media\/14783"}],"wp:attachment":[{"href":"https:\/\/www.mundoagropecuario.cl\/new\/wp-json\/wp\/v2\/media?parent=14780"}],"wp:term":[{"taxonomy":"category","embeddable":true,"href":"https:\/\/www.mundoagropecuario.cl\/new\/wp-json\/wp\/v2\/categories?post=14780"},{"taxonomy":"post_tag","embeddable":true,"href":"https:\/\/www.mundoagropecuario.cl\/new\/wp-json\/wp\/v2\/tags?post=14780"}],"curies":[{"name":"wp","href":"https:\/\/api.w.org\/{rel}","templated":true}]}}