{"id":14760,"date":"2019-11-19T10:44:00","date_gmt":"2019-11-19T13:44:00","guid":{"rendered":"http:\/\/www.mundoagropecuario.cl\/new\/?p=14760"},"modified":"2019-11-20T11:51:31","modified_gmt":"2019-11-20T14:51:31","slug":"en-temuco-se-realizo-taller-para-determinar-los-lineamientos-de-la-politica-nacional-para-el-desarrollo-rural","status":"publish","type":"post","link":"https:\/\/www.mundoagropecuario.cl\/new\/en-temuco-se-realizo-taller-para-determinar-los-lineamientos-de-la-politica-nacional-para-el-desarrollo-rural\/","title":{"rendered":"En Temuco se realiz\u00f3 taller para determinar los lineamientos de la Pol\u00edtica Nacional para el Desarrollo Rural"},"content":{"rendered":"\n<ul class=\"wp-block-gallery columns-0 is-cropped wp-block-gallery-1 is-layout-flex wp-block-gallery-is-layout-flex\"><\/ul>\n\n\n\n<p class=\"has-medium-font-size\"><em>Seremi de Agricultura dijo que el desarrollo de La Araucan\u00eda se debe mirar desde una perspectiva intercultural, \u201cpor eso se debe conversar con todos los actores sociales, eso es lo que nos demanda la ciudadan\u00eda\u201d (Mundo Agropecuario). <\/em><\/p>\n\n\n\n<p>En el marco de la programaci\u00f3n de actividades de la Pol\u00edtica Nacional de Desarrollo Rural (PNDR), en Temuco se desarroll\u00f3 el taller: &#8220;Kit metodol\u00f3gico para incorporar la perspectiva y los lineamientos de la Pol\u00edtica Nacional de Desarrollo Rural en los instrumentos de planificaci\u00f3n, gesti\u00f3n y desarrollo territorial a nivel regional y comunal\u201d, actividad que es ejecutada por la Oficina de Estudios y Pol\u00edticas Agrarias, ODEPA, del Ministerio de Agricultura. A la iniciativa asistieron profesionales de distintos servicios p\u00fablicos regionales, adem\u00e1s de alcaldes y funcionarios municipales relacionados con el \u00e1rea.<\/p>\n\n\n\n<p>Sobre el taller, uno de los asistentes, el seremi de Agricultura, Ricardo Senn, dijo que \u201cse est\u00e1 trabajando en la ejecuci\u00f3n y planificaci\u00f3n de una Pol\u00edtica de Desarrollo Rural, pero que no solo tenga una mirada productiva, sino que adem\u00e1s sea una pol\u00edtica integral. Hoy d\u00eda la pobreza no s\u00f3lo se mide en t\u00e9rminos econ\u00f3micos, sino que, en una multiplicidad de dimensiones. Si bien es cierto el desarrollo productivo es importante, tenemos que integrar adem\u00e1s los distintos rubros, la educaci\u00f3n, la infraestructura, los caminos y adem\u00e1s los intereses culturales y el clima, entre otros. Entonces con esta mirada nos hemos reunidos con distintos profesionales, de municipios, de servicios y reparticiones p\u00fablicas, junto con alcaldes, para poder tener una visi\u00f3n integral de c\u00f3mo podemos empujar el desarrollo de los sectores rurales\u201d.<\/p>\n\n\n\n<p>La m\u00e1xima autoridad dela agro regional agreg\u00f3 que \u201cnosotros sabemos que se debe diversificar, debido a que el cambio clim\u00e1tico ofrece oportunidades, lo que significa invertir en frutales y riego, pero tambi\u00e9n sabemos que no pude haber una sola matriz de desarrollo para toda la Regi\u00f3n, debido a las culturas diferentes y a los climas diversos, por ejemplo, situaciones que hacen que se deba mirar interculturalmente el desarrollo de La Araucan\u00eda y por eso estamos conversando con todos los actores sociales ya que es eso lo que nos demanda la ciudadan\u00eda, nos pide que la inversi\u00f3n p\u00fablica debe ser mucho m\u00e1s consensuada con las personas y sus reales necesidades\u201d, finaliz\u00f3 el seremi de Agricultura Ricardo Senn.<\/p>\n","protected":false},"excerpt":{"rendered":"<p>Seremi de Agricultura dijo que el desarrollo de La Araucan\u00eda se debe mirar desde una perspectiva intercultural, \u201cpor eso se debe conversar con todos los actores sociales, eso es lo&#8230;<\/p>\n","protected":false},"author":2,"featured_media":14761,"comment_status":"closed","ping_status":"closed","sticky":false,"template":"","format":"standard","meta":{"footnotes":""},"categories":[1945],"tags":[3127,2066,4434,4433],"class_list":["post-14760","post","type-post","status-publish","format-standard","has-post-thumbnail","hentry","category-agricultura","tag-agro","tag-odepa","tag-politica-nacional-de-desarrollo-rural","tag-politica-rural"],"yoast_head":"<!-- This site is optimized with the Yoast SEO plugin v26.6 - https:\/\/yoast.com\/wordpress\/plugins\/seo\/ -->\n<title>En Temuco se realiz\u00f3 taller para determinar los lineamientos de la Pol\u00edtica Nacional para el Desarrollo Rural - Mundoagropecuario<\/title>\n<meta name=\"robots\" content=\"index, follow, max-snippet:-1, max-image-preview:large, max-video-preview:-1\" \/>\n<link rel=\"canonical\" href=\"https:\/\/www.mundoagropecuario.cl\/new\/en-temuco-se-realizo-taller-para-determinar-los-lineamientos-de-la-politica-nacional-para-el-desarrollo-rural\/\" \/>\n<meta property=\"og:locale\" content=\"es_ES\" \/>\n<meta property=\"og:type\" content=\"article\" \/>\n<meta property=\"og:title\" content=\"En Temuco se realiz\u00f3 taller para determinar los lineamientos de la Pol\u00edtica Nacional para el Desarrollo Rural - Mundoagropecuario\" \/>\n<meta property=\"og:description\" content=\"Seremi de Agricultura dijo que el desarrollo de La Araucan\u00eda se debe mirar desde una perspectiva intercultural, \u201cpor eso se debe conversar con todos los actores sociales, eso es lo...\" \/>\n<meta property=\"og:url\" content=\"https:\/\/www.mundoagropecuario.cl\/new\/en-temuco-se-realizo-taller-para-determinar-los-lineamientos-de-la-politica-nacional-para-el-desarrollo-rural\/\" \/>\n<meta property=\"og:site_name\" content=\"Mundoagropecuario\" \/>\n<meta property=\"article:publisher\" content=\"https:\/\/www.facebook.com\/mundo.agropecuario.3\" \/>\n<meta property=\"article:published_time\" content=\"2019-11-19T13:44:00+00:00\" \/>\n<meta property=\"article:modified_time\" content=\"2019-11-20T14:51:31+00:00\" \/>\n<meta property=\"og:image\" content=\"https:\/\/www.mundoagropecuario.cl\/new\/wp-content\/uploads\/2019\/11\/Seremi-Ruralidad-002.jpg\" \/>\n\t<meta property=\"og:image:width\" content=\"832\" \/>\n\t<meta property=\"og:image:height\" content=\"624\" \/>\n\t<meta property=\"og:image:type\" content=\"image\/jpeg\" \/>\n<meta name=\"author\" content=\"mundo\" \/>\n<meta name=\"twitter:card\" content=\"summary_large_image\" \/>\n<meta name=\"twitter:creator\" content=\"@MundoAgropecuar\" \/>\n<meta name=\"twitter:site\" content=\"@MundoAgropecuar\" \/>\n<meta name=\"twitter:label1\" content=\"Escrito por\" \/>\n\t<meta name=\"twitter:data1\" content=\"mundo\" \/>\n\t<meta name=\"twitter:label2\" content=\"Tiempo de lectura\" \/>\n\t<meta name=\"twitter:data2\" content=\"2 minutos\" \/>\n<script type=\"application\/ld+json\" class=\"yoast-schema-graph\">{\"@context\":\"https:\/\/schema.org\",\"@graph\":[{\"@type\":\"Article\",\"@id\":\"https:\/\/www.mundoagropecuario.cl\/new\/en-temuco-se-realizo-taller-para-determinar-los-lineamientos-de-la-politica-nacional-para-el-desarrollo-rural\/#article\",\"isPartOf\":{\"@id\":\"https:\/\/www.mundoagropecuario.cl\/new\/en-temuco-se-realizo-taller-para-determinar-los-lineamientos-de-la-politica-nacional-para-el-desarrollo-rural\/\"},\"author\":{\"name\":\"mundo\",\"@id\":\"https:\/\/www.mundoagropecuario.cl\/new\/#\/schema\/person\/4e9f74a82a7dac260eb1c44b7eebeb18\"},\"headline\":\"En Temuco se realiz\u00f3 taller para determinar los lineamientos de la Pol\u00edtica Nacional para el Desarrollo Rural\",\"datePublished\":\"2019-11-19T13:44:00+00:00\",\"dateModified\":\"2019-11-20T14:51:31+00:00\",\"mainEntityOfPage\":{\"@id\":\"https:\/\/www.mundoagropecuario.cl\/new\/en-temuco-se-realizo-taller-para-determinar-los-lineamientos-de-la-politica-nacional-para-el-desarrollo-rural\/\"},\"wordCount\":425,\"publisher\":{\"@id\":\"https:\/\/www.mundoagropecuario.cl\/new\/#organization\"},\"image\":{\"@id\":\"https:\/\/www.mundoagropecuario.cl\/new\/en-temuco-se-realizo-taller-para-determinar-los-lineamientos-de-la-politica-nacional-para-el-desarrollo-rural\/#primaryimage\"},\"thumbnailUrl\":\"https:\/\/www.mundoagropecuario.cl\/new\/wp-content\/uploads\/2019\/11\/Seremi-Ruralidad-002.jpg\",\"keywords\":[\"Agro\",\"Odepa\",\"Pol\u00edtica Nacional de Desarrollo Rural\",\"Pol\u00edtica rural\"],\"articleSection\":[\"Agricultura\"],\"inLanguage\":\"es\"},{\"@type\":\"WebPage\",\"@id\":\"https:\/\/www.mundoagropecuario.cl\/new\/en-temuco-se-realizo-taller-para-determinar-los-lineamientos-de-la-politica-nacional-para-el-desarrollo-rural\/\",\"url\":\"https:\/\/www.mundoagropecuario.cl\/new\/en-temuco-se-realizo-taller-para-determinar-los-lineamientos-de-la-politica-nacional-para-el-desarrollo-rural\/\",\"name\":\"En Temuco se realiz\u00f3 taller para determinar los lineamientos de la Pol\u00edtica Nacional para el Desarrollo Rural - Mundoagropecuario\",\"isPartOf\":{\"@id\":\"https:\/\/www.mundoagropecuario.cl\/new\/#website\"},\"primaryImageOfPage\":{\"@id\":\"https:\/\/www.mundoagropecuario.cl\/new\/en-temuco-se-realizo-taller-para-determinar-los-lineamientos-de-la-politica-nacional-para-el-desarrollo-rural\/#primaryimage\"},\"image\":{\"@id\":\"https:\/\/www.mundoagropecuario.cl\/new\/en-temuco-se-realizo-taller-para-determinar-los-lineamientos-de-la-politica-nacional-para-el-desarrollo-rural\/#primaryimage\"},\"thumbnailUrl\":\"https:\/\/www.mundoagropecuario.cl\/new\/wp-content\/uploads\/2019\/11\/Seremi-Ruralidad-002.jpg\",\"datePublished\":\"2019-11-19T13:44:00+00:00\",\"dateModified\":\"2019-11-20T14:51:31+00:00\",\"breadcrumb\":{\"@id\":\"https:\/\/www.mundoagropecuario.cl\/new\/en-temuco-se-realizo-taller-para-determinar-los-lineamientos-de-la-politica-nacional-para-el-desarrollo-rural\/#breadcrumb\"},\"inLanguage\":\"es\",\"potentialAction\":[{\"@type\":\"ReadAction\",\"target\":[\"https:\/\/www.mundoagropecuario.cl\/new\/en-temuco-se-realizo-taller-para-determinar-los-lineamientos-de-la-politica-nacional-para-el-desarrollo-rural\/\"]}]},{\"@type\":\"ImageObject\",\"inLanguage\":\"es\",\"@id\":\"https:\/\/www.mundoagropecuario.cl\/new\/en-temuco-se-realizo-taller-para-determinar-los-lineamientos-de-la-politica-nacional-para-el-desarrollo-rural\/#primaryimage\",\"url\":\"https:\/\/www.mundoagropecuario.cl\/new\/wp-content\/uploads\/2019\/11\/Seremi-Ruralidad-002.jpg\",\"contentUrl\":\"https:\/\/www.mundoagropecuario.cl\/new\/wp-content\/uploads\/2019\/11\/Seremi-Ruralidad-002.jpg\",\"width\":533,\"height\":400},{\"@type\":\"BreadcrumbList\",\"@id\":\"https:\/\/www.mundoagropecuario.cl\/new\/en-temuco-se-realizo-taller-para-determinar-los-lineamientos-de-la-politica-nacional-para-el-desarrollo-rural\/#breadcrumb\",\"itemListElement\":[{\"@type\":\"ListItem\",\"position\":1,\"name\":\"Portada\",\"item\":\"https:\/\/www.mundoagropecuario.cl\/new\/\"},{\"@type\":\"ListItem\",\"position\":2,\"name\":\"En Temuco se realiz\u00f3 taller para determinar los lineamientos de la Pol\u00edtica Nacional para el Desarrollo Rural\"}]},{\"@type\":\"WebSite\",\"@id\":\"https:\/\/www.mundoagropecuario.cl\/new\/#website\",\"url\":\"https:\/\/www.mundoagropecuario.cl\/new\/\",\"name\":\"Mundoagropecuario\",\"description\":\"Mundo Agropecuario\",\"publisher\":{\"@id\":\"https:\/\/www.mundoagropecuario.cl\/new\/#organization\"},\"potentialAction\":[{\"@type\":\"SearchAction\",\"target\":{\"@type\":\"EntryPoint\",\"urlTemplate\":\"https:\/\/www.mundoagropecuario.cl\/new\/?s={search_term_string}\"},\"query-input\":{\"@type\":\"PropertyValueSpecification\",\"valueRequired\":true,\"valueName\":\"search_term_string\"}}],\"inLanguage\":\"es\"},{\"@type\":\"Organization\",\"@id\":\"https:\/\/www.mundoagropecuario.cl\/new\/#organization\",\"name\":\"Revista de Agricultura\",\"url\":\"https:\/\/www.mundoagropecuario.cl\/new\/\",\"logo\":{\"@type\":\"ImageObject\",\"inLanguage\":\"es\",\"@id\":\"https:\/\/www.mundoagropecuario.cl\/new\/#\/schema\/logo\/image\/\",\"url\":\"https:\/\/www.mundoagropecuario.cl\/new\/wp-content\/uploads\/2020\/11\/PORTAL-1-1.png\",\"contentUrl\":\"https:\/\/www.mundoagropecuario.cl\/new\/wp-content\/uploads\/2020\/11\/PORTAL-1-1.png\",\"width\":1026,\"height\":100,\"caption\":\"Revista de Agricultura\"},\"image\":{\"@id\":\"https:\/\/www.mundoagropecuario.cl\/new\/#\/schema\/logo\/image\/\"},\"sameAs\":[\"https:\/\/www.facebook.com\/mundo.agropecuario.3\",\"https:\/\/x.com\/MundoAgropecuar\",\"https:\/\/www.linkedin.com\/in\/mundo-agropecuario-934009201\/\"]},{\"@type\":\"Person\",\"@id\":\"https:\/\/www.mundoagropecuario.cl\/new\/#\/schema\/person\/4e9f74a82a7dac260eb1c44b7eebeb18\",\"name\":\"mundo\",\"url\":\"https:\/\/www.mundoagropecuario.cl\/new\/author\/mundo\/\"}]}<\/script>\n<!-- \/ Yoast SEO plugin. -->","yoast_head_json":{"title":"En Temuco se realiz\u00f3 taller para determinar los lineamientos de la Pol\u00edtica Nacional para el Desarrollo Rural - Mundoagropecuario","robots":{"index":"index","follow":"follow","max-snippet":"max-snippet:-1","max-image-preview":"max-image-preview:large","max-video-preview":"max-video-preview:-1"},"canonical":"https:\/\/www.mundoagropecuario.cl\/new\/en-temuco-se-realizo-taller-para-determinar-los-lineamientos-de-la-politica-nacional-para-el-desarrollo-rural\/","og_locale":"es_ES","og_type":"article","og_title":"En Temuco se realiz\u00f3 taller para determinar los lineamientos de la Pol\u00edtica Nacional para el Desarrollo Rural - Mundoagropecuario","og_description":"Seremi de Agricultura dijo que el desarrollo de La Araucan\u00eda se debe mirar desde una perspectiva intercultural, \u201cpor eso se debe conversar con todos los actores sociales, eso es lo...","og_url":"https:\/\/www.mundoagropecuario.cl\/new\/en-temuco-se-realizo-taller-para-determinar-los-lineamientos-de-la-politica-nacional-para-el-desarrollo-rural\/","og_site_name":"Mundoagropecuario","article_publisher":"https:\/\/www.facebook.com\/mundo.agropecuario.3","article_published_time":"2019-11-19T13:44:00+00:00","article_modified_time":"2019-11-20T14:51:31+00:00","og_image":[{"width":832,"height":624,"url":"https:\/\/www.mundoagropecuario.cl\/new\/wp-content\/uploads\/2019\/11\/Seremi-Ruralidad-002.jpg","type":"image\/jpeg"}],"author":"mundo","twitter_card":"summary_large_image","twitter_creator":"@MundoAgropecuar","twitter_site":"@MundoAgropecuar","twitter_misc":{"Escrito por":"mundo","Tiempo de lectura":"2 minutos"},"schema":{"@context":"https:\/\/schema.org","@graph":[{"@type":"Article","@id":"https:\/\/www.mundoagropecuario.cl\/new\/en-temuco-se-realizo-taller-para-determinar-los-lineamientos-de-la-politica-nacional-para-el-desarrollo-rural\/#article","isPartOf":{"@id":"https:\/\/www.mundoagropecuario.cl\/new\/en-temuco-se-realizo-taller-para-determinar-los-lineamientos-de-la-politica-nacional-para-el-desarrollo-rural\/"},"author":{"name":"mundo","@id":"https:\/\/www.mundoagropecuario.cl\/new\/#\/schema\/person\/4e9f74a82a7dac260eb1c44b7eebeb18"},"headline":"En Temuco se realiz\u00f3 taller para determinar los lineamientos de la Pol\u00edtica Nacional para el Desarrollo Rural","datePublished":"2019-11-19T13:44:00+00:00","dateModified":"2019-11-20T14:51:31+00:00","mainEntityOfPage":{"@id":"https:\/\/www.mundoagropecuario.cl\/new\/en-temuco-se-realizo-taller-para-determinar-los-lineamientos-de-la-politica-nacional-para-el-desarrollo-rural\/"},"wordCount":425,"publisher":{"@id":"https:\/\/www.mundoagropecuario.cl\/new\/#organization"},"image":{"@id":"https:\/\/www.mundoagropecuario.cl\/new\/en-temuco-se-realizo-taller-para-determinar-los-lineamientos-de-la-politica-nacional-para-el-desarrollo-rural\/#primaryimage"},"thumbnailUrl":"https:\/\/www.mundoagropecuario.cl\/new\/wp-content\/uploads\/2019\/11\/Seremi-Ruralidad-002.jpg","keywords":["Agro","Odepa","Pol\u00edtica Nacional de Desarrollo Rural","Pol\u00edtica rural"],"articleSection":["Agricultura"],"inLanguage":"es"},{"@type":"WebPage","@id":"https:\/\/www.mundoagropecuario.cl\/new\/en-temuco-se-realizo-taller-para-determinar-los-lineamientos-de-la-politica-nacional-para-el-desarrollo-rural\/","url":"https:\/\/www.mundoagropecuario.cl\/new\/en-temuco-se-realizo-taller-para-determinar-los-lineamientos-de-la-politica-nacional-para-el-desarrollo-rural\/","name":"En Temuco se realiz\u00f3 taller para determinar los lineamientos de la Pol\u00edtica Nacional para el Desarrollo Rural - Mundoagropecuario","isPartOf":{"@id":"https:\/\/www.mundoagropecuario.cl\/new\/#website"},"primaryImageOfPage":{"@id":"https:\/\/www.mundoagropecuario.cl\/new\/en-temuco-se-realizo-taller-para-determinar-los-lineamientos-de-la-politica-nacional-para-el-desarrollo-rural\/#primaryimage"},"image":{"@id":"https:\/\/www.mundoagropecuario.cl\/new\/en-temuco-se-realizo-taller-para-determinar-los-lineamientos-de-la-politica-nacional-para-el-desarrollo-rural\/#primaryimage"},"thumbnailUrl":"https:\/\/www.mundoagropecuario.cl\/new\/wp-content\/uploads\/2019\/11\/Seremi-Ruralidad-002.jpg","datePublished":"2019-11-19T13:44:00+00:00","dateModified":"2019-11-20T14:51:31+00:00","breadcrumb":{"@id":"https:\/\/www.mundoagropecuario.cl\/new\/en-temuco-se-realizo-taller-para-determinar-los-lineamientos-de-la-politica-nacional-para-el-desarrollo-rural\/#breadcrumb"},"inLanguage":"es","potentialAction":[{"@type":"ReadAction","target":["https:\/\/www.mundoagropecuario.cl\/new\/en-temuco-se-realizo-taller-para-determinar-los-lineamientos-de-la-politica-nacional-para-el-desarrollo-rural\/"]}]},{"@type":"ImageObject","inLanguage":"es","@id":"https:\/\/www.mundoagropecuario.cl\/new\/en-temuco-se-realizo-taller-para-determinar-los-lineamientos-de-la-politica-nacional-para-el-desarrollo-rural\/#primaryimage","url":"https:\/\/www.mundoagropecuario.cl\/new\/wp-content\/uploads\/2019\/11\/Seremi-Ruralidad-002.jpg","contentUrl":"https:\/\/www.mundoagropecuario.cl\/new\/wp-content\/uploads\/2019\/11\/Seremi-Ruralidad-002.jpg","width":533,"height":400},{"@type":"BreadcrumbList","@id":"https:\/\/www.mundoagropecuario.cl\/new\/en-temuco-se-realizo-taller-para-determinar-los-lineamientos-de-la-politica-nacional-para-el-desarrollo-rural\/#breadcrumb","itemListElement":[{"@type":"ListItem","position":1,"name":"Portada","item":"https:\/\/www.mundoagropecuario.cl\/new\/"},{"@type":"ListItem","position":2,"name":"En Temuco se realiz\u00f3 taller para determinar los lineamientos de la Pol\u00edtica Nacional para el Desarrollo Rural"}]},{"@type":"WebSite","@id":"https:\/\/www.mundoagropecuario.cl\/new\/#website","url":"https:\/\/www.mundoagropecuario.cl\/new\/","name":"Mundoagropecuario","description":"Mundo Agropecuario","publisher":{"@id":"https:\/\/www.mundoagropecuario.cl\/new\/#organization"},"potentialAction":[{"@type":"SearchAction","target":{"@type":"EntryPoint","urlTemplate":"https:\/\/www.mundoagropecuario.cl\/new\/?s={search_term_string}"},"query-input":{"@type":"PropertyValueSpecification","valueRequired":true,"valueName":"search_term_string"}}],"inLanguage":"es"},{"@type":"Organization","@id":"https:\/\/www.mundoagropecuario.cl\/new\/#organization","name":"Revista de Agricultura","url":"https:\/\/www.mundoagropecuario.cl\/new\/","logo":{"@type":"ImageObject","inLanguage":"es","@id":"https:\/\/www.mundoagropecuario.cl\/new\/#\/schema\/logo\/image\/","url":"https:\/\/www.mundoagropecuario.cl\/new\/wp-content\/uploads\/2020\/11\/PORTAL-1-1.png","contentUrl":"https:\/\/www.mundoagropecuario.cl\/new\/wp-content\/uploads\/2020\/11\/PORTAL-1-1.png","width":1026,"height":100,"caption":"Revista de Agricultura"},"image":{"@id":"https:\/\/www.mundoagropecuario.cl\/new\/#\/schema\/logo\/image\/"},"sameAs":["https:\/\/www.facebook.com\/mundo.agropecuario.3","https:\/\/x.com\/MundoAgropecuar","https:\/\/www.linkedin.com\/in\/mundo-agropecuario-934009201\/"]},{"@type":"Person","@id":"https:\/\/www.mundoagropecuario.cl\/new\/#\/schema\/person\/4e9f74a82a7dac260eb1c44b7eebeb18","name":"mundo","url":"https:\/\/www.mundoagropecuario.cl\/new\/author\/mundo\/"}]}},"_links":{"self":[{"href":"https:\/\/www.mundoagropecuario.cl\/new\/wp-json\/wp\/v2\/posts\/14760","targetHints":{"allow":["GET"]}}],"collection":[{"href":"https:\/\/www.mundoagropecuario.cl\/new\/wp-json\/wp\/v2\/posts"}],"about":[{"href":"https:\/\/www.mundoagropecuario.cl\/new\/wp-json\/wp\/v2\/types\/post"}],"author":[{"embeddable":true,"href":"https:\/\/www.mundoagropecuario.cl\/new\/wp-json\/wp\/v2\/users\/2"}],"replies":[{"embeddable":true,"href":"https:\/\/www.mundoagropecuario.cl\/new\/wp-json\/wp\/v2\/comments?post=14760"}],"version-history":[{"count":1,"href":"https:\/\/www.mundoagropecuario.cl\/new\/wp-json\/wp\/v2\/posts\/14760\/revisions"}],"predecessor-version":[{"id":14762,"href":"https:\/\/www.mundoagropecuario.cl\/new\/wp-json\/wp\/v2\/posts\/14760\/revisions\/14762"}],"wp:featuredmedia":[{"embeddable":true,"href":"https:\/\/www.mundoagropecuario.cl\/new\/wp-json\/wp\/v2\/media\/14761"}],"wp:attachment":[{"href":"https:\/\/www.mundoagropecuario.cl\/new\/wp-json\/wp\/v2\/media?parent=14760"}],"wp:term":[{"taxonomy":"category","embeddable":true,"href":"https:\/\/www.mundoagropecuario.cl\/new\/wp-json\/wp\/v2\/categories?post=14760"},{"taxonomy":"post_tag","embeddable":true,"href":"https:\/\/www.mundoagropecuario.cl\/new\/wp-json\/wp\/v2\/tags?post=14760"}],"curies":[{"name":"wp","href":"https:\/\/api.w.org\/{rel}","templated":true}]}}