{"id":14745,"date":"2019-11-18T12:26:24","date_gmt":"2019-11-18T15:26:24","guid":{"rendered":"http:\/\/www.mundoagropecuario.cl\/new\/?p=14745"},"modified":"2019-11-19T11:28:31","modified_gmt":"2019-11-19T14:28:31","slug":"expertos-analizaron-efectos-del-cambio-climatico-en-la-agricultura","status":"publish","type":"post","link":"https:\/\/www.mundoagropecuario.cl\/new\/expertos-analizaron-efectos-del-cambio-climatico-en-la-agricultura\/","title":{"rendered":"Expertos analizaron efectos del cambio clim\u00e1tico en la agricultura"},"content":{"rendered":"\n<ul class=\"wp-block-gallery columns-0 is-cropped wp-block-gallery-1 is-layout-flex wp-block-gallery-is-layout-flex\"><\/ul>\n\n\n\n<p><\/p>\n\n\n\n<p class=\"has-medium-font-size\"><em>En Los \u00c1ngeles se realiz\u00f3 seminario para discutir futuro de la producci\u00f3n agr\u00edcola en escenario de menores precipitaciones y mayores temperaturas (Mundo Agropecuario).<\/em><\/p>\n\n\n\n<p>Como una forma de entregar recomendaciones a productores frente a los efectos que generar\u00e1 el cambio clim\u00e1tico en la agricultura regional, investigadores de diversas disciplinas participaron en el seminario \u201cAdaptaci\u00f3n al Cambio Clim\u00e1tico para la Agricultura: Sembrando Futuro\u201d realizado esta ma\u00f1ana en la ciudad de Los \u00c1ngeles.<\/p>\n\n\n\n<figure class=\"wp-block-image\"><img loading=\"lazy\" decoding=\"async\" width=\"1024\" height=\"768\" src=\"https:\/\/www.mundoagropecuario.cl\/new\/wp-content\/uploads\/2019\/11\/seminario-3-1024x768.jpg\" alt=\"\" class=\"wp-image-14747\" srcset=\"https:\/\/www.mundoagropecuario.cl\/new\/wp-content\/uploads\/2019\/11\/seminario-3-1024x768.jpg 1024w, https:\/\/www.mundoagropecuario.cl\/new\/wp-content\/uploads\/2019\/11\/seminario-3-586x440.jpg 586w, https:\/\/www.mundoagropecuario.cl\/new\/wp-content\/uploads\/2019\/11\/seminario-3-768x576.jpg 768w, https:\/\/www.mundoagropecuario.cl\/new\/wp-content\/uploads\/2019\/11\/seminario-3.jpg 533w\" sizes=\"auto, (max-width: 1024px) 100vw, 1024px\" \/><\/figure>\n\n\n\n<p>La iniciativa organizada, de manera conjunta, por la Secretar\u00eda Regional Ministerial de Agricultura del Biob\u00edo, la Fundaci\u00f3n para la Innovaci\u00f3n Agraria (FIA) y el Instituto de Investigaciones Agropecuarias (INIA), responde a la necesidad de anticiparse a los efectos del cambio clim\u00e1tico para establecer estrategias de adaptaci\u00f3n que puedan ser utilizadas por los agricultores de la regi\u00f3n.<\/p>\n\n\n\n<p>R\u00e1ul Orrego, especialista en agroclimatolog\u00eda de INIA y coordinador general de la actividad, indic\u00f3 que la realizaci\u00f3n del seminario en Los \u00c1ngeles tiene por finalidad dar conocer los \u00e9nfasis de la agricultura intensiva como la fruticultura en el contexto del cambio clim\u00e1tico.<\/p>\n\n\n\n<p>El investigador especific\u00f3 que el \u00e9nfasis estuvo puesto en la producci\u00f3n de frutales de nuez (casta\u00f1o, nogal y avellano europeo) y en cerezos, espec\u00edficamente en los efectos generados por lluvias tard\u00edas y altas temperaturas que producen partidura en cerezas, enfermedades fungosas, disminuci\u00f3n de la calidad, y merma de la producci\u00f3n, entre otros aspectos.<\/p>\n\n\n\n<p>En tanto, el Seremi de Agricultura de Biob\u00edo, Francisco Lagos, indic\u00f3 que \u201cuno de los ejes del programa agr\u00edcola del Gobierno es Agua y Cambio Clim\u00e1tico, por eso es muy importante abordar este tema tan relevante para todos. Estamos viendo las previsiones del clima al a\u00f1o 2030 y considerar distintos cultivos, que son una nueva oportunidad, destacando como alternativa los frutales como, por ejemplo, cerezos, nogales y avellanos europeos\u201d.<\/p>\n\n\n\n<p>Por su parte, el Director Regional de INIA Quilamapu, Rodrigo Avil\u00e9s, resalt\u00f3 la importancia de esta actividad, toda vez que \u201cen la provincia de Biob\u00edo la fruticultura ha tomado especial relevancia, con condiciones clim\u00e1ticas que ponen nuevos desaf\u00edos a los productores que ya han realizado una importante inversi\u00f3n y tambi\u00e9n en aquellos que est\u00e1n vislumbrando incursionar en estos rubros\u201d.<\/p>\n\n\n\n<p>Finalmente, Avil\u00e9s adelant\u00f3 que un seminario similar, pero adaptado a las caracter\u00edsticas y cultivos de la provincia de Arauco, se realizar\u00e1 el pr\u00f3ximo jueves 21 de noviembre en Ca\u00f1ete.<\/p>\n","protected":false},"excerpt":{"rendered":"<p>En Los \u00c1ngeles se realiz\u00f3 seminario para discutir futuro de la producci\u00f3n agr\u00edcola en escenario de menores precipitaciones y mayores temperaturas (Mundo Agropecuario). Como una forma de entregar recomendaciones a&#8230;<\/p>\n","protected":false},"author":2,"featured_media":14746,"comment_status":"closed","ping_status":"closed","sticky":false,"template":"","format":"standard","meta":{"footnotes":""},"categories":[1945],"tags":[2090,3127,542],"class_list":["post-14745","post","type-post","status-publish","format-standard","has-post-thumbnail","hentry","category-agricultura","tag-agricultura","tag-agro","tag-cambio-climatico"],"yoast_head":"<!-- This site is optimized with the Yoast SEO plugin v26.6 - https:\/\/yoast.com\/wordpress\/plugins\/seo\/ -->\n<title>Expertos analizaron efectos del cambio clim\u00e1tico en la agricultura - Mundoagropecuario<\/title>\n<meta name=\"robots\" content=\"index, follow, max-snippet:-1, max-image-preview:large, max-video-preview:-1\" \/>\n<link rel=\"canonical\" href=\"https:\/\/www.mundoagropecuario.cl\/new\/expertos-analizaron-efectos-del-cambio-climatico-en-la-agricultura\/\" \/>\n<meta property=\"og:locale\" content=\"es_ES\" \/>\n<meta property=\"og:type\" content=\"article\" \/>\n<meta property=\"og:title\" content=\"Expertos analizaron efectos del cambio clim\u00e1tico en la agricultura - Mundoagropecuario\" \/>\n<meta property=\"og:description\" content=\"En Los \u00c1ngeles se realiz\u00f3 seminario para discutir futuro de la producci\u00f3n agr\u00edcola en escenario de menores precipitaciones y mayores temperaturas (Mundo Agropecuario). Como una forma de entregar recomendaciones a...\" \/>\n<meta property=\"og:url\" content=\"https:\/\/www.mundoagropecuario.cl\/new\/expertos-analizaron-efectos-del-cambio-climatico-en-la-agricultura\/\" \/>\n<meta property=\"og:site_name\" content=\"Mundoagropecuario\" \/>\n<meta property=\"article:publisher\" content=\"https:\/\/www.facebook.com\/mundo.agropecuario.3\" \/>\n<meta property=\"article:published_time\" content=\"2019-11-18T15:26:24+00:00\" \/>\n<meta property=\"article:modified_time\" content=\"2019-11-19T14:28:31+00:00\" \/>\n<meta property=\"og:image\" content=\"https:\/\/www.mundoagropecuario.cl\/new\/wp-content\/uploads\/2019\/11\/IMG-20191115-WA0078.jpg\" \/>\n\t<meta property=\"og:image:width\" content=\"1024\" \/>\n\t<meta property=\"og:image:height\" content=\"768\" \/>\n\t<meta property=\"og:image:type\" content=\"image\/jpeg\" \/>\n<meta name=\"author\" content=\"mundo\" \/>\n<meta name=\"twitter:card\" content=\"summary_large_image\" \/>\n<meta name=\"twitter:creator\" content=\"@MundoAgropecuar\" \/>\n<meta name=\"twitter:site\" content=\"@MundoAgropecuar\" \/>\n<meta name=\"twitter:label1\" content=\"Escrito por\" \/>\n\t<meta name=\"twitter:data1\" content=\"mundo\" \/>\n\t<meta name=\"twitter:label2\" content=\"Tiempo de lectura\" \/>\n\t<meta name=\"twitter:data2\" content=\"2 minutos\" \/>\n<script type=\"application\/ld+json\" class=\"yoast-schema-graph\">{\"@context\":\"https:\/\/schema.org\",\"@graph\":[{\"@type\":\"Article\",\"@id\":\"https:\/\/www.mundoagropecuario.cl\/new\/expertos-analizaron-efectos-del-cambio-climatico-en-la-agricultura\/#article\",\"isPartOf\":{\"@id\":\"https:\/\/www.mundoagropecuario.cl\/new\/expertos-analizaron-efectos-del-cambio-climatico-en-la-agricultura\/\"},\"author\":{\"name\":\"mundo\",\"@id\":\"https:\/\/www.mundoagropecuario.cl\/new\/#\/schema\/person\/4e9f74a82a7dac260eb1c44b7eebeb18\"},\"headline\":\"Expertos analizaron efectos del cambio clim\u00e1tico en la agricultura\",\"datePublished\":\"2019-11-18T15:26:24+00:00\",\"dateModified\":\"2019-11-19T14:28:31+00:00\",\"mainEntityOfPage\":{\"@id\":\"https:\/\/www.mundoagropecuario.cl\/new\/expertos-analizaron-efectos-del-cambio-climatico-en-la-agricultura\/\"},\"wordCount\":424,\"publisher\":{\"@id\":\"https:\/\/www.mundoagropecuario.cl\/new\/#organization\"},\"image\":{\"@id\":\"https:\/\/www.mundoagropecuario.cl\/new\/expertos-analizaron-efectos-del-cambio-climatico-en-la-agricultura\/#primaryimage\"},\"thumbnailUrl\":\"https:\/\/www.mundoagropecuario.cl\/new\/wp-content\/uploads\/2019\/11\/IMG-20191115-WA0078.jpg\",\"keywords\":[\"Agricultura\",\"Agro\",\"Cambio clim\u00e1tico\"],\"articleSection\":[\"Agricultura\"],\"inLanguage\":\"es\"},{\"@type\":\"WebPage\",\"@id\":\"https:\/\/www.mundoagropecuario.cl\/new\/expertos-analizaron-efectos-del-cambio-climatico-en-la-agricultura\/\",\"url\":\"https:\/\/www.mundoagropecuario.cl\/new\/expertos-analizaron-efectos-del-cambio-climatico-en-la-agricultura\/\",\"name\":\"Expertos analizaron efectos del cambio clim\u00e1tico en la agricultura - Mundoagropecuario\",\"isPartOf\":{\"@id\":\"https:\/\/www.mundoagropecuario.cl\/new\/#website\"},\"primaryImageOfPage\":{\"@id\":\"https:\/\/www.mundoagropecuario.cl\/new\/expertos-analizaron-efectos-del-cambio-climatico-en-la-agricultura\/#primaryimage\"},\"image\":{\"@id\":\"https:\/\/www.mundoagropecuario.cl\/new\/expertos-analizaron-efectos-del-cambio-climatico-en-la-agricultura\/#primaryimage\"},\"thumbnailUrl\":\"https:\/\/www.mundoagropecuario.cl\/new\/wp-content\/uploads\/2019\/11\/IMG-20191115-WA0078.jpg\",\"datePublished\":\"2019-11-18T15:26:24+00:00\",\"dateModified\":\"2019-11-19T14:28:31+00:00\",\"breadcrumb\":{\"@id\":\"https:\/\/www.mundoagropecuario.cl\/new\/expertos-analizaron-efectos-del-cambio-climatico-en-la-agricultura\/#breadcrumb\"},\"inLanguage\":\"es\",\"potentialAction\":[{\"@type\":\"ReadAction\",\"target\":[\"https:\/\/www.mundoagropecuario.cl\/new\/expertos-analizaron-efectos-del-cambio-climatico-en-la-agricultura\/\"]}]},{\"@type\":\"ImageObject\",\"inLanguage\":\"es\",\"@id\":\"https:\/\/www.mundoagropecuario.cl\/new\/expertos-analizaron-efectos-del-cambio-climatico-en-la-agricultura\/#primaryimage\",\"url\":\"https:\/\/www.mundoagropecuario.cl\/new\/wp-content\/uploads\/2019\/11\/IMG-20191115-WA0078.jpg\",\"contentUrl\":\"https:\/\/www.mundoagropecuario.cl\/new\/wp-content\/uploads\/2019\/11\/IMG-20191115-WA0078.jpg\",\"width\":533,\"height\":400},{\"@type\":\"BreadcrumbList\",\"@id\":\"https:\/\/www.mundoagropecuario.cl\/new\/expertos-analizaron-efectos-del-cambio-climatico-en-la-agricultura\/#breadcrumb\",\"itemListElement\":[{\"@type\":\"ListItem\",\"position\":1,\"name\":\"Portada\",\"item\":\"https:\/\/www.mundoagropecuario.cl\/new\/\"},{\"@type\":\"ListItem\",\"position\":2,\"name\":\"Expertos analizaron efectos del cambio clim\u00e1tico en la agricultura\"}]},{\"@type\":\"WebSite\",\"@id\":\"https:\/\/www.mundoagropecuario.cl\/new\/#website\",\"url\":\"https:\/\/www.mundoagropecuario.cl\/new\/\",\"name\":\"Mundoagropecuario\",\"description\":\"Mundo Agropecuario\",\"publisher\":{\"@id\":\"https:\/\/www.mundoagropecuario.cl\/new\/#organization\"},\"potentialAction\":[{\"@type\":\"SearchAction\",\"target\":{\"@type\":\"EntryPoint\",\"urlTemplate\":\"https:\/\/www.mundoagropecuario.cl\/new\/?s={search_term_string}\"},\"query-input\":{\"@type\":\"PropertyValueSpecification\",\"valueRequired\":true,\"valueName\":\"search_term_string\"}}],\"inLanguage\":\"es\"},{\"@type\":\"Organization\",\"@id\":\"https:\/\/www.mundoagropecuario.cl\/new\/#organization\",\"name\":\"Revista de Agricultura\",\"url\":\"https:\/\/www.mundoagropecuario.cl\/new\/\",\"logo\":{\"@type\":\"ImageObject\",\"inLanguage\":\"es\",\"@id\":\"https:\/\/www.mundoagropecuario.cl\/new\/#\/schema\/logo\/image\/\",\"url\":\"https:\/\/www.mundoagropecuario.cl\/new\/wp-content\/uploads\/2020\/11\/PORTAL-1-1.png\",\"contentUrl\":\"https:\/\/www.mundoagropecuario.cl\/new\/wp-content\/uploads\/2020\/11\/PORTAL-1-1.png\",\"width\":1026,\"height\":100,\"caption\":\"Revista de Agricultura\"},\"image\":{\"@id\":\"https:\/\/www.mundoagropecuario.cl\/new\/#\/schema\/logo\/image\/\"},\"sameAs\":[\"https:\/\/www.facebook.com\/mundo.agropecuario.3\",\"https:\/\/x.com\/MundoAgropecuar\",\"https:\/\/www.linkedin.com\/in\/mundo-agropecuario-934009201\/\"]},{\"@type\":\"Person\",\"@id\":\"https:\/\/www.mundoagropecuario.cl\/new\/#\/schema\/person\/4e9f74a82a7dac260eb1c44b7eebeb18\",\"name\":\"mundo\",\"url\":\"https:\/\/www.mundoagropecuario.cl\/new\/author\/mundo\/\"}]}<\/script>\n<!-- \/ Yoast SEO plugin. -->","yoast_head_json":{"title":"Expertos analizaron efectos del cambio clim\u00e1tico en la agricultura - Mundoagropecuario","robots":{"index":"index","follow":"follow","max-snippet":"max-snippet:-1","max-image-preview":"max-image-preview:large","max-video-preview":"max-video-preview:-1"},"canonical":"https:\/\/www.mundoagropecuario.cl\/new\/expertos-analizaron-efectos-del-cambio-climatico-en-la-agricultura\/","og_locale":"es_ES","og_type":"article","og_title":"Expertos analizaron efectos del cambio clim\u00e1tico en la agricultura - Mundoagropecuario","og_description":"En Los \u00c1ngeles se realiz\u00f3 seminario para discutir futuro de la producci\u00f3n agr\u00edcola en escenario de menores precipitaciones y mayores temperaturas (Mundo Agropecuario). Como una forma de entregar recomendaciones a...","og_url":"https:\/\/www.mundoagropecuario.cl\/new\/expertos-analizaron-efectos-del-cambio-climatico-en-la-agricultura\/","og_site_name":"Mundoagropecuario","article_publisher":"https:\/\/www.facebook.com\/mundo.agropecuario.3","article_published_time":"2019-11-18T15:26:24+00:00","article_modified_time":"2019-11-19T14:28:31+00:00","og_image":[{"width":1024,"height":768,"url":"https:\/\/www.mundoagropecuario.cl\/new\/wp-content\/uploads\/2019\/11\/IMG-20191115-WA0078.jpg","type":"image\/jpeg"}],"author":"mundo","twitter_card":"summary_large_image","twitter_creator":"@MundoAgropecuar","twitter_site":"@MundoAgropecuar","twitter_misc":{"Escrito por":"mundo","Tiempo de lectura":"2 minutos"},"schema":{"@context":"https:\/\/schema.org","@graph":[{"@type":"Article","@id":"https:\/\/www.mundoagropecuario.cl\/new\/expertos-analizaron-efectos-del-cambio-climatico-en-la-agricultura\/#article","isPartOf":{"@id":"https:\/\/www.mundoagropecuario.cl\/new\/expertos-analizaron-efectos-del-cambio-climatico-en-la-agricultura\/"},"author":{"name":"mundo","@id":"https:\/\/www.mundoagropecuario.cl\/new\/#\/schema\/person\/4e9f74a82a7dac260eb1c44b7eebeb18"},"headline":"Expertos analizaron efectos del cambio clim\u00e1tico en la agricultura","datePublished":"2019-11-18T15:26:24+00:00","dateModified":"2019-11-19T14:28:31+00:00","mainEntityOfPage":{"@id":"https:\/\/www.mundoagropecuario.cl\/new\/expertos-analizaron-efectos-del-cambio-climatico-en-la-agricultura\/"},"wordCount":424,"publisher":{"@id":"https:\/\/www.mundoagropecuario.cl\/new\/#organization"},"image":{"@id":"https:\/\/www.mundoagropecuario.cl\/new\/expertos-analizaron-efectos-del-cambio-climatico-en-la-agricultura\/#primaryimage"},"thumbnailUrl":"https:\/\/www.mundoagropecuario.cl\/new\/wp-content\/uploads\/2019\/11\/IMG-20191115-WA0078.jpg","keywords":["Agricultura","Agro","Cambio clim\u00e1tico"],"articleSection":["Agricultura"],"inLanguage":"es"},{"@type":"WebPage","@id":"https:\/\/www.mundoagropecuario.cl\/new\/expertos-analizaron-efectos-del-cambio-climatico-en-la-agricultura\/","url":"https:\/\/www.mundoagropecuario.cl\/new\/expertos-analizaron-efectos-del-cambio-climatico-en-la-agricultura\/","name":"Expertos analizaron efectos del cambio clim\u00e1tico en la agricultura - Mundoagropecuario","isPartOf":{"@id":"https:\/\/www.mundoagropecuario.cl\/new\/#website"},"primaryImageOfPage":{"@id":"https:\/\/www.mundoagropecuario.cl\/new\/expertos-analizaron-efectos-del-cambio-climatico-en-la-agricultura\/#primaryimage"},"image":{"@id":"https:\/\/www.mundoagropecuario.cl\/new\/expertos-analizaron-efectos-del-cambio-climatico-en-la-agricultura\/#primaryimage"},"thumbnailUrl":"https:\/\/www.mundoagropecuario.cl\/new\/wp-content\/uploads\/2019\/11\/IMG-20191115-WA0078.jpg","datePublished":"2019-11-18T15:26:24+00:00","dateModified":"2019-11-19T14:28:31+00:00","breadcrumb":{"@id":"https:\/\/www.mundoagropecuario.cl\/new\/expertos-analizaron-efectos-del-cambio-climatico-en-la-agricultura\/#breadcrumb"},"inLanguage":"es","potentialAction":[{"@type":"ReadAction","target":["https:\/\/www.mundoagropecuario.cl\/new\/expertos-analizaron-efectos-del-cambio-climatico-en-la-agricultura\/"]}]},{"@type":"ImageObject","inLanguage":"es","@id":"https:\/\/www.mundoagropecuario.cl\/new\/expertos-analizaron-efectos-del-cambio-climatico-en-la-agricultura\/#primaryimage","url":"https:\/\/www.mundoagropecuario.cl\/new\/wp-content\/uploads\/2019\/11\/IMG-20191115-WA0078.jpg","contentUrl":"https:\/\/www.mundoagropecuario.cl\/new\/wp-content\/uploads\/2019\/11\/IMG-20191115-WA0078.jpg","width":533,"height":400},{"@type":"BreadcrumbList","@id":"https:\/\/www.mundoagropecuario.cl\/new\/expertos-analizaron-efectos-del-cambio-climatico-en-la-agricultura\/#breadcrumb","itemListElement":[{"@type":"ListItem","position":1,"name":"Portada","item":"https:\/\/www.mundoagropecuario.cl\/new\/"},{"@type":"ListItem","position":2,"name":"Expertos analizaron efectos del cambio clim\u00e1tico en la agricultura"}]},{"@type":"WebSite","@id":"https:\/\/www.mundoagropecuario.cl\/new\/#website","url":"https:\/\/www.mundoagropecuario.cl\/new\/","name":"Mundoagropecuario","description":"Mundo Agropecuario","publisher":{"@id":"https:\/\/www.mundoagropecuario.cl\/new\/#organization"},"potentialAction":[{"@type":"SearchAction","target":{"@type":"EntryPoint","urlTemplate":"https:\/\/www.mundoagropecuario.cl\/new\/?s={search_term_string}"},"query-input":{"@type":"PropertyValueSpecification","valueRequired":true,"valueName":"search_term_string"}}],"inLanguage":"es"},{"@type":"Organization","@id":"https:\/\/www.mundoagropecuario.cl\/new\/#organization","name":"Revista de Agricultura","url":"https:\/\/www.mundoagropecuario.cl\/new\/","logo":{"@type":"ImageObject","inLanguage":"es","@id":"https:\/\/www.mundoagropecuario.cl\/new\/#\/schema\/logo\/image\/","url":"https:\/\/www.mundoagropecuario.cl\/new\/wp-content\/uploads\/2020\/11\/PORTAL-1-1.png","contentUrl":"https:\/\/www.mundoagropecuario.cl\/new\/wp-content\/uploads\/2020\/11\/PORTAL-1-1.png","width":1026,"height":100,"caption":"Revista de Agricultura"},"image":{"@id":"https:\/\/www.mundoagropecuario.cl\/new\/#\/schema\/logo\/image\/"},"sameAs":["https:\/\/www.facebook.com\/mundo.agropecuario.3","https:\/\/x.com\/MundoAgropecuar","https:\/\/www.linkedin.com\/in\/mundo-agropecuario-934009201\/"]},{"@type":"Person","@id":"https:\/\/www.mundoagropecuario.cl\/new\/#\/schema\/person\/4e9f74a82a7dac260eb1c44b7eebeb18","name":"mundo","url":"https:\/\/www.mundoagropecuario.cl\/new\/author\/mundo\/"}]}},"_links":{"self":[{"href":"https:\/\/www.mundoagropecuario.cl\/new\/wp-json\/wp\/v2\/posts\/14745","targetHints":{"allow":["GET"]}}],"collection":[{"href":"https:\/\/www.mundoagropecuario.cl\/new\/wp-json\/wp\/v2\/posts"}],"about":[{"href":"https:\/\/www.mundoagropecuario.cl\/new\/wp-json\/wp\/v2\/types\/post"}],"author":[{"embeddable":true,"href":"https:\/\/www.mundoagropecuario.cl\/new\/wp-json\/wp\/v2\/users\/2"}],"replies":[{"embeddable":true,"href":"https:\/\/www.mundoagropecuario.cl\/new\/wp-json\/wp\/v2\/comments?post=14745"}],"version-history":[{"count":1,"href":"https:\/\/www.mundoagropecuario.cl\/new\/wp-json\/wp\/v2\/posts\/14745\/revisions"}],"predecessor-version":[{"id":14748,"href":"https:\/\/www.mundoagropecuario.cl\/new\/wp-json\/wp\/v2\/posts\/14745\/revisions\/14748"}],"wp:featuredmedia":[{"embeddable":true,"href":"https:\/\/www.mundoagropecuario.cl\/new\/wp-json\/wp\/v2\/media\/14746"}],"wp:attachment":[{"href":"https:\/\/www.mundoagropecuario.cl\/new\/wp-json\/wp\/v2\/media?parent=14745"}],"wp:term":[{"taxonomy":"category","embeddable":true,"href":"https:\/\/www.mundoagropecuario.cl\/new\/wp-json\/wp\/v2\/categories?post=14745"},{"taxonomy":"post_tag","embeddable":true,"href":"https:\/\/www.mundoagropecuario.cl\/new\/wp-json\/wp\/v2\/tags?post=14745"}],"curies":[{"name":"wp","href":"https:\/\/api.w.org\/{rel}","templated":true}]}}