{"id":14738,"date":"2019-11-18T12:04:42","date_gmt":"2019-11-18T15:04:42","guid":{"rendered":"http:\/\/www.mundoagropecuario.cl\/new\/?p=14738"},"modified":"2019-11-19T11:27:34","modified_gmt":"2019-11-19T14:27:34","slug":"ministro-se-reune-con-pequenos-productores-para-fortalecer-agenda-social-en-el-mundo-rural","status":"publish","type":"post","link":"https:\/\/www.mundoagropecuario.cl\/new\/ministro-se-reune-con-pequenos-productores-para-fortalecer-agenda-social-en-el-mundo-rural\/","title":{"rendered":"Ministro se re\u00fane con peque\u00f1os productores para fortalecer Agenda Social en el mundo rural"},"content":{"rendered":"\n<ul class=\"wp-block-gallery columns-0 is-cropped wp-block-gallery-1 is-layout-flex wp-block-gallery-is-layout-flex\"><\/ul>\n\n\n\n<p class=\"has-medium-font-size\"><em>El Ministro de agricultura, Antonio Walker sostuvo encuentros con campesinos&nbsp;&nbsp;de Osorno, Puerto Octay y Frutillar (Mundo Agropecuario).<\/em><\/p>\n\n\n\n<p>Para sostener un di\u00e1logo profundo y enfocado en escuchar las demandas sociales que emergen de la agricultura familiar campesina a nivel local, arrib\u00f3 a la zona el secretario de estado, quien sostuvo encuentros con peque\u00f1os productores lecheros y hotaliceros de Osorno, Puerto Octay y Frutillar y, de esta forma, fortalecer una Agenda Social para el mundo rural.<\/p>\n\n\n\n<p>&nbsp;\u201cEstamos escuchando en forma fuerte y clara lo que nos est\u00e1 diciendo la gente, que nos dice que hay que rectificar el rumbo, para tener un pa\u00eds m\u00e1s justo.&nbsp;&nbsp;Tener mucha humildad y escuchar lo que nos quieren decir. No hay que tenerle miedo a esta interpelaci\u00f3n\u201d, sostuvo el Secretario de Estado tras su llegada al territorio.<\/p>\n\n\n\n<p>&nbsp;En ese contexto, la autoridad se traslad\u00f3 hasta la comuna de Puerto Octay donde se reuni\u00f3 con peque\u00f1os productores lecheros, en la cita donde fue acompa\u00f1ado por la alcaldesa Mar\u00eda Elena Ojeda y el Seremi Juan Vicente Barrientos, tom\u00f3 nota de las principales necesidades del rubro.<\/p>\n\n\n\n<p>&nbsp;\u201cEspero que en 10 d\u00edas estemos lanzando una nueva pol\u00edtica de desarrollo rural, que nos ayude a acortar la brecha entre mundo rural y urbano, tambi\u00e9n estamos trabajando fuertemente por mejorar la sustentabilidad de nuestra agricultura y modernizarla\u201d, agreg\u00f3 el Ministro.<\/p>\n\n\n\n<p>&nbsp;El peque\u00f1o productor lechero El\u00edas Ru\u00edz valor\u00f3 el di\u00e1logo sostenido y apunt\u00f3 a la necesidad de \u201cfortalecer el Instituto de Desarrollo Agropecuario (INDAP) para enfocarse en aquellos peque\u00f1os agricultores, que dan trabajo y pueden seguir gener\u00e1ndolo con m\u00e1s apoyo o asesor\u00eda. No queremos que nos saquen cuando nos va bien o crecemos un poco. El apoyo de INDAP es clave para nosotros\u201d, dijo.<\/p>\n\n\n\n<p>&nbsp;Marcos Winkler, presidente de Aproleche Osorno, coincidi\u00f3 y sostuvo que &#8220;como Asociaci\u00f3n Gremial quisimos conversar en terreno con el Ministro y los peque\u00f1os agricultores, sobre algunos requerimientos que tenemos, de manera de realizar los cambios y las mejoras necesarias. Aqu\u00ed se le hizo ver nuestras principales dificultades como lecheros, y en las cuales el Gobierno puede ayudar e intervenir derechamente.&nbsp;&nbsp;En cuanto a INDAP, le requerimos la urgencia de actualizar la Ley Org\u00e1nica de INDAP, subir el tramo para acompa\u00f1ar por m\u00e1s tiempo a los beneficiarios de este servicio.<\/p>\n\n\n\n<p>&nbsp;Necesidades de las cual el Ministro Walker tom\u00f3 nota y a las que se sumaron otros requerimientos en materia de riego, descentralizaci\u00f3n, incentivos para que los j\u00f3venes opten por la agricultura, entre otros.<\/p>\n","protected":false},"excerpt":{"rendered":"<p>El Ministro de agricultura, Antonio Walker sostuvo encuentros con campesinos&nbsp;&nbsp;de Osorno, Puerto Octay y Frutillar (Mundo Agropecuario). Para sostener un di\u00e1logo profundo y enfocado en escuchar las demandas sociales que&#8230;<\/p>\n","protected":false},"author":2,"featured_media":14739,"comment_status":"closed","ping_status":"closed","sticky":false,"template":"","format":"standard","meta":{"footnotes":""},"categories":[1945],"tags":[2090,3127,2448],"class_list":["post-14738","post","type-post","status-publish","format-standard","has-post-thumbnail","hentry","category-agricultura","tag-agricultura","tag-agro","tag-ministro-walker"],"yoast_head":"<!-- This site is optimized with the Yoast SEO plugin v26.6 - https:\/\/yoast.com\/wordpress\/plugins\/seo\/ -->\n<title>Ministro se re\u00fane con peque\u00f1os productores para fortalecer Agenda Social en el mundo rural - Mundoagropecuario<\/title>\n<meta name=\"robots\" content=\"index, follow, max-snippet:-1, max-image-preview:large, max-video-preview:-1\" \/>\n<link rel=\"canonical\" href=\"https:\/\/www.mundoagropecuario.cl\/new\/ministro-se-reune-con-pequenos-productores-para-fortalecer-agenda-social-en-el-mundo-rural\/\" \/>\n<meta property=\"og:locale\" content=\"es_ES\" \/>\n<meta property=\"og:type\" content=\"article\" \/>\n<meta property=\"og:title\" content=\"Ministro se re\u00fane con peque\u00f1os productores para fortalecer Agenda Social en el mundo rural - Mundoagropecuario\" \/>\n<meta property=\"og:description\" content=\"El Ministro de agricultura, Antonio Walker sostuvo encuentros con campesinos&nbsp;&nbsp;de Osorno, Puerto Octay y Frutillar (Mundo Agropecuario). Para sostener un di\u00e1logo profundo y enfocado en escuchar las demandas sociales que...\" \/>\n<meta property=\"og:url\" content=\"https:\/\/www.mundoagropecuario.cl\/new\/ministro-se-reune-con-pequenos-productores-para-fortalecer-agenda-social-en-el-mundo-rural\/\" \/>\n<meta property=\"og:site_name\" content=\"Mundoagropecuario\" \/>\n<meta property=\"article:publisher\" content=\"https:\/\/www.facebook.com\/mundo.agropecuario.3\" \/>\n<meta property=\"article:published_time\" content=\"2019-11-18T15:04:42+00:00\" \/>\n<meta property=\"article:modified_time\" content=\"2019-11-19T14:27:34+00:00\" \/>\n<meta property=\"og:image\" content=\"https:\/\/www.mundoagropecuario.cl\/new\/wp-content\/uploads\/2019\/11\/reuni\u00f3n-nochaco-ptooctay.jpg\" \/>\n\t<meta property=\"og:image:width\" content=\"1024\" \/>\n\t<meta property=\"og:image:height\" content=\"682\" \/>\n\t<meta property=\"og:image:type\" content=\"image\/jpeg\" \/>\n<meta name=\"author\" content=\"mundo\" \/>\n<meta name=\"twitter:card\" content=\"summary_large_image\" \/>\n<meta name=\"twitter:creator\" content=\"@MundoAgropecuar\" \/>\n<meta name=\"twitter:site\" content=\"@MundoAgropecuar\" \/>\n<meta name=\"twitter:label1\" content=\"Escrito por\" \/>\n\t<meta name=\"twitter:data1\" content=\"mundo\" \/>\n\t<meta name=\"twitter:label2\" content=\"Tiempo de lectura\" \/>\n\t<meta name=\"twitter:data2\" content=\"2 minutos\" \/>\n<script type=\"application\/ld+json\" class=\"yoast-schema-graph\">{\"@context\":\"https:\/\/schema.org\",\"@graph\":[{\"@type\":\"Article\",\"@id\":\"https:\/\/www.mundoagropecuario.cl\/new\/ministro-se-reune-con-pequenos-productores-para-fortalecer-agenda-social-en-el-mundo-rural\/#article\",\"isPartOf\":{\"@id\":\"https:\/\/www.mundoagropecuario.cl\/new\/ministro-se-reune-con-pequenos-productores-para-fortalecer-agenda-social-en-el-mundo-rural\/\"},\"author\":{\"name\":\"mundo\",\"@id\":\"https:\/\/www.mundoagropecuario.cl\/new\/#\/schema\/person\/4e9f74a82a7dac260eb1c44b7eebeb18\"},\"headline\":\"Ministro se re\u00fane con peque\u00f1os productores para fortalecer Agenda Social en el mundo rural\",\"datePublished\":\"2019-11-18T15:04:42+00:00\",\"dateModified\":\"2019-11-19T14:27:34+00:00\",\"mainEntityOfPage\":{\"@id\":\"https:\/\/www.mundoagropecuario.cl\/new\/ministro-se-reune-con-pequenos-productores-para-fortalecer-agenda-social-en-el-mundo-rural\/\"},\"wordCount\":457,\"publisher\":{\"@id\":\"https:\/\/www.mundoagropecuario.cl\/new\/#organization\"},\"image\":{\"@id\":\"https:\/\/www.mundoagropecuario.cl\/new\/ministro-se-reune-con-pequenos-productores-para-fortalecer-agenda-social-en-el-mundo-rural\/#primaryimage\"},\"thumbnailUrl\":\"https:\/\/www.mundoagropecuario.cl\/new\/wp-content\/uploads\/2019\/11\/reuni\u00f3n-nochaco-ptooctay.jpg\",\"keywords\":[\"Agricultura\",\"Agro\",\"Ministro Walker\"],\"articleSection\":[\"Agricultura\"],\"inLanguage\":\"es\"},{\"@type\":\"WebPage\",\"@id\":\"https:\/\/www.mundoagropecuario.cl\/new\/ministro-se-reune-con-pequenos-productores-para-fortalecer-agenda-social-en-el-mundo-rural\/\",\"url\":\"https:\/\/www.mundoagropecuario.cl\/new\/ministro-se-reune-con-pequenos-productores-para-fortalecer-agenda-social-en-el-mundo-rural\/\",\"name\":\"Ministro se re\u00fane con peque\u00f1os productores para fortalecer Agenda Social en el mundo rural - Mundoagropecuario\",\"isPartOf\":{\"@id\":\"https:\/\/www.mundoagropecuario.cl\/new\/#website\"},\"primaryImageOfPage\":{\"@id\":\"https:\/\/www.mundoagropecuario.cl\/new\/ministro-se-reune-con-pequenos-productores-para-fortalecer-agenda-social-en-el-mundo-rural\/#primaryimage\"},\"image\":{\"@id\":\"https:\/\/www.mundoagropecuario.cl\/new\/ministro-se-reune-con-pequenos-productores-para-fortalecer-agenda-social-en-el-mundo-rural\/#primaryimage\"},\"thumbnailUrl\":\"https:\/\/www.mundoagropecuario.cl\/new\/wp-content\/uploads\/2019\/11\/reuni\u00f3n-nochaco-ptooctay.jpg\",\"datePublished\":\"2019-11-18T15:04:42+00:00\",\"dateModified\":\"2019-11-19T14:27:34+00:00\",\"breadcrumb\":{\"@id\":\"https:\/\/www.mundoagropecuario.cl\/new\/ministro-se-reune-con-pequenos-productores-para-fortalecer-agenda-social-en-el-mundo-rural\/#breadcrumb\"},\"inLanguage\":\"es\",\"potentialAction\":[{\"@type\":\"ReadAction\",\"target\":[\"https:\/\/www.mundoagropecuario.cl\/new\/ministro-se-reune-con-pequenos-productores-para-fortalecer-agenda-social-en-el-mundo-rural\/\"]}]},{\"@type\":\"ImageObject\",\"inLanguage\":\"es\",\"@id\":\"https:\/\/www.mundoagropecuario.cl\/new\/ministro-se-reune-con-pequenos-productores-para-fortalecer-agenda-social-en-el-mundo-rural\/#primaryimage\",\"url\":\"https:\/\/www.mundoagropecuario.cl\/new\/wp-content\/uploads\/2019\/11\/reuni\u00f3n-nochaco-ptooctay.jpg\",\"contentUrl\":\"https:\/\/www.mundoagropecuario.cl\/new\/wp-content\/uploads\/2019\/11\/reuni\u00f3n-nochaco-ptooctay.jpg\",\"width\":601,\"height\":400},{\"@type\":\"BreadcrumbList\",\"@id\":\"https:\/\/www.mundoagropecuario.cl\/new\/ministro-se-reune-con-pequenos-productores-para-fortalecer-agenda-social-en-el-mundo-rural\/#breadcrumb\",\"itemListElement\":[{\"@type\":\"ListItem\",\"position\":1,\"name\":\"Portada\",\"item\":\"https:\/\/www.mundoagropecuario.cl\/new\/\"},{\"@type\":\"ListItem\",\"position\":2,\"name\":\"Ministro se re\u00fane con peque\u00f1os productores para fortalecer Agenda Social en el mundo rural\"}]},{\"@type\":\"WebSite\",\"@id\":\"https:\/\/www.mundoagropecuario.cl\/new\/#website\",\"url\":\"https:\/\/www.mundoagropecuario.cl\/new\/\",\"name\":\"Mundoagropecuario\",\"description\":\"Mundo Agropecuario\",\"publisher\":{\"@id\":\"https:\/\/www.mundoagropecuario.cl\/new\/#organization\"},\"potentialAction\":[{\"@type\":\"SearchAction\",\"target\":{\"@type\":\"EntryPoint\",\"urlTemplate\":\"https:\/\/www.mundoagropecuario.cl\/new\/?s={search_term_string}\"},\"query-input\":{\"@type\":\"PropertyValueSpecification\",\"valueRequired\":true,\"valueName\":\"search_term_string\"}}],\"inLanguage\":\"es\"},{\"@type\":\"Organization\",\"@id\":\"https:\/\/www.mundoagropecuario.cl\/new\/#organization\",\"name\":\"Revista de Agricultura\",\"url\":\"https:\/\/www.mundoagropecuario.cl\/new\/\",\"logo\":{\"@type\":\"ImageObject\",\"inLanguage\":\"es\",\"@id\":\"https:\/\/www.mundoagropecuario.cl\/new\/#\/schema\/logo\/image\/\",\"url\":\"https:\/\/www.mundoagropecuario.cl\/new\/wp-content\/uploads\/2020\/11\/PORTAL-1-1.png\",\"contentUrl\":\"https:\/\/www.mundoagropecuario.cl\/new\/wp-content\/uploads\/2020\/11\/PORTAL-1-1.png\",\"width\":1026,\"height\":100,\"caption\":\"Revista de Agricultura\"},\"image\":{\"@id\":\"https:\/\/www.mundoagropecuario.cl\/new\/#\/schema\/logo\/image\/\"},\"sameAs\":[\"https:\/\/www.facebook.com\/mundo.agropecuario.3\",\"https:\/\/x.com\/MundoAgropecuar\",\"https:\/\/www.linkedin.com\/in\/mundo-agropecuario-934009201\/\"]},{\"@type\":\"Person\",\"@id\":\"https:\/\/www.mundoagropecuario.cl\/new\/#\/schema\/person\/4e9f74a82a7dac260eb1c44b7eebeb18\",\"name\":\"mundo\",\"url\":\"https:\/\/www.mundoagropecuario.cl\/new\/author\/mundo\/\"}]}<\/script>\n<!-- \/ Yoast SEO plugin. -->","yoast_head_json":{"title":"Ministro se re\u00fane con peque\u00f1os productores para fortalecer Agenda Social en el mundo rural - Mundoagropecuario","robots":{"index":"index","follow":"follow","max-snippet":"max-snippet:-1","max-image-preview":"max-image-preview:large","max-video-preview":"max-video-preview:-1"},"canonical":"https:\/\/www.mundoagropecuario.cl\/new\/ministro-se-reune-con-pequenos-productores-para-fortalecer-agenda-social-en-el-mundo-rural\/","og_locale":"es_ES","og_type":"article","og_title":"Ministro se re\u00fane con peque\u00f1os productores para fortalecer Agenda Social en el mundo rural - Mundoagropecuario","og_description":"El Ministro de agricultura, Antonio Walker sostuvo encuentros con campesinos&nbsp;&nbsp;de Osorno, Puerto Octay y Frutillar (Mundo Agropecuario). Para sostener un di\u00e1logo profundo y enfocado en escuchar las demandas sociales que...","og_url":"https:\/\/www.mundoagropecuario.cl\/new\/ministro-se-reune-con-pequenos-productores-para-fortalecer-agenda-social-en-el-mundo-rural\/","og_site_name":"Mundoagropecuario","article_publisher":"https:\/\/www.facebook.com\/mundo.agropecuario.3","article_published_time":"2019-11-18T15:04:42+00:00","article_modified_time":"2019-11-19T14:27:34+00:00","og_image":[{"width":1024,"height":682,"url":"https:\/\/www.mundoagropecuario.cl\/new\/wp-content\/uploads\/2019\/11\/reuni\u00f3n-nochaco-ptooctay.jpg","type":"image\/jpeg"}],"author":"mundo","twitter_card":"summary_large_image","twitter_creator":"@MundoAgropecuar","twitter_site":"@MundoAgropecuar","twitter_misc":{"Escrito por":"mundo","Tiempo de lectura":"2 minutos"},"schema":{"@context":"https:\/\/schema.org","@graph":[{"@type":"Article","@id":"https:\/\/www.mundoagropecuario.cl\/new\/ministro-se-reune-con-pequenos-productores-para-fortalecer-agenda-social-en-el-mundo-rural\/#article","isPartOf":{"@id":"https:\/\/www.mundoagropecuario.cl\/new\/ministro-se-reune-con-pequenos-productores-para-fortalecer-agenda-social-en-el-mundo-rural\/"},"author":{"name":"mundo","@id":"https:\/\/www.mundoagropecuario.cl\/new\/#\/schema\/person\/4e9f74a82a7dac260eb1c44b7eebeb18"},"headline":"Ministro se re\u00fane con peque\u00f1os productores para fortalecer Agenda Social en el mundo rural","datePublished":"2019-11-18T15:04:42+00:00","dateModified":"2019-11-19T14:27:34+00:00","mainEntityOfPage":{"@id":"https:\/\/www.mundoagropecuario.cl\/new\/ministro-se-reune-con-pequenos-productores-para-fortalecer-agenda-social-en-el-mundo-rural\/"},"wordCount":457,"publisher":{"@id":"https:\/\/www.mundoagropecuario.cl\/new\/#organization"},"image":{"@id":"https:\/\/www.mundoagropecuario.cl\/new\/ministro-se-reune-con-pequenos-productores-para-fortalecer-agenda-social-en-el-mundo-rural\/#primaryimage"},"thumbnailUrl":"https:\/\/www.mundoagropecuario.cl\/new\/wp-content\/uploads\/2019\/11\/reuni\u00f3n-nochaco-ptooctay.jpg","keywords":["Agricultura","Agro","Ministro Walker"],"articleSection":["Agricultura"],"inLanguage":"es"},{"@type":"WebPage","@id":"https:\/\/www.mundoagropecuario.cl\/new\/ministro-se-reune-con-pequenos-productores-para-fortalecer-agenda-social-en-el-mundo-rural\/","url":"https:\/\/www.mundoagropecuario.cl\/new\/ministro-se-reune-con-pequenos-productores-para-fortalecer-agenda-social-en-el-mundo-rural\/","name":"Ministro se re\u00fane con peque\u00f1os productores para fortalecer Agenda Social en el mundo rural - Mundoagropecuario","isPartOf":{"@id":"https:\/\/www.mundoagropecuario.cl\/new\/#website"},"primaryImageOfPage":{"@id":"https:\/\/www.mundoagropecuario.cl\/new\/ministro-se-reune-con-pequenos-productores-para-fortalecer-agenda-social-en-el-mundo-rural\/#primaryimage"},"image":{"@id":"https:\/\/www.mundoagropecuario.cl\/new\/ministro-se-reune-con-pequenos-productores-para-fortalecer-agenda-social-en-el-mundo-rural\/#primaryimage"},"thumbnailUrl":"https:\/\/www.mundoagropecuario.cl\/new\/wp-content\/uploads\/2019\/11\/reuni\u00f3n-nochaco-ptooctay.jpg","datePublished":"2019-11-18T15:04:42+00:00","dateModified":"2019-11-19T14:27:34+00:00","breadcrumb":{"@id":"https:\/\/www.mundoagropecuario.cl\/new\/ministro-se-reune-con-pequenos-productores-para-fortalecer-agenda-social-en-el-mundo-rural\/#breadcrumb"},"inLanguage":"es","potentialAction":[{"@type":"ReadAction","target":["https:\/\/www.mundoagropecuario.cl\/new\/ministro-se-reune-con-pequenos-productores-para-fortalecer-agenda-social-en-el-mundo-rural\/"]}]},{"@type":"ImageObject","inLanguage":"es","@id":"https:\/\/www.mundoagropecuario.cl\/new\/ministro-se-reune-con-pequenos-productores-para-fortalecer-agenda-social-en-el-mundo-rural\/#primaryimage","url":"https:\/\/www.mundoagropecuario.cl\/new\/wp-content\/uploads\/2019\/11\/reuni\u00f3n-nochaco-ptooctay.jpg","contentUrl":"https:\/\/www.mundoagropecuario.cl\/new\/wp-content\/uploads\/2019\/11\/reuni\u00f3n-nochaco-ptooctay.jpg","width":601,"height":400},{"@type":"BreadcrumbList","@id":"https:\/\/www.mundoagropecuario.cl\/new\/ministro-se-reune-con-pequenos-productores-para-fortalecer-agenda-social-en-el-mundo-rural\/#breadcrumb","itemListElement":[{"@type":"ListItem","position":1,"name":"Portada","item":"https:\/\/www.mundoagropecuario.cl\/new\/"},{"@type":"ListItem","position":2,"name":"Ministro se re\u00fane con peque\u00f1os productores para fortalecer Agenda Social en el mundo rural"}]},{"@type":"WebSite","@id":"https:\/\/www.mundoagropecuario.cl\/new\/#website","url":"https:\/\/www.mundoagropecuario.cl\/new\/","name":"Mundoagropecuario","description":"Mundo Agropecuario","publisher":{"@id":"https:\/\/www.mundoagropecuario.cl\/new\/#organization"},"potentialAction":[{"@type":"SearchAction","target":{"@type":"EntryPoint","urlTemplate":"https:\/\/www.mundoagropecuario.cl\/new\/?s={search_term_string}"},"query-input":{"@type":"PropertyValueSpecification","valueRequired":true,"valueName":"search_term_string"}}],"inLanguage":"es"},{"@type":"Organization","@id":"https:\/\/www.mundoagropecuario.cl\/new\/#organization","name":"Revista de Agricultura","url":"https:\/\/www.mundoagropecuario.cl\/new\/","logo":{"@type":"ImageObject","inLanguage":"es","@id":"https:\/\/www.mundoagropecuario.cl\/new\/#\/schema\/logo\/image\/","url":"https:\/\/www.mundoagropecuario.cl\/new\/wp-content\/uploads\/2020\/11\/PORTAL-1-1.png","contentUrl":"https:\/\/www.mundoagropecuario.cl\/new\/wp-content\/uploads\/2020\/11\/PORTAL-1-1.png","width":1026,"height":100,"caption":"Revista de Agricultura"},"image":{"@id":"https:\/\/www.mundoagropecuario.cl\/new\/#\/schema\/logo\/image\/"},"sameAs":["https:\/\/www.facebook.com\/mundo.agropecuario.3","https:\/\/x.com\/MundoAgropecuar","https:\/\/www.linkedin.com\/in\/mundo-agropecuario-934009201\/"]},{"@type":"Person","@id":"https:\/\/www.mundoagropecuario.cl\/new\/#\/schema\/person\/4e9f74a82a7dac260eb1c44b7eebeb18","name":"mundo","url":"https:\/\/www.mundoagropecuario.cl\/new\/author\/mundo\/"}]}},"_links":{"self":[{"href":"https:\/\/www.mundoagropecuario.cl\/new\/wp-json\/wp\/v2\/posts\/14738","targetHints":{"allow":["GET"]}}],"collection":[{"href":"https:\/\/www.mundoagropecuario.cl\/new\/wp-json\/wp\/v2\/posts"}],"about":[{"href":"https:\/\/www.mundoagropecuario.cl\/new\/wp-json\/wp\/v2\/types\/post"}],"author":[{"embeddable":true,"href":"https:\/\/www.mundoagropecuario.cl\/new\/wp-json\/wp\/v2\/users\/2"}],"replies":[{"embeddable":true,"href":"https:\/\/www.mundoagropecuario.cl\/new\/wp-json\/wp\/v2\/comments?post=14738"}],"version-history":[{"count":2,"href":"https:\/\/www.mundoagropecuario.cl\/new\/wp-json\/wp\/v2\/posts\/14738\/revisions"}],"predecessor-version":[{"id":14776,"href":"https:\/\/www.mundoagropecuario.cl\/new\/wp-json\/wp\/v2\/posts\/14738\/revisions\/14776"}],"wp:featuredmedia":[{"embeddable":true,"href":"https:\/\/www.mundoagropecuario.cl\/new\/wp-json\/wp\/v2\/media\/14739"}],"wp:attachment":[{"href":"https:\/\/www.mundoagropecuario.cl\/new\/wp-json\/wp\/v2\/media?parent=14738"}],"wp:term":[{"taxonomy":"category","embeddable":true,"href":"https:\/\/www.mundoagropecuario.cl\/new\/wp-json\/wp\/v2\/categories?post=14738"},{"taxonomy":"post_tag","embeddable":true,"href":"https:\/\/www.mundoagropecuario.cl\/new\/wp-json\/wp\/v2\/tags?post=14738"}],"curies":[{"name":"wp","href":"https:\/\/api.w.org\/{rel}","templated":true}]}}