{"id":14733,"date":"2019-11-18T11:56:03","date_gmt":"2019-11-18T14:56:03","guid":{"rendered":"http:\/\/www.mundoagropecuario.cl\/new\/?p=14733"},"modified":"2019-11-19T11:27:03","modified_gmt":"2019-11-19T14:27:03","slug":"ministro-de-agricultura-inaugura-lecheria-robotica-de-inia-en-osorno","status":"publish","type":"post","link":"https:\/\/www.mundoagropecuario.cl\/new\/ministro-de-agricultura-inaugura-lecheria-robotica-de-inia-en-osorno\/","title":{"rendered":"Ministro de Agricultura inaugura lecher\u00eda rob\u00f3tica de INIA en Osorno"},"content":{"rendered":"\n<ul class=\"wp-block-gallery columns-0 is-cropped wp-block-gallery-1 is-layout-flex wp-block-gallery-is-layout-flex\"><\/ul>\n\n\n\n<p class=\"has-medium-font-size\"><em>La nueva unidad tendr\u00e1 como misi\u00f3n la investigaci\u00f3n, transferencia tecnol\u00f3gica y capacitaci\u00f3n de los productores locales, adem\u00e1s de generar informaci\u00f3n sobre la eficiencia de esta tecnolog\u00eda en los sistemas productivos de leche de la zona sur, que se basan en el consumo directo de praderas (Mundo Agropecuario).<\/em><\/p>\n\n\n\n<p>Una nueva unidad rob\u00f3tica para el sector lechero,  fue inaugurada el  jueves 14 de noviembre,  en instalaciones del Instituto de Investigaciones Agropecuarias (INIA) en Osorno. Se trata de una lecher\u00eda destinada a la investigaci\u00f3n y la transferencia tecnol\u00f3gica, que contribuir\u00e1 al desarrollo de la industria ubicada principalmente en el sur del pa\u00eds.<\/p>\n\n\n\n<figure class=\"wp-block-image\"><img loading=\"lazy\" decoding=\"async\" width=\"1024\" height=\"768\" src=\"https:\/\/www.mundoagropecuario.cl\/new\/wp-content\/uploads\/2019\/11\/Lecher\u00eda-rob\u00f3tica-INIA-11-1024x768.jpeg\" alt=\"\" class=\"wp-image-14736\" srcset=\"https:\/\/www.mundoagropecuario.cl\/new\/wp-content\/uploads\/2019\/11\/Lecher\u00eda-rob\u00f3tica-INIA-11-1024x768.jpeg 1024w, https:\/\/www.mundoagropecuario.cl\/new\/wp-content\/uploads\/2019\/11\/Lecher\u00eda-rob\u00f3tica-INIA-11-586x440.jpeg 586w, https:\/\/www.mundoagropecuario.cl\/new\/wp-content\/uploads\/2019\/11\/Lecher\u00eda-rob\u00f3tica-INIA-11-768x576.jpeg 768w, https:\/\/www.mundoagropecuario.cl\/new\/wp-content\/uploads\/2019\/11\/Lecher\u00eda-rob\u00f3tica-INIA-11.jpeg 533w\" sizes=\"auto, (max-width: 1024px) 100vw, 1024px\" \/><\/figure>\n\n\n\n<p>La ceremonia de inauguraci\u00f3n cont\u00f3 con la presencia del Ministro de Agricultura, Antonio Walker, el Director Nacional de INIA, Pedro Bustos, y el Seremi de Agricultura de Los Lagos, Juan Vicente Barrientos, otras autoridades y productores locales.<\/p>\n\n\n\n<p>Durante la actividad, el Ministro de Agricultura, Antonio Walker, se\u00f1al\u00f3 que \u201ccomo Ministerio, queremos dar a conocer y creemos muy necesario demostrar la mejor forma de utilizar esta tecnolog\u00eda, por lo que, a trav\u00e9s del Instituto de Investigaciones Agropecuarias, hemos destinado una inversi\u00f3n que alcanza los $400 millones para su implementaci\u00f3n. Esto es un paso adelante en la tecnificaci\u00f3n e innovaci\u00f3n de nuestros campos y estamos seguros de que tambi\u00e9n es un paso adelante en acercar la tecnolog\u00eda a los peque\u00f1os productores de nuestro pa\u00eds\u201d.<\/p>\n\n\n\n<p>&nbsp;A su vez, Pedro Bustos, Director Nacional de INIA, sostuvo que \u201cel objetivo de este proyecto es desarrollar un sistema productivo lechero pastoril de orde\u00f1a voluntaria. En este sentido, lo relevante es que esta unidad nos permitir\u00e1 generar informaci\u00f3n mediante investigaci\u00f3n para posteriormente difundirla a trav\u00e9s de una serie de actividades, como d\u00edas de campo, jornadas de actualizaci\u00f3n y seminarios, entre otras\u201d.<\/p>\n\n\n\n<p>&nbsp;Por su parte, el Seremi de Agricultura, Juan Vicente Barrientos, coment\u00f3 que \u201cla Regi\u00f3n de Los Lagos es el coraz\u00f3n de la producci\u00f3n l\u00e1ctea nacional y como tal debe actualizarse constantemente para mejorar sus procesos, estabilidad y sustentabilidad. La incorporaci\u00f3n de esta lecher\u00eda rob\u00f3tica es una contribuci\u00f3n que, como Ministerio de Agricultura, a trav\u00e9s de INIA, queremos hacer a la investigaci\u00f3n del sector, para que sepamos c\u00f3mo aprovechar mejor esta nueva tecnolog\u00eda y la capacitaci\u00f3n en su uso est\u00e9 al alcance de todos los agricultores de la zona\u201d.<\/p>\n\n\n\n<p>Nueva tecnolog\u00eda para el sector lechero<\/p>\n\n\n\n<figure class=\"wp-block-image\"><img loading=\"lazy\" decoding=\"async\" width=\"1024\" height=\"407\" src=\"https:\/\/www.mundoagropecuario.cl\/new\/wp-content\/uploads\/2019\/11\/Lecher\u00eda-rob\u00f3tica-INIA-3-1024x407.jpeg\" alt=\"\" class=\"wp-image-14734\" srcset=\"https:\/\/www.mundoagropecuario.cl\/new\/wp-content\/uploads\/2019\/11\/Lecher\u00eda-rob\u00f3tica-INIA-3-1024x407.jpeg 1024w, https:\/\/www.mundoagropecuario.cl\/new\/wp-content\/uploads\/2019\/11\/Lecher\u00eda-rob\u00f3tica-INIA-3-586x233.jpeg 586w, https:\/\/www.mundoagropecuario.cl\/new\/wp-content\/uploads\/2019\/11\/Lecher\u00eda-rob\u00f3tica-INIA-3-768x305.jpeg 768w, https:\/\/www.mundoagropecuario.cl\/new\/wp-content\/uploads\/2019\/11\/Lecher\u00eda-rob\u00f3tica-INIA-3.jpeg 720w\" sizes=\"auto, (max-width: 1024px) 100vw, 1024px\" \/><\/figure>\n\n\n\n<p>&nbsp;La lecher\u00eda rob\u00f3tica de INIA estar\u00e1 bajo la administraci\u00f3n de INIA Remehue y tendr\u00e1 como misi\u00f3n la investigaci\u00f3n, la transferencia tecnol\u00f3gica y capacitaci\u00f3n de los productores locales, adem\u00e1s de generar informaci\u00f3n sobre la eficiencia de esta tecnolog\u00eda en los sistemas productivos de leche de la zona sur, que se basan en el consumo directo de praderas.<\/p>\n\n\n\n<p>&nbsp;La inversi\u00f3n en infraestructura y equipamiento fue de m\u00e1s de $400 millones, financiado parcialmente por el Fondo Patrimonial Institucional de INIA y la colaboraci\u00f3n de la Empresa Delaval.&nbsp;&nbsp;La obra incluye dos robots de orde\u00f1a, un patio techado, pasarelas, corrales y caminos interiores para el tr\u00e1nsito de vacas lecheras.<\/p>\n","protected":false},"excerpt":{"rendered":"<p>La nueva unidad tendr\u00e1 como misi\u00f3n la investigaci\u00f3n, transferencia tecnol\u00f3gica y capacitaci\u00f3n de los productores locales, adem\u00e1s de generar informaci\u00f3n sobre la eficiencia de esta tecnolog\u00eda en los sistemas productivos&#8230;<\/p>\n","protected":false},"author":2,"featured_media":14735,"comment_status":"closed","ping_status":"closed","sticky":false,"template":"","format":"standard","meta":{"footnotes":""},"categories":[1946],"tags":[4425,2052,2051,2136,2253],"class_list":["post-14733","post","type-post","status-publish","format-standard","has-post-thumbnail","hentry","category-lacteos","tag-director-nacional-de-inia","tag-inia","tag-leche","tag-lecheria","tag-pedro-bustos"],"yoast_head":"<!-- This site is optimized with the Yoast SEO plugin v26.6 - https:\/\/yoast.com\/wordpress\/plugins\/seo\/ -->\n<title>Ministro de Agricultura inaugura lecher\u00eda rob\u00f3tica de INIA en Osorno - Mundoagropecuario<\/title>\n<meta name=\"robots\" content=\"index, follow, max-snippet:-1, max-image-preview:large, max-video-preview:-1\" \/>\n<link rel=\"canonical\" href=\"https:\/\/www.mundoagropecuario.cl\/new\/ministro-de-agricultura-inaugura-lecheria-robotica-de-inia-en-osorno\/\" \/>\n<meta property=\"og:locale\" content=\"es_ES\" \/>\n<meta property=\"og:type\" content=\"article\" \/>\n<meta property=\"og:title\" content=\"Ministro de Agricultura inaugura lecher\u00eda rob\u00f3tica de INIA en Osorno - Mundoagropecuario\" \/>\n<meta property=\"og:description\" content=\"La nueva unidad tendr\u00e1 como misi\u00f3n la investigaci\u00f3n, transferencia tecnol\u00f3gica y capacitaci\u00f3n de los productores locales, adem\u00e1s de generar informaci\u00f3n sobre la eficiencia de esta tecnolog\u00eda en los sistemas productivos...\" \/>\n<meta property=\"og:url\" content=\"https:\/\/www.mundoagropecuario.cl\/new\/ministro-de-agricultura-inaugura-lecheria-robotica-de-inia-en-osorno\/\" \/>\n<meta property=\"og:site_name\" content=\"Mundoagropecuario\" \/>\n<meta property=\"article:publisher\" content=\"https:\/\/www.facebook.com\/mundo.agropecuario.3\" \/>\n<meta property=\"article:published_time\" content=\"2019-11-18T14:56:03+00:00\" \/>\n<meta property=\"article:modified_time\" content=\"2019-11-19T14:27:03+00:00\" \/>\n<meta property=\"og:image\" content=\"https:\/\/www.mundoagropecuario.cl\/new\/wp-content\/uploads\/2019\/11\/Lecher\u00eda-rob\u00f3tica-INIA-5-1.jpeg\" \/>\n\t<meta property=\"og:image:width\" content=\"1024\" \/>\n\t<meta property=\"og:image:height\" content=\"768\" \/>\n\t<meta property=\"og:image:type\" content=\"image\/jpeg\" \/>\n<meta name=\"author\" content=\"mundo\" \/>\n<meta name=\"twitter:card\" content=\"summary_large_image\" \/>\n<meta name=\"twitter:creator\" content=\"@MundoAgropecuar\" \/>\n<meta name=\"twitter:site\" content=\"@MundoAgropecuar\" \/>\n<meta name=\"twitter:label1\" content=\"Escrito por\" \/>\n\t<meta name=\"twitter:data1\" content=\"mundo\" \/>\n\t<meta name=\"twitter:label2\" content=\"Tiempo de lectura\" \/>\n\t<meta name=\"twitter:data2\" content=\"3 minutos\" \/>\n<script type=\"application\/ld+json\" class=\"yoast-schema-graph\">{\"@context\":\"https:\/\/schema.org\",\"@graph\":[{\"@type\":\"Article\",\"@id\":\"https:\/\/www.mundoagropecuario.cl\/new\/ministro-de-agricultura-inaugura-lecheria-robotica-de-inia-en-osorno\/#article\",\"isPartOf\":{\"@id\":\"https:\/\/www.mundoagropecuario.cl\/new\/ministro-de-agricultura-inaugura-lecheria-robotica-de-inia-en-osorno\/\"},\"author\":{\"name\":\"mundo\",\"@id\":\"https:\/\/www.mundoagropecuario.cl\/new\/#\/schema\/person\/4e9f74a82a7dac260eb1c44b7eebeb18\"},\"headline\":\"Ministro de Agricultura inaugura lecher\u00eda rob\u00f3tica de INIA en Osorno\",\"datePublished\":\"2019-11-18T14:56:03+00:00\",\"dateModified\":\"2019-11-19T14:27:03+00:00\",\"mainEntityOfPage\":{\"@id\":\"https:\/\/www.mundoagropecuario.cl\/new\/ministro-de-agricultura-inaugura-lecheria-robotica-de-inia-en-osorno\/\"},\"wordCount\":556,\"publisher\":{\"@id\":\"https:\/\/www.mundoagropecuario.cl\/new\/#organization\"},\"image\":{\"@id\":\"https:\/\/www.mundoagropecuario.cl\/new\/ministro-de-agricultura-inaugura-lecheria-robotica-de-inia-en-osorno\/#primaryimage\"},\"thumbnailUrl\":\"https:\/\/www.mundoagropecuario.cl\/new\/wp-content\/uploads\/2019\/11\/Lecher\u00eda-rob\u00f3tica-INIA-5-1.jpeg\",\"keywords\":[\"Director Nacional de INIA\",\"INIA\",\"Leche\",\"Lecher\u00eda\",\"Pedro Bustos\"],\"articleSection\":[\"L\u00e1cteos\"],\"inLanguage\":\"es\"},{\"@type\":\"WebPage\",\"@id\":\"https:\/\/www.mundoagropecuario.cl\/new\/ministro-de-agricultura-inaugura-lecheria-robotica-de-inia-en-osorno\/\",\"url\":\"https:\/\/www.mundoagropecuario.cl\/new\/ministro-de-agricultura-inaugura-lecheria-robotica-de-inia-en-osorno\/\",\"name\":\"Ministro de Agricultura inaugura lecher\u00eda rob\u00f3tica de INIA en Osorno - Mundoagropecuario\",\"isPartOf\":{\"@id\":\"https:\/\/www.mundoagropecuario.cl\/new\/#website\"},\"primaryImageOfPage\":{\"@id\":\"https:\/\/www.mundoagropecuario.cl\/new\/ministro-de-agricultura-inaugura-lecheria-robotica-de-inia-en-osorno\/#primaryimage\"},\"image\":{\"@id\":\"https:\/\/www.mundoagropecuario.cl\/new\/ministro-de-agricultura-inaugura-lecheria-robotica-de-inia-en-osorno\/#primaryimage\"},\"thumbnailUrl\":\"https:\/\/www.mundoagropecuario.cl\/new\/wp-content\/uploads\/2019\/11\/Lecher\u00eda-rob\u00f3tica-INIA-5-1.jpeg\",\"datePublished\":\"2019-11-18T14:56:03+00:00\",\"dateModified\":\"2019-11-19T14:27:03+00:00\",\"breadcrumb\":{\"@id\":\"https:\/\/www.mundoagropecuario.cl\/new\/ministro-de-agricultura-inaugura-lecheria-robotica-de-inia-en-osorno\/#breadcrumb\"},\"inLanguage\":\"es\",\"potentialAction\":[{\"@type\":\"ReadAction\",\"target\":[\"https:\/\/www.mundoagropecuario.cl\/new\/ministro-de-agricultura-inaugura-lecheria-robotica-de-inia-en-osorno\/\"]}]},{\"@type\":\"ImageObject\",\"inLanguage\":\"es\",\"@id\":\"https:\/\/www.mundoagropecuario.cl\/new\/ministro-de-agricultura-inaugura-lecheria-robotica-de-inia-en-osorno\/#primaryimage\",\"url\":\"https:\/\/www.mundoagropecuario.cl\/new\/wp-content\/uploads\/2019\/11\/Lecher\u00eda-rob\u00f3tica-INIA-5-1.jpeg\",\"contentUrl\":\"https:\/\/www.mundoagropecuario.cl\/new\/wp-content\/uploads\/2019\/11\/Lecher\u00eda-rob\u00f3tica-INIA-5-1.jpeg\",\"width\":533,\"height\":400},{\"@type\":\"BreadcrumbList\",\"@id\":\"https:\/\/www.mundoagropecuario.cl\/new\/ministro-de-agricultura-inaugura-lecheria-robotica-de-inia-en-osorno\/#breadcrumb\",\"itemListElement\":[{\"@type\":\"ListItem\",\"position\":1,\"name\":\"Portada\",\"item\":\"https:\/\/www.mundoagropecuario.cl\/new\/\"},{\"@type\":\"ListItem\",\"position\":2,\"name\":\"Ministro de Agricultura inaugura lecher\u00eda rob\u00f3tica de INIA en Osorno\"}]},{\"@type\":\"WebSite\",\"@id\":\"https:\/\/www.mundoagropecuario.cl\/new\/#website\",\"url\":\"https:\/\/www.mundoagropecuario.cl\/new\/\",\"name\":\"Mundoagropecuario\",\"description\":\"Mundo Agropecuario\",\"publisher\":{\"@id\":\"https:\/\/www.mundoagropecuario.cl\/new\/#organization\"},\"potentialAction\":[{\"@type\":\"SearchAction\",\"target\":{\"@type\":\"EntryPoint\",\"urlTemplate\":\"https:\/\/www.mundoagropecuario.cl\/new\/?s={search_term_string}\"},\"query-input\":{\"@type\":\"PropertyValueSpecification\",\"valueRequired\":true,\"valueName\":\"search_term_string\"}}],\"inLanguage\":\"es\"},{\"@type\":\"Organization\",\"@id\":\"https:\/\/www.mundoagropecuario.cl\/new\/#organization\",\"name\":\"Revista de Agricultura\",\"url\":\"https:\/\/www.mundoagropecuario.cl\/new\/\",\"logo\":{\"@type\":\"ImageObject\",\"inLanguage\":\"es\",\"@id\":\"https:\/\/www.mundoagropecuario.cl\/new\/#\/schema\/logo\/image\/\",\"url\":\"https:\/\/www.mundoagropecuario.cl\/new\/wp-content\/uploads\/2020\/11\/PORTAL-1-1.png\",\"contentUrl\":\"https:\/\/www.mundoagropecuario.cl\/new\/wp-content\/uploads\/2020\/11\/PORTAL-1-1.png\",\"width\":1026,\"height\":100,\"caption\":\"Revista de Agricultura\"},\"image\":{\"@id\":\"https:\/\/www.mundoagropecuario.cl\/new\/#\/schema\/logo\/image\/\"},\"sameAs\":[\"https:\/\/www.facebook.com\/mundo.agropecuario.3\",\"https:\/\/x.com\/MundoAgropecuar\",\"https:\/\/www.linkedin.com\/in\/mundo-agropecuario-934009201\/\"]},{\"@type\":\"Person\",\"@id\":\"https:\/\/www.mundoagropecuario.cl\/new\/#\/schema\/person\/4e9f74a82a7dac260eb1c44b7eebeb18\",\"name\":\"mundo\",\"url\":\"https:\/\/www.mundoagropecuario.cl\/new\/author\/mundo\/\"}]}<\/script>\n<!-- \/ Yoast SEO plugin. -->","yoast_head_json":{"title":"Ministro de Agricultura inaugura lecher\u00eda rob\u00f3tica de INIA en Osorno - Mundoagropecuario","robots":{"index":"index","follow":"follow","max-snippet":"max-snippet:-1","max-image-preview":"max-image-preview:large","max-video-preview":"max-video-preview:-1"},"canonical":"https:\/\/www.mundoagropecuario.cl\/new\/ministro-de-agricultura-inaugura-lecheria-robotica-de-inia-en-osorno\/","og_locale":"es_ES","og_type":"article","og_title":"Ministro de Agricultura inaugura lecher\u00eda rob\u00f3tica de INIA en Osorno - Mundoagropecuario","og_description":"La nueva unidad tendr\u00e1 como misi\u00f3n la investigaci\u00f3n, transferencia tecnol\u00f3gica y capacitaci\u00f3n de los productores locales, adem\u00e1s de generar informaci\u00f3n sobre la eficiencia de esta tecnolog\u00eda en los sistemas productivos...","og_url":"https:\/\/www.mundoagropecuario.cl\/new\/ministro-de-agricultura-inaugura-lecheria-robotica-de-inia-en-osorno\/","og_site_name":"Mundoagropecuario","article_publisher":"https:\/\/www.facebook.com\/mundo.agropecuario.3","article_published_time":"2019-11-18T14:56:03+00:00","article_modified_time":"2019-11-19T14:27:03+00:00","og_image":[{"width":1024,"height":768,"url":"https:\/\/www.mundoagropecuario.cl\/new\/wp-content\/uploads\/2019\/11\/Lecher\u00eda-rob\u00f3tica-INIA-5-1.jpeg","type":"image\/jpeg"}],"author":"mundo","twitter_card":"summary_large_image","twitter_creator":"@MundoAgropecuar","twitter_site":"@MundoAgropecuar","twitter_misc":{"Escrito por":"mundo","Tiempo de lectura":"3 minutos"},"schema":{"@context":"https:\/\/schema.org","@graph":[{"@type":"Article","@id":"https:\/\/www.mundoagropecuario.cl\/new\/ministro-de-agricultura-inaugura-lecheria-robotica-de-inia-en-osorno\/#article","isPartOf":{"@id":"https:\/\/www.mundoagropecuario.cl\/new\/ministro-de-agricultura-inaugura-lecheria-robotica-de-inia-en-osorno\/"},"author":{"name":"mundo","@id":"https:\/\/www.mundoagropecuario.cl\/new\/#\/schema\/person\/4e9f74a82a7dac260eb1c44b7eebeb18"},"headline":"Ministro de Agricultura inaugura lecher\u00eda rob\u00f3tica de INIA en Osorno","datePublished":"2019-11-18T14:56:03+00:00","dateModified":"2019-11-19T14:27:03+00:00","mainEntityOfPage":{"@id":"https:\/\/www.mundoagropecuario.cl\/new\/ministro-de-agricultura-inaugura-lecheria-robotica-de-inia-en-osorno\/"},"wordCount":556,"publisher":{"@id":"https:\/\/www.mundoagropecuario.cl\/new\/#organization"},"image":{"@id":"https:\/\/www.mundoagropecuario.cl\/new\/ministro-de-agricultura-inaugura-lecheria-robotica-de-inia-en-osorno\/#primaryimage"},"thumbnailUrl":"https:\/\/www.mundoagropecuario.cl\/new\/wp-content\/uploads\/2019\/11\/Lecher\u00eda-rob\u00f3tica-INIA-5-1.jpeg","keywords":["Director Nacional de INIA","INIA","Leche","Lecher\u00eda","Pedro Bustos"],"articleSection":["L\u00e1cteos"],"inLanguage":"es"},{"@type":"WebPage","@id":"https:\/\/www.mundoagropecuario.cl\/new\/ministro-de-agricultura-inaugura-lecheria-robotica-de-inia-en-osorno\/","url":"https:\/\/www.mundoagropecuario.cl\/new\/ministro-de-agricultura-inaugura-lecheria-robotica-de-inia-en-osorno\/","name":"Ministro de Agricultura inaugura lecher\u00eda rob\u00f3tica de INIA en Osorno - Mundoagropecuario","isPartOf":{"@id":"https:\/\/www.mundoagropecuario.cl\/new\/#website"},"primaryImageOfPage":{"@id":"https:\/\/www.mundoagropecuario.cl\/new\/ministro-de-agricultura-inaugura-lecheria-robotica-de-inia-en-osorno\/#primaryimage"},"image":{"@id":"https:\/\/www.mundoagropecuario.cl\/new\/ministro-de-agricultura-inaugura-lecheria-robotica-de-inia-en-osorno\/#primaryimage"},"thumbnailUrl":"https:\/\/www.mundoagropecuario.cl\/new\/wp-content\/uploads\/2019\/11\/Lecher\u00eda-rob\u00f3tica-INIA-5-1.jpeg","datePublished":"2019-11-18T14:56:03+00:00","dateModified":"2019-11-19T14:27:03+00:00","breadcrumb":{"@id":"https:\/\/www.mundoagropecuario.cl\/new\/ministro-de-agricultura-inaugura-lecheria-robotica-de-inia-en-osorno\/#breadcrumb"},"inLanguage":"es","potentialAction":[{"@type":"ReadAction","target":["https:\/\/www.mundoagropecuario.cl\/new\/ministro-de-agricultura-inaugura-lecheria-robotica-de-inia-en-osorno\/"]}]},{"@type":"ImageObject","inLanguage":"es","@id":"https:\/\/www.mundoagropecuario.cl\/new\/ministro-de-agricultura-inaugura-lecheria-robotica-de-inia-en-osorno\/#primaryimage","url":"https:\/\/www.mundoagropecuario.cl\/new\/wp-content\/uploads\/2019\/11\/Lecher\u00eda-rob\u00f3tica-INIA-5-1.jpeg","contentUrl":"https:\/\/www.mundoagropecuario.cl\/new\/wp-content\/uploads\/2019\/11\/Lecher\u00eda-rob\u00f3tica-INIA-5-1.jpeg","width":533,"height":400},{"@type":"BreadcrumbList","@id":"https:\/\/www.mundoagropecuario.cl\/new\/ministro-de-agricultura-inaugura-lecheria-robotica-de-inia-en-osorno\/#breadcrumb","itemListElement":[{"@type":"ListItem","position":1,"name":"Portada","item":"https:\/\/www.mundoagropecuario.cl\/new\/"},{"@type":"ListItem","position":2,"name":"Ministro de Agricultura inaugura lecher\u00eda rob\u00f3tica de INIA en Osorno"}]},{"@type":"WebSite","@id":"https:\/\/www.mundoagropecuario.cl\/new\/#website","url":"https:\/\/www.mundoagropecuario.cl\/new\/","name":"Mundoagropecuario","description":"Mundo Agropecuario","publisher":{"@id":"https:\/\/www.mundoagropecuario.cl\/new\/#organization"},"potentialAction":[{"@type":"SearchAction","target":{"@type":"EntryPoint","urlTemplate":"https:\/\/www.mundoagropecuario.cl\/new\/?s={search_term_string}"},"query-input":{"@type":"PropertyValueSpecification","valueRequired":true,"valueName":"search_term_string"}}],"inLanguage":"es"},{"@type":"Organization","@id":"https:\/\/www.mundoagropecuario.cl\/new\/#organization","name":"Revista de Agricultura","url":"https:\/\/www.mundoagropecuario.cl\/new\/","logo":{"@type":"ImageObject","inLanguage":"es","@id":"https:\/\/www.mundoagropecuario.cl\/new\/#\/schema\/logo\/image\/","url":"https:\/\/www.mundoagropecuario.cl\/new\/wp-content\/uploads\/2020\/11\/PORTAL-1-1.png","contentUrl":"https:\/\/www.mundoagropecuario.cl\/new\/wp-content\/uploads\/2020\/11\/PORTAL-1-1.png","width":1026,"height":100,"caption":"Revista de Agricultura"},"image":{"@id":"https:\/\/www.mundoagropecuario.cl\/new\/#\/schema\/logo\/image\/"},"sameAs":["https:\/\/www.facebook.com\/mundo.agropecuario.3","https:\/\/x.com\/MundoAgropecuar","https:\/\/www.linkedin.com\/in\/mundo-agropecuario-934009201\/"]},{"@type":"Person","@id":"https:\/\/www.mundoagropecuario.cl\/new\/#\/schema\/person\/4e9f74a82a7dac260eb1c44b7eebeb18","name":"mundo","url":"https:\/\/www.mundoagropecuario.cl\/new\/author\/mundo\/"}]}},"_links":{"self":[{"href":"https:\/\/www.mundoagropecuario.cl\/new\/wp-json\/wp\/v2\/posts\/14733","targetHints":{"allow":["GET"]}}],"collection":[{"href":"https:\/\/www.mundoagropecuario.cl\/new\/wp-json\/wp\/v2\/posts"}],"about":[{"href":"https:\/\/www.mundoagropecuario.cl\/new\/wp-json\/wp\/v2\/types\/post"}],"author":[{"embeddable":true,"href":"https:\/\/www.mundoagropecuario.cl\/new\/wp-json\/wp\/v2\/users\/2"}],"replies":[{"embeddable":true,"href":"https:\/\/www.mundoagropecuario.cl\/new\/wp-json\/wp\/v2\/comments?post=14733"}],"version-history":[{"count":1,"href":"https:\/\/www.mundoagropecuario.cl\/new\/wp-json\/wp\/v2\/posts\/14733\/revisions"}],"predecessor-version":[{"id":14737,"href":"https:\/\/www.mundoagropecuario.cl\/new\/wp-json\/wp\/v2\/posts\/14733\/revisions\/14737"}],"wp:featuredmedia":[{"embeddable":true,"href":"https:\/\/www.mundoagropecuario.cl\/new\/wp-json\/wp\/v2\/media\/14735"}],"wp:attachment":[{"href":"https:\/\/www.mundoagropecuario.cl\/new\/wp-json\/wp\/v2\/media?parent=14733"}],"wp:term":[{"taxonomy":"category","embeddable":true,"href":"https:\/\/www.mundoagropecuario.cl\/new\/wp-json\/wp\/v2\/categories?post=14733"},{"taxonomy":"post_tag","embeddable":true,"href":"https:\/\/www.mundoagropecuario.cl\/new\/wp-json\/wp\/v2\/tags?post=14733"}],"curies":[{"name":"wp","href":"https:\/\/api.w.org\/{rel}","templated":true}]}}