{"id":14691,"date":"2019-11-11T01:30:22","date_gmt":"2019-11-11T04:30:22","guid":{"rendered":"http:\/\/www.mundoagropecuario.cl\/new\/?p=14691"},"modified":"2019-11-19T11:30:46","modified_gmt":"2019-11-19T14:30:46","slug":"en-purranque-pequenos-agricultores-participaron-en-dia-de-campo-de-cultivos-forrajeros","status":"publish","type":"post","link":"https:\/\/www.mundoagropecuario.cl\/new\/en-purranque-pequenos-agricultores-participaron-en-dia-de-campo-de-cultivos-forrajeros\/","title":{"rendered":"En Purranque peque\u00f1os agricultores participaron en d\u00eda de campo de cultivos forrajeros"},"content":{"rendered":"\n<ul class=\"wp-block-gallery columns-0 is-cropped wp-block-gallery-1 is-layout-flex wp-block-gallery-is-layout-flex\"><\/ul>\n\n\n\n<p><\/p>\n\n\n\n<p class=\"has-medium-font-size\"><em>Profesionales del equipo t\u00e9cnico de la Cooperativa dieron a conocer informaci\u00f3n de cultivos sembrados en parcelas demostrativas, as\u00ed como tambi\u00e9n ahondaron en la utilizaci\u00f3n del cerco el\u00e9ctrico en predios (Mundo Agropecuario).<\/em><\/p>\n\n\n\n<p>Veinte peque\u00f1os agricultores de la regi\u00f3n\nde Los Lagos participaron en un D\u00eda de Campo de Cultivos Forrajeros organizado\npor el equipo Prodesal de Purranque en conjunto con el Departamento Agr\u00edcola de\nCooprinsem.<\/p>\n\n\n\n<p>Esta actividad tuvo lugar en el predio\ndel agricultor Sergio C\u00e1rdenas, en el sector de Los Riscos, y contempl\u00f3 charlas\nt\u00e9cnicas y una visita guiada para conocer los resultados de parcelas\ndemostrativas con establecimiento de especies forrajeras.<\/p>\n\n\n\n<p>En el recorrido por el predio, los\npeque\u00f1os agricultores pudieron observar el establecimiento de pasto en praderas\ndonde se sembr\u00f3 Ballica Bianual Asset a fines del mes de marzo, adem\u00e1s de\nensayos con la especie Pastovillo Savvy asociado con la variedad Siete Venas\nTonic. Acompa\u00f1\u00f3 a los agricultores usuarios del programa Prodesal en esta\nvisita el profesional del Departamento Agr\u00edcola de Cooprinsem, Felipe Salinas,\nquien destac\u00f3 \u201cla importancia de poder ver en terreno c\u00f3mo se han ido\nestableciendo estas especies forrajeras, y poder evidenciar que estos cultivos\nson una alternativa como forraje para la peque\u00f1a agricultura en \u00e9poca estival\u201d,\nindic\u00f3 el profesional.<\/p>\n\n\n\n<p>En la ocasi\u00f3n, profesionales de\nCooprinsem dieron a conocer informaci\u00f3n t\u00e9cnica de los cultivos sembrados, as\u00ed\ncomo tambi\u00e9n respecto a la utilizaci\u00f3n de cerco el\u00e9ctrico en predios. Esta\nparte estuvo a cargo del profesional Javier Garc\u00eda, quien se refiri\u00f3 al\ncorrecto uso de este tipo de tecnolog\u00eda, brindando adem\u00e1s orientaciones\nt\u00e9cnicas en lo relacionado a c\u00f3mo se consume esta pradera, estimando la franja\nde consumo diario de acuerdo al n\u00famero de animales.<\/p>\n","protected":false},"excerpt":{"rendered":"<p>Profesionales del equipo t\u00e9cnico de la Cooperativa dieron a conocer informaci\u00f3n de cultivos sembrados en parcelas demostrativas, as\u00ed como tambi\u00e9n ahondaron en la utilizaci\u00f3n del cerco el\u00e9ctrico en predios (Mundo&#8230;<\/p>\n","protected":false},"author":2,"featured_media":14692,"comment_status":"closed","ping_status":"closed","sticky":false,"template":"","format":"standard","meta":{"footnotes":""},"categories":[1945],"tags":[2090,2261],"class_list":["post-14691","post","type-post","status-publish","format-standard","has-post-thumbnail","hentry","category-agricultura","tag-agricultura","tag-cooprinsem"],"yoast_head":"<!-- This site is optimized with the Yoast SEO plugin v26.6 - https:\/\/yoast.com\/wordpress\/plugins\/seo\/ -->\n<title>En Purranque peque\u00f1os agricultores participaron en d\u00eda de campo de cultivos forrajeros - Mundoagropecuario<\/title>\n<meta name=\"robots\" content=\"index, follow, max-snippet:-1, max-image-preview:large, max-video-preview:-1\" \/>\n<link rel=\"canonical\" href=\"https:\/\/www.mundoagropecuario.cl\/new\/en-purranque-pequenos-agricultores-participaron-en-dia-de-campo-de-cultivos-forrajeros\/\" \/>\n<meta property=\"og:locale\" content=\"es_ES\" \/>\n<meta property=\"og:type\" content=\"article\" \/>\n<meta property=\"og:title\" content=\"En Purranque peque\u00f1os agricultores participaron en d\u00eda de campo de cultivos forrajeros - Mundoagropecuario\" \/>\n<meta property=\"og:description\" content=\"Profesionales del equipo t\u00e9cnico de la Cooperativa dieron a conocer informaci\u00f3n de cultivos sembrados en parcelas demostrativas, as\u00ed como tambi\u00e9n ahondaron en la utilizaci\u00f3n del cerco el\u00e9ctrico en predios (Mundo...\" \/>\n<meta property=\"og:url\" content=\"https:\/\/www.mundoagropecuario.cl\/new\/en-purranque-pequenos-agricultores-participaron-en-dia-de-campo-de-cultivos-forrajeros\/\" \/>\n<meta property=\"og:site_name\" content=\"Mundoagropecuario\" \/>\n<meta property=\"article:publisher\" content=\"https:\/\/www.facebook.com\/mundo.agropecuario.3\" \/>\n<meta property=\"article:published_time\" content=\"2019-11-11T04:30:22+00:00\" \/>\n<meta property=\"article:modified_time\" content=\"2019-11-19T14:30:46+00:00\" \/>\n<meta property=\"og:image\" content=\"https:\/\/www.mundoagropecuario.cl\/new\/wp-content\/uploads\/2019\/11\/Di\u0301a-de-Campo-Cultivos-Forrajeros-Cooprinsem2.jpg\" \/>\n\t<meta property=\"og:image:width\" content=\"971\" \/>\n\t<meta property=\"og:image:height\" content=\"640\" \/>\n\t<meta property=\"og:image:type\" content=\"image\/jpeg\" \/>\n<meta name=\"author\" content=\"mundo\" \/>\n<meta name=\"twitter:card\" content=\"summary_large_image\" \/>\n<meta name=\"twitter:creator\" content=\"@MundoAgropecuar\" \/>\n<meta name=\"twitter:site\" content=\"@MundoAgropecuar\" \/>\n<meta name=\"twitter:label1\" content=\"Escrito por\" \/>\n\t<meta name=\"twitter:data1\" content=\"mundo\" \/>\n\t<meta name=\"twitter:label2\" content=\"Tiempo de lectura\" \/>\n\t<meta name=\"twitter:data2\" content=\"2 minutos\" \/>\n<script type=\"application\/ld+json\" class=\"yoast-schema-graph\">{\"@context\":\"https:\/\/schema.org\",\"@graph\":[{\"@type\":\"Article\",\"@id\":\"https:\/\/www.mundoagropecuario.cl\/new\/en-purranque-pequenos-agricultores-participaron-en-dia-de-campo-de-cultivos-forrajeros\/#article\",\"isPartOf\":{\"@id\":\"https:\/\/www.mundoagropecuario.cl\/new\/en-purranque-pequenos-agricultores-participaron-en-dia-de-campo-de-cultivos-forrajeros\/\"},\"author\":{\"name\":\"mundo\",\"@id\":\"https:\/\/www.mundoagropecuario.cl\/new\/#\/schema\/person\/4e9f74a82a7dac260eb1c44b7eebeb18\"},\"headline\":\"En Purranque peque\u00f1os agricultores participaron en d\u00eda de campo de cultivos forrajeros\",\"datePublished\":\"2019-11-11T04:30:22+00:00\",\"dateModified\":\"2019-11-19T14:30:46+00:00\",\"mainEntityOfPage\":{\"@id\":\"https:\/\/www.mundoagropecuario.cl\/new\/en-purranque-pequenos-agricultores-participaron-en-dia-de-campo-de-cultivos-forrajeros\/\"},\"wordCount\":317,\"publisher\":{\"@id\":\"https:\/\/www.mundoagropecuario.cl\/new\/#organization\"},\"image\":{\"@id\":\"https:\/\/www.mundoagropecuario.cl\/new\/en-purranque-pequenos-agricultores-participaron-en-dia-de-campo-de-cultivos-forrajeros\/#primaryimage\"},\"thumbnailUrl\":\"https:\/\/www.mundoagropecuario.cl\/new\/wp-content\/uploads\/2019\/11\/Di\u0301a-de-Campo-Cultivos-Forrajeros-Cooprinsem2.jpg\",\"keywords\":[\"Agricultura\",\"Cooprinsem\"],\"articleSection\":[\"Agricultura\"],\"inLanguage\":\"es\"},{\"@type\":\"WebPage\",\"@id\":\"https:\/\/www.mundoagropecuario.cl\/new\/en-purranque-pequenos-agricultores-participaron-en-dia-de-campo-de-cultivos-forrajeros\/\",\"url\":\"https:\/\/www.mundoagropecuario.cl\/new\/en-purranque-pequenos-agricultores-participaron-en-dia-de-campo-de-cultivos-forrajeros\/\",\"name\":\"En Purranque peque\u00f1os agricultores participaron en d\u00eda de campo de cultivos forrajeros - Mundoagropecuario\",\"isPartOf\":{\"@id\":\"https:\/\/www.mundoagropecuario.cl\/new\/#website\"},\"primaryImageOfPage\":{\"@id\":\"https:\/\/www.mundoagropecuario.cl\/new\/en-purranque-pequenos-agricultores-participaron-en-dia-de-campo-de-cultivos-forrajeros\/#primaryimage\"},\"image\":{\"@id\":\"https:\/\/www.mundoagropecuario.cl\/new\/en-purranque-pequenos-agricultores-participaron-en-dia-de-campo-de-cultivos-forrajeros\/#primaryimage\"},\"thumbnailUrl\":\"https:\/\/www.mundoagropecuario.cl\/new\/wp-content\/uploads\/2019\/11\/Di\u0301a-de-Campo-Cultivos-Forrajeros-Cooprinsem2.jpg\",\"datePublished\":\"2019-11-11T04:30:22+00:00\",\"dateModified\":\"2019-11-19T14:30:46+00:00\",\"breadcrumb\":{\"@id\":\"https:\/\/www.mundoagropecuario.cl\/new\/en-purranque-pequenos-agricultores-participaron-en-dia-de-campo-de-cultivos-forrajeros\/#breadcrumb\"},\"inLanguage\":\"es\",\"potentialAction\":[{\"@type\":\"ReadAction\",\"target\":[\"https:\/\/www.mundoagropecuario.cl\/new\/en-purranque-pequenos-agricultores-participaron-en-dia-de-campo-de-cultivos-forrajeros\/\"]}]},{\"@type\":\"ImageObject\",\"inLanguage\":\"es\",\"@id\":\"https:\/\/www.mundoagropecuario.cl\/new\/en-purranque-pequenos-agricultores-participaron-en-dia-de-campo-de-cultivos-forrajeros\/#primaryimage\",\"url\":\"https:\/\/www.mundoagropecuario.cl\/new\/wp-content\/uploads\/2019\/11\/Di\u0301a-de-Campo-Cultivos-Forrajeros-Cooprinsem2.jpg\",\"contentUrl\":\"https:\/\/www.mundoagropecuario.cl\/new\/wp-content\/uploads\/2019\/11\/Di\u0301a-de-Campo-Cultivos-Forrajeros-Cooprinsem2.jpg\",\"width\":607,\"height\":400},{\"@type\":\"BreadcrumbList\",\"@id\":\"https:\/\/www.mundoagropecuario.cl\/new\/en-purranque-pequenos-agricultores-participaron-en-dia-de-campo-de-cultivos-forrajeros\/#breadcrumb\",\"itemListElement\":[{\"@type\":\"ListItem\",\"position\":1,\"name\":\"Portada\",\"item\":\"https:\/\/www.mundoagropecuario.cl\/new\/\"},{\"@type\":\"ListItem\",\"position\":2,\"name\":\"En Purranque peque\u00f1os agricultores participaron en d\u00eda de campo de cultivos forrajeros\"}]},{\"@type\":\"WebSite\",\"@id\":\"https:\/\/www.mundoagropecuario.cl\/new\/#website\",\"url\":\"https:\/\/www.mundoagropecuario.cl\/new\/\",\"name\":\"Mundoagropecuario\",\"description\":\"Mundo Agropecuario\",\"publisher\":{\"@id\":\"https:\/\/www.mundoagropecuario.cl\/new\/#organization\"},\"potentialAction\":[{\"@type\":\"SearchAction\",\"target\":{\"@type\":\"EntryPoint\",\"urlTemplate\":\"https:\/\/www.mundoagropecuario.cl\/new\/?s={search_term_string}\"},\"query-input\":{\"@type\":\"PropertyValueSpecification\",\"valueRequired\":true,\"valueName\":\"search_term_string\"}}],\"inLanguage\":\"es\"},{\"@type\":\"Organization\",\"@id\":\"https:\/\/www.mundoagropecuario.cl\/new\/#organization\",\"name\":\"Revista de Agricultura\",\"url\":\"https:\/\/www.mundoagropecuario.cl\/new\/\",\"logo\":{\"@type\":\"ImageObject\",\"inLanguage\":\"es\",\"@id\":\"https:\/\/www.mundoagropecuario.cl\/new\/#\/schema\/logo\/image\/\",\"url\":\"https:\/\/www.mundoagropecuario.cl\/new\/wp-content\/uploads\/2020\/11\/PORTAL-1-1.png\",\"contentUrl\":\"https:\/\/www.mundoagropecuario.cl\/new\/wp-content\/uploads\/2020\/11\/PORTAL-1-1.png\",\"width\":1026,\"height\":100,\"caption\":\"Revista de Agricultura\"},\"image\":{\"@id\":\"https:\/\/www.mundoagropecuario.cl\/new\/#\/schema\/logo\/image\/\"},\"sameAs\":[\"https:\/\/www.facebook.com\/mundo.agropecuario.3\",\"https:\/\/x.com\/MundoAgropecuar\",\"https:\/\/www.linkedin.com\/in\/mundo-agropecuario-934009201\/\"]},{\"@type\":\"Person\",\"@id\":\"https:\/\/www.mundoagropecuario.cl\/new\/#\/schema\/person\/4e9f74a82a7dac260eb1c44b7eebeb18\",\"name\":\"mundo\",\"url\":\"https:\/\/www.mundoagropecuario.cl\/new\/author\/mundo\/\"}]}<\/script>\n<!-- \/ Yoast SEO plugin. -->","yoast_head_json":{"title":"En Purranque peque\u00f1os agricultores participaron en d\u00eda de campo de cultivos forrajeros - Mundoagropecuario","robots":{"index":"index","follow":"follow","max-snippet":"max-snippet:-1","max-image-preview":"max-image-preview:large","max-video-preview":"max-video-preview:-1"},"canonical":"https:\/\/www.mundoagropecuario.cl\/new\/en-purranque-pequenos-agricultores-participaron-en-dia-de-campo-de-cultivos-forrajeros\/","og_locale":"es_ES","og_type":"article","og_title":"En Purranque peque\u00f1os agricultores participaron en d\u00eda de campo de cultivos forrajeros - Mundoagropecuario","og_description":"Profesionales del equipo t\u00e9cnico de la Cooperativa dieron a conocer informaci\u00f3n de cultivos sembrados en parcelas demostrativas, as\u00ed como tambi\u00e9n ahondaron en la utilizaci\u00f3n del cerco el\u00e9ctrico en predios (Mundo...","og_url":"https:\/\/www.mundoagropecuario.cl\/new\/en-purranque-pequenos-agricultores-participaron-en-dia-de-campo-de-cultivos-forrajeros\/","og_site_name":"Mundoagropecuario","article_publisher":"https:\/\/www.facebook.com\/mundo.agropecuario.3","article_published_time":"2019-11-11T04:30:22+00:00","article_modified_time":"2019-11-19T14:30:46+00:00","og_image":[{"width":971,"height":640,"url":"https:\/\/www.mundoagropecuario.cl\/new\/wp-content\/uploads\/2019\/11\/Di\u0301a-de-Campo-Cultivos-Forrajeros-Cooprinsem2.jpg","type":"image\/jpeg"}],"author":"mundo","twitter_card":"summary_large_image","twitter_creator":"@MundoAgropecuar","twitter_site":"@MundoAgropecuar","twitter_misc":{"Escrito por":"mundo","Tiempo de lectura":"2 minutos"},"schema":{"@context":"https:\/\/schema.org","@graph":[{"@type":"Article","@id":"https:\/\/www.mundoagropecuario.cl\/new\/en-purranque-pequenos-agricultores-participaron-en-dia-de-campo-de-cultivos-forrajeros\/#article","isPartOf":{"@id":"https:\/\/www.mundoagropecuario.cl\/new\/en-purranque-pequenos-agricultores-participaron-en-dia-de-campo-de-cultivos-forrajeros\/"},"author":{"name":"mundo","@id":"https:\/\/www.mundoagropecuario.cl\/new\/#\/schema\/person\/4e9f74a82a7dac260eb1c44b7eebeb18"},"headline":"En Purranque peque\u00f1os agricultores participaron en d\u00eda de campo de cultivos forrajeros","datePublished":"2019-11-11T04:30:22+00:00","dateModified":"2019-11-19T14:30:46+00:00","mainEntityOfPage":{"@id":"https:\/\/www.mundoagropecuario.cl\/new\/en-purranque-pequenos-agricultores-participaron-en-dia-de-campo-de-cultivos-forrajeros\/"},"wordCount":317,"publisher":{"@id":"https:\/\/www.mundoagropecuario.cl\/new\/#organization"},"image":{"@id":"https:\/\/www.mundoagropecuario.cl\/new\/en-purranque-pequenos-agricultores-participaron-en-dia-de-campo-de-cultivos-forrajeros\/#primaryimage"},"thumbnailUrl":"https:\/\/www.mundoagropecuario.cl\/new\/wp-content\/uploads\/2019\/11\/Di\u0301a-de-Campo-Cultivos-Forrajeros-Cooprinsem2.jpg","keywords":["Agricultura","Cooprinsem"],"articleSection":["Agricultura"],"inLanguage":"es"},{"@type":"WebPage","@id":"https:\/\/www.mundoagropecuario.cl\/new\/en-purranque-pequenos-agricultores-participaron-en-dia-de-campo-de-cultivos-forrajeros\/","url":"https:\/\/www.mundoagropecuario.cl\/new\/en-purranque-pequenos-agricultores-participaron-en-dia-de-campo-de-cultivos-forrajeros\/","name":"En Purranque peque\u00f1os agricultores participaron en d\u00eda de campo de cultivos forrajeros - Mundoagropecuario","isPartOf":{"@id":"https:\/\/www.mundoagropecuario.cl\/new\/#website"},"primaryImageOfPage":{"@id":"https:\/\/www.mundoagropecuario.cl\/new\/en-purranque-pequenos-agricultores-participaron-en-dia-de-campo-de-cultivos-forrajeros\/#primaryimage"},"image":{"@id":"https:\/\/www.mundoagropecuario.cl\/new\/en-purranque-pequenos-agricultores-participaron-en-dia-de-campo-de-cultivos-forrajeros\/#primaryimage"},"thumbnailUrl":"https:\/\/www.mundoagropecuario.cl\/new\/wp-content\/uploads\/2019\/11\/Di\u0301a-de-Campo-Cultivos-Forrajeros-Cooprinsem2.jpg","datePublished":"2019-11-11T04:30:22+00:00","dateModified":"2019-11-19T14:30:46+00:00","breadcrumb":{"@id":"https:\/\/www.mundoagropecuario.cl\/new\/en-purranque-pequenos-agricultores-participaron-en-dia-de-campo-de-cultivos-forrajeros\/#breadcrumb"},"inLanguage":"es","potentialAction":[{"@type":"ReadAction","target":["https:\/\/www.mundoagropecuario.cl\/new\/en-purranque-pequenos-agricultores-participaron-en-dia-de-campo-de-cultivos-forrajeros\/"]}]},{"@type":"ImageObject","inLanguage":"es","@id":"https:\/\/www.mundoagropecuario.cl\/new\/en-purranque-pequenos-agricultores-participaron-en-dia-de-campo-de-cultivos-forrajeros\/#primaryimage","url":"https:\/\/www.mundoagropecuario.cl\/new\/wp-content\/uploads\/2019\/11\/Di\u0301a-de-Campo-Cultivos-Forrajeros-Cooprinsem2.jpg","contentUrl":"https:\/\/www.mundoagropecuario.cl\/new\/wp-content\/uploads\/2019\/11\/Di\u0301a-de-Campo-Cultivos-Forrajeros-Cooprinsem2.jpg","width":607,"height":400},{"@type":"BreadcrumbList","@id":"https:\/\/www.mundoagropecuario.cl\/new\/en-purranque-pequenos-agricultores-participaron-en-dia-de-campo-de-cultivos-forrajeros\/#breadcrumb","itemListElement":[{"@type":"ListItem","position":1,"name":"Portada","item":"https:\/\/www.mundoagropecuario.cl\/new\/"},{"@type":"ListItem","position":2,"name":"En Purranque peque\u00f1os agricultores participaron en d\u00eda de campo de cultivos forrajeros"}]},{"@type":"WebSite","@id":"https:\/\/www.mundoagropecuario.cl\/new\/#website","url":"https:\/\/www.mundoagropecuario.cl\/new\/","name":"Mundoagropecuario","description":"Mundo Agropecuario","publisher":{"@id":"https:\/\/www.mundoagropecuario.cl\/new\/#organization"},"potentialAction":[{"@type":"SearchAction","target":{"@type":"EntryPoint","urlTemplate":"https:\/\/www.mundoagropecuario.cl\/new\/?s={search_term_string}"},"query-input":{"@type":"PropertyValueSpecification","valueRequired":true,"valueName":"search_term_string"}}],"inLanguage":"es"},{"@type":"Organization","@id":"https:\/\/www.mundoagropecuario.cl\/new\/#organization","name":"Revista de Agricultura","url":"https:\/\/www.mundoagropecuario.cl\/new\/","logo":{"@type":"ImageObject","inLanguage":"es","@id":"https:\/\/www.mundoagropecuario.cl\/new\/#\/schema\/logo\/image\/","url":"https:\/\/www.mundoagropecuario.cl\/new\/wp-content\/uploads\/2020\/11\/PORTAL-1-1.png","contentUrl":"https:\/\/www.mundoagropecuario.cl\/new\/wp-content\/uploads\/2020\/11\/PORTAL-1-1.png","width":1026,"height":100,"caption":"Revista de Agricultura"},"image":{"@id":"https:\/\/www.mundoagropecuario.cl\/new\/#\/schema\/logo\/image\/"},"sameAs":["https:\/\/www.facebook.com\/mundo.agropecuario.3","https:\/\/x.com\/MundoAgropecuar","https:\/\/www.linkedin.com\/in\/mundo-agropecuario-934009201\/"]},{"@type":"Person","@id":"https:\/\/www.mundoagropecuario.cl\/new\/#\/schema\/person\/4e9f74a82a7dac260eb1c44b7eebeb18","name":"mundo","url":"https:\/\/www.mundoagropecuario.cl\/new\/author\/mundo\/"}]}},"_links":{"self":[{"href":"https:\/\/www.mundoagropecuario.cl\/new\/wp-json\/wp\/v2\/posts\/14691","targetHints":{"allow":["GET"]}}],"collection":[{"href":"https:\/\/www.mundoagropecuario.cl\/new\/wp-json\/wp\/v2\/posts"}],"about":[{"href":"https:\/\/www.mundoagropecuario.cl\/new\/wp-json\/wp\/v2\/types\/post"}],"author":[{"embeddable":true,"href":"https:\/\/www.mundoagropecuario.cl\/new\/wp-json\/wp\/v2\/users\/2"}],"replies":[{"embeddable":true,"href":"https:\/\/www.mundoagropecuario.cl\/new\/wp-json\/wp\/v2\/comments?post=14691"}],"version-history":[{"count":1,"href":"https:\/\/www.mundoagropecuario.cl\/new\/wp-json\/wp\/v2\/posts\/14691\/revisions"}],"predecessor-version":[{"id":14693,"href":"https:\/\/www.mundoagropecuario.cl\/new\/wp-json\/wp\/v2\/posts\/14691\/revisions\/14693"}],"wp:featuredmedia":[{"embeddable":true,"href":"https:\/\/www.mundoagropecuario.cl\/new\/wp-json\/wp\/v2\/media\/14692"}],"wp:attachment":[{"href":"https:\/\/www.mundoagropecuario.cl\/new\/wp-json\/wp\/v2\/media?parent=14691"}],"wp:term":[{"taxonomy":"category","embeddable":true,"href":"https:\/\/www.mundoagropecuario.cl\/new\/wp-json\/wp\/v2\/categories?post=14691"},{"taxonomy":"post_tag","embeddable":true,"href":"https:\/\/www.mundoagropecuario.cl\/new\/wp-json\/wp\/v2\/tags?post=14691"}],"curies":[{"name":"wp","href":"https:\/\/api.w.org\/{rel}","templated":true}]}}