{"id":14667,"date":"2019-11-07T09:52:29","date_gmt":"2019-11-07T12:52:29","guid":{"rendered":"http:\/\/www.mundoagropecuario.cl\/new\/?p=14667"},"modified":"2019-11-19T11:31:46","modified_gmt":"2019-11-19T14:31:46","slug":"agricultores-de-freire-aprenden-sobre-propagacion-vegetativa-de-murtilla","status":"publish","type":"post","link":"https:\/\/www.mundoagropecuario.cl\/new\/agricultores-de-freire-aprenden-sobre-propagacion-vegetativa-de-murtilla\/","title":{"rendered":"Agricultores de Freire aprenden sobre propagaci\u00f3n vegetativa de murtilla"},"content":{"rendered":"\n<ul class=\"wp-block-gallery columns-0 is-cropped wp-block-gallery-1 is-layout-flex wp-block-gallery-is-layout-flex\"><\/ul>\n\n\n\n<p class=\"has-medium-font-size\"><em>La finalidad es conservar los atributos gen\u00e9ticos de la planta de inter\u00e9s como rendimiento, calibre de fruta, estructura de planta, entre otros (Mundo Agropecuario).<\/em><\/p>\n\n\n\n<p>Propagaci\u00f3n vegetativa de murtilla se\ndenomin\u00f3 el taller te\u00f3rico pr\u00e1ctico desarrollado en la comuna de Freire, en el\ncontexto del programa GORE-INIA &#8220;Generaci\u00f3n de una alternativa econ\u00f3mica\ncompetitiva para la Agricultura Familiar (AF),&nbsp;\nbasada en la producci\u00f3n y comercializaci\u00f3n asociativa de murtilla&#8221;,\ncuyo objetivo es transferir competencias a peque\u00f1os productores de La Araucan\u00eda\nligados al rubro,&nbsp; para producci\u00f3n y\ncomercializaci\u00f3n en forma asociativa. La iniciativa tambi\u00e9n se repiti\u00f3 en Chol\nChol y Carahue.<\/p>\n\n\n\n<p>Gracias a esta iniciativa y dentro de los\nobjetivos espec\u00edficos, se est\u00e1 capacitando a peque\u00f1os productores en el manejo\nagron\u00f3mico de la murtilla desde establecimiento a poscosecha, adem\u00e1s de crear\nunidades demostrativas en las comunas de Collipulli, Freire, Cholchol y\nCarahue, localidades que forman parte del programa. Los asistentes a este\ntaller valoraron la iniciativa y el potencial de la murtilla, mientras que las\nprofesionales de INIA Carillanca Paola Sandoval y Lorena D\u00edaz fueron las encargadas\nde entregar los distintos temas.<\/p>\n\n\n\n<p>La propagaci\u00f3n vegetativa es un conjunto\nde procedimientos que se realiza para incrementar la cantidad de plantas de una\nespecie, en este caso murtilla. La finalidad es conservar los atributos\ngen\u00e9ticos de la planta de inter\u00e9s como rendimiento, calibre de fruta,\nestructura de planta, entre otros. Existen 2 m\u00e9todos de propagaci\u00f3n, sexual y\nasexual, el primero es por semilla y el segundo por esquejes o estacas,\ninjerto, acodos y cultivo in vitro. \u201cGracias a la propagaci\u00f3n se pueden\nestablecer huertos con una producci\u00f3n homog\u00e9nea, con frutos de alta cantidad en\nantioxidantes y biomasa, con propiedades medicinales como los que presenta la\nmurtilla y que ha sido avalado por a\u00f1os de investigaci\u00f3n. Cabe indicar que la\nforma de propagaci\u00f3n m\u00e1s difundida es la asexual, pues asegura la calidad\ngen\u00e9tica de la planta\u201d, coment\u00f3 Lorena D\u00edaz.<\/p>\n\n\n\n<figure class=\"wp-block-image\"><img loading=\"lazy\" decoding=\"async\" width=\"1024\" height=\"681\" src=\"https:\/\/www.mundoagropecuario.cl\/new\/wp-content\/uploads\/2019\/11\/4-1024x681.jpg\" alt=\"\" class=\"wp-image-14668\" srcset=\"https:\/\/www.mundoagropecuario.cl\/new\/wp-content\/uploads\/2019\/11\/4-1024x681.jpg 1024w, https:\/\/www.mundoagropecuario.cl\/new\/wp-content\/uploads\/2019\/11\/4-586x390.jpg 586w, https:\/\/www.mundoagropecuario.cl\/new\/wp-content\/uploads\/2019\/11\/4-768x511.jpg 768w, https:\/\/www.mundoagropecuario.cl\/new\/wp-content\/uploads\/2019\/11\/4.jpg 601w\" sizes=\"auto, (max-width: 1024px) 100vw, 1024px\" \/><\/figure>\n\n\n\n<p>El taller consider\u00f3 charlas explicativas\nen sala y luego aplicaci\u00f3n de las herramientas aprendidas, lo que fue destacado\npor los asistentes a la actividad. \u201cEstoy participando porque lo encuentro muy\ninteresante, sobre todo el potencial que tiene la murtilla en las hojas para\nalgunas enfermedades. Con lo que aprenda,&nbsp;\npretendo establecer un peque\u00f1o huerto en mi campo y sumarlo a lo que\nhago como artesana. Quiero aprender todo de la murtilla pero de la forma\ncorrecta, porque normalmente uno no hace las cosas bien, porque nadie se la\nense\u00f1\u00f3. Aqu\u00ed he ido viendo paso a paso la forma&nbsp;\ncorrecta de trabajar y que INIA entregue todos sus conocimientos es vital,\nporque tienen la experiencia de muchos a\u00f1os, ya han generado variedades y saben\nc\u00f3mo ayudarnos\u201d, coment\u00f3 Erica Fisher del sector Allip\u00e9n, constructor civil\njubilada. Y dedicada al campo.<\/p>\n\n\n\n<p>Por su parte Sonia Campos, del sector\nAhue, sumar\u00e1 sus conocimientos para propagar murtilla y sumarla a otros \u00e1rboles\nnativos que tiene en su parcela de 2 hect\u00e1reas. \u201cCuando llegu\u00e9 al campo no\nhab\u00eda nada, poco a poco fui aprendiendo. Capacitarme con la murtilla ha sido\nexcelente, porque uno hace las cosas por tinzaco sin ninguna preparaci\u00f3n.\nGracias a INIA he ido aprendiendo a conocer mi suelo y nuevas herramientas para\npropagar este berry del sur\u201d.<\/p>\n\n\n\n<p>Finalmente, Lilian Cartes ejecutiva del\nPDTI de Freire destac\u00f3 el trabajo que hace INIA con una especie end\u00e9mica y la\nposibilidad de darle valor agregado al cultivo. \u201cDesconoc\u00edamos como cultivar la\nmurtilla, pues las personas solo la cosechan en estado silvestre. Por lo tanto,\nestas capacitaciones no solo entregan herramientas para el cultivo, sino\nconocimientos sobre muestreo y caracter\u00edsticas del suelo, pues antes de\nestablecer una especie es necesario saber d\u00f3nde estamos. Quienes han\nparticipado del taller est\u00e1n contentos de rescatar algo local, tener nuevas\nherramientas y disfrutar de un&nbsp; momento\nde encuentro con otros que tienen un gusto similar como es la murtilla.\nEsperamos que esto se mantenga en el tiempo y se pueda enlazar con otros\nprogramas de INDAP,&nbsp; establecer huertos y\nusar recursos que vienen con el Plan Impulso para seguir avanzando con este\ncultivo\u201d, puntualiz\u00f3.<\/p>\n","protected":false},"excerpt":{"rendered":"<p>La finalidad es conservar los atributos gen\u00e9ticos de la planta de inter\u00e9s como rendimiento, calibre de fruta, estructura de planta, entre otros (Mundo Agropecuario). Propagaci\u00f3n vegetativa de murtilla se denomin\u00f3&#8230;<\/p>\n","protected":false},"author":2,"featured_media":14669,"comment_status":"closed","ping_status":"closed","sticky":false,"template":"","format":"standard","meta":{"footnotes":""},"categories":[1945],"tags":[4124,3127,2052,2123,4416],"class_list":["post-14667","post","type-post","status-publish","format-standard","has-post-thumbnail","hentry","category-agricultura","tag-agricola","tag-agro","tag-inia","tag-murtilla","tag-pdti-de-freire"],"yoast_head":"<!-- This site is optimized with the Yoast SEO plugin v26.6 - https:\/\/yoast.com\/wordpress\/plugins\/seo\/ -->\n<title>Agricultores de Freire aprenden sobre propagaci\u00f3n vegetativa de murtilla - Mundoagropecuario<\/title>\n<meta name=\"robots\" content=\"index, follow, max-snippet:-1, max-image-preview:large, max-video-preview:-1\" \/>\n<link rel=\"canonical\" href=\"https:\/\/www.mundoagropecuario.cl\/new\/agricultores-de-freire-aprenden-sobre-propagacion-vegetativa-de-murtilla\/\" \/>\n<meta property=\"og:locale\" content=\"es_ES\" \/>\n<meta property=\"og:type\" content=\"article\" \/>\n<meta property=\"og:title\" content=\"Agricultores de Freire aprenden sobre propagaci\u00f3n vegetativa de murtilla - Mundoagropecuario\" \/>\n<meta property=\"og:description\" content=\"La finalidad es conservar los atributos gen\u00e9ticos de la planta de inter\u00e9s como rendimiento, calibre de fruta, estructura de planta, entre otros (Mundo Agropecuario). Propagaci\u00f3n vegetativa de murtilla se denomin\u00f3...\" \/>\n<meta property=\"og:url\" content=\"https:\/\/www.mundoagropecuario.cl\/new\/agricultores-de-freire-aprenden-sobre-propagacion-vegetativa-de-murtilla\/\" \/>\n<meta property=\"og:site_name\" content=\"Mundoagropecuario\" \/>\n<meta property=\"article:publisher\" content=\"https:\/\/www.facebook.com\/mundo.agropecuario.3\" \/>\n<meta property=\"article:published_time\" content=\"2019-11-07T12:52:29+00:00\" \/>\n<meta property=\"article:modified_time\" content=\"2019-11-19T14:31:46+00:00\" \/>\n<meta property=\"og:image\" content=\"https:\/\/www.mundoagropecuario.cl\/new\/wp-content\/uploads\/2019\/11\/en-taller-1.jpg\" \/>\n\t<meta property=\"og:image:width\" content=\"826\" \/>\n\t<meta property=\"og:image:height\" content=\"464\" \/>\n\t<meta property=\"og:image:type\" content=\"image\/jpeg\" \/>\n<meta name=\"author\" content=\"mundo\" \/>\n<meta name=\"twitter:card\" content=\"summary_large_image\" \/>\n<meta name=\"twitter:creator\" content=\"@MundoAgropecuar\" \/>\n<meta name=\"twitter:site\" content=\"@MundoAgropecuar\" \/>\n<meta name=\"twitter:label1\" content=\"Escrito por\" \/>\n\t<meta name=\"twitter:data1\" content=\"mundo\" \/>\n\t<meta name=\"twitter:label2\" content=\"Tiempo de lectura\" \/>\n\t<meta name=\"twitter:data2\" content=\"4 minutos\" \/>\n<script type=\"application\/ld+json\" class=\"yoast-schema-graph\">{\"@context\":\"https:\/\/schema.org\",\"@graph\":[{\"@type\":\"Article\",\"@id\":\"https:\/\/www.mundoagropecuario.cl\/new\/agricultores-de-freire-aprenden-sobre-propagacion-vegetativa-de-murtilla\/#article\",\"isPartOf\":{\"@id\":\"https:\/\/www.mundoagropecuario.cl\/new\/agricultores-de-freire-aprenden-sobre-propagacion-vegetativa-de-murtilla\/\"},\"author\":{\"name\":\"mundo\",\"@id\":\"https:\/\/www.mundoagropecuario.cl\/new\/#\/schema\/person\/4e9f74a82a7dac260eb1c44b7eebeb18\"},\"headline\":\"Agricultores de Freire aprenden sobre propagaci\u00f3n vegetativa de murtilla\",\"datePublished\":\"2019-11-07T12:52:29+00:00\",\"dateModified\":\"2019-11-19T14:31:46+00:00\",\"mainEntityOfPage\":{\"@id\":\"https:\/\/www.mundoagropecuario.cl\/new\/agricultores-de-freire-aprenden-sobre-propagacion-vegetativa-de-murtilla\/\"},\"wordCount\":725,\"publisher\":{\"@id\":\"https:\/\/www.mundoagropecuario.cl\/new\/#organization\"},\"image\":{\"@id\":\"https:\/\/www.mundoagropecuario.cl\/new\/agricultores-de-freire-aprenden-sobre-propagacion-vegetativa-de-murtilla\/#primaryimage\"},\"thumbnailUrl\":\"https:\/\/www.mundoagropecuario.cl\/new\/wp-content\/uploads\/2019\/11\/en-taller-1.jpg\",\"keywords\":[\"agricola\",\"Agro\",\"INIA\",\"murtilla\",\"PDTI de Freire\"],\"articleSection\":[\"Agricultura\"],\"inLanguage\":\"es\"},{\"@type\":\"WebPage\",\"@id\":\"https:\/\/www.mundoagropecuario.cl\/new\/agricultores-de-freire-aprenden-sobre-propagacion-vegetativa-de-murtilla\/\",\"url\":\"https:\/\/www.mundoagropecuario.cl\/new\/agricultores-de-freire-aprenden-sobre-propagacion-vegetativa-de-murtilla\/\",\"name\":\"Agricultores de Freire aprenden sobre propagaci\u00f3n vegetativa de murtilla - Mundoagropecuario\",\"isPartOf\":{\"@id\":\"https:\/\/www.mundoagropecuario.cl\/new\/#website\"},\"primaryImageOfPage\":{\"@id\":\"https:\/\/www.mundoagropecuario.cl\/new\/agricultores-de-freire-aprenden-sobre-propagacion-vegetativa-de-murtilla\/#primaryimage\"},\"image\":{\"@id\":\"https:\/\/www.mundoagropecuario.cl\/new\/agricultores-de-freire-aprenden-sobre-propagacion-vegetativa-de-murtilla\/#primaryimage\"},\"thumbnailUrl\":\"https:\/\/www.mundoagropecuario.cl\/new\/wp-content\/uploads\/2019\/11\/en-taller-1.jpg\",\"datePublished\":\"2019-11-07T12:52:29+00:00\",\"dateModified\":\"2019-11-19T14:31:46+00:00\",\"breadcrumb\":{\"@id\":\"https:\/\/www.mundoagropecuario.cl\/new\/agricultores-de-freire-aprenden-sobre-propagacion-vegetativa-de-murtilla\/#breadcrumb\"},\"inLanguage\":\"es\",\"potentialAction\":[{\"@type\":\"ReadAction\",\"target\":[\"https:\/\/www.mundoagropecuario.cl\/new\/agricultores-de-freire-aprenden-sobre-propagacion-vegetativa-de-murtilla\/\"]}]},{\"@type\":\"ImageObject\",\"inLanguage\":\"es\",\"@id\":\"https:\/\/www.mundoagropecuario.cl\/new\/agricultores-de-freire-aprenden-sobre-propagacion-vegetativa-de-murtilla\/#primaryimage\",\"url\":\"https:\/\/www.mundoagropecuario.cl\/new\/wp-content\/uploads\/2019\/11\/en-taller-1.jpg\",\"contentUrl\":\"https:\/\/www.mundoagropecuario.cl\/new\/wp-content\/uploads\/2019\/11\/en-taller-1.jpg\",\"width\":712,\"height\":400},{\"@type\":\"BreadcrumbList\",\"@id\":\"https:\/\/www.mundoagropecuario.cl\/new\/agricultores-de-freire-aprenden-sobre-propagacion-vegetativa-de-murtilla\/#breadcrumb\",\"itemListElement\":[{\"@type\":\"ListItem\",\"position\":1,\"name\":\"Portada\",\"item\":\"https:\/\/www.mundoagropecuario.cl\/new\/\"},{\"@type\":\"ListItem\",\"position\":2,\"name\":\"Agricultores de Freire aprenden sobre propagaci\u00f3n vegetativa de murtilla\"}]},{\"@type\":\"WebSite\",\"@id\":\"https:\/\/www.mundoagropecuario.cl\/new\/#website\",\"url\":\"https:\/\/www.mundoagropecuario.cl\/new\/\",\"name\":\"Mundoagropecuario\",\"description\":\"Mundo Agropecuario\",\"publisher\":{\"@id\":\"https:\/\/www.mundoagropecuario.cl\/new\/#organization\"},\"potentialAction\":[{\"@type\":\"SearchAction\",\"target\":{\"@type\":\"EntryPoint\",\"urlTemplate\":\"https:\/\/www.mundoagropecuario.cl\/new\/?s={search_term_string}\"},\"query-input\":{\"@type\":\"PropertyValueSpecification\",\"valueRequired\":true,\"valueName\":\"search_term_string\"}}],\"inLanguage\":\"es\"},{\"@type\":\"Organization\",\"@id\":\"https:\/\/www.mundoagropecuario.cl\/new\/#organization\",\"name\":\"Revista de Agricultura\",\"url\":\"https:\/\/www.mundoagropecuario.cl\/new\/\",\"logo\":{\"@type\":\"ImageObject\",\"inLanguage\":\"es\",\"@id\":\"https:\/\/www.mundoagropecuario.cl\/new\/#\/schema\/logo\/image\/\",\"url\":\"https:\/\/www.mundoagropecuario.cl\/new\/wp-content\/uploads\/2020\/11\/PORTAL-1-1.png\",\"contentUrl\":\"https:\/\/www.mundoagropecuario.cl\/new\/wp-content\/uploads\/2020\/11\/PORTAL-1-1.png\",\"width\":1026,\"height\":100,\"caption\":\"Revista de Agricultura\"},\"image\":{\"@id\":\"https:\/\/www.mundoagropecuario.cl\/new\/#\/schema\/logo\/image\/\"},\"sameAs\":[\"https:\/\/www.facebook.com\/mundo.agropecuario.3\",\"https:\/\/x.com\/MundoAgropecuar\",\"https:\/\/www.linkedin.com\/in\/mundo-agropecuario-934009201\/\"]},{\"@type\":\"Person\",\"@id\":\"https:\/\/www.mundoagropecuario.cl\/new\/#\/schema\/person\/4e9f74a82a7dac260eb1c44b7eebeb18\",\"name\":\"mundo\",\"url\":\"https:\/\/www.mundoagropecuario.cl\/new\/author\/mundo\/\"}]}<\/script>\n<!-- \/ Yoast SEO plugin. -->","yoast_head_json":{"title":"Agricultores de Freire aprenden sobre propagaci\u00f3n vegetativa de murtilla - Mundoagropecuario","robots":{"index":"index","follow":"follow","max-snippet":"max-snippet:-1","max-image-preview":"max-image-preview:large","max-video-preview":"max-video-preview:-1"},"canonical":"https:\/\/www.mundoagropecuario.cl\/new\/agricultores-de-freire-aprenden-sobre-propagacion-vegetativa-de-murtilla\/","og_locale":"es_ES","og_type":"article","og_title":"Agricultores de Freire aprenden sobre propagaci\u00f3n vegetativa de murtilla - Mundoagropecuario","og_description":"La finalidad es conservar los atributos gen\u00e9ticos de la planta de inter\u00e9s como rendimiento, calibre de fruta, estructura de planta, entre otros (Mundo Agropecuario). Propagaci\u00f3n vegetativa de murtilla se denomin\u00f3...","og_url":"https:\/\/www.mundoagropecuario.cl\/new\/agricultores-de-freire-aprenden-sobre-propagacion-vegetativa-de-murtilla\/","og_site_name":"Mundoagropecuario","article_publisher":"https:\/\/www.facebook.com\/mundo.agropecuario.3","article_published_time":"2019-11-07T12:52:29+00:00","article_modified_time":"2019-11-19T14:31:46+00:00","og_image":[{"width":826,"height":464,"url":"https:\/\/www.mundoagropecuario.cl\/new\/wp-content\/uploads\/2019\/11\/en-taller-1.jpg","type":"image\/jpeg"}],"author":"mundo","twitter_card":"summary_large_image","twitter_creator":"@MundoAgropecuar","twitter_site":"@MundoAgropecuar","twitter_misc":{"Escrito por":"mundo","Tiempo de lectura":"4 minutos"},"schema":{"@context":"https:\/\/schema.org","@graph":[{"@type":"Article","@id":"https:\/\/www.mundoagropecuario.cl\/new\/agricultores-de-freire-aprenden-sobre-propagacion-vegetativa-de-murtilla\/#article","isPartOf":{"@id":"https:\/\/www.mundoagropecuario.cl\/new\/agricultores-de-freire-aprenden-sobre-propagacion-vegetativa-de-murtilla\/"},"author":{"name":"mundo","@id":"https:\/\/www.mundoagropecuario.cl\/new\/#\/schema\/person\/4e9f74a82a7dac260eb1c44b7eebeb18"},"headline":"Agricultores de Freire aprenden sobre propagaci\u00f3n vegetativa de murtilla","datePublished":"2019-11-07T12:52:29+00:00","dateModified":"2019-11-19T14:31:46+00:00","mainEntityOfPage":{"@id":"https:\/\/www.mundoagropecuario.cl\/new\/agricultores-de-freire-aprenden-sobre-propagacion-vegetativa-de-murtilla\/"},"wordCount":725,"publisher":{"@id":"https:\/\/www.mundoagropecuario.cl\/new\/#organization"},"image":{"@id":"https:\/\/www.mundoagropecuario.cl\/new\/agricultores-de-freire-aprenden-sobre-propagacion-vegetativa-de-murtilla\/#primaryimage"},"thumbnailUrl":"https:\/\/www.mundoagropecuario.cl\/new\/wp-content\/uploads\/2019\/11\/en-taller-1.jpg","keywords":["agricola","Agro","INIA","murtilla","PDTI de Freire"],"articleSection":["Agricultura"],"inLanguage":"es"},{"@type":"WebPage","@id":"https:\/\/www.mundoagropecuario.cl\/new\/agricultores-de-freire-aprenden-sobre-propagacion-vegetativa-de-murtilla\/","url":"https:\/\/www.mundoagropecuario.cl\/new\/agricultores-de-freire-aprenden-sobre-propagacion-vegetativa-de-murtilla\/","name":"Agricultores de Freire aprenden sobre propagaci\u00f3n vegetativa de murtilla - Mundoagropecuario","isPartOf":{"@id":"https:\/\/www.mundoagropecuario.cl\/new\/#website"},"primaryImageOfPage":{"@id":"https:\/\/www.mundoagropecuario.cl\/new\/agricultores-de-freire-aprenden-sobre-propagacion-vegetativa-de-murtilla\/#primaryimage"},"image":{"@id":"https:\/\/www.mundoagropecuario.cl\/new\/agricultores-de-freire-aprenden-sobre-propagacion-vegetativa-de-murtilla\/#primaryimage"},"thumbnailUrl":"https:\/\/www.mundoagropecuario.cl\/new\/wp-content\/uploads\/2019\/11\/en-taller-1.jpg","datePublished":"2019-11-07T12:52:29+00:00","dateModified":"2019-11-19T14:31:46+00:00","breadcrumb":{"@id":"https:\/\/www.mundoagropecuario.cl\/new\/agricultores-de-freire-aprenden-sobre-propagacion-vegetativa-de-murtilla\/#breadcrumb"},"inLanguage":"es","potentialAction":[{"@type":"ReadAction","target":["https:\/\/www.mundoagropecuario.cl\/new\/agricultores-de-freire-aprenden-sobre-propagacion-vegetativa-de-murtilla\/"]}]},{"@type":"ImageObject","inLanguage":"es","@id":"https:\/\/www.mundoagropecuario.cl\/new\/agricultores-de-freire-aprenden-sobre-propagacion-vegetativa-de-murtilla\/#primaryimage","url":"https:\/\/www.mundoagropecuario.cl\/new\/wp-content\/uploads\/2019\/11\/en-taller-1.jpg","contentUrl":"https:\/\/www.mundoagropecuario.cl\/new\/wp-content\/uploads\/2019\/11\/en-taller-1.jpg","width":712,"height":400},{"@type":"BreadcrumbList","@id":"https:\/\/www.mundoagropecuario.cl\/new\/agricultores-de-freire-aprenden-sobre-propagacion-vegetativa-de-murtilla\/#breadcrumb","itemListElement":[{"@type":"ListItem","position":1,"name":"Portada","item":"https:\/\/www.mundoagropecuario.cl\/new\/"},{"@type":"ListItem","position":2,"name":"Agricultores de Freire aprenden sobre propagaci\u00f3n vegetativa de murtilla"}]},{"@type":"WebSite","@id":"https:\/\/www.mundoagropecuario.cl\/new\/#website","url":"https:\/\/www.mundoagropecuario.cl\/new\/","name":"Mundoagropecuario","description":"Mundo Agropecuario","publisher":{"@id":"https:\/\/www.mundoagropecuario.cl\/new\/#organization"},"potentialAction":[{"@type":"SearchAction","target":{"@type":"EntryPoint","urlTemplate":"https:\/\/www.mundoagropecuario.cl\/new\/?s={search_term_string}"},"query-input":{"@type":"PropertyValueSpecification","valueRequired":true,"valueName":"search_term_string"}}],"inLanguage":"es"},{"@type":"Organization","@id":"https:\/\/www.mundoagropecuario.cl\/new\/#organization","name":"Revista de Agricultura","url":"https:\/\/www.mundoagropecuario.cl\/new\/","logo":{"@type":"ImageObject","inLanguage":"es","@id":"https:\/\/www.mundoagropecuario.cl\/new\/#\/schema\/logo\/image\/","url":"https:\/\/www.mundoagropecuario.cl\/new\/wp-content\/uploads\/2020\/11\/PORTAL-1-1.png","contentUrl":"https:\/\/www.mundoagropecuario.cl\/new\/wp-content\/uploads\/2020\/11\/PORTAL-1-1.png","width":1026,"height":100,"caption":"Revista de Agricultura"},"image":{"@id":"https:\/\/www.mundoagropecuario.cl\/new\/#\/schema\/logo\/image\/"},"sameAs":["https:\/\/www.facebook.com\/mundo.agropecuario.3","https:\/\/x.com\/MundoAgropecuar","https:\/\/www.linkedin.com\/in\/mundo-agropecuario-934009201\/"]},{"@type":"Person","@id":"https:\/\/www.mundoagropecuario.cl\/new\/#\/schema\/person\/4e9f74a82a7dac260eb1c44b7eebeb18","name":"mundo","url":"https:\/\/www.mundoagropecuario.cl\/new\/author\/mundo\/"}]}},"_links":{"self":[{"href":"https:\/\/www.mundoagropecuario.cl\/new\/wp-json\/wp\/v2\/posts\/14667","targetHints":{"allow":["GET"]}}],"collection":[{"href":"https:\/\/www.mundoagropecuario.cl\/new\/wp-json\/wp\/v2\/posts"}],"about":[{"href":"https:\/\/www.mundoagropecuario.cl\/new\/wp-json\/wp\/v2\/types\/post"}],"author":[{"embeddable":true,"href":"https:\/\/www.mundoagropecuario.cl\/new\/wp-json\/wp\/v2\/users\/2"}],"replies":[{"embeddable":true,"href":"https:\/\/www.mundoagropecuario.cl\/new\/wp-json\/wp\/v2\/comments?post=14667"}],"version-history":[{"count":1,"href":"https:\/\/www.mundoagropecuario.cl\/new\/wp-json\/wp\/v2\/posts\/14667\/revisions"}],"predecessor-version":[{"id":14670,"href":"https:\/\/www.mundoagropecuario.cl\/new\/wp-json\/wp\/v2\/posts\/14667\/revisions\/14670"}],"wp:featuredmedia":[{"embeddable":true,"href":"https:\/\/www.mundoagropecuario.cl\/new\/wp-json\/wp\/v2\/media\/14669"}],"wp:attachment":[{"href":"https:\/\/www.mundoagropecuario.cl\/new\/wp-json\/wp\/v2\/media?parent=14667"}],"wp:term":[{"taxonomy":"category","embeddable":true,"href":"https:\/\/www.mundoagropecuario.cl\/new\/wp-json\/wp\/v2\/categories?post=14667"},{"taxonomy":"post_tag","embeddable":true,"href":"https:\/\/www.mundoagropecuario.cl\/new\/wp-json\/wp\/v2\/tags?post=14667"}],"curies":[{"name":"wp","href":"https:\/\/api.w.org\/{rel}","templated":true}]}}