{"id":14630,"date":"2019-11-05T01:00:59","date_gmt":"2019-11-05T04:00:59","guid":{"rendered":"http:\/\/www.mundoagropecuario.cl\/new\/?p=14630"},"modified":"2019-11-05T10:16:56","modified_gmt":"2019-11-05T13:16:56","slug":"perseverar-en-la-accion-climatica","status":"publish","type":"post","link":"https:\/\/www.mundoagropecuario.cl\/new\/perseverar-en-la-accion-climatica\/","title":{"rendered":"Perseverar en la acci\u00f3n clim\u00e1tica"},"content":{"rendered":"\n<ul class=\"wp-block-gallery columns-0 is-cropped wp-block-gallery-1 is-layout-flex wp-block-gallery-is-layout-flex\"><\/ul>\n\n\n\n<p class=\"has-medium-font-size\"><em>Columna de opini\u00f3n: Giovanni Calder\u00f3n Bassi, director ejecutivo agencia de sustentabilidad y cambio clim\u00e1tico<\/em><\/p>\n\n\n\n<p>La suspensi\u00f3n de la COP 25 en Santiago ha sido, sin duda, un duro golpe para el pa\u00eds. Ante un complejo cambio de escenario social y pol\u00edtico, al gobierno del presidente Pi\u00f1era no le qued\u00f3 otro camino que tomar esta lamentable pero correcta decisi\u00f3n. Hoy toda la atenci\u00f3n y esfuerzos deben&nbsp;&nbsp;estar centrados en construir puentes de di\u00e1logo, que permitan instalar una nueva agenda que responda a las demandas m\u00e1s urgentes de los chilenos, sin olvidar nunca que para alcanzar el desarrollo y la paz social es indispensable el crecimiento sostenido de la econom\u00eda.<\/p>\n\n\n\n<p>Renunciar&nbsp;&nbsp;a ser el anfitri\u00f3n de la cumbre clim\u00e1tica m\u00e1s relevante del mundo, donde se marcar\u00e1 el rumbo para hacer frente al calentamiento global, significa para Chile perder una oportunidad excepcional para consolidar el liderazgo en los temas medioambientales que viene desarrollando&nbsp;&nbsp;a nivel regional y global.<\/p>\n\n\n\n<p>&nbsp;Nuestro pa\u00eds ha dado grandes pasos y, por tanto,&nbsp;&nbsp;debe seguir perseverando en impulsar iniciativas en esa direcci\u00f3n. El crecimiento de las energ\u00edas renovables en los \u00faltimos cuatro a\u00f1os, que ya representan cerca del 20% de la energ\u00eda que se genera, junto a la meta de la total descarbonizaci\u00f3n de la matriz energ\u00e9tica antes del a\u00f1o 2040, o el impulso de la electromovilidad, que ha convertido a Santiago en la segunda ciudad a nivel mundial con la mayor cantidad de buses el\u00e9ctricos en el transporte p\u00fablico, son solo algunos ejemplos de que estamos avanzando en la senda correcta.<\/p>\n\n\n\n<p>&nbsp;Si bien nuestro pa\u00eds solo representa el 0,25 % de las emisiones globales de gases de efecto invernadero al 2016, se sit\u00faa dentro de los diez m\u00e1s afectados por riesgos clim\u00e1ticos. Estudios cient\u00edficos advierten adem\u00e1s que los fen\u00f3menos meteorol\u00f3gicos extremos generados por el cambio clim\u00e1tico tambi\u00e9n complican los esfuerzos por poner fin a la pobreza. Ya vemos c\u00f3mo la zona central de Chile est\u00e1 viviendo una crisis del agua por la falta de precipitaciones y el limitado acceso a este recurso, afectando a las actividades agropecuarias y el modo de sustento de muchos chilenos.<\/p>\n\n\n\n<p>&nbsp;La acci\u00f3n clim\u00e1tica es uno de los 17 objetivos de la Agenda 2030 para el Desarrollo Sostenible que suscribi\u00f3 Chile en 2015,&nbsp;&nbsp;por lo que proteger el planeta y sus recursos es un Objetivo de Desarrollo Sostenible tan relevante como poner fin a la pobreza, combatir las desigualdades o fortalecer la construcci\u00f3n de sociedades justas e inclusivas.<\/p>\n\n\n\n<p>&nbsp;No realizar la COP 25 en nuestro pa\u00eds, no significa entonces que dejemos de preocuparnos por la acci\u00f3n clim\u00e1tica. Para seguir avanzando hacia el Chile que todos queremos, es urgente tambi\u00e9n delinear acciones de mitigaci\u00f3n y adaptaci\u00f3n concretas y mucho m\u00e1s ambiciosas, con un fuerte involucramiento de las autoridades nacionales, los municipios,&nbsp;&nbsp;las empresas y&nbsp;&nbsp;la ciudadan\u00eda, para hacer una transici\u00f3n hacia el desarrollo sostenible, donde no s\u00f3lo se aborden los desaf\u00edos pendientes en materias socioecon\u00f3micas sino tambi\u00e9n medioambientales.<\/p>\n","protected":false},"excerpt":{"rendered":"<p>Columna de opini\u00f3n: Giovanni Calder\u00f3n Bassi, director ejecutivo agencia de sustentabilidad y cambio clim\u00e1tico La suspensi\u00f3n de la COP 25 en Santiago ha sido, sin duda, un duro golpe para&#8230;<\/p>\n","protected":false},"author":2,"featured_media":14631,"comment_status":"closed","ping_status":"closed","sticky":false,"template":"","format":"standard","meta":{"footnotes":""},"categories":[1948],"tags":[542,4408,3693],"class_list":["post-14630","post","type-post","status-publish","format-standard","has-post-thumbnail","hentry","category-sustentabilidad","tag-cambio-climatico","tag-columna-de-opinion-giovanni-calderon-bassi","tag-cop25"],"yoast_head":"<!-- This site is optimized with the Yoast SEO plugin v26.6 - https:\/\/yoast.com\/wordpress\/plugins\/seo\/ -->\n<title>Perseverar en la acci\u00f3n clim\u00e1tica - Mundoagropecuario<\/title>\n<meta name=\"robots\" content=\"index, follow, max-snippet:-1, max-image-preview:large, max-video-preview:-1\" \/>\n<link rel=\"canonical\" href=\"https:\/\/www.mundoagropecuario.cl\/new\/perseverar-en-la-accion-climatica\/\" \/>\n<meta property=\"og:locale\" content=\"es_ES\" \/>\n<meta property=\"og:type\" content=\"article\" \/>\n<meta property=\"og:title\" content=\"Perseverar en la acci\u00f3n clim\u00e1tica - Mundoagropecuario\" \/>\n<meta property=\"og:description\" content=\"Columna de opini\u00f3n: Giovanni Calder\u00f3n Bassi, director ejecutivo agencia de sustentabilidad y cambio clim\u00e1tico La suspensi\u00f3n de la COP 25 en Santiago ha sido, sin duda, un duro golpe para...\" \/>\n<meta property=\"og:url\" content=\"https:\/\/www.mundoagropecuario.cl\/new\/perseverar-en-la-accion-climatica\/\" \/>\n<meta property=\"og:site_name\" content=\"Mundoagropecuario\" \/>\n<meta property=\"article:publisher\" content=\"https:\/\/www.facebook.com\/mundo.agropecuario.3\" \/>\n<meta property=\"article:published_time\" content=\"2019-11-05T04:00:59+00:00\" \/>\n<meta property=\"article:modified_time\" content=\"2019-11-05T13:16:56+00:00\" \/>\n<meta property=\"og:image\" content=\"https:\/\/www.mundoagropecuario.cl\/new\/wp-content\/uploads\/2019\/11\/030-1.jpg\" \/>\n\t<meta property=\"og:image:width\" content=\"1024\" \/>\n\t<meta property=\"og:image:height\" content=\"683\" \/>\n\t<meta property=\"og:image:type\" content=\"image\/jpeg\" \/>\n<meta name=\"author\" content=\"mundo\" \/>\n<meta name=\"twitter:card\" content=\"summary_large_image\" \/>\n<meta name=\"twitter:creator\" content=\"@MundoAgropecuar\" \/>\n<meta name=\"twitter:site\" content=\"@MundoAgropecuar\" \/>\n<meta name=\"twitter:label1\" content=\"Escrito por\" \/>\n\t<meta name=\"twitter:data1\" content=\"mundo\" \/>\n\t<meta name=\"twitter:label2\" content=\"Tiempo de lectura\" \/>\n\t<meta name=\"twitter:data2\" content=\"3 minutos\" \/>\n<script type=\"application\/ld+json\" class=\"yoast-schema-graph\">{\"@context\":\"https:\/\/schema.org\",\"@graph\":[{\"@type\":\"Article\",\"@id\":\"https:\/\/www.mundoagropecuario.cl\/new\/perseverar-en-la-accion-climatica\/#article\",\"isPartOf\":{\"@id\":\"https:\/\/www.mundoagropecuario.cl\/new\/perseverar-en-la-accion-climatica\/\"},\"author\":{\"name\":\"mundo\",\"@id\":\"https:\/\/www.mundoagropecuario.cl\/new\/#\/schema\/person\/4e9f74a82a7dac260eb1c44b7eebeb18\"},\"headline\":\"Perseverar en la acci\u00f3n clim\u00e1tica\",\"datePublished\":\"2019-11-05T04:00:59+00:00\",\"dateModified\":\"2019-11-05T13:16:56+00:00\",\"mainEntityOfPage\":{\"@id\":\"https:\/\/www.mundoagropecuario.cl\/new\/perseverar-en-la-accion-climatica\/\"},\"wordCount\":550,\"publisher\":{\"@id\":\"https:\/\/www.mundoagropecuario.cl\/new\/#organization\"},\"image\":{\"@id\":\"https:\/\/www.mundoagropecuario.cl\/new\/perseverar-en-la-accion-climatica\/#primaryimage\"},\"thumbnailUrl\":\"https:\/\/www.mundoagropecuario.cl\/new\/wp-content\/uploads\/2019\/11\/030-1.jpg\",\"keywords\":[\"Cambio clim\u00e1tico\",\"Columna de opini\u00f3n: Giovanni Calder\u00f3n Bassi\",\"COP25\"],\"articleSection\":[\"Sustentabilidad\"],\"inLanguage\":\"es\"},{\"@type\":\"WebPage\",\"@id\":\"https:\/\/www.mundoagropecuario.cl\/new\/perseverar-en-la-accion-climatica\/\",\"url\":\"https:\/\/www.mundoagropecuario.cl\/new\/perseverar-en-la-accion-climatica\/\",\"name\":\"Perseverar en la acci\u00f3n clim\u00e1tica - Mundoagropecuario\",\"isPartOf\":{\"@id\":\"https:\/\/www.mundoagropecuario.cl\/new\/#website\"},\"primaryImageOfPage\":{\"@id\":\"https:\/\/www.mundoagropecuario.cl\/new\/perseverar-en-la-accion-climatica\/#primaryimage\"},\"image\":{\"@id\":\"https:\/\/www.mundoagropecuario.cl\/new\/perseverar-en-la-accion-climatica\/#primaryimage\"},\"thumbnailUrl\":\"https:\/\/www.mundoagropecuario.cl\/new\/wp-content\/uploads\/2019\/11\/030-1.jpg\",\"datePublished\":\"2019-11-05T04:00:59+00:00\",\"dateModified\":\"2019-11-05T13:16:56+00:00\",\"breadcrumb\":{\"@id\":\"https:\/\/www.mundoagropecuario.cl\/new\/perseverar-en-la-accion-climatica\/#breadcrumb\"},\"inLanguage\":\"es\",\"potentialAction\":[{\"@type\":\"ReadAction\",\"target\":[\"https:\/\/www.mundoagropecuario.cl\/new\/perseverar-en-la-accion-climatica\/\"]}]},{\"@type\":\"ImageObject\",\"inLanguage\":\"es\",\"@id\":\"https:\/\/www.mundoagropecuario.cl\/new\/perseverar-en-la-accion-climatica\/#primaryimage\",\"url\":\"https:\/\/www.mundoagropecuario.cl\/new\/wp-content\/uploads\/2019\/11\/030-1.jpg\",\"contentUrl\":\"https:\/\/www.mundoagropecuario.cl\/new\/wp-content\/uploads\/2019\/11\/030-1.jpg\",\"width\":600,\"height\":400},{\"@type\":\"BreadcrumbList\",\"@id\":\"https:\/\/www.mundoagropecuario.cl\/new\/perseverar-en-la-accion-climatica\/#breadcrumb\",\"itemListElement\":[{\"@type\":\"ListItem\",\"position\":1,\"name\":\"Portada\",\"item\":\"https:\/\/www.mundoagropecuario.cl\/new\/\"},{\"@type\":\"ListItem\",\"position\":2,\"name\":\"Perseverar en la acci\u00f3n clim\u00e1tica\"}]},{\"@type\":\"WebSite\",\"@id\":\"https:\/\/www.mundoagropecuario.cl\/new\/#website\",\"url\":\"https:\/\/www.mundoagropecuario.cl\/new\/\",\"name\":\"Mundoagropecuario\",\"description\":\"Mundo Agropecuario\",\"publisher\":{\"@id\":\"https:\/\/www.mundoagropecuario.cl\/new\/#organization\"},\"potentialAction\":[{\"@type\":\"SearchAction\",\"target\":{\"@type\":\"EntryPoint\",\"urlTemplate\":\"https:\/\/www.mundoagropecuario.cl\/new\/?s={search_term_string}\"},\"query-input\":{\"@type\":\"PropertyValueSpecification\",\"valueRequired\":true,\"valueName\":\"search_term_string\"}}],\"inLanguage\":\"es\"},{\"@type\":\"Organization\",\"@id\":\"https:\/\/www.mundoagropecuario.cl\/new\/#organization\",\"name\":\"Revista de Agricultura\",\"url\":\"https:\/\/www.mundoagropecuario.cl\/new\/\",\"logo\":{\"@type\":\"ImageObject\",\"inLanguage\":\"es\",\"@id\":\"https:\/\/www.mundoagropecuario.cl\/new\/#\/schema\/logo\/image\/\",\"url\":\"https:\/\/www.mundoagropecuario.cl\/new\/wp-content\/uploads\/2020\/11\/PORTAL-1-1.png\",\"contentUrl\":\"https:\/\/www.mundoagropecuario.cl\/new\/wp-content\/uploads\/2020\/11\/PORTAL-1-1.png\",\"width\":1026,\"height\":100,\"caption\":\"Revista de Agricultura\"},\"image\":{\"@id\":\"https:\/\/www.mundoagropecuario.cl\/new\/#\/schema\/logo\/image\/\"},\"sameAs\":[\"https:\/\/www.facebook.com\/mundo.agropecuario.3\",\"https:\/\/x.com\/MundoAgropecuar\",\"https:\/\/www.linkedin.com\/in\/mundo-agropecuario-934009201\/\"]},{\"@type\":\"Person\",\"@id\":\"https:\/\/www.mundoagropecuario.cl\/new\/#\/schema\/person\/4e9f74a82a7dac260eb1c44b7eebeb18\",\"name\":\"mundo\",\"url\":\"https:\/\/www.mundoagropecuario.cl\/new\/author\/mundo\/\"}]}<\/script>\n<!-- \/ Yoast SEO plugin. -->","yoast_head_json":{"title":"Perseverar en la acci\u00f3n clim\u00e1tica - Mundoagropecuario","robots":{"index":"index","follow":"follow","max-snippet":"max-snippet:-1","max-image-preview":"max-image-preview:large","max-video-preview":"max-video-preview:-1"},"canonical":"https:\/\/www.mundoagropecuario.cl\/new\/perseverar-en-la-accion-climatica\/","og_locale":"es_ES","og_type":"article","og_title":"Perseverar en la acci\u00f3n clim\u00e1tica - Mundoagropecuario","og_description":"Columna de opini\u00f3n: Giovanni Calder\u00f3n Bassi, director ejecutivo agencia de sustentabilidad y cambio clim\u00e1tico La suspensi\u00f3n de la COP 25 en Santiago ha sido, sin duda, un duro golpe para...","og_url":"https:\/\/www.mundoagropecuario.cl\/new\/perseverar-en-la-accion-climatica\/","og_site_name":"Mundoagropecuario","article_publisher":"https:\/\/www.facebook.com\/mundo.agropecuario.3","article_published_time":"2019-11-05T04:00:59+00:00","article_modified_time":"2019-11-05T13:16:56+00:00","og_image":[{"width":1024,"height":683,"url":"https:\/\/www.mundoagropecuario.cl\/new\/wp-content\/uploads\/2019\/11\/030-1.jpg","type":"image\/jpeg"}],"author":"mundo","twitter_card":"summary_large_image","twitter_creator":"@MundoAgropecuar","twitter_site":"@MundoAgropecuar","twitter_misc":{"Escrito por":"mundo","Tiempo de lectura":"3 minutos"},"schema":{"@context":"https:\/\/schema.org","@graph":[{"@type":"Article","@id":"https:\/\/www.mundoagropecuario.cl\/new\/perseverar-en-la-accion-climatica\/#article","isPartOf":{"@id":"https:\/\/www.mundoagropecuario.cl\/new\/perseverar-en-la-accion-climatica\/"},"author":{"name":"mundo","@id":"https:\/\/www.mundoagropecuario.cl\/new\/#\/schema\/person\/4e9f74a82a7dac260eb1c44b7eebeb18"},"headline":"Perseverar en la acci\u00f3n clim\u00e1tica","datePublished":"2019-11-05T04:00:59+00:00","dateModified":"2019-11-05T13:16:56+00:00","mainEntityOfPage":{"@id":"https:\/\/www.mundoagropecuario.cl\/new\/perseverar-en-la-accion-climatica\/"},"wordCount":550,"publisher":{"@id":"https:\/\/www.mundoagropecuario.cl\/new\/#organization"},"image":{"@id":"https:\/\/www.mundoagropecuario.cl\/new\/perseverar-en-la-accion-climatica\/#primaryimage"},"thumbnailUrl":"https:\/\/www.mundoagropecuario.cl\/new\/wp-content\/uploads\/2019\/11\/030-1.jpg","keywords":["Cambio clim\u00e1tico","Columna de opini\u00f3n: Giovanni Calder\u00f3n Bassi","COP25"],"articleSection":["Sustentabilidad"],"inLanguage":"es"},{"@type":"WebPage","@id":"https:\/\/www.mundoagropecuario.cl\/new\/perseverar-en-la-accion-climatica\/","url":"https:\/\/www.mundoagropecuario.cl\/new\/perseverar-en-la-accion-climatica\/","name":"Perseverar en la acci\u00f3n clim\u00e1tica - Mundoagropecuario","isPartOf":{"@id":"https:\/\/www.mundoagropecuario.cl\/new\/#website"},"primaryImageOfPage":{"@id":"https:\/\/www.mundoagropecuario.cl\/new\/perseverar-en-la-accion-climatica\/#primaryimage"},"image":{"@id":"https:\/\/www.mundoagropecuario.cl\/new\/perseverar-en-la-accion-climatica\/#primaryimage"},"thumbnailUrl":"https:\/\/www.mundoagropecuario.cl\/new\/wp-content\/uploads\/2019\/11\/030-1.jpg","datePublished":"2019-11-05T04:00:59+00:00","dateModified":"2019-11-05T13:16:56+00:00","breadcrumb":{"@id":"https:\/\/www.mundoagropecuario.cl\/new\/perseverar-en-la-accion-climatica\/#breadcrumb"},"inLanguage":"es","potentialAction":[{"@type":"ReadAction","target":["https:\/\/www.mundoagropecuario.cl\/new\/perseverar-en-la-accion-climatica\/"]}]},{"@type":"ImageObject","inLanguage":"es","@id":"https:\/\/www.mundoagropecuario.cl\/new\/perseverar-en-la-accion-climatica\/#primaryimage","url":"https:\/\/www.mundoagropecuario.cl\/new\/wp-content\/uploads\/2019\/11\/030-1.jpg","contentUrl":"https:\/\/www.mundoagropecuario.cl\/new\/wp-content\/uploads\/2019\/11\/030-1.jpg","width":600,"height":400},{"@type":"BreadcrumbList","@id":"https:\/\/www.mundoagropecuario.cl\/new\/perseverar-en-la-accion-climatica\/#breadcrumb","itemListElement":[{"@type":"ListItem","position":1,"name":"Portada","item":"https:\/\/www.mundoagropecuario.cl\/new\/"},{"@type":"ListItem","position":2,"name":"Perseverar en la acci\u00f3n clim\u00e1tica"}]},{"@type":"WebSite","@id":"https:\/\/www.mundoagropecuario.cl\/new\/#website","url":"https:\/\/www.mundoagropecuario.cl\/new\/","name":"Mundoagropecuario","description":"Mundo Agropecuario","publisher":{"@id":"https:\/\/www.mundoagropecuario.cl\/new\/#organization"},"potentialAction":[{"@type":"SearchAction","target":{"@type":"EntryPoint","urlTemplate":"https:\/\/www.mundoagropecuario.cl\/new\/?s={search_term_string}"},"query-input":{"@type":"PropertyValueSpecification","valueRequired":true,"valueName":"search_term_string"}}],"inLanguage":"es"},{"@type":"Organization","@id":"https:\/\/www.mundoagropecuario.cl\/new\/#organization","name":"Revista de Agricultura","url":"https:\/\/www.mundoagropecuario.cl\/new\/","logo":{"@type":"ImageObject","inLanguage":"es","@id":"https:\/\/www.mundoagropecuario.cl\/new\/#\/schema\/logo\/image\/","url":"https:\/\/www.mundoagropecuario.cl\/new\/wp-content\/uploads\/2020\/11\/PORTAL-1-1.png","contentUrl":"https:\/\/www.mundoagropecuario.cl\/new\/wp-content\/uploads\/2020\/11\/PORTAL-1-1.png","width":1026,"height":100,"caption":"Revista de Agricultura"},"image":{"@id":"https:\/\/www.mundoagropecuario.cl\/new\/#\/schema\/logo\/image\/"},"sameAs":["https:\/\/www.facebook.com\/mundo.agropecuario.3","https:\/\/x.com\/MundoAgropecuar","https:\/\/www.linkedin.com\/in\/mundo-agropecuario-934009201\/"]},{"@type":"Person","@id":"https:\/\/www.mundoagropecuario.cl\/new\/#\/schema\/person\/4e9f74a82a7dac260eb1c44b7eebeb18","name":"mundo","url":"https:\/\/www.mundoagropecuario.cl\/new\/author\/mundo\/"}]}},"_links":{"self":[{"href":"https:\/\/www.mundoagropecuario.cl\/new\/wp-json\/wp\/v2\/posts\/14630","targetHints":{"allow":["GET"]}}],"collection":[{"href":"https:\/\/www.mundoagropecuario.cl\/new\/wp-json\/wp\/v2\/posts"}],"about":[{"href":"https:\/\/www.mundoagropecuario.cl\/new\/wp-json\/wp\/v2\/types\/post"}],"author":[{"embeddable":true,"href":"https:\/\/www.mundoagropecuario.cl\/new\/wp-json\/wp\/v2\/users\/2"}],"replies":[{"embeddable":true,"href":"https:\/\/www.mundoagropecuario.cl\/new\/wp-json\/wp\/v2\/comments?post=14630"}],"version-history":[{"count":2,"href":"https:\/\/www.mundoagropecuario.cl\/new\/wp-json\/wp\/v2\/posts\/14630\/revisions"}],"predecessor-version":[{"id":14648,"href":"https:\/\/www.mundoagropecuario.cl\/new\/wp-json\/wp\/v2\/posts\/14630\/revisions\/14648"}],"wp:featuredmedia":[{"embeddable":true,"href":"https:\/\/www.mundoagropecuario.cl\/new\/wp-json\/wp\/v2\/media\/14631"}],"wp:attachment":[{"href":"https:\/\/www.mundoagropecuario.cl\/new\/wp-json\/wp\/v2\/media?parent=14630"}],"wp:term":[{"taxonomy":"category","embeddable":true,"href":"https:\/\/www.mundoagropecuario.cl\/new\/wp-json\/wp\/v2\/categories?post=14630"},{"taxonomy":"post_tag","embeddable":true,"href":"https:\/\/www.mundoagropecuario.cl\/new\/wp-json\/wp\/v2\/tags?post=14630"}],"curies":[{"name":"wp","href":"https:\/\/api.w.org\/{rel}","templated":true}]}}