{"id":14601,"date":"2019-11-04T01:00:08","date_gmt":"2019-11-04T04:00:08","guid":{"rendered":"http:\/\/www.mundoagropecuario.cl\/new\/?p=14601"},"modified":"2019-11-03T22:28:49","modified_gmt":"2019-11-04T01:28:49","slug":"ministro-walker-tenemos-que-apoyar-a-los-pequenos-productores-agricolas-a-sacar-adelante-la-temporada","status":"publish","type":"post","link":"https:\/\/www.mundoagropecuario.cl\/new\/ministro-walker-tenemos-que-apoyar-a-los-pequenos-productores-agricolas-a-sacar-adelante-la-temporada\/","title":{"rendered":"Ministro Walker: \u201cTenemos que apoyar a los peque\u00f1os productores agr\u00edcolas a sacar adelante la temporada\u201d"},"content":{"rendered":"\n<ul class=\"wp-block-gallery columns-0 is-cropped wp-block-gallery-1 is-layout-flex wp-block-gallery-is-layout-flex\"><\/ul>\n\n\n\n<p class=\"has-medium-font-size\"><em>La autoridad del agro ha convocado a una serie de reuniones con confederaciones campesinas y gremios del agro en las que se busca asegurar la cadena de abastecimiento en la temporada agr\u00edcola que se aproxima (Mundo Agropecuario).<\/em><\/p>\n\n\n\n<p>El Ministro de Agricultura, Antonio Walker, durante una reuni\u00f3n con gremios agr\u00edcolas \u2013 entre ellos SNA, Asoex, Pymemad y Expocarne -, llam\u00f3 a una profundizaci\u00f3n en el di\u00e1logo, a la uni\u00f3n, y tambi\u00e9n a seguir construyendo canales que permitan a los productores agr\u00edcolas a tener una temporada con la mayor normalidad posible.<\/p>\n\n\n\n<p>Esta es la segunda reuni\u00f3n del ministro Antonio Walker con entidades relevantes del sector agr\u00edcola &#8211; la primera fue con las Confederaciones Campesinas &#8211; con el fin de dialogar acerca de la nueva agenda social en materia agr\u00edcola que el Gobierno quiere proponer a los agricultores. En esta instancia, lo que se busca es comunicar a los gremios las demandas de los peque\u00f1os productores.<\/p>\n\n\n\n<figure class=\"wp-block-image\"><img loading=\"lazy\" decoding=\"async\" width=\"1024\" height=\"683\" src=\"https:\/\/www.mundoagropecuario.cl\/new\/wp-content\/uploads\/2019\/11\/Ministro_G3-1024x683.jpg\" alt=\"\" class=\"wp-image-14603\" srcset=\"https:\/\/www.mundoagropecuario.cl\/new\/wp-content\/uploads\/2019\/11\/Ministro_G3-1024x683.jpg 1024w, https:\/\/www.mundoagropecuario.cl\/new\/wp-content\/uploads\/2019\/11\/Ministro_G3-586x391.jpg 586w, https:\/\/www.mundoagropecuario.cl\/new\/wp-content\/uploads\/2019\/11\/Ministro_G3-768x512.jpg 768w, https:\/\/www.mundoagropecuario.cl\/new\/wp-content\/uploads\/2019\/11\/Ministro_G3.jpg 600w\" sizes=\"auto, (max-width: 1024px) 100vw, 1024px\" \/><\/figure>\n\n\n\n<p>\u201cNuestra prioridad son los peque\u00f1os productores agr\u00edcolas, por eso, estamos enfocados en apoyarlos en sacar adelante su producci\u00f3n y que los canales de distribuci\u00f3n sigan operando de la manera m\u00e1s expedita posible\u201d, dijo el titular del agro. Adem\u00e1s, destac\u00f3 el profesionalismo de los trabajadores estatales (del SAG y de Aduanas, entre otros) que han seguido funcionando en la medida de sus posibilidades.<\/p>\n\n\n\n<p>Uno de los puntos m\u00e1s relevantes de la nueva agenda social es el apoyo que se entregar\u00e1 a los peque\u00f1os productores, un tema que en el agro es muy relevante, ya que estas son las que se han visto m\u00e1s perjudicadas por la situaci\u00f3n que ha vivido el pa\u00eds. Este plan de apoyo buscar\u00e1 que las peque\u00f1as y medianas empresas se puedan recuperar de la violencia y la anormalidad en materia log\u00edstica que han sufrido en los \u00faltimos d\u00edas.<\/p>\n","protected":false},"excerpt":{"rendered":"<p>La autoridad del agro ha convocado a una serie de reuniones con confederaciones campesinas y gremios del agro en las que se busca asegurar la cadena de abastecimiento en la&#8230;<\/p>\n","protected":false},"author":2,"featured_media":14602,"comment_status":"closed","ping_status":"closed","sticky":false,"template":"","format":"standard","meta":{"footnotes":""},"categories":[1945],"tags":[2090,3127,2448,4403],"class_list":["post-14601","post","type-post","status-publish","format-standard","has-post-thumbnail","hentry","category-agricultura","tag-agricultura","tag-agro","tag-ministro-walker","tag-pequenos-productores-agricolas"],"yoast_head":"<!-- This site is optimized with the Yoast SEO plugin v26.6 - https:\/\/yoast.com\/wordpress\/plugins\/seo\/ -->\n<title>Ministro Walker: \u201cTenemos que apoyar a los peque\u00f1os productores agr\u00edcolas a sacar adelante la temporada\u201d - Mundoagropecuario<\/title>\n<meta name=\"robots\" content=\"index, follow, max-snippet:-1, max-image-preview:large, max-video-preview:-1\" \/>\n<link rel=\"canonical\" href=\"https:\/\/www.mundoagropecuario.cl\/new\/ministro-walker-tenemos-que-apoyar-a-los-pequenos-productores-agricolas-a-sacar-adelante-la-temporada\/\" \/>\n<meta property=\"og:locale\" content=\"es_ES\" \/>\n<meta property=\"og:type\" content=\"article\" \/>\n<meta property=\"og:title\" content=\"Ministro Walker: \u201cTenemos que apoyar a los peque\u00f1os productores agr\u00edcolas a sacar adelante la temporada\u201d - Mundoagropecuario\" \/>\n<meta property=\"og:description\" content=\"La autoridad del agro ha convocado a una serie de reuniones con confederaciones campesinas y gremios del agro en las que se busca asegurar la cadena de abastecimiento en la...\" \/>\n<meta property=\"og:url\" content=\"https:\/\/www.mundoagropecuario.cl\/new\/ministro-walker-tenemos-que-apoyar-a-los-pequenos-productores-agricolas-a-sacar-adelante-la-temporada\/\" \/>\n<meta property=\"og:site_name\" content=\"Mundoagropecuario\" \/>\n<meta property=\"article:publisher\" content=\"https:\/\/www.facebook.com\/mundo.agropecuario.3\" \/>\n<meta property=\"article:published_time\" content=\"2019-11-04T04:00:08+00:00\" \/>\n<meta property=\"og:image\" content=\"https:\/\/www.mundoagropecuario.cl\/new\/wp-content\/uploads\/2019\/11\/Ministro_G.jpg\" \/>\n\t<meta property=\"og:image:width\" content=\"1024\" \/>\n\t<meta property=\"og:image:height\" content=\"683\" \/>\n\t<meta property=\"og:image:type\" content=\"image\/jpeg\" \/>\n<meta name=\"author\" content=\"mundo\" \/>\n<meta name=\"twitter:card\" content=\"summary_large_image\" \/>\n<meta name=\"twitter:creator\" content=\"@MundoAgropecuar\" \/>\n<meta name=\"twitter:site\" content=\"@MundoAgropecuar\" \/>\n<meta name=\"twitter:label1\" content=\"Escrito por\" \/>\n\t<meta name=\"twitter:data1\" content=\"mundo\" \/>\n\t<meta name=\"twitter:label2\" content=\"Tiempo de lectura\" \/>\n\t<meta name=\"twitter:data2\" content=\"2 minutos\" \/>\n<script type=\"application\/ld+json\" class=\"yoast-schema-graph\">{\"@context\":\"https:\/\/schema.org\",\"@graph\":[{\"@type\":\"Article\",\"@id\":\"https:\/\/www.mundoagropecuario.cl\/new\/ministro-walker-tenemos-que-apoyar-a-los-pequenos-productores-agricolas-a-sacar-adelante-la-temporada\/#article\",\"isPartOf\":{\"@id\":\"https:\/\/www.mundoagropecuario.cl\/new\/ministro-walker-tenemos-que-apoyar-a-los-pequenos-productores-agricolas-a-sacar-adelante-la-temporada\/\"},\"author\":{\"name\":\"mundo\",\"@id\":\"https:\/\/www.mundoagropecuario.cl\/new\/#\/schema\/person\/4e9f74a82a7dac260eb1c44b7eebeb18\"},\"headline\":\"Ministro Walker: \u201cTenemos que apoyar a los peque\u00f1os productores agr\u00edcolas a sacar adelante la temporada\u201d\",\"datePublished\":\"2019-11-04T04:00:08+00:00\",\"mainEntityOfPage\":{\"@id\":\"https:\/\/www.mundoagropecuario.cl\/new\/ministro-walker-tenemos-que-apoyar-a-los-pequenos-productores-agricolas-a-sacar-adelante-la-temporada\/\"},\"wordCount\":336,\"publisher\":{\"@id\":\"https:\/\/www.mundoagropecuario.cl\/new\/#organization\"},\"image\":{\"@id\":\"https:\/\/www.mundoagropecuario.cl\/new\/ministro-walker-tenemos-que-apoyar-a-los-pequenos-productores-agricolas-a-sacar-adelante-la-temporada\/#primaryimage\"},\"thumbnailUrl\":\"https:\/\/www.mundoagropecuario.cl\/new\/wp-content\/uploads\/2019\/11\/Ministro_G.jpg\",\"keywords\":[\"Agricultura\",\"Agro\",\"Ministro Walker\",\"peque\u00f1os productores agr\u00edcolas\"],\"articleSection\":[\"Agricultura\"],\"inLanguage\":\"es\"},{\"@type\":\"WebPage\",\"@id\":\"https:\/\/www.mundoagropecuario.cl\/new\/ministro-walker-tenemos-que-apoyar-a-los-pequenos-productores-agricolas-a-sacar-adelante-la-temporada\/\",\"url\":\"https:\/\/www.mundoagropecuario.cl\/new\/ministro-walker-tenemos-que-apoyar-a-los-pequenos-productores-agricolas-a-sacar-adelante-la-temporada\/\",\"name\":\"Ministro Walker: \u201cTenemos que apoyar a los peque\u00f1os productores agr\u00edcolas a sacar adelante la temporada\u201d - Mundoagropecuario\",\"isPartOf\":{\"@id\":\"https:\/\/www.mundoagropecuario.cl\/new\/#website\"},\"primaryImageOfPage\":{\"@id\":\"https:\/\/www.mundoagropecuario.cl\/new\/ministro-walker-tenemos-que-apoyar-a-los-pequenos-productores-agricolas-a-sacar-adelante-la-temporada\/#primaryimage\"},\"image\":{\"@id\":\"https:\/\/www.mundoagropecuario.cl\/new\/ministro-walker-tenemos-que-apoyar-a-los-pequenos-productores-agricolas-a-sacar-adelante-la-temporada\/#primaryimage\"},\"thumbnailUrl\":\"https:\/\/www.mundoagropecuario.cl\/new\/wp-content\/uploads\/2019\/11\/Ministro_G.jpg\",\"datePublished\":\"2019-11-04T04:00:08+00:00\",\"breadcrumb\":{\"@id\":\"https:\/\/www.mundoagropecuario.cl\/new\/ministro-walker-tenemos-que-apoyar-a-los-pequenos-productores-agricolas-a-sacar-adelante-la-temporada\/#breadcrumb\"},\"inLanguage\":\"es\",\"potentialAction\":[{\"@type\":\"ReadAction\",\"target\":[\"https:\/\/www.mundoagropecuario.cl\/new\/ministro-walker-tenemos-que-apoyar-a-los-pequenos-productores-agricolas-a-sacar-adelante-la-temporada\/\"]}]},{\"@type\":\"ImageObject\",\"inLanguage\":\"es\",\"@id\":\"https:\/\/www.mundoagropecuario.cl\/new\/ministro-walker-tenemos-que-apoyar-a-los-pequenos-productores-agricolas-a-sacar-adelante-la-temporada\/#primaryimage\",\"url\":\"https:\/\/www.mundoagropecuario.cl\/new\/wp-content\/uploads\/2019\/11\/Ministro_G.jpg\",\"contentUrl\":\"https:\/\/www.mundoagropecuario.cl\/new\/wp-content\/uploads\/2019\/11\/Ministro_G.jpg\",\"width\":600,\"height\":400},{\"@type\":\"BreadcrumbList\",\"@id\":\"https:\/\/www.mundoagropecuario.cl\/new\/ministro-walker-tenemos-que-apoyar-a-los-pequenos-productores-agricolas-a-sacar-adelante-la-temporada\/#breadcrumb\",\"itemListElement\":[{\"@type\":\"ListItem\",\"position\":1,\"name\":\"Portada\",\"item\":\"https:\/\/www.mundoagropecuario.cl\/new\/\"},{\"@type\":\"ListItem\",\"position\":2,\"name\":\"Ministro Walker: \u201cTenemos que apoyar a los peque\u00f1os productores agr\u00edcolas a sacar adelante la temporada\u201d\"}]},{\"@type\":\"WebSite\",\"@id\":\"https:\/\/www.mundoagropecuario.cl\/new\/#website\",\"url\":\"https:\/\/www.mundoagropecuario.cl\/new\/\",\"name\":\"Mundoagropecuario\",\"description\":\"Mundo Agropecuario\",\"publisher\":{\"@id\":\"https:\/\/www.mundoagropecuario.cl\/new\/#organization\"},\"potentialAction\":[{\"@type\":\"SearchAction\",\"target\":{\"@type\":\"EntryPoint\",\"urlTemplate\":\"https:\/\/www.mundoagropecuario.cl\/new\/?s={search_term_string}\"},\"query-input\":{\"@type\":\"PropertyValueSpecification\",\"valueRequired\":true,\"valueName\":\"search_term_string\"}}],\"inLanguage\":\"es\"},{\"@type\":\"Organization\",\"@id\":\"https:\/\/www.mundoagropecuario.cl\/new\/#organization\",\"name\":\"Revista de Agricultura\",\"url\":\"https:\/\/www.mundoagropecuario.cl\/new\/\",\"logo\":{\"@type\":\"ImageObject\",\"inLanguage\":\"es\",\"@id\":\"https:\/\/www.mundoagropecuario.cl\/new\/#\/schema\/logo\/image\/\",\"url\":\"https:\/\/www.mundoagropecuario.cl\/new\/wp-content\/uploads\/2020\/11\/PORTAL-1-1.png\",\"contentUrl\":\"https:\/\/www.mundoagropecuario.cl\/new\/wp-content\/uploads\/2020\/11\/PORTAL-1-1.png\",\"width\":1026,\"height\":100,\"caption\":\"Revista de Agricultura\"},\"image\":{\"@id\":\"https:\/\/www.mundoagropecuario.cl\/new\/#\/schema\/logo\/image\/\"},\"sameAs\":[\"https:\/\/www.facebook.com\/mundo.agropecuario.3\",\"https:\/\/x.com\/MundoAgropecuar\",\"https:\/\/www.linkedin.com\/in\/mundo-agropecuario-934009201\/\"]},{\"@type\":\"Person\",\"@id\":\"https:\/\/www.mundoagropecuario.cl\/new\/#\/schema\/person\/4e9f74a82a7dac260eb1c44b7eebeb18\",\"name\":\"mundo\",\"url\":\"https:\/\/www.mundoagropecuario.cl\/new\/author\/mundo\/\"}]}<\/script>\n<!-- \/ Yoast SEO plugin. -->","yoast_head_json":{"title":"Ministro Walker: \u201cTenemos que apoyar a los peque\u00f1os productores agr\u00edcolas a sacar adelante la temporada\u201d - Mundoagropecuario","robots":{"index":"index","follow":"follow","max-snippet":"max-snippet:-1","max-image-preview":"max-image-preview:large","max-video-preview":"max-video-preview:-1"},"canonical":"https:\/\/www.mundoagropecuario.cl\/new\/ministro-walker-tenemos-que-apoyar-a-los-pequenos-productores-agricolas-a-sacar-adelante-la-temporada\/","og_locale":"es_ES","og_type":"article","og_title":"Ministro Walker: \u201cTenemos que apoyar a los peque\u00f1os productores agr\u00edcolas a sacar adelante la temporada\u201d - Mundoagropecuario","og_description":"La autoridad del agro ha convocado a una serie de reuniones con confederaciones campesinas y gremios del agro en las que se busca asegurar la cadena de abastecimiento en la...","og_url":"https:\/\/www.mundoagropecuario.cl\/new\/ministro-walker-tenemos-que-apoyar-a-los-pequenos-productores-agricolas-a-sacar-adelante-la-temporada\/","og_site_name":"Mundoagropecuario","article_publisher":"https:\/\/www.facebook.com\/mundo.agropecuario.3","article_published_time":"2019-11-04T04:00:08+00:00","og_image":[{"width":1024,"height":683,"url":"https:\/\/www.mundoagropecuario.cl\/new\/wp-content\/uploads\/2019\/11\/Ministro_G.jpg","type":"image\/jpeg"}],"author":"mundo","twitter_card":"summary_large_image","twitter_creator":"@MundoAgropecuar","twitter_site":"@MundoAgropecuar","twitter_misc":{"Escrito por":"mundo","Tiempo de lectura":"2 minutos"},"schema":{"@context":"https:\/\/schema.org","@graph":[{"@type":"Article","@id":"https:\/\/www.mundoagropecuario.cl\/new\/ministro-walker-tenemos-que-apoyar-a-los-pequenos-productores-agricolas-a-sacar-adelante-la-temporada\/#article","isPartOf":{"@id":"https:\/\/www.mundoagropecuario.cl\/new\/ministro-walker-tenemos-que-apoyar-a-los-pequenos-productores-agricolas-a-sacar-adelante-la-temporada\/"},"author":{"name":"mundo","@id":"https:\/\/www.mundoagropecuario.cl\/new\/#\/schema\/person\/4e9f74a82a7dac260eb1c44b7eebeb18"},"headline":"Ministro Walker: \u201cTenemos que apoyar a los peque\u00f1os productores agr\u00edcolas a sacar adelante la temporada\u201d","datePublished":"2019-11-04T04:00:08+00:00","mainEntityOfPage":{"@id":"https:\/\/www.mundoagropecuario.cl\/new\/ministro-walker-tenemos-que-apoyar-a-los-pequenos-productores-agricolas-a-sacar-adelante-la-temporada\/"},"wordCount":336,"publisher":{"@id":"https:\/\/www.mundoagropecuario.cl\/new\/#organization"},"image":{"@id":"https:\/\/www.mundoagropecuario.cl\/new\/ministro-walker-tenemos-que-apoyar-a-los-pequenos-productores-agricolas-a-sacar-adelante-la-temporada\/#primaryimage"},"thumbnailUrl":"https:\/\/www.mundoagropecuario.cl\/new\/wp-content\/uploads\/2019\/11\/Ministro_G.jpg","keywords":["Agricultura","Agro","Ministro Walker","peque\u00f1os productores agr\u00edcolas"],"articleSection":["Agricultura"],"inLanguage":"es"},{"@type":"WebPage","@id":"https:\/\/www.mundoagropecuario.cl\/new\/ministro-walker-tenemos-que-apoyar-a-los-pequenos-productores-agricolas-a-sacar-adelante-la-temporada\/","url":"https:\/\/www.mundoagropecuario.cl\/new\/ministro-walker-tenemos-que-apoyar-a-los-pequenos-productores-agricolas-a-sacar-adelante-la-temporada\/","name":"Ministro Walker: \u201cTenemos que apoyar a los peque\u00f1os productores agr\u00edcolas a sacar adelante la temporada\u201d - Mundoagropecuario","isPartOf":{"@id":"https:\/\/www.mundoagropecuario.cl\/new\/#website"},"primaryImageOfPage":{"@id":"https:\/\/www.mundoagropecuario.cl\/new\/ministro-walker-tenemos-que-apoyar-a-los-pequenos-productores-agricolas-a-sacar-adelante-la-temporada\/#primaryimage"},"image":{"@id":"https:\/\/www.mundoagropecuario.cl\/new\/ministro-walker-tenemos-que-apoyar-a-los-pequenos-productores-agricolas-a-sacar-adelante-la-temporada\/#primaryimage"},"thumbnailUrl":"https:\/\/www.mundoagropecuario.cl\/new\/wp-content\/uploads\/2019\/11\/Ministro_G.jpg","datePublished":"2019-11-04T04:00:08+00:00","breadcrumb":{"@id":"https:\/\/www.mundoagropecuario.cl\/new\/ministro-walker-tenemos-que-apoyar-a-los-pequenos-productores-agricolas-a-sacar-adelante-la-temporada\/#breadcrumb"},"inLanguage":"es","potentialAction":[{"@type":"ReadAction","target":["https:\/\/www.mundoagropecuario.cl\/new\/ministro-walker-tenemos-que-apoyar-a-los-pequenos-productores-agricolas-a-sacar-adelante-la-temporada\/"]}]},{"@type":"ImageObject","inLanguage":"es","@id":"https:\/\/www.mundoagropecuario.cl\/new\/ministro-walker-tenemos-que-apoyar-a-los-pequenos-productores-agricolas-a-sacar-adelante-la-temporada\/#primaryimage","url":"https:\/\/www.mundoagropecuario.cl\/new\/wp-content\/uploads\/2019\/11\/Ministro_G.jpg","contentUrl":"https:\/\/www.mundoagropecuario.cl\/new\/wp-content\/uploads\/2019\/11\/Ministro_G.jpg","width":600,"height":400},{"@type":"BreadcrumbList","@id":"https:\/\/www.mundoagropecuario.cl\/new\/ministro-walker-tenemos-que-apoyar-a-los-pequenos-productores-agricolas-a-sacar-adelante-la-temporada\/#breadcrumb","itemListElement":[{"@type":"ListItem","position":1,"name":"Portada","item":"https:\/\/www.mundoagropecuario.cl\/new\/"},{"@type":"ListItem","position":2,"name":"Ministro Walker: \u201cTenemos que apoyar a los peque\u00f1os productores agr\u00edcolas a sacar adelante la temporada\u201d"}]},{"@type":"WebSite","@id":"https:\/\/www.mundoagropecuario.cl\/new\/#website","url":"https:\/\/www.mundoagropecuario.cl\/new\/","name":"Mundoagropecuario","description":"Mundo Agropecuario","publisher":{"@id":"https:\/\/www.mundoagropecuario.cl\/new\/#organization"},"potentialAction":[{"@type":"SearchAction","target":{"@type":"EntryPoint","urlTemplate":"https:\/\/www.mundoagropecuario.cl\/new\/?s={search_term_string}"},"query-input":{"@type":"PropertyValueSpecification","valueRequired":true,"valueName":"search_term_string"}}],"inLanguage":"es"},{"@type":"Organization","@id":"https:\/\/www.mundoagropecuario.cl\/new\/#organization","name":"Revista de Agricultura","url":"https:\/\/www.mundoagropecuario.cl\/new\/","logo":{"@type":"ImageObject","inLanguage":"es","@id":"https:\/\/www.mundoagropecuario.cl\/new\/#\/schema\/logo\/image\/","url":"https:\/\/www.mundoagropecuario.cl\/new\/wp-content\/uploads\/2020\/11\/PORTAL-1-1.png","contentUrl":"https:\/\/www.mundoagropecuario.cl\/new\/wp-content\/uploads\/2020\/11\/PORTAL-1-1.png","width":1026,"height":100,"caption":"Revista de Agricultura"},"image":{"@id":"https:\/\/www.mundoagropecuario.cl\/new\/#\/schema\/logo\/image\/"},"sameAs":["https:\/\/www.facebook.com\/mundo.agropecuario.3","https:\/\/x.com\/MundoAgropecuar","https:\/\/www.linkedin.com\/in\/mundo-agropecuario-934009201\/"]},{"@type":"Person","@id":"https:\/\/www.mundoagropecuario.cl\/new\/#\/schema\/person\/4e9f74a82a7dac260eb1c44b7eebeb18","name":"mundo","url":"https:\/\/www.mundoagropecuario.cl\/new\/author\/mundo\/"}]}},"_links":{"self":[{"href":"https:\/\/www.mundoagropecuario.cl\/new\/wp-json\/wp\/v2\/posts\/14601","targetHints":{"allow":["GET"]}}],"collection":[{"href":"https:\/\/www.mundoagropecuario.cl\/new\/wp-json\/wp\/v2\/posts"}],"about":[{"href":"https:\/\/www.mundoagropecuario.cl\/new\/wp-json\/wp\/v2\/types\/post"}],"author":[{"embeddable":true,"href":"https:\/\/www.mundoagropecuario.cl\/new\/wp-json\/wp\/v2\/users\/2"}],"replies":[{"embeddable":true,"href":"https:\/\/www.mundoagropecuario.cl\/new\/wp-json\/wp\/v2\/comments?post=14601"}],"version-history":[{"count":1,"href":"https:\/\/www.mundoagropecuario.cl\/new\/wp-json\/wp\/v2\/posts\/14601\/revisions"}],"predecessor-version":[{"id":14604,"href":"https:\/\/www.mundoagropecuario.cl\/new\/wp-json\/wp\/v2\/posts\/14601\/revisions\/14604"}],"wp:featuredmedia":[{"embeddable":true,"href":"https:\/\/www.mundoagropecuario.cl\/new\/wp-json\/wp\/v2\/media\/14602"}],"wp:attachment":[{"href":"https:\/\/www.mundoagropecuario.cl\/new\/wp-json\/wp\/v2\/media?parent=14601"}],"wp:term":[{"taxonomy":"category","embeddable":true,"href":"https:\/\/www.mundoagropecuario.cl\/new\/wp-json\/wp\/v2\/categories?post=14601"},{"taxonomy":"post_tag","embeddable":true,"href":"https:\/\/www.mundoagropecuario.cl\/new\/wp-json\/wp\/v2\/tags?post=14601"}],"curies":[{"name":"wp","href":"https:\/\/api.w.org\/{rel}","templated":true}]}}