{"id":14573,"date":"2019-10-28T01:00:35","date_gmt":"2019-10-28T04:00:35","guid":{"rendered":"http:\/\/www.mundoagropecuario.cl\/new\/?p=14573"},"modified":"2019-11-04T10:47:33","modified_gmt":"2019-11-04T13:47:33","slug":"inia-presenta-aeroponia-y-vermicompost-en-expoagro-azapa","status":"publish","type":"post","link":"https:\/\/www.mundoagropecuario.cl\/new\/inia-presenta-aeroponia-y-vermicompost-en-expoagro-azapa\/","title":{"rendered":"INIA presenta aeropon\u00eda y vermicompost en Expoagro Azapa"},"content":{"rendered":"\n<ul class=\"wp-block-gallery columns-0 is-cropped wp-block-gallery-1 is-layout-flex wp-block-gallery-is-layout-flex\"><\/ul>\n\n\n\n<p class=\"has-medium-font-size\"><em>INIA Ururi&nbsp;&nbsp;present\u00f3 en la quinta versi\u00f3n de&nbsp;&nbsp;Expoagro Azapa un m\u00f3dulo de cultivo de papas en aeropon\u00eda (Mundo Agropecuario)<\/em><\/p>\n\n\n\n<p>Como una forma de acercar&nbsp;&nbsp;t\u00e9cnicas de cultivo m\u00e1s eficientes en el uso del recurso h\u00eddrico la Oficina T\u00e9cnica de INIA Ururi&nbsp;&nbsp;present\u00f3 en la quinta versi\u00f3n de&nbsp;&nbsp;Expoagro Azapa un m\u00f3dulo de cultivo de papas en aeropon\u00eda, adem\u00e1s una muestra pr\u00e1ctica para el desarrollo y formas de uso del vermicompost. Ambos m\u00f3dulos fueron especialmente dirigidos a los agricultores que asistieron a la feria, ocasi\u00f3n en que el equipo de profesionales de INIA resolvi\u00f3 dudas de los asistentes adem\u00e1s de difundir la misi\u00f3n del Instituto.<\/p>\n\n\n\n<p>Edgardo D\u00edaz director regional de INIA Intihuasi destac\u00f3 \u201cen INIA estamos enfocados en generar y transferir tecnolog\u00edas pr\u00e1cticas a nuestros agricultores, que les permitan desarrollar una actividad m\u00e1s productiva, m\u00e1s competitiva, pero tambi\u00e9n, con un importante sello de sostenibilidad, de tal forma producir agro alimentos saludables y tambi\u00e9n ecol\u00f3gicos\u201d.<\/p>\n\n\n\n<p>En la oportunidad autoridades regionales, destacaron la participaci\u00f3n del stand de todo el pa\u00eds, adem\u00e1s de organismos e instituciones que apoyan el desarrollo agr\u00edcola regional, instancia que cont\u00f3 con la participaci\u00f3n del SEREMI&nbsp;&nbsp;de Agricultura de la regi\u00f3n de Arica y Parinacota Jorge Heiden,&nbsp;&nbsp;quien realiz\u00f3 un&nbsp;&nbsp;recorrido por la feria que busca consolidarse como un espacio para nuevas tecnolog\u00edas, productos y servicios en beneficio del agricultor local.<\/p>\n","protected":false},"excerpt":{"rendered":"<p>INIA Ururi&nbsp;&nbsp;present\u00f3 en la quinta versi\u00f3n de&nbsp;&nbsp;Expoagro Azapa un m\u00f3dulo de cultivo de papas en aeropon\u00eda (Mundo Agropecuario) Como una forma de acercar&nbsp;&nbsp;t\u00e9cnicas de cultivo m\u00e1s eficientes en el uso&#8230;<\/p>\n","protected":false},"author":2,"featured_media":14574,"comment_status":"closed","ping_status":"closed","sticky":false,"template":"","format":"standard","meta":{"footnotes":""},"categories":[1945],"tags":[3127],"class_list":["post-14573","post","type-post","status-publish","format-standard","has-post-thumbnail","hentry","category-agricultura","tag-agro"],"yoast_head":"<!-- This site is optimized with the Yoast SEO plugin v26.6 - https:\/\/yoast.com\/wordpress\/plugins\/seo\/ -->\n<title>INIA presenta aeropon\u00eda y vermicompost en Expoagro Azapa - Mundoagropecuario<\/title>\n<meta name=\"robots\" content=\"index, follow, max-snippet:-1, max-image-preview:large, max-video-preview:-1\" \/>\n<link rel=\"canonical\" href=\"https:\/\/www.mundoagropecuario.cl\/new\/inia-presenta-aeroponia-y-vermicompost-en-expoagro-azapa\/\" \/>\n<meta property=\"og:locale\" content=\"es_ES\" \/>\n<meta property=\"og:type\" content=\"article\" \/>\n<meta property=\"og:title\" content=\"INIA presenta aeropon\u00eda y vermicompost en Expoagro Azapa - Mundoagropecuario\" \/>\n<meta property=\"og:description\" content=\"INIA Ururi&nbsp;&nbsp;present\u00f3 en la quinta versi\u00f3n de&nbsp;&nbsp;Expoagro Azapa un m\u00f3dulo de cultivo de papas en aeropon\u00eda (Mundo Agropecuario) Como una forma de acercar&nbsp;&nbsp;t\u00e9cnicas de cultivo m\u00e1s eficientes en el uso...\" \/>\n<meta property=\"og:url\" content=\"https:\/\/www.mundoagropecuario.cl\/new\/inia-presenta-aeroponia-y-vermicompost-en-expoagro-azapa\/\" \/>\n<meta property=\"og:site_name\" content=\"Mundoagropecuario\" \/>\n<meta property=\"article:publisher\" content=\"https:\/\/www.facebook.com\/mundo.agropecuario.3\" \/>\n<meta property=\"article:published_time\" content=\"2019-10-28T04:00:35+00:00\" \/>\n<meta property=\"article:modified_time\" content=\"2019-11-04T13:47:33+00:00\" \/>\n<meta property=\"og:image\" content=\"https:\/\/www.mundoagropecuario.cl\/new\/wp-content\/uploads\/2019\/10\/INIA.jpg\" \/>\n\t<meta property=\"og:image:width\" content=\"832\" \/>\n\t<meta property=\"og:image:height\" content=\"624\" \/>\n\t<meta property=\"og:image:type\" content=\"image\/jpeg\" \/>\n<meta name=\"author\" content=\"mundo\" \/>\n<meta name=\"twitter:card\" content=\"summary_large_image\" \/>\n<meta name=\"twitter:creator\" content=\"@MundoAgropecuar\" \/>\n<meta name=\"twitter:site\" content=\"@MundoAgropecuar\" \/>\n<meta name=\"twitter:label1\" content=\"Escrito por\" \/>\n\t<meta name=\"twitter:data1\" content=\"mundo\" \/>\n\t<meta name=\"twitter:label2\" content=\"Tiempo de lectura\" \/>\n\t<meta name=\"twitter:data2\" content=\"1 minuto\" \/>\n<script type=\"application\/ld+json\" class=\"yoast-schema-graph\">{\"@context\":\"https:\/\/schema.org\",\"@graph\":[{\"@type\":\"Article\",\"@id\":\"https:\/\/www.mundoagropecuario.cl\/new\/inia-presenta-aeroponia-y-vermicompost-en-expoagro-azapa\/#article\",\"isPartOf\":{\"@id\":\"https:\/\/www.mundoagropecuario.cl\/new\/inia-presenta-aeroponia-y-vermicompost-en-expoagro-azapa\/\"},\"author\":{\"name\":\"mundo\",\"@id\":\"https:\/\/www.mundoagropecuario.cl\/new\/#\/schema\/person\/4e9f74a82a7dac260eb1c44b7eebeb18\"},\"headline\":\"INIA presenta aeropon\u00eda y vermicompost en Expoagro Azapa\",\"datePublished\":\"2019-10-28T04:00:35+00:00\",\"dateModified\":\"2019-11-04T13:47:33+00:00\",\"mainEntityOfPage\":{\"@id\":\"https:\/\/www.mundoagropecuario.cl\/new\/inia-presenta-aeroponia-y-vermicompost-en-expoagro-azapa\/\"},\"wordCount\":278,\"publisher\":{\"@id\":\"https:\/\/www.mundoagropecuario.cl\/new\/#organization\"},\"image\":{\"@id\":\"https:\/\/www.mundoagropecuario.cl\/new\/inia-presenta-aeroponia-y-vermicompost-en-expoagro-azapa\/#primaryimage\"},\"thumbnailUrl\":\"https:\/\/www.mundoagropecuario.cl\/new\/wp-content\/uploads\/2019\/10\/INIA.jpg\",\"keywords\":[\"Agro\"],\"articleSection\":[\"Agricultura\"],\"inLanguage\":\"es\"},{\"@type\":\"WebPage\",\"@id\":\"https:\/\/www.mundoagropecuario.cl\/new\/inia-presenta-aeroponia-y-vermicompost-en-expoagro-azapa\/\",\"url\":\"https:\/\/www.mundoagropecuario.cl\/new\/inia-presenta-aeroponia-y-vermicompost-en-expoagro-azapa\/\",\"name\":\"INIA presenta aeropon\u00eda y vermicompost en Expoagro Azapa - Mundoagropecuario\",\"isPartOf\":{\"@id\":\"https:\/\/www.mundoagropecuario.cl\/new\/#website\"},\"primaryImageOfPage\":{\"@id\":\"https:\/\/www.mundoagropecuario.cl\/new\/inia-presenta-aeroponia-y-vermicompost-en-expoagro-azapa\/#primaryimage\"},\"image\":{\"@id\":\"https:\/\/www.mundoagropecuario.cl\/new\/inia-presenta-aeroponia-y-vermicompost-en-expoagro-azapa\/#primaryimage\"},\"thumbnailUrl\":\"https:\/\/www.mundoagropecuario.cl\/new\/wp-content\/uploads\/2019\/10\/INIA.jpg\",\"datePublished\":\"2019-10-28T04:00:35+00:00\",\"dateModified\":\"2019-11-04T13:47:33+00:00\",\"breadcrumb\":{\"@id\":\"https:\/\/www.mundoagropecuario.cl\/new\/inia-presenta-aeroponia-y-vermicompost-en-expoagro-azapa\/#breadcrumb\"},\"inLanguage\":\"es\",\"potentialAction\":[{\"@type\":\"ReadAction\",\"target\":[\"https:\/\/www.mundoagropecuario.cl\/new\/inia-presenta-aeroponia-y-vermicompost-en-expoagro-azapa\/\"]}]},{\"@type\":\"ImageObject\",\"inLanguage\":\"es\",\"@id\":\"https:\/\/www.mundoagropecuario.cl\/new\/inia-presenta-aeroponia-y-vermicompost-en-expoagro-azapa\/#primaryimage\",\"url\":\"https:\/\/www.mundoagropecuario.cl\/new\/wp-content\/uploads\/2019\/10\/INIA.jpg\",\"contentUrl\":\"https:\/\/www.mundoagropecuario.cl\/new\/wp-content\/uploads\/2019\/10\/INIA.jpg\",\"width\":533,\"height\":400},{\"@type\":\"BreadcrumbList\",\"@id\":\"https:\/\/www.mundoagropecuario.cl\/new\/inia-presenta-aeroponia-y-vermicompost-en-expoagro-azapa\/#breadcrumb\",\"itemListElement\":[{\"@type\":\"ListItem\",\"position\":1,\"name\":\"Portada\",\"item\":\"https:\/\/www.mundoagropecuario.cl\/new\/\"},{\"@type\":\"ListItem\",\"position\":2,\"name\":\"INIA presenta aeropon\u00eda y vermicompost en Expoagro Azapa\"}]},{\"@type\":\"WebSite\",\"@id\":\"https:\/\/www.mundoagropecuario.cl\/new\/#website\",\"url\":\"https:\/\/www.mundoagropecuario.cl\/new\/\",\"name\":\"Mundoagropecuario\",\"description\":\"Mundo Agropecuario\",\"publisher\":{\"@id\":\"https:\/\/www.mundoagropecuario.cl\/new\/#organization\"},\"potentialAction\":[{\"@type\":\"SearchAction\",\"target\":{\"@type\":\"EntryPoint\",\"urlTemplate\":\"https:\/\/www.mundoagropecuario.cl\/new\/?s={search_term_string}\"},\"query-input\":{\"@type\":\"PropertyValueSpecification\",\"valueRequired\":true,\"valueName\":\"search_term_string\"}}],\"inLanguage\":\"es\"},{\"@type\":\"Organization\",\"@id\":\"https:\/\/www.mundoagropecuario.cl\/new\/#organization\",\"name\":\"Revista de Agricultura\",\"url\":\"https:\/\/www.mundoagropecuario.cl\/new\/\",\"logo\":{\"@type\":\"ImageObject\",\"inLanguage\":\"es\",\"@id\":\"https:\/\/www.mundoagropecuario.cl\/new\/#\/schema\/logo\/image\/\",\"url\":\"https:\/\/www.mundoagropecuario.cl\/new\/wp-content\/uploads\/2020\/11\/PORTAL-1-1.png\",\"contentUrl\":\"https:\/\/www.mundoagropecuario.cl\/new\/wp-content\/uploads\/2020\/11\/PORTAL-1-1.png\",\"width\":1026,\"height\":100,\"caption\":\"Revista de Agricultura\"},\"image\":{\"@id\":\"https:\/\/www.mundoagropecuario.cl\/new\/#\/schema\/logo\/image\/\"},\"sameAs\":[\"https:\/\/www.facebook.com\/mundo.agropecuario.3\",\"https:\/\/x.com\/MundoAgropecuar\",\"https:\/\/www.linkedin.com\/in\/mundo-agropecuario-934009201\/\"]},{\"@type\":\"Person\",\"@id\":\"https:\/\/www.mundoagropecuario.cl\/new\/#\/schema\/person\/4e9f74a82a7dac260eb1c44b7eebeb18\",\"name\":\"mundo\",\"url\":\"https:\/\/www.mundoagropecuario.cl\/new\/author\/mundo\/\"}]}<\/script>\n<!-- \/ Yoast SEO plugin. -->","yoast_head_json":{"title":"INIA presenta aeropon\u00eda y vermicompost en Expoagro Azapa - Mundoagropecuario","robots":{"index":"index","follow":"follow","max-snippet":"max-snippet:-1","max-image-preview":"max-image-preview:large","max-video-preview":"max-video-preview:-1"},"canonical":"https:\/\/www.mundoagropecuario.cl\/new\/inia-presenta-aeroponia-y-vermicompost-en-expoagro-azapa\/","og_locale":"es_ES","og_type":"article","og_title":"INIA presenta aeropon\u00eda y vermicompost en Expoagro Azapa - Mundoagropecuario","og_description":"INIA Ururi&nbsp;&nbsp;present\u00f3 en la quinta versi\u00f3n de&nbsp;&nbsp;Expoagro Azapa un m\u00f3dulo de cultivo de papas en aeropon\u00eda (Mundo Agropecuario) Como una forma de acercar&nbsp;&nbsp;t\u00e9cnicas de cultivo m\u00e1s eficientes en el uso...","og_url":"https:\/\/www.mundoagropecuario.cl\/new\/inia-presenta-aeroponia-y-vermicompost-en-expoagro-azapa\/","og_site_name":"Mundoagropecuario","article_publisher":"https:\/\/www.facebook.com\/mundo.agropecuario.3","article_published_time":"2019-10-28T04:00:35+00:00","article_modified_time":"2019-11-04T13:47:33+00:00","og_image":[{"width":832,"height":624,"url":"https:\/\/www.mundoagropecuario.cl\/new\/wp-content\/uploads\/2019\/10\/INIA.jpg","type":"image\/jpeg"}],"author":"mundo","twitter_card":"summary_large_image","twitter_creator":"@MundoAgropecuar","twitter_site":"@MundoAgropecuar","twitter_misc":{"Escrito por":"mundo","Tiempo de lectura":"1 minuto"},"schema":{"@context":"https:\/\/schema.org","@graph":[{"@type":"Article","@id":"https:\/\/www.mundoagropecuario.cl\/new\/inia-presenta-aeroponia-y-vermicompost-en-expoagro-azapa\/#article","isPartOf":{"@id":"https:\/\/www.mundoagropecuario.cl\/new\/inia-presenta-aeroponia-y-vermicompost-en-expoagro-azapa\/"},"author":{"name":"mundo","@id":"https:\/\/www.mundoagropecuario.cl\/new\/#\/schema\/person\/4e9f74a82a7dac260eb1c44b7eebeb18"},"headline":"INIA presenta aeropon\u00eda y vermicompost en Expoagro Azapa","datePublished":"2019-10-28T04:00:35+00:00","dateModified":"2019-11-04T13:47:33+00:00","mainEntityOfPage":{"@id":"https:\/\/www.mundoagropecuario.cl\/new\/inia-presenta-aeroponia-y-vermicompost-en-expoagro-azapa\/"},"wordCount":278,"publisher":{"@id":"https:\/\/www.mundoagropecuario.cl\/new\/#organization"},"image":{"@id":"https:\/\/www.mundoagropecuario.cl\/new\/inia-presenta-aeroponia-y-vermicompost-en-expoagro-azapa\/#primaryimage"},"thumbnailUrl":"https:\/\/www.mundoagropecuario.cl\/new\/wp-content\/uploads\/2019\/10\/INIA.jpg","keywords":["Agro"],"articleSection":["Agricultura"],"inLanguage":"es"},{"@type":"WebPage","@id":"https:\/\/www.mundoagropecuario.cl\/new\/inia-presenta-aeroponia-y-vermicompost-en-expoagro-azapa\/","url":"https:\/\/www.mundoagropecuario.cl\/new\/inia-presenta-aeroponia-y-vermicompost-en-expoagro-azapa\/","name":"INIA presenta aeropon\u00eda y vermicompost en Expoagro Azapa - Mundoagropecuario","isPartOf":{"@id":"https:\/\/www.mundoagropecuario.cl\/new\/#website"},"primaryImageOfPage":{"@id":"https:\/\/www.mundoagropecuario.cl\/new\/inia-presenta-aeroponia-y-vermicompost-en-expoagro-azapa\/#primaryimage"},"image":{"@id":"https:\/\/www.mundoagropecuario.cl\/new\/inia-presenta-aeroponia-y-vermicompost-en-expoagro-azapa\/#primaryimage"},"thumbnailUrl":"https:\/\/www.mundoagropecuario.cl\/new\/wp-content\/uploads\/2019\/10\/INIA.jpg","datePublished":"2019-10-28T04:00:35+00:00","dateModified":"2019-11-04T13:47:33+00:00","breadcrumb":{"@id":"https:\/\/www.mundoagropecuario.cl\/new\/inia-presenta-aeroponia-y-vermicompost-en-expoagro-azapa\/#breadcrumb"},"inLanguage":"es","potentialAction":[{"@type":"ReadAction","target":["https:\/\/www.mundoagropecuario.cl\/new\/inia-presenta-aeroponia-y-vermicompost-en-expoagro-azapa\/"]}]},{"@type":"ImageObject","inLanguage":"es","@id":"https:\/\/www.mundoagropecuario.cl\/new\/inia-presenta-aeroponia-y-vermicompost-en-expoagro-azapa\/#primaryimage","url":"https:\/\/www.mundoagropecuario.cl\/new\/wp-content\/uploads\/2019\/10\/INIA.jpg","contentUrl":"https:\/\/www.mundoagropecuario.cl\/new\/wp-content\/uploads\/2019\/10\/INIA.jpg","width":533,"height":400},{"@type":"BreadcrumbList","@id":"https:\/\/www.mundoagropecuario.cl\/new\/inia-presenta-aeroponia-y-vermicompost-en-expoagro-azapa\/#breadcrumb","itemListElement":[{"@type":"ListItem","position":1,"name":"Portada","item":"https:\/\/www.mundoagropecuario.cl\/new\/"},{"@type":"ListItem","position":2,"name":"INIA presenta aeropon\u00eda y vermicompost en Expoagro Azapa"}]},{"@type":"WebSite","@id":"https:\/\/www.mundoagropecuario.cl\/new\/#website","url":"https:\/\/www.mundoagropecuario.cl\/new\/","name":"Mundoagropecuario","description":"Mundo Agropecuario","publisher":{"@id":"https:\/\/www.mundoagropecuario.cl\/new\/#organization"},"potentialAction":[{"@type":"SearchAction","target":{"@type":"EntryPoint","urlTemplate":"https:\/\/www.mundoagropecuario.cl\/new\/?s={search_term_string}"},"query-input":{"@type":"PropertyValueSpecification","valueRequired":true,"valueName":"search_term_string"}}],"inLanguage":"es"},{"@type":"Organization","@id":"https:\/\/www.mundoagropecuario.cl\/new\/#organization","name":"Revista de Agricultura","url":"https:\/\/www.mundoagropecuario.cl\/new\/","logo":{"@type":"ImageObject","inLanguage":"es","@id":"https:\/\/www.mundoagropecuario.cl\/new\/#\/schema\/logo\/image\/","url":"https:\/\/www.mundoagropecuario.cl\/new\/wp-content\/uploads\/2020\/11\/PORTAL-1-1.png","contentUrl":"https:\/\/www.mundoagropecuario.cl\/new\/wp-content\/uploads\/2020\/11\/PORTAL-1-1.png","width":1026,"height":100,"caption":"Revista de Agricultura"},"image":{"@id":"https:\/\/www.mundoagropecuario.cl\/new\/#\/schema\/logo\/image\/"},"sameAs":["https:\/\/www.facebook.com\/mundo.agropecuario.3","https:\/\/x.com\/MundoAgropecuar","https:\/\/www.linkedin.com\/in\/mundo-agropecuario-934009201\/"]},{"@type":"Person","@id":"https:\/\/www.mundoagropecuario.cl\/new\/#\/schema\/person\/4e9f74a82a7dac260eb1c44b7eebeb18","name":"mundo","url":"https:\/\/www.mundoagropecuario.cl\/new\/author\/mundo\/"}]}},"_links":{"self":[{"href":"https:\/\/www.mundoagropecuario.cl\/new\/wp-json\/wp\/v2\/posts\/14573","targetHints":{"allow":["GET"]}}],"collection":[{"href":"https:\/\/www.mundoagropecuario.cl\/new\/wp-json\/wp\/v2\/posts"}],"about":[{"href":"https:\/\/www.mundoagropecuario.cl\/new\/wp-json\/wp\/v2\/types\/post"}],"author":[{"embeddable":true,"href":"https:\/\/www.mundoagropecuario.cl\/new\/wp-json\/wp\/v2\/users\/2"}],"replies":[{"embeddable":true,"href":"https:\/\/www.mundoagropecuario.cl\/new\/wp-json\/wp\/v2\/comments?post=14573"}],"version-history":[{"count":2,"href":"https:\/\/www.mundoagropecuario.cl\/new\/wp-json\/wp\/v2\/posts\/14573\/revisions"}],"predecessor-version":[{"id":14622,"href":"https:\/\/www.mundoagropecuario.cl\/new\/wp-json\/wp\/v2\/posts\/14573\/revisions\/14622"}],"wp:featuredmedia":[{"embeddable":true,"href":"https:\/\/www.mundoagropecuario.cl\/new\/wp-json\/wp\/v2\/media\/14574"}],"wp:attachment":[{"href":"https:\/\/www.mundoagropecuario.cl\/new\/wp-json\/wp\/v2\/media?parent=14573"}],"wp:term":[{"taxonomy":"category","embeddable":true,"href":"https:\/\/www.mundoagropecuario.cl\/new\/wp-json\/wp\/v2\/categories?post=14573"},{"taxonomy":"post_tag","embeddable":true,"href":"https:\/\/www.mundoagropecuario.cl\/new\/wp-json\/wp\/v2\/tags?post=14573"}],"curies":[{"name":"wp","href":"https:\/\/api.w.org\/{rel}","templated":true}]}}