{"id":14551,"date":"2019-10-25T01:00:41","date_gmt":"2019-10-25T04:00:41","guid":{"rendered":"http:\/\/www.mundoagropecuario.cl\/new\/?p=14551"},"modified":"2019-11-04T10:45:32","modified_gmt":"2019-11-04T13:45:32","slug":"decretan-suspension-indefinida-de-quemas-agricolas-en-todo-chile-ante-situacion-que-afecta-al-pais","status":"publish","type":"post","link":"https:\/\/www.mundoagropecuario.cl\/new\/decretan-suspension-indefinida-de-quemas-agricolas-en-todo-chile-ante-situacion-que-afecta-al-pais\/","title":{"rendered":"Decretan suspensi\u00f3n indefinida de quemas agr\u00edcolas en todo Chile ante situaci\u00f3n que afecta al pa\u00eds"},"content":{"rendered":"\n<ul class=\"wp-block-gallery columns-0 is-cropped wp-block-gallery-1 is-layout-flex wp-block-gallery-is-layout-flex\"><\/ul>\n\n\n\n<p class=\"has-medium-font-size\"><em>La autoridad enfatiz\u00f3 en evitar el uso del fuego por parte de la poblaci\u00f3n en las cercan\u00edas de las zonas con vegetaci\u00f3n a fin de disminuir el riesgo de incendios forestales (Mundo Agropecuario).<\/em><\/p>\n\n\n\n<p> \u201cEstamos preocupados por el bienestar de los agricultores y de quienes viven en el mundo rural, por eso hemos decidido suspender indefinidamente las autorizaciones de quemas agr\u00edcolas en todo Chile, como una medida de precauci\u00f3n ante la situaci\u00f3n que vive el pa\u00eds y adem\u00e1s como una forma de ayudar en la prevenci\u00f3n de los incendios forestales ante la compleja temporada de incendios que se avecina\u201d. Con estas palabras el Ministro de Agricultura, Antonio Walker, confirmo la determinaci\u00f3n del Gobierno por suspender estas actividades de manera indefinida dada la situaci\u00f3n que afecta al pa\u00eds.<\/p>\n\n\n\n<p>El Ministro Walker adem\u00e1s explic\u00f3 que esta medida tambi\u00e9n se est\u00e1 llevando a cabo a ra\u00edz de que se proyecta una temporada compleja de incendios forestales producto de la mega sequ\u00eda que afecta a Chile. Por ese motivo, la autoridad enfatiz\u00f3 en evitar el uso del fuego por parte de la poblaci\u00f3n en las cercan\u00edas de las zonas con vegetaci\u00f3n a fin de disminuir el riesgo de incendios forestales.<\/p>\n\n\n\n<p>\u201cTomemos todas las medidas de prevenci\u00f3n necesarias para no tener que lamentar un incendio forestal que no solo da\u00f1a a la naturaleza, sino muchas veces tambi\u00e9n afecta a las personas, a sus enseres y a sus actividades laborales\u201d, concluy\u00f3 Walker.<\/p>\n","protected":false},"excerpt":{"rendered":"<p>La autoridad enfatiz\u00f3 en evitar el uso del fuego por parte de la poblaci\u00f3n en las cercan\u00edas de las zonas con vegetaci\u00f3n a fin de disminuir el riesgo de incendios&#8230;<\/p>\n","protected":false},"author":2,"featured_media":14552,"comment_status":"closed","ping_status":"closed","sticky":false,"template":"","format":"standard","meta":{"footnotes":""},"categories":[1945],"tags":[2090,3127,2448],"class_list":["post-14551","post","type-post","status-publish","format-standard","has-post-thumbnail","hentry","category-agricultura","tag-agricultura","tag-agro","tag-ministro-walker"],"yoast_head":"<!-- This site is optimized with the Yoast SEO plugin v26.6 - https:\/\/yoast.com\/wordpress\/plugins\/seo\/ -->\n<title>Decretan suspensi\u00f3n indefinida de quemas agr\u00edcolas en todo Chile ante situaci\u00f3n que afecta al pa\u00eds - Mundoagropecuario<\/title>\n<meta name=\"robots\" content=\"index, follow, max-snippet:-1, max-image-preview:large, max-video-preview:-1\" \/>\n<link rel=\"canonical\" href=\"https:\/\/www.mundoagropecuario.cl\/new\/decretan-suspension-indefinida-de-quemas-agricolas-en-todo-chile-ante-situacion-que-afecta-al-pais\/\" \/>\n<meta property=\"og:locale\" content=\"es_ES\" \/>\n<meta property=\"og:type\" content=\"article\" \/>\n<meta property=\"og:title\" content=\"Decretan suspensi\u00f3n indefinida de quemas agr\u00edcolas en todo Chile ante situaci\u00f3n que afecta al pa\u00eds - Mundoagropecuario\" \/>\n<meta property=\"og:description\" content=\"La autoridad enfatiz\u00f3 en evitar el uso del fuego por parte de la poblaci\u00f3n en las cercan\u00edas de las zonas con vegetaci\u00f3n a fin de disminuir el riesgo de incendios...\" \/>\n<meta property=\"og:url\" content=\"https:\/\/www.mundoagropecuario.cl\/new\/decretan-suspension-indefinida-de-quemas-agricolas-en-todo-chile-ante-situacion-que-afecta-al-pais\/\" \/>\n<meta property=\"og:site_name\" content=\"Mundoagropecuario\" \/>\n<meta property=\"article:publisher\" content=\"https:\/\/www.facebook.com\/mundo.agropecuario.3\" \/>\n<meta property=\"article:published_time\" content=\"2019-10-25T04:00:41+00:00\" \/>\n<meta property=\"article:modified_time\" content=\"2019-11-04T13:45:32+00:00\" \/>\n<meta property=\"og:image\" content=\"https:\/\/www.mundoagropecuario.cl\/new\/wp-content\/uploads\/2019\/10\/48935932133_24d8bed645_c.jpg\" \/>\n\t<meta property=\"og:image:width\" content=\"799\" \/>\n\t<meta property=\"og:image:height\" content=\"533\" \/>\n\t<meta property=\"og:image:type\" content=\"image\/jpeg\" \/>\n<meta name=\"author\" content=\"mundo\" \/>\n<meta name=\"twitter:card\" content=\"summary_large_image\" \/>\n<meta name=\"twitter:creator\" content=\"@MundoAgropecuar\" \/>\n<meta name=\"twitter:site\" content=\"@MundoAgropecuar\" \/>\n<meta name=\"twitter:label1\" content=\"Escrito por\" \/>\n\t<meta name=\"twitter:data1\" content=\"mundo\" \/>\n\t<meta name=\"twitter:label2\" content=\"Tiempo de lectura\" \/>\n\t<meta name=\"twitter:data2\" content=\"1 minuto\" \/>\n<script type=\"application\/ld+json\" class=\"yoast-schema-graph\">{\"@context\":\"https:\/\/schema.org\",\"@graph\":[{\"@type\":\"Article\",\"@id\":\"https:\/\/www.mundoagropecuario.cl\/new\/decretan-suspension-indefinida-de-quemas-agricolas-en-todo-chile-ante-situacion-que-afecta-al-pais\/#article\",\"isPartOf\":{\"@id\":\"https:\/\/www.mundoagropecuario.cl\/new\/decretan-suspension-indefinida-de-quemas-agricolas-en-todo-chile-ante-situacion-que-afecta-al-pais\/\"},\"author\":{\"name\":\"mundo\",\"@id\":\"https:\/\/www.mundoagropecuario.cl\/new\/#\/schema\/person\/4e9f74a82a7dac260eb1c44b7eebeb18\"},\"headline\":\"Decretan suspensi\u00f3n indefinida de quemas agr\u00edcolas en todo Chile ante situaci\u00f3n que afecta al pa\u00eds\",\"datePublished\":\"2019-10-25T04:00:41+00:00\",\"dateModified\":\"2019-11-04T13:45:32+00:00\",\"mainEntityOfPage\":{\"@id\":\"https:\/\/www.mundoagropecuario.cl\/new\/decretan-suspension-indefinida-de-quemas-agricolas-en-todo-chile-ante-situacion-que-afecta-al-pais\/\"},\"wordCount\":276,\"publisher\":{\"@id\":\"https:\/\/www.mundoagropecuario.cl\/new\/#organization\"},\"image\":{\"@id\":\"https:\/\/www.mundoagropecuario.cl\/new\/decretan-suspension-indefinida-de-quemas-agricolas-en-todo-chile-ante-situacion-que-afecta-al-pais\/#primaryimage\"},\"thumbnailUrl\":\"https:\/\/www.mundoagropecuario.cl\/new\/wp-content\/uploads\/2019\/10\/48935932133_24d8bed645_c.jpg\",\"keywords\":[\"Agricultura\",\"Agro\",\"Ministro Walker\"],\"articleSection\":[\"Agricultura\"],\"inLanguage\":\"es\"},{\"@type\":\"WebPage\",\"@id\":\"https:\/\/www.mundoagropecuario.cl\/new\/decretan-suspension-indefinida-de-quemas-agricolas-en-todo-chile-ante-situacion-que-afecta-al-pais\/\",\"url\":\"https:\/\/www.mundoagropecuario.cl\/new\/decretan-suspension-indefinida-de-quemas-agricolas-en-todo-chile-ante-situacion-que-afecta-al-pais\/\",\"name\":\"Decretan suspensi\u00f3n indefinida de quemas agr\u00edcolas en todo Chile ante situaci\u00f3n que afecta al pa\u00eds - Mundoagropecuario\",\"isPartOf\":{\"@id\":\"https:\/\/www.mundoagropecuario.cl\/new\/#website\"},\"primaryImageOfPage\":{\"@id\":\"https:\/\/www.mundoagropecuario.cl\/new\/decretan-suspension-indefinida-de-quemas-agricolas-en-todo-chile-ante-situacion-que-afecta-al-pais\/#primaryimage\"},\"image\":{\"@id\":\"https:\/\/www.mundoagropecuario.cl\/new\/decretan-suspension-indefinida-de-quemas-agricolas-en-todo-chile-ante-situacion-que-afecta-al-pais\/#primaryimage\"},\"thumbnailUrl\":\"https:\/\/www.mundoagropecuario.cl\/new\/wp-content\/uploads\/2019\/10\/48935932133_24d8bed645_c.jpg\",\"datePublished\":\"2019-10-25T04:00:41+00:00\",\"dateModified\":\"2019-11-04T13:45:32+00:00\",\"breadcrumb\":{\"@id\":\"https:\/\/www.mundoagropecuario.cl\/new\/decretan-suspension-indefinida-de-quemas-agricolas-en-todo-chile-ante-situacion-que-afecta-al-pais\/#breadcrumb\"},\"inLanguage\":\"es\",\"potentialAction\":[{\"@type\":\"ReadAction\",\"target\":[\"https:\/\/www.mundoagropecuario.cl\/new\/decretan-suspension-indefinida-de-quemas-agricolas-en-todo-chile-ante-situacion-que-afecta-al-pais\/\"]}]},{\"@type\":\"ImageObject\",\"inLanguage\":\"es\",\"@id\":\"https:\/\/www.mundoagropecuario.cl\/new\/decretan-suspension-indefinida-de-quemas-agricolas-en-todo-chile-ante-situacion-que-afecta-al-pais\/#primaryimage\",\"url\":\"https:\/\/www.mundoagropecuario.cl\/new\/wp-content\/uploads\/2019\/10\/48935932133_24d8bed645_c.jpg\",\"contentUrl\":\"https:\/\/www.mundoagropecuario.cl\/new\/wp-content\/uploads\/2019\/10\/48935932133_24d8bed645_c.jpg\",\"width\":600,\"height\":400},{\"@type\":\"BreadcrumbList\",\"@id\":\"https:\/\/www.mundoagropecuario.cl\/new\/decretan-suspension-indefinida-de-quemas-agricolas-en-todo-chile-ante-situacion-que-afecta-al-pais\/#breadcrumb\",\"itemListElement\":[{\"@type\":\"ListItem\",\"position\":1,\"name\":\"Portada\",\"item\":\"https:\/\/www.mundoagropecuario.cl\/new\/\"},{\"@type\":\"ListItem\",\"position\":2,\"name\":\"Decretan suspensi\u00f3n indefinida de quemas agr\u00edcolas en todo Chile ante situaci\u00f3n que afecta al pa\u00eds\"}]},{\"@type\":\"WebSite\",\"@id\":\"https:\/\/www.mundoagropecuario.cl\/new\/#website\",\"url\":\"https:\/\/www.mundoagropecuario.cl\/new\/\",\"name\":\"Mundoagropecuario\",\"description\":\"Mundo Agropecuario\",\"publisher\":{\"@id\":\"https:\/\/www.mundoagropecuario.cl\/new\/#organization\"},\"potentialAction\":[{\"@type\":\"SearchAction\",\"target\":{\"@type\":\"EntryPoint\",\"urlTemplate\":\"https:\/\/www.mundoagropecuario.cl\/new\/?s={search_term_string}\"},\"query-input\":{\"@type\":\"PropertyValueSpecification\",\"valueRequired\":true,\"valueName\":\"search_term_string\"}}],\"inLanguage\":\"es\"},{\"@type\":\"Organization\",\"@id\":\"https:\/\/www.mundoagropecuario.cl\/new\/#organization\",\"name\":\"Revista de Agricultura\",\"url\":\"https:\/\/www.mundoagropecuario.cl\/new\/\",\"logo\":{\"@type\":\"ImageObject\",\"inLanguage\":\"es\",\"@id\":\"https:\/\/www.mundoagropecuario.cl\/new\/#\/schema\/logo\/image\/\",\"url\":\"https:\/\/www.mundoagropecuario.cl\/new\/wp-content\/uploads\/2020\/11\/PORTAL-1-1.png\",\"contentUrl\":\"https:\/\/www.mundoagropecuario.cl\/new\/wp-content\/uploads\/2020\/11\/PORTAL-1-1.png\",\"width\":1026,\"height\":100,\"caption\":\"Revista de Agricultura\"},\"image\":{\"@id\":\"https:\/\/www.mundoagropecuario.cl\/new\/#\/schema\/logo\/image\/\"},\"sameAs\":[\"https:\/\/www.facebook.com\/mundo.agropecuario.3\",\"https:\/\/x.com\/MundoAgropecuar\",\"https:\/\/www.linkedin.com\/in\/mundo-agropecuario-934009201\/\"]},{\"@type\":\"Person\",\"@id\":\"https:\/\/www.mundoagropecuario.cl\/new\/#\/schema\/person\/4e9f74a82a7dac260eb1c44b7eebeb18\",\"name\":\"mundo\",\"url\":\"https:\/\/www.mundoagropecuario.cl\/new\/author\/mundo\/\"}]}<\/script>\n<!-- \/ Yoast SEO plugin. -->","yoast_head_json":{"title":"Decretan suspensi\u00f3n indefinida de quemas agr\u00edcolas en todo Chile ante situaci\u00f3n que afecta al pa\u00eds - Mundoagropecuario","robots":{"index":"index","follow":"follow","max-snippet":"max-snippet:-1","max-image-preview":"max-image-preview:large","max-video-preview":"max-video-preview:-1"},"canonical":"https:\/\/www.mundoagropecuario.cl\/new\/decretan-suspension-indefinida-de-quemas-agricolas-en-todo-chile-ante-situacion-que-afecta-al-pais\/","og_locale":"es_ES","og_type":"article","og_title":"Decretan suspensi\u00f3n indefinida de quemas agr\u00edcolas en todo Chile ante situaci\u00f3n que afecta al pa\u00eds - Mundoagropecuario","og_description":"La autoridad enfatiz\u00f3 en evitar el uso del fuego por parte de la poblaci\u00f3n en las cercan\u00edas de las zonas con vegetaci\u00f3n a fin de disminuir el riesgo de incendios...","og_url":"https:\/\/www.mundoagropecuario.cl\/new\/decretan-suspension-indefinida-de-quemas-agricolas-en-todo-chile-ante-situacion-que-afecta-al-pais\/","og_site_name":"Mundoagropecuario","article_publisher":"https:\/\/www.facebook.com\/mundo.agropecuario.3","article_published_time":"2019-10-25T04:00:41+00:00","article_modified_time":"2019-11-04T13:45:32+00:00","og_image":[{"width":799,"height":533,"url":"https:\/\/www.mundoagropecuario.cl\/new\/wp-content\/uploads\/2019\/10\/48935932133_24d8bed645_c.jpg","type":"image\/jpeg"}],"author":"mundo","twitter_card":"summary_large_image","twitter_creator":"@MundoAgropecuar","twitter_site":"@MundoAgropecuar","twitter_misc":{"Escrito por":"mundo","Tiempo de lectura":"1 minuto"},"schema":{"@context":"https:\/\/schema.org","@graph":[{"@type":"Article","@id":"https:\/\/www.mundoagropecuario.cl\/new\/decretan-suspension-indefinida-de-quemas-agricolas-en-todo-chile-ante-situacion-que-afecta-al-pais\/#article","isPartOf":{"@id":"https:\/\/www.mundoagropecuario.cl\/new\/decretan-suspension-indefinida-de-quemas-agricolas-en-todo-chile-ante-situacion-que-afecta-al-pais\/"},"author":{"name":"mundo","@id":"https:\/\/www.mundoagropecuario.cl\/new\/#\/schema\/person\/4e9f74a82a7dac260eb1c44b7eebeb18"},"headline":"Decretan suspensi\u00f3n indefinida de quemas agr\u00edcolas en todo Chile ante situaci\u00f3n que afecta al pa\u00eds","datePublished":"2019-10-25T04:00:41+00:00","dateModified":"2019-11-04T13:45:32+00:00","mainEntityOfPage":{"@id":"https:\/\/www.mundoagropecuario.cl\/new\/decretan-suspension-indefinida-de-quemas-agricolas-en-todo-chile-ante-situacion-que-afecta-al-pais\/"},"wordCount":276,"publisher":{"@id":"https:\/\/www.mundoagropecuario.cl\/new\/#organization"},"image":{"@id":"https:\/\/www.mundoagropecuario.cl\/new\/decretan-suspension-indefinida-de-quemas-agricolas-en-todo-chile-ante-situacion-que-afecta-al-pais\/#primaryimage"},"thumbnailUrl":"https:\/\/www.mundoagropecuario.cl\/new\/wp-content\/uploads\/2019\/10\/48935932133_24d8bed645_c.jpg","keywords":["Agricultura","Agro","Ministro Walker"],"articleSection":["Agricultura"],"inLanguage":"es"},{"@type":"WebPage","@id":"https:\/\/www.mundoagropecuario.cl\/new\/decretan-suspension-indefinida-de-quemas-agricolas-en-todo-chile-ante-situacion-que-afecta-al-pais\/","url":"https:\/\/www.mundoagropecuario.cl\/new\/decretan-suspension-indefinida-de-quemas-agricolas-en-todo-chile-ante-situacion-que-afecta-al-pais\/","name":"Decretan suspensi\u00f3n indefinida de quemas agr\u00edcolas en todo Chile ante situaci\u00f3n que afecta al pa\u00eds - Mundoagropecuario","isPartOf":{"@id":"https:\/\/www.mundoagropecuario.cl\/new\/#website"},"primaryImageOfPage":{"@id":"https:\/\/www.mundoagropecuario.cl\/new\/decretan-suspension-indefinida-de-quemas-agricolas-en-todo-chile-ante-situacion-que-afecta-al-pais\/#primaryimage"},"image":{"@id":"https:\/\/www.mundoagropecuario.cl\/new\/decretan-suspension-indefinida-de-quemas-agricolas-en-todo-chile-ante-situacion-que-afecta-al-pais\/#primaryimage"},"thumbnailUrl":"https:\/\/www.mundoagropecuario.cl\/new\/wp-content\/uploads\/2019\/10\/48935932133_24d8bed645_c.jpg","datePublished":"2019-10-25T04:00:41+00:00","dateModified":"2019-11-04T13:45:32+00:00","breadcrumb":{"@id":"https:\/\/www.mundoagropecuario.cl\/new\/decretan-suspension-indefinida-de-quemas-agricolas-en-todo-chile-ante-situacion-que-afecta-al-pais\/#breadcrumb"},"inLanguage":"es","potentialAction":[{"@type":"ReadAction","target":["https:\/\/www.mundoagropecuario.cl\/new\/decretan-suspension-indefinida-de-quemas-agricolas-en-todo-chile-ante-situacion-que-afecta-al-pais\/"]}]},{"@type":"ImageObject","inLanguage":"es","@id":"https:\/\/www.mundoagropecuario.cl\/new\/decretan-suspension-indefinida-de-quemas-agricolas-en-todo-chile-ante-situacion-que-afecta-al-pais\/#primaryimage","url":"https:\/\/www.mundoagropecuario.cl\/new\/wp-content\/uploads\/2019\/10\/48935932133_24d8bed645_c.jpg","contentUrl":"https:\/\/www.mundoagropecuario.cl\/new\/wp-content\/uploads\/2019\/10\/48935932133_24d8bed645_c.jpg","width":600,"height":400},{"@type":"BreadcrumbList","@id":"https:\/\/www.mundoagropecuario.cl\/new\/decretan-suspension-indefinida-de-quemas-agricolas-en-todo-chile-ante-situacion-que-afecta-al-pais\/#breadcrumb","itemListElement":[{"@type":"ListItem","position":1,"name":"Portada","item":"https:\/\/www.mundoagropecuario.cl\/new\/"},{"@type":"ListItem","position":2,"name":"Decretan suspensi\u00f3n indefinida de quemas agr\u00edcolas en todo Chile ante situaci\u00f3n que afecta al pa\u00eds"}]},{"@type":"WebSite","@id":"https:\/\/www.mundoagropecuario.cl\/new\/#website","url":"https:\/\/www.mundoagropecuario.cl\/new\/","name":"Mundoagropecuario","description":"Mundo Agropecuario","publisher":{"@id":"https:\/\/www.mundoagropecuario.cl\/new\/#organization"},"potentialAction":[{"@type":"SearchAction","target":{"@type":"EntryPoint","urlTemplate":"https:\/\/www.mundoagropecuario.cl\/new\/?s={search_term_string}"},"query-input":{"@type":"PropertyValueSpecification","valueRequired":true,"valueName":"search_term_string"}}],"inLanguage":"es"},{"@type":"Organization","@id":"https:\/\/www.mundoagropecuario.cl\/new\/#organization","name":"Revista de Agricultura","url":"https:\/\/www.mundoagropecuario.cl\/new\/","logo":{"@type":"ImageObject","inLanguage":"es","@id":"https:\/\/www.mundoagropecuario.cl\/new\/#\/schema\/logo\/image\/","url":"https:\/\/www.mundoagropecuario.cl\/new\/wp-content\/uploads\/2020\/11\/PORTAL-1-1.png","contentUrl":"https:\/\/www.mundoagropecuario.cl\/new\/wp-content\/uploads\/2020\/11\/PORTAL-1-1.png","width":1026,"height":100,"caption":"Revista de Agricultura"},"image":{"@id":"https:\/\/www.mundoagropecuario.cl\/new\/#\/schema\/logo\/image\/"},"sameAs":["https:\/\/www.facebook.com\/mundo.agropecuario.3","https:\/\/x.com\/MundoAgropecuar","https:\/\/www.linkedin.com\/in\/mundo-agropecuario-934009201\/"]},{"@type":"Person","@id":"https:\/\/www.mundoagropecuario.cl\/new\/#\/schema\/person\/4e9f74a82a7dac260eb1c44b7eebeb18","name":"mundo","url":"https:\/\/www.mundoagropecuario.cl\/new\/author\/mundo\/"}]}},"_links":{"self":[{"href":"https:\/\/www.mundoagropecuario.cl\/new\/wp-json\/wp\/v2\/posts\/14551","targetHints":{"allow":["GET"]}}],"collection":[{"href":"https:\/\/www.mundoagropecuario.cl\/new\/wp-json\/wp\/v2\/posts"}],"about":[{"href":"https:\/\/www.mundoagropecuario.cl\/new\/wp-json\/wp\/v2\/types\/post"}],"author":[{"embeddable":true,"href":"https:\/\/www.mundoagropecuario.cl\/new\/wp-json\/wp\/v2\/users\/2"}],"replies":[{"embeddable":true,"href":"https:\/\/www.mundoagropecuario.cl\/new\/wp-json\/wp\/v2\/comments?post=14551"}],"version-history":[{"count":1,"href":"https:\/\/www.mundoagropecuario.cl\/new\/wp-json\/wp\/v2\/posts\/14551\/revisions"}],"predecessor-version":[{"id":14553,"href":"https:\/\/www.mundoagropecuario.cl\/new\/wp-json\/wp\/v2\/posts\/14551\/revisions\/14553"}],"wp:featuredmedia":[{"embeddable":true,"href":"https:\/\/www.mundoagropecuario.cl\/new\/wp-json\/wp\/v2\/media\/14552"}],"wp:attachment":[{"href":"https:\/\/www.mundoagropecuario.cl\/new\/wp-json\/wp\/v2\/media?parent=14551"}],"wp:term":[{"taxonomy":"category","embeddable":true,"href":"https:\/\/www.mundoagropecuario.cl\/new\/wp-json\/wp\/v2\/categories?post=14551"},{"taxonomy":"post_tag","embeddable":true,"href":"https:\/\/www.mundoagropecuario.cl\/new\/wp-json\/wp\/v2\/tags?post=14551"}],"curies":[{"name":"wp","href":"https:\/\/api.w.org\/{rel}","templated":true}]}}