{"id":14546,"date":"2019-10-25T01:00:37","date_gmt":"2019-10-25T04:00:37","guid":{"rendered":"http:\/\/www.mundoagropecuario.cl\/new\/?p=14546"},"modified":"2019-10-25T11:08:52","modified_gmt":"2019-10-25T14:08:52","slug":"sag-llama-a-productores-de-vid-de-biobio-a-iniciar-aplicaciones-contra-la-lobesia-botrana","status":"publish","type":"post","link":"https:\/\/www.mundoagropecuario.cl\/new\/sag-llama-a-productores-de-vid-de-biobio-a-iniciar-aplicaciones-contra-la-lobesia-botrana\/","title":{"rendered":"SAG llama a productores de vid de Biob\u00edo a iniciar aplicaciones contra la Lobesia botrana"},"content":{"rendered":"\n<ul class=\"wp-block-gallery columns-0 is-cropped wp-block-gallery-1 is-layout-flex wp-block-gallery-is-layout-flex\"><\/ul>\n\n\n\n<p class=\"has-medium-font-size\"><em>Hasta el 31 de octubre los productores de vid de la regi\u00f3n del Biob\u00edo, cuyas vi\u00f1as se encuentren en el \u00e1rea bajo control de la polilla del racimo de la vid, Lobesia botrana, deber\u00e1n realizar las aplicaciones qu\u00edmicas para controlar la plaga en su primera generaci\u00f3n (Mundo Agropecuario).<\/em><\/p>\n\n\n\n<p>Al respecto, el Director Regional del Servicio Agr\u00edcola y Ganadero (SAG) de Biob\u00edo, Iv\u00e1n Ram\u00edrez, explic\u00f3 que \u201cen los predios de vid se deber\u00e1n iniciar los tratamientos siempre y cuando la variedad a aplicar presente de manera mayoritaria escobajo o racimo separado. As\u00ed, las aplicaciones deber\u00edan comenzar en las variedades m\u00e1s tempranas en huertos de uva de mesa o vi\u00f1edo\u201d.<\/p>\n\n\n\n<p>Asimismo, record\u00f3 a los productores que deben dar aviso al SAG al menos 48 horas antes del inicio de cada aplicaci\u00f3n, ya sea en forma presencial, mail o tel\u00e9fono. (contacto.biobio@sag.gob.cl)<\/p>\n\n\n\n<p>Sobre los predios donde se implementen programas convencionales u org\u00e1nicos, se deber\u00e1n realizar las aplicaciones necesarias para cubrir 30 d\u00edas de forma ininterrumpida desde el inicio de la primera aplicaci\u00f3n realizada, seg\u00fan los per\u00edodos de protecci\u00f3n de cada insecticida. Con el fin de que no existan momentos de desprotecci\u00f3n en el cultivo, se sugiere iniciar las aplicaciones consecutivas dos d\u00edas antes que culmine el per\u00edodo de protecci\u00f3n del primer producto. La informaci\u00f3n sobre los per\u00edodos de protecci\u00f3n de los plaguicidas, la lista de productos autorizados para el control de Lobesia botrana, las declaraciones de eficacia, las consideraciones t\u00e9cnicas junto con los contactos de las oficinas sectoriales, se encuentra disponible en la p\u00e1gina web del Servicio, www.sag.cl.<\/p>\n\n\n\n<p>A la fecha en la regi\u00f3n se encuentran bajo el \u00e1rea de control de vid 91 productores, con un total de 46,65 hect\u00e1reas en las comunas de Laja, Mulch\u00e9n, Negrete, San Rosendo y Yumbel.<\/p>\n","protected":false},"excerpt":{"rendered":"<p>Hasta el 31 de octubre los productores de vid de la regi\u00f3n del Biob\u00edo, cuyas vi\u00f1as se encuentren en el \u00e1rea bajo control de la polilla del racimo de la&#8230;<\/p>\n","protected":false},"author":2,"featured_media":9580,"comment_status":"closed","ping_status":"closed","sticky":false,"template":"","format":"standard","meta":{"footnotes":""},"categories":[1945],"tags":[4124,3127,2163,2036],"class_list":["post-14546","post","type-post","status-publish","format-standard","has-post-thumbnail","hentry","category-agricultura","tag-agricola","tag-agro","tag-lobesia-botrana","tag-sag"],"yoast_head":"<!-- This site is optimized with the Yoast SEO plugin v26.6 - https:\/\/yoast.com\/wordpress\/plugins\/seo\/ -->\n<title>SAG llama a productores de vid de Biob\u00edo a iniciar aplicaciones contra la Lobesia botrana - Mundoagropecuario<\/title>\n<meta name=\"robots\" content=\"index, follow, max-snippet:-1, max-image-preview:large, max-video-preview:-1\" \/>\n<link rel=\"canonical\" href=\"https:\/\/www.mundoagropecuario.cl\/new\/sag-llama-a-productores-de-vid-de-biobio-a-iniciar-aplicaciones-contra-la-lobesia-botrana\/\" \/>\n<meta property=\"og:locale\" content=\"es_ES\" \/>\n<meta property=\"og:type\" content=\"article\" \/>\n<meta property=\"og:title\" content=\"SAG llama a productores de vid de Biob\u00edo a iniciar aplicaciones contra la Lobesia botrana - Mundoagropecuario\" \/>\n<meta property=\"og:description\" content=\"Hasta el 31 de octubre los productores de vid de la regi\u00f3n del Biob\u00edo, cuyas vi\u00f1as se encuentren en el \u00e1rea bajo control de la polilla del racimo de la...\" \/>\n<meta property=\"og:url\" content=\"https:\/\/www.mundoagropecuario.cl\/new\/sag-llama-a-productores-de-vid-de-biobio-a-iniciar-aplicaciones-contra-la-lobesia-botrana\/\" \/>\n<meta property=\"og:site_name\" content=\"Mundoagropecuario\" \/>\n<meta property=\"article:publisher\" content=\"https:\/\/www.facebook.com\/mundo.agropecuario.3\" \/>\n<meta property=\"article:published_time\" content=\"2019-10-25T04:00:37+00:00\" \/>\n<meta property=\"article:modified_time\" content=\"2019-10-25T14:08:52+00:00\" \/>\n<meta property=\"og:image\" content=\"https:\/\/www.mundoagropecuario.cl\/new\/wp-content\/uploads\/2018\/11\/lobesia.jpg\" \/>\n\t<meta property=\"og:image:width\" content=\"700\" \/>\n\t<meta property=\"og:image:height\" content=\"468\" \/>\n\t<meta property=\"og:image:type\" content=\"image\/jpeg\" \/>\n<meta name=\"author\" content=\"mundo\" \/>\n<meta name=\"twitter:card\" content=\"summary_large_image\" \/>\n<meta name=\"twitter:creator\" content=\"@MundoAgropecuar\" \/>\n<meta name=\"twitter:site\" content=\"@MundoAgropecuar\" \/>\n<meta name=\"twitter:label1\" content=\"Escrito por\" \/>\n\t<meta name=\"twitter:data1\" content=\"mundo\" \/>\n\t<meta name=\"twitter:label2\" content=\"Tiempo de lectura\" \/>\n\t<meta name=\"twitter:data2\" content=\"2 minutos\" \/>\n<script type=\"application\/ld+json\" class=\"yoast-schema-graph\">{\"@context\":\"https:\/\/schema.org\",\"@graph\":[{\"@type\":\"Article\",\"@id\":\"https:\/\/www.mundoagropecuario.cl\/new\/sag-llama-a-productores-de-vid-de-biobio-a-iniciar-aplicaciones-contra-la-lobesia-botrana\/#article\",\"isPartOf\":{\"@id\":\"https:\/\/www.mundoagropecuario.cl\/new\/sag-llama-a-productores-de-vid-de-biobio-a-iniciar-aplicaciones-contra-la-lobesia-botrana\/\"},\"author\":{\"name\":\"mundo\",\"@id\":\"https:\/\/www.mundoagropecuario.cl\/new\/#\/schema\/person\/4e9f74a82a7dac260eb1c44b7eebeb18\"},\"headline\":\"SAG llama a productores de vid de Biob\u00edo a iniciar aplicaciones contra la Lobesia botrana\",\"datePublished\":\"2019-10-25T04:00:37+00:00\",\"dateModified\":\"2019-10-25T14:08:52+00:00\",\"mainEntityOfPage\":{\"@id\":\"https:\/\/www.mundoagropecuario.cl\/new\/sag-llama-a-productores-de-vid-de-biobio-a-iniciar-aplicaciones-contra-la-lobesia-botrana\/\"},\"wordCount\":340,\"publisher\":{\"@id\":\"https:\/\/www.mundoagropecuario.cl\/new\/#organization\"},\"image\":{\"@id\":\"https:\/\/www.mundoagropecuario.cl\/new\/sag-llama-a-productores-de-vid-de-biobio-a-iniciar-aplicaciones-contra-la-lobesia-botrana\/#primaryimage\"},\"thumbnailUrl\":\"https:\/\/www.mundoagropecuario.cl\/new\/wp-content\/uploads\/2018\/11\/lobesia.jpg\",\"keywords\":[\"agricola\",\"Agro\",\"Lobesia botrana\",\"SAG\"],\"articleSection\":[\"Agricultura\"],\"inLanguage\":\"es\"},{\"@type\":\"WebPage\",\"@id\":\"https:\/\/www.mundoagropecuario.cl\/new\/sag-llama-a-productores-de-vid-de-biobio-a-iniciar-aplicaciones-contra-la-lobesia-botrana\/\",\"url\":\"https:\/\/www.mundoagropecuario.cl\/new\/sag-llama-a-productores-de-vid-de-biobio-a-iniciar-aplicaciones-contra-la-lobesia-botrana\/\",\"name\":\"SAG llama a productores de vid de Biob\u00edo a iniciar aplicaciones contra la Lobesia botrana - Mundoagropecuario\",\"isPartOf\":{\"@id\":\"https:\/\/www.mundoagropecuario.cl\/new\/#website\"},\"primaryImageOfPage\":{\"@id\":\"https:\/\/www.mundoagropecuario.cl\/new\/sag-llama-a-productores-de-vid-de-biobio-a-iniciar-aplicaciones-contra-la-lobesia-botrana\/#primaryimage\"},\"image\":{\"@id\":\"https:\/\/www.mundoagropecuario.cl\/new\/sag-llama-a-productores-de-vid-de-biobio-a-iniciar-aplicaciones-contra-la-lobesia-botrana\/#primaryimage\"},\"thumbnailUrl\":\"https:\/\/www.mundoagropecuario.cl\/new\/wp-content\/uploads\/2018\/11\/lobesia.jpg\",\"datePublished\":\"2019-10-25T04:00:37+00:00\",\"dateModified\":\"2019-10-25T14:08:52+00:00\",\"breadcrumb\":{\"@id\":\"https:\/\/www.mundoagropecuario.cl\/new\/sag-llama-a-productores-de-vid-de-biobio-a-iniciar-aplicaciones-contra-la-lobesia-botrana\/#breadcrumb\"},\"inLanguage\":\"es\",\"potentialAction\":[{\"@type\":\"ReadAction\",\"target\":[\"https:\/\/www.mundoagropecuario.cl\/new\/sag-llama-a-productores-de-vid-de-biobio-a-iniciar-aplicaciones-contra-la-lobesia-botrana\/\"]}]},{\"@type\":\"ImageObject\",\"inLanguage\":\"es\",\"@id\":\"https:\/\/www.mundoagropecuario.cl\/new\/sag-llama-a-productores-de-vid-de-biobio-a-iniciar-aplicaciones-contra-la-lobesia-botrana\/#primaryimage\",\"url\":\"https:\/\/www.mundoagropecuario.cl\/new\/wp-content\/uploads\/2018\/11\/lobesia.jpg\",\"contentUrl\":\"https:\/\/www.mundoagropecuario.cl\/new\/wp-content\/uploads\/2018\/11\/lobesia.jpg\",\"width\":598,\"height\":400},{\"@type\":\"BreadcrumbList\",\"@id\":\"https:\/\/www.mundoagropecuario.cl\/new\/sag-llama-a-productores-de-vid-de-biobio-a-iniciar-aplicaciones-contra-la-lobesia-botrana\/#breadcrumb\",\"itemListElement\":[{\"@type\":\"ListItem\",\"position\":1,\"name\":\"Portada\",\"item\":\"https:\/\/www.mundoagropecuario.cl\/new\/\"},{\"@type\":\"ListItem\",\"position\":2,\"name\":\"SAG llama a productores de vid de Biob\u00edo a iniciar aplicaciones contra la Lobesia botrana\"}]},{\"@type\":\"WebSite\",\"@id\":\"https:\/\/www.mundoagropecuario.cl\/new\/#website\",\"url\":\"https:\/\/www.mundoagropecuario.cl\/new\/\",\"name\":\"Mundoagropecuario\",\"description\":\"Mundo Agropecuario\",\"publisher\":{\"@id\":\"https:\/\/www.mundoagropecuario.cl\/new\/#organization\"},\"potentialAction\":[{\"@type\":\"SearchAction\",\"target\":{\"@type\":\"EntryPoint\",\"urlTemplate\":\"https:\/\/www.mundoagropecuario.cl\/new\/?s={search_term_string}\"},\"query-input\":{\"@type\":\"PropertyValueSpecification\",\"valueRequired\":true,\"valueName\":\"search_term_string\"}}],\"inLanguage\":\"es\"},{\"@type\":\"Organization\",\"@id\":\"https:\/\/www.mundoagropecuario.cl\/new\/#organization\",\"name\":\"Revista de Agricultura\",\"url\":\"https:\/\/www.mundoagropecuario.cl\/new\/\",\"logo\":{\"@type\":\"ImageObject\",\"inLanguage\":\"es\",\"@id\":\"https:\/\/www.mundoagropecuario.cl\/new\/#\/schema\/logo\/image\/\",\"url\":\"https:\/\/www.mundoagropecuario.cl\/new\/wp-content\/uploads\/2020\/11\/PORTAL-1-1.png\",\"contentUrl\":\"https:\/\/www.mundoagropecuario.cl\/new\/wp-content\/uploads\/2020\/11\/PORTAL-1-1.png\",\"width\":1026,\"height\":100,\"caption\":\"Revista de Agricultura\"},\"image\":{\"@id\":\"https:\/\/www.mundoagropecuario.cl\/new\/#\/schema\/logo\/image\/\"},\"sameAs\":[\"https:\/\/www.facebook.com\/mundo.agropecuario.3\",\"https:\/\/x.com\/MundoAgropecuar\",\"https:\/\/www.linkedin.com\/in\/mundo-agropecuario-934009201\/\"]},{\"@type\":\"Person\",\"@id\":\"https:\/\/www.mundoagropecuario.cl\/new\/#\/schema\/person\/4e9f74a82a7dac260eb1c44b7eebeb18\",\"name\":\"mundo\",\"url\":\"https:\/\/www.mundoagropecuario.cl\/new\/author\/mundo\/\"}]}<\/script>\n<!-- \/ Yoast SEO plugin. -->","yoast_head_json":{"title":"SAG llama a productores de vid de Biob\u00edo a iniciar aplicaciones contra la Lobesia botrana - Mundoagropecuario","robots":{"index":"index","follow":"follow","max-snippet":"max-snippet:-1","max-image-preview":"max-image-preview:large","max-video-preview":"max-video-preview:-1"},"canonical":"https:\/\/www.mundoagropecuario.cl\/new\/sag-llama-a-productores-de-vid-de-biobio-a-iniciar-aplicaciones-contra-la-lobesia-botrana\/","og_locale":"es_ES","og_type":"article","og_title":"SAG llama a productores de vid de Biob\u00edo a iniciar aplicaciones contra la Lobesia botrana - Mundoagropecuario","og_description":"Hasta el 31 de octubre los productores de vid de la regi\u00f3n del Biob\u00edo, cuyas vi\u00f1as se encuentren en el \u00e1rea bajo control de la polilla del racimo de la...","og_url":"https:\/\/www.mundoagropecuario.cl\/new\/sag-llama-a-productores-de-vid-de-biobio-a-iniciar-aplicaciones-contra-la-lobesia-botrana\/","og_site_name":"Mundoagropecuario","article_publisher":"https:\/\/www.facebook.com\/mundo.agropecuario.3","article_published_time":"2019-10-25T04:00:37+00:00","article_modified_time":"2019-10-25T14:08:52+00:00","og_image":[{"width":700,"height":468,"url":"https:\/\/www.mundoagropecuario.cl\/new\/wp-content\/uploads\/2018\/11\/lobesia.jpg","type":"image\/jpeg"}],"author":"mundo","twitter_card":"summary_large_image","twitter_creator":"@MundoAgropecuar","twitter_site":"@MundoAgropecuar","twitter_misc":{"Escrito por":"mundo","Tiempo de lectura":"2 minutos"},"schema":{"@context":"https:\/\/schema.org","@graph":[{"@type":"Article","@id":"https:\/\/www.mundoagropecuario.cl\/new\/sag-llama-a-productores-de-vid-de-biobio-a-iniciar-aplicaciones-contra-la-lobesia-botrana\/#article","isPartOf":{"@id":"https:\/\/www.mundoagropecuario.cl\/new\/sag-llama-a-productores-de-vid-de-biobio-a-iniciar-aplicaciones-contra-la-lobesia-botrana\/"},"author":{"name":"mundo","@id":"https:\/\/www.mundoagropecuario.cl\/new\/#\/schema\/person\/4e9f74a82a7dac260eb1c44b7eebeb18"},"headline":"SAG llama a productores de vid de Biob\u00edo a iniciar aplicaciones contra la Lobesia botrana","datePublished":"2019-10-25T04:00:37+00:00","dateModified":"2019-10-25T14:08:52+00:00","mainEntityOfPage":{"@id":"https:\/\/www.mundoagropecuario.cl\/new\/sag-llama-a-productores-de-vid-de-biobio-a-iniciar-aplicaciones-contra-la-lobesia-botrana\/"},"wordCount":340,"publisher":{"@id":"https:\/\/www.mundoagropecuario.cl\/new\/#organization"},"image":{"@id":"https:\/\/www.mundoagropecuario.cl\/new\/sag-llama-a-productores-de-vid-de-biobio-a-iniciar-aplicaciones-contra-la-lobesia-botrana\/#primaryimage"},"thumbnailUrl":"https:\/\/www.mundoagropecuario.cl\/new\/wp-content\/uploads\/2018\/11\/lobesia.jpg","keywords":["agricola","Agro","Lobesia botrana","SAG"],"articleSection":["Agricultura"],"inLanguage":"es"},{"@type":"WebPage","@id":"https:\/\/www.mundoagropecuario.cl\/new\/sag-llama-a-productores-de-vid-de-biobio-a-iniciar-aplicaciones-contra-la-lobesia-botrana\/","url":"https:\/\/www.mundoagropecuario.cl\/new\/sag-llama-a-productores-de-vid-de-biobio-a-iniciar-aplicaciones-contra-la-lobesia-botrana\/","name":"SAG llama a productores de vid de Biob\u00edo a iniciar aplicaciones contra la Lobesia botrana - Mundoagropecuario","isPartOf":{"@id":"https:\/\/www.mundoagropecuario.cl\/new\/#website"},"primaryImageOfPage":{"@id":"https:\/\/www.mundoagropecuario.cl\/new\/sag-llama-a-productores-de-vid-de-biobio-a-iniciar-aplicaciones-contra-la-lobesia-botrana\/#primaryimage"},"image":{"@id":"https:\/\/www.mundoagropecuario.cl\/new\/sag-llama-a-productores-de-vid-de-biobio-a-iniciar-aplicaciones-contra-la-lobesia-botrana\/#primaryimage"},"thumbnailUrl":"https:\/\/www.mundoagropecuario.cl\/new\/wp-content\/uploads\/2018\/11\/lobesia.jpg","datePublished":"2019-10-25T04:00:37+00:00","dateModified":"2019-10-25T14:08:52+00:00","breadcrumb":{"@id":"https:\/\/www.mundoagropecuario.cl\/new\/sag-llama-a-productores-de-vid-de-biobio-a-iniciar-aplicaciones-contra-la-lobesia-botrana\/#breadcrumb"},"inLanguage":"es","potentialAction":[{"@type":"ReadAction","target":["https:\/\/www.mundoagropecuario.cl\/new\/sag-llama-a-productores-de-vid-de-biobio-a-iniciar-aplicaciones-contra-la-lobesia-botrana\/"]}]},{"@type":"ImageObject","inLanguage":"es","@id":"https:\/\/www.mundoagropecuario.cl\/new\/sag-llama-a-productores-de-vid-de-biobio-a-iniciar-aplicaciones-contra-la-lobesia-botrana\/#primaryimage","url":"https:\/\/www.mundoagropecuario.cl\/new\/wp-content\/uploads\/2018\/11\/lobesia.jpg","contentUrl":"https:\/\/www.mundoagropecuario.cl\/new\/wp-content\/uploads\/2018\/11\/lobesia.jpg","width":598,"height":400},{"@type":"BreadcrumbList","@id":"https:\/\/www.mundoagropecuario.cl\/new\/sag-llama-a-productores-de-vid-de-biobio-a-iniciar-aplicaciones-contra-la-lobesia-botrana\/#breadcrumb","itemListElement":[{"@type":"ListItem","position":1,"name":"Portada","item":"https:\/\/www.mundoagropecuario.cl\/new\/"},{"@type":"ListItem","position":2,"name":"SAG llama a productores de vid de Biob\u00edo a iniciar aplicaciones contra la Lobesia botrana"}]},{"@type":"WebSite","@id":"https:\/\/www.mundoagropecuario.cl\/new\/#website","url":"https:\/\/www.mundoagropecuario.cl\/new\/","name":"Mundoagropecuario","description":"Mundo Agropecuario","publisher":{"@id":"https:\/\/www.mundoagropecuario.cl\/new\/#organization"},"potentialAction":[{"@type":"SearchAction","target":{"@type":"EntryPoint","urlTemplate":"https:\/\/www.mundoagropecuario.cl\/new\/?s={search_term_string}"},"query-input":{"@type":"PropertyValueSpecification","valueRequired":true,"valueName":"search_term_string"}}],"inLanguage":"es"},{"@type":"Organization","@id":"https:\/\/www.mundoagropecuario.cl\/new\/#organization","name":"Revista de Agricultura","url":"https:\/\/www.mundoagropecuario.cl\/new\/","logo":{"@type":"ImageObject","inLanguage":"es","@id":"https:\/\/www.mundoagropecuario.cl\/new\/#\/schema\/logo\/image\/","url":"https:\/\/www.mundoagropecuario.cl\/new\/wp-content\/uploads\/2020\/11\/PORTAL-1-1.png","contentUrl":"https:\/\/www.mundoagropecuario.cl\/new\/wp-content\/uploads\/2020\/11\/PORTAL-1-1.png","width":1026,"height":100,"caption":"Revista de Agricultura"},"image":{"@id":"https:\/\/www.mundoagropecuario.cl\/new\/#\/schema\/logo\/image\/"},"sameAs":["https:\/\/www.facebook.com\/mundo.agropecuario.3","https:\/\/x.com\/MundoAgropecuar","https:\/\/www.linkedin.com\/in\/mundo-agropecuario-934009201\/"]},{"@type":"Person","@id":"https:\/\/www.mundoagropecuario.cl\/new\/#\/schema\/person\/4e9f74a82a7dac260eb1c44b7eebeb18","name":"mundo","url":"https:\/\/www.mundoagropecuario.cl\/new\/author\/mundo\/"}]}},"_links":{"self":[{"href":"https:\/\/www.mundoagropecuario.cl\/new\/wp-json\/wp\/v2\/posts\/14546","targetHints":{"allow":["GET"]}}],"collection":[{"href":"https:\/\/www.mundoagropecuario.cl\/new\/wp-json\/wp\/v2\/posts"}],"about":[{"href":"https:\/\/www.mundoagropecuario.cl\/new\/wp-json\/wp\/v2\/types\/post"}],"author":[{"embeddable":true,"href":"https:\/\/www.mundoagropecuario.cl\/new\/wp-json\/wp\/v2\/users\/2"}],"replies":[{"embeddable":true,"href":"https:\/\/www.mundoagropecuario.cl\/new\/wp-json\/wp\/v2\/comments?post=14546"}],"version-history":[{"count":1,"href":"https:\/\/www.mundoagropecuario.cl\/new\/wp-json\/wp\/v2\/posts\/14546\/revisions"}],"predecessor-version":[{"id":14547,"href":"https:\/\/www.mundoagropecuario.cl\/new\/wp-json\/wp\/v2\/posts\/14546\/revisions\/14547"}],"wp:featuredmedia":[{"embeddable":true,"href":"https:\/\/www.mundoagropecuario.cl\/new\/wp-json\/wp\/v2\/media\/9580"}],"wp:attachment":[{"href":"https:\/\/www.mundoagropecuario.cl\/new\/wp-json\/wp\/v2\/media?parent=14546"}],"wp:term":[{"taxonomy":"category","embeddable":true,"href":"https:\/\/www.mundoagropecuario.cl\/new\/wp-json\/wp\/v2\/categories?post=14546"},{"taxonomy":"post_tag","embeddable":true,"href":"https:\/\/www.mundoagropecuario.cl\/new\/wp-json\/wp\/v2\/tags?post=14546"}],"curies":[{"name":"wp","href":"https:\/\/api.w.org\/{rel}","templated":true}]}}