{"id":14532,"date":"2019-10-21T11:36:39","date_gmt":"2019-10-21T14:36:39","guid":{"rendered":"http:\/\/www.mundoagropecuario.cl\/new\/?p=14532"},"modified":"2019-10-25T11:23:21","modified_gmt":"2019-10-25T14:23:21","slug":"exportaciones-de-la-region-del-biobio-alcanzaron-4461-millones-de-dolares-en-agosto","status":"publish","type":"post","link":"https:\/\/www.mundoagropecuario.cl\/new\/exportaciones-de-la-region-del-biobio-alcanzaron-4461-millones-de-dolares-en-agosto\/","title":{"rendered":"Exportaciones de la Regi\u00f3n del Biob\u00edo alcanzaron 446,1 millones de d\u00f3lares en agosto"},"content":{"rendered":"\n<ul class=\"wp-block-gallery columns-0 is-cropped wp-block-gallery-1 is-layout-flex wp-block-gallery-is-layout-flex\"><\/ul>\n\n\n\n<p class=\"has-medium-font-size\"><em>El sector que incidi\u00f3 principalmente en el comportamiento del per\u00edodo, en relaci\u00f3n a igual mes de 2018, fue Industria con una baja de 29,4% (Mundo Agropecuario).<\/em><\/p>\n\n\n\n<p>Los principales pa\u00edses de destino de las exportaciones fueron China y Estados Unidos, con participaciones de 25,5% y 21,9%, respectivamente.<\/p>\n\n\n\n<p>Las exportaciones de la Regi\u00f3n del Biob\u00edo totalizaron 446,1 millones de d\u00f3lares en agosto de 2019, experimentando un descenso de 29,5% en doce meses, resultado que se explic\u00f3 por la contracci\u00f3n presentada por cuatro de los cinco sectores, destacando la disminuci\u00f3n del sector industria, seg\u00fan inform\u00f3 el Instituto Nacional de Estad\u00edsticas, (INE).<\/p>\n\n\n\n<p>Los montos exportados del sector Industria alcanzaron a 436,1 millones de d\u00f3lares, cifra 29,4% inferior que la registrada en igual mes de 2018.<\/p>\n\n\n\n<p>En tanto, el sector Silvoagropecuario registr\u00f3 una ca\u00edda de 46,3% de sus exportaciones regionales en el mes de an\u00e1lisis.<\/p>\n\n\n\n<p>Los env\u00edos al exterior del sector Pesca bajaron en 14,7% en relaci\u00f3n a igual mes de 2018. Entretanto, Miner\u00eda registr\u00f3 aumento de 562,1%, en doce meses. Mientras, Resto de exportaciones exhibi\u00f3 una baja de 3,0%, en la comparaci\u00f3n con agosto de 2018.<\/p>\n\n\n\n<p>Las exportaciones a Asia (44,5%) principal continente donde se enviaron los productos regionales en el mes, registraron descenso de 36,5%.<\/p>\n\n\n\n<p>Le sigui\u00f3 Am\u00e9rica (41,8%) y Europa (8,0%) con disminuci\u00f3n interanual de 13,4% y 53,9%, respectivamente.<\/p>\n\n\n\n<p>China, Estados Unidos, Jap\u00f3n, Corea del Sur y M\u00e9xico fueron los cinco principales destinos de las exportaciones regionales, acumulando retornos por 284,3 millones de d\u00f3lares, lo que signific\u00f3 el 63,7% del total exportado.<\/p>\n\n\n\n<p>Adem\u00e1s, se observ\u00f3 que el monto de las exportaciones de este grupo de pa\u00edses experiment\u00f3 una contracci\u00f3n de 27,3%.<\/p>\n\n\n\n<p>En doce meses, se registr\u00f3 baja en seis bloques de destino de las exportaciones regionales, estos fueron: Apec, Nafta, Aladi, Uni\u00f3n Europea, Comunidad Andina y Mercado Com\u00fan Centroamericano.<\/p>\n\n\n\n<p><strong>Exportaciones por sector y actividad <\/strong><\/p>\n\n\n\n<p>Las exportaciones de la regi\u00f3n en agosto de 2019 bajaron 29,5% en doce meses, incidido principalmente por el sector industria.<\/p>\n\n\n\n<p>Los env\u00edos del sector Industria registraron 436,1 millones de d\u00f3lares, cifra que experiment\u00f3 un descenso de 29,4%, al exportarse productos por 181,8 millones de d\u00f3lares menos que igual mes del a\u00f1o 2018. Por su parte, Silvoagropecuario totaliz\u00f3 5,7 millones de d\u00f3lares, cifra 46,3% inferior en la comparaci\u00f3n interanual. En tanto, el sector Pesca export\u00f3 0,6 millones de d\u00f3lares, menor 14,7% a la cifra de igual mes de 2018. Los montos exportados por el sector Miner\u00eda subieron en 562,1%, y Resto de exportaciones mostr\u00f3 baja de 3,0%.<\/p>\n\n\n\n<p>Seg\u00fan participaci\u00f3n, los mayores montos de las exportaciones resultaron de los sectores Industria (97,8%), Silvoagropecuario (1,3%), y en menor medida de Resto de Exportaciones, Pesca y Miner\u00eda, que acumularon 0,9%.<\/p>\n\n\n\n<p><strong>Por Actividad Econ\u00f3mica<\/strong><\/p>\n\n\n\n<p>El resultado del sector Industria en agosto de 2019, se debi\u00f3 en gran medida, al menor nivel presentado por las actividades de Fabricaci\u00f3n de celulosa, papel y cart\u00f3n (-37,9%), Forestales (-21,0%) y Alimentos (-22,2%). No obstante, Productos qu\u00edmicos b\u00e1sicos (8,2%), Industrias b\u00e1sicas de hierro y acero (22,7%) y Textiles (15,7%) contribuyeron a suavizar la ca\u00edda del sector Industria, al registrar alza en agosto de 2019.<\/p>\n\n\n\n<p>Por otro lado, la actividad Extracci\u00f3n de madera (-75,7%) y Fruticultura (-58,3%) influyeron en el comportamiento negativo del sector Silvoagropecuario. En tanto, el descenso de las exportaciones del sector Pesca, vino de parte de la Pesca extractiva, que baj\u00f3 en 14,7%.<\/p>\n\n\n\n<p>Las cuatro actividades que concentraron los montos m\u00e1s significativos, ordenados de mayor a menor participaci\u00f3n fueron: Forestales con 173,9 millones de d\u00f3lares (39,0% del total), Fabricaci\u00f3n de celulosa, papel y cart\u00f3n, con 163,1 millones de d\u00f3lares (36,6%), Alimentos con 82,8 millones de d\u00f3lares (18,6%) y productos qu\u00edmicos b\u00e1sicos que export\u00f3 6,1 millones de d\u00f3lares y represent\u00f3 el 1,4% del total regional. Estas cuatro actividades, agruparon el 95,6% del monto exportado por la regi\u00f3n, en agosto de 2019.<\/p>\n\n\n\n<p><strong>Exportaci\u00f3n por bloque econ\u00f3mico y continente <\/strong><\/p>\n\n\n\n<p>En doce meses, se observ\u00f3 disminuci\u00f3n en las exportaciones en seis de los siete bloques econ\u00f3micos.<\/p>\n\n\n\n<p>Las exportaciones a los pa\u00edses que conforman el bloque Apec totalizaron 349,0 millones de d\u00f3lares, presentando una baja interanual de 24,7%, con 114,6 millones de d\u00f3lares menos. A China, Estados Unidos y Jap\u00f3n se exportaron los mayores montos del bloque.<\/p>\n\n\n\n<p>Los env\u00edos a Nafta exhibieron una disminuci\u00f3n de 7,7% respecto a agosto del a\u00f1o anterior, debido al env\u00edo de 10,8 millones de d\u00f3lares menos. El monto a este bloque fue de 129,9 millones de d\u00f3lares, principalmente a Estados Unidos y M\u00e9xico.<\/p>\n\n\n\n<p>Asimismo, se exportaron 63,4 millones de d\u00f3lares a los pa\u00edses de la Aladi, monto que experiment\u00f3 descenso de 21,9% respecto a agosto de 2018, lo que signific\u00f3 17,7 millones de d\u00f3lares menos. M\u00e9xico, Per\u00fa y Colombia fueron los principales destinos de los productos regionales.<\/p>\n\n\n\n<p>La Uni\u00f3n Europea compr\u00f3 productos regionales por 35,1 millones de d\u00f3lares, consignando una ca\u00edda de 53,6% en doce meses, al exportarse 40,5 millones de d\u00f3lares menos que igual mes del a\u00f1o anterior. Italia, Espa\u00f1a y Francia fueron los principales destinos de las exportaciones de la regi\u00f3n al bloque.<\/p>\n\n\n\n<p>Los env\u00edos a la Comunidad Andina registraron un descenso interanual de 16,8% (6,5 millones de d\u00f3lares menos). El monto exportado a este bloque totaliz\u00f3 32,2 millones de d\u00f3lares, principalmente a Per\u00fa y Colombia.<\/p>\n\n\n\n<p>El monto exportado al Mercado Com\u00fan Centroamericano totaliz\u00f3 11,7 millones de d\u00f3lares, presentando una variaci\u00f3n interanual negativa de 4,7%, con 0,6 millones de d\u00f3lares menos. Los principales env\u00edos fueron a Costa Rica y El Salvador.<\/p>\n\n\n\n<p>El Mercosur recibi\u00f3 de la regi\u00f3n productos por 8,3 millones de d\u00f3lares, cifra que mostr\u00f3 un ascenso de 14,6% en referencia a igual mes del a\u00f1o anterior, es decir, 1,1 millones de d\u00f3lares m\u00e1s. Argentina y Brasil fueron los pa\u00edses que lideraron las exportaciones a este bloque.<\/p>\n","protected":false},"excerpt":{"rendered":"<p>El sector que incidi\u00f3 principalmente en el comportamiento del per\u00edodo, en relaci\u00f3n a igual mes de 2018, fue Industria con una baja de 29,4% (Mundo Agropecuario). Los principales pa\u00edses de&#8230;<\/p>\n","protected":false},"author":2,"featured_media":14533,"comment_status":"closed","ping_status":"closed","sticky":false,"template":"","format":"standard","meta":{"footnotes":""},"categories":[1945],"tags":[4380,4124,3127,1105,2245],"class_list":["post-14532","post","type-post","status-publish","format-standard","has-post-thumbnail","hentry","category-agricultura","tag-agr","tag-agricola","tag-agro","tag-exportaciones","tag-frutas"],"yoast_head":"<!-- This site is optimized with the Yoast SEO plugin v26.6 - https:\/\/yoast.com\/wordpress\/plugins\/seo\/ -->\n<title>Exportaciones de la Regi\u00f3n del Biob\u00edo alcanzaron 446,1 millones de d\u00f3lares en agosto - Mundoagropecuario<\/title>\n<meta name=\"robots\" content=\"index, follow, max-snippet:-1, max-image-preview:large, max-video-preview:-1\" \/>\n<link rel=\"canonical\" href=\"https:\/\/www.mundoagropecuario.cl\/new\/exportaciones-de-la-region-del-biobio-alcanzaron-4461-millones-de-dolares-en-agosto\/\" \/>\n<meta property=\"og:locale\" content=\"es_ES\" \/>\n<meta property=\"og:type\" content=\"article\" \/>\n<meta property=\"og:title\" content=\"Exportaciones de la Regi\u00f3n del Biob\u00edo alcanzaron 446,1 millones de d\u00f3lares en agosto - Mundoagropecuario\" \/>\n<meta property=\"og:description\" content=\"El sector que incidi\u00f3 principalmente en el comportamiento del per\u00edodo, en relaci\u00f3n a igual mes de 2018, fue Industria con una baja de 29,4% (Mundo Agropecuario). Los principales pa\u00edses de...\" \/>\n<meta property=\"og:url\" content=\"https:\/\/www.mundoagropecuario.cl\/new\/exportaciones-de-la-region-del-biobio-alcanzaron-4461-millones-de-dolares-en-agosto\/\" \/>\n<meta property=\"og:site_name\" content=\"Mundoagropecuario\" \/>\n<meta property=\"article:publisher\" content=\"https:\/\/www.facebook.com\/mundo.agropecuario.3\" \/>\n<meta property=\"article:published_time\" content=\"2019-10-21T14:36:39+00:00\" \/>\n<meta property=\"article:modified_time\" content=\"2019-10-25T14:23:21+00:00\" \/>\n<meta property=\"og:image\" content=\"https:\/\/www.mundoagropecuario.cl\/new\/wp-content\/uploads\/2019\/10\/exportaciones-agro-.jpg\" \/>\n\t<meta property=\"og:image:width\" content=\"900\" \/>\n\t<meta property=\"og:image:height\" content=\"562\" \/>\n\t<meta property=\"og:image:type\" content=\"image\/jpeg\" \/>\n<meta name=\"author\" content=\"mundo\" \/>\n<meta name=\"twitter:card\" content=\"summary_large_image\" \/>\n<meta name=\"twitter:creator\" content=\"@MundoAgropecuar\" \/>\n<meta name=\"twitter:site\" content=\"@MundoAgropecuar\" \/>\n<meta name=\"twitter:label1\" content=\"Escrito por\" \/>\n\t<meta name=\"twitter:data1\" content=\"mundo\" \/>\n\t<meta name=\"twitter:label2\" content=\"Tiempo de lectura\" \/>\n\t<meta name=\"twitter:data2\" content=\"5 minutos\" \/>\n<script type=\"application\/ld+json\" class=\"yoast-schema-graph\">{\"@context\":\"https:\/\/schema.org\",\"@graph\":[{\"@type\":\"Article\",\"@id\":\"https:\/\/www.mundoagropecuario.cl\/new\/exportaciones-de-la-region-del-biobio-alcanzaron-4461-millones-de-dolares-en-agosto\/#article\",\"isPartOf\":{\"@id\":\"https:\/\/www.mundoagropecuario.cl\/new\/exportaciones-de-la-region-del-biobio-alcanzaron-4461-millones-de-dolares-en-agosto\/\"},\"author\":{\"name\":\"mundo\",\"@id\":\"https:\/\/www.mundoagropecuario.cl\/new\/#\/schema\/person\/4e9f74a82a7dac260eb1c44b7eebeb18\"},\"headline\":\"Exportaciones de la Regi\u00f3n del Biob\u00edo alcanzaron 446,1 millones de d\u00f3lares en agosto\",\"datePublished\":\"2019-10-21T14:36:39+00:00\",\"dateModified\":\"2019-10-25T14:23:21+00:00\",\"mainEntityOfPage\":{\"@id\":\"https:\/\/www.mundoagropecuario.cl\/new\/exportaciones-de-la-region-del-biobio-alcanzaron-4461-millones-de-dolares-en-agosto\/\"},\"wordCount\":968,\"publisher\":{\"@id\":\"https:\/\/www.mundoagropecuario.cl\/new\/#organization\"},\"image\":{\"@id\":\"https:\/\/www.mundoagropecuario.cl\/new\/exportaciones-de-la-region-del-biobio-alcanzaron-4461-millones-de-dolares-en-agosto\/#primaryimage\"},\"thumbnailUrl\":\"https:\/\/www.mundoagropecuario.cl\/new\/wp-content\/uploads\/2019\/10\/exportaciones-agro-.jpg\",\"keywords\":[\"agr\",\"agricola\",\"Agro\",\"Exportaciones\",\"Frutas\"],\"articleSection\":[\"Agricultura\"],\"inLanguage\":\"es\"},{\"@type\":\"WebPage\",\"@id\":\"https:\/\/www.mundoagropecuario.cl\/new\/exportaciones-de-la-region-del-biobio-alcanzaron-4461-millones-de-dolares-en-agosto\/\",\"url\":\"https:\/\/www.mundoagropecuario.cl\/new\/exportaciones-de-la-region-del-biobio-alcanzaron-4461-millones-de-dolares-en-agosto\/\",\"name\":\"Exportaciones de la Regi\u00f3n del Biob\u00edo alcanzaron 446,1 millones de d\u00f3lares en agosto - Mundoagropecuario\",\"isPartOf\":{\"@id\":\"https:\/\/www.mundoagropecuario.cl\/new\/#website\"},\"primaryImageOfPage\":{\"@id\":\"https:\/\/www.mundoagropecuario.cl\/new\/exportaciones-de-la-region-del-biobio-alcanzaron-4461-millones-de-dolares-en-agosto\/#primaryimage\"},\"image\":{\"@id\":\"https:\/\/www.mundoagropecuario.cl\/new\/exportaciones-de-la-region-del-biobio-alcanzaron-4461-millones-de-dolares-en-agosto\/#primaryimage\"},\"thumbnailUrl\":\"https:\/\/www.mundoagropecuario.cl\/new\/wp-content\/uploads\/2019\/10\/exportaciones-agro-.jpg\",\"datePublished\":\"2019-10-21T14:36:39+00:00\",\"dateModified\":\"2019-10-25T14:23:21+00:00\",\"breadcrumb\":{\"@id\":\"https:\/\/www.mundoagropecuario.cl\/new\/exportaciones-de-la-region-del-biobio-alcanzaron-4461-millones-de-dolares-en-agosto\/#breadcrumb\"},\"inLanguage\":\"es\",\"potentialAction\":[{\"@type\":\"ReadAction\",\"target\":[\"https:\/\/www.mundoagropecuario.cl\/new\/exportaciones-de-la-region-del-biobio-alcanzaron-4461-millones-de-dolares-en-agosto\/\"]}]},{\"@type\":\"ImageObject\",\"inLanguage\":\"es\",\"@id\":\"https:\/\/www.mundoagropecuario.cl\/new\/exportaciones-de-la-region-del-biobio-alcanzaron-4461-millones-de-dolares-en-agosto\/#primaryimage\",\"url\":\"https:\/\/www.mundoagropecuario.cl\/new\/wp-content\/uploads\/2019\/10\/exportaciones-agro-.jpg\",\"contentUrl\":\"https:\/\/www.mundoagropecuario.cl\/new\/wp-content\/uploads\/2019\/10\/exportaciones-agro-.jpg\",\"width\":641,\"height\":400},{\"@type\":\"BreadcrumbList\",\"@id\":\"https:\/\/www.mundoagropecuario.cl\/new\/exportaciones-de-la-region-del-biobio-alcanzaron-4461-millones-de-dolares-en-agosto\/#breadcrumb\",\"itemListElement\":[{\"@type\":\"ListItem\",\"position\":1,\"name\":\"Portada\",\"item\":\"https:\/\/www.mundoagropecuario.cl\/new\/\"},{\"@type\":\"ListItem\",\"position\":2,\"name\":\"Exportaciones de la Regi\u00f3n del Biob\u00edo alcanzaron 446,1 millones de d\u00f3lares en agosto\"}]},{\"@type\":\"WebSite\",\"@id\":\"https:\/\/www.mundoagropecuario.cl\/new\/#website\",\"url\":\"https:\/\/www.mundoagropecuario.cl\/new\/\",\"name\":\"Mundoagropecuario\",\"description\":\"Mundo Agropecuario\",\"publisher\":{\"@id\":\"https:\/\/www.mundoagropecuario.cl\/new\/#organization\"},\"potentialAction\":[{\"@type\":\"SearchAction\",\"target\":{\"@type\":\"EntryPoint\",\"urlTemplate\":\"https:\/\/www.mundoagropecuario.cl\/new\/?s={search_term_string}\"},\"query-input\":{\"@type\":\"PropertyValueSpecification\",\"valueRequired\":true,\"valueName\":\"search_term_string\"}}],\"inLanguage\":\"es\"},{\"@type\":\"Organization\",\"@id\":\"https:\/\/www.mundoagropecuario.cl\/new\/#organization\",\"name\":\"Revista de Agricultura\",\"url\":\"https:\/\/www.mundoagropecuario.cl\/new\/\",\"logo\":{\"@type\":\"ImageObject\",\"inLanguage\":\"es\",\"@id\":\"https:\/\/www.mundoagropecuario.cl\/new\/#\/schema\/logo\/image\/\",\"url\":\"https:\/\/www.mundoagropecuario.cl\/new\/wp-content\/uploads\/2020\/11\/PORTAL-1-1.png\",\"contentUrl\":\"https:\/\/www.mundoagropecuario.cl\/new\/wp-content\/uploads\/2020\/11\/PORTAL-1-1.png\",\"width\":1026,\"height\":100,\"caption\":\"Revista de Agricultura\"},\"image\":{\"@id\":\"https:\/\/www.mundoagropecuario.cl\/new\/#\/schema\/logo\/image\/\"},\"sameAs\":[\"https:\/\/www.facebook.com\/mundo.agropecuario.3\",\"https:\/\/x.com\/MundoAgropecuar\",\"https:\/\/www.linkedin.com\/in\/mundo-agropecuario-934009201\/\"]},{\"@type\":\"Person\",\"@id\":\"https:\/\/www.mundoagropecuario.cl\/new\/#\/schema\/person\/4e9f74a82a7dac260eb1c44b7eebeb18\",\"name\":\"mundo\",\"url\":\"https:\/\/www.mundoagropecuario.cl\/new\/author\/mundo\/\"}]}<\/script>\n<!-- \/ Yoast SEO plugin. -->","yoast_head_json":{"title":"Exportaciones de la Regi\u00f3n del Biob\u00edo alcanzaron 446,1 millones de d\u00f3lares en agosto - Mundoagropecuario","robots":{"index":"index","follow":"follow","max-snippet":"max-snippet:-1","max-image-preview":"max-image-preview:large","max-video-preview":"max-video-preview:-1"},"canonical":"https:\/\/www.mundoagropecuario.cl\/new\/exportaciones-de-la-region-del-biobio-alcanzaron-4461-millones-de-dolares-en-agosto\/","og_locale":"es_ES","og_type":"article","og_title":"Exportaciones de la Regi\u00f3n del Biob\u00edo alcanzaron 446,1 millones de d\u00f3lares en agosto - Mundoagropecuario","og_description":"El sector que incidi\u00f3 principalmente en el comportamiento del per\u00edodo, en relaci\u00f3n a igual mes de 2018, fue Industria con una baja de 29,4% (Mundo Agropecuario). Los principales pa\u00edses de...","og_url":"https:\/\/www.mundoagropecuario.cl\/new\/exportaciones-de-la-region-del-biobio-alcanzaron-4461-millones-de-dolares-en-agosto\/","og_site_name":"Mundoagropecuario","article_publisher":"https:\/\/www.facebook.com\/mundo.agropecuario.3","article_published_time":"2019-10-21T14:36:39+00:00","article_modified_time":"2019-10-25T14:23:21+00:00","og_image":[{"width":900,"height":562,"url":"https:\/\/www.mundoagropecuario.cl\/new\/wp-content\/uploads\/2019\/10\/exportaciones-agro-.jpg","type":"image\/jpeg"}],"author":"mundo","twitter_card":"summary_large_image","twitter_creator":"@MundoAgropecuar","twitter_site":"@MundoAgropecuar","twitter_misc":{"Escrito por":"mundo","Tiempo de lectura":"5 minutos"},"schema":{"@context":"https:\/\/schema.org","@graph":[{"@type":"Article","@id":"https:\/\/www.mundoagropecuario.cl\/new\/exportaciones-de-la-region-del-biobio-alcanzaron-4461-millones-de-dolares-en-agosto\/#article","isPartOf":{"@id":"https:\/\/www.mundoagropecuario.cl\/new\/exportaciones-de-la-region-del-biobio-alcanzaron-4461-millones-de-dolares-en-agosto\/"},"author":{"name":"mundo","@id":"https:\/\/www.mundoagropecuario.cl\/new\/#\/schema\/person\/4e9f74a82a7dac260eb1c44b7eebeb18"},"headline":"Exportaciones de la Regi\u00f3n del Biob\u00edo alcanzaron 446,1 millones de d\u00f3lares en agosto","datePublished":"2019-10-21T14:36:39+00:00","dateModified":"2019-10-25T14:23:21+00:00","mainEntityOfPage":{"@id":"https:\/\/www.mundoagropecuario.cl\/new\/exportaciones-de-la-region-del-biobio-alcanzaron-4461-millones-de-dolares-en-agosto\/"},"wordCount":968,"publisher":{"@id":"https:\/\/www.mundoagropecuario.cl\/new\/#organization"},"image":{"@id":"https:\/\/www.mundoagropecuario.cl\/new\/exportaciones-de-la-region-del-biobio-alcanzaron-4461-millones-de-dolares-en-agosto\/#primaryimage"},"thumbnailUrl":"https:\/\/www.mundoagropecuario.cl\/new\/wp-content\/uploads\/2019\/10\/exportaciones-agro-.jpg","keywords":["agr","agricola","Agro","Exportaciones","Frutas"],"articleSection":["Agricultura"],"inLanguage":"es"},{"@type":"WebPage","@id":"https:\/\/www.mundoagropecuario.cl\/new\/exportaciones-de-la-region-del-biobio-alcanzaron-4461-millones-de-dolares-en-agosto\/","url":"https:\/\/www.mundoagropecuario.cl\/new\/exportaciones-de-la-region-del-biobio-alcanzaron-4461-millones-de-dolares-en-agosto\/","name":"Exportaciones de la Regi\u00f3n del Biob\u00edo alcanzaron 446,1 millones de d\u00f3lares en agosto - Mundoagropecuario","isPartOf":{"@id":"https:\/\/www.mundoagropecuario.cl\/new\/#website"},"primaryImageOfPage":{"@id":"https:\/\/www.mundoagropecuario.cl\/new\/exportaciones-de-la-region-del-biobio-alcanzaron-4461-millones-de-dolares-en-agosto\/#primaryimage"},"image":{"@id":"https:\/\/www.mundoagropecuario.cl\/new\/exportaciones-de-la-region-del-biobio-alcanzaron-4461-millones-de-dolares-en-agosto\/#primaryimage"},"thumbnailUrl":"https:\/\/www.mundoagropecuario.cl\/new\/wp-content\/uploads\/2019\/10\/exportaciones-agro-.jpg","datePublished":"2019-10-21T14:36:39+00:00","dateModified":"2019-10-25T14:23:21+00:00","breadcrumb":{"@id":"https:\/\/www.mundoagropecuario.cl\/new\/exportaciones-de-la-region-del-biobio-alcanzaron-4461-millones-de-dolares-en-agosto\/#breadcrumb"},"inLanguage":"es","potentialAction":[{"@type":"ReadAction","target":["https:\/\/www.mundoagropecuario.cl\/new\/exportaciones-de-la-region-del-biobio-alcanzaron-4461-millones-de-dolares-en-agosto\/"]}]},{"@type":"ImageObject","inLanguage":"es","@id":"https:\/\/www.mundoagropecuario.cl\/new\/exportaciones-de-la-region-del-biobio-alcanzaron-4461-millones-de-dolares-en-agosto\/#primaryimage","url":"https:\/\/www.mundoagropecuario.cl\/new\/wp-content\/uploads\/2019\/10\/exportaciones-agro-.jpg","contentUrl":"https:\/\/www.mundoagropecuario.cl\/new\/wp-content\/uploads\/2019\/10\/exportaciones-agro-.jpg","width":641,"height":400},{"@type":"BreadcrumbList","@id":"https:\/\/www.mundoagropecuario.cl\/new\/exportaciones-de-la-region-del-biobio-alcanzaron-4461-millones-de-dolares-en-agosto\/#breadcrumb","itemListElement":[{"@type":"ListItem","position":1,"name":"Portada","item":"https:\/\/www.mundoagropecuario.cl\/new\/"},{"@type":"ListItem","position":2,"name":"Exportaciones de la Regi\u00f3n del Biob\u00edo alcanzaron 446,1 millones de d\u00f3lares en agosto"}]},{"@type":"WebSite","@id":"https:\/\/www.mundoagropecuario.cl\/new\/#website","url":"https:\/\/www.mundoagropecuario.cl\/new\/","name":"Mundoagropecuario","description":"Mundo Agropecuario","publisher":{"@id":"https:\/\/www.mundoagropecuario.cl\/new\/#organization"},"potentialAction":[{"@type":"SearchAction","target":{"@type":"EntryPoint","urlTemplate":"https:\/\/www.mundoagropecuario.cl\/new\/?s={search_term_string}"},"query-input":{"@type":"PropertyValueSpecification","valueRequired":true,"valueName":"search_term_string"}}],"inLanguage":"es"},{"@type":"Organization","@id":"https:\/\/www.mundoagropecuario.cl\/new\/#organization","name":"Revista de Agricultura","url":"https:\/\/www.mundoagropecuario.cl\/new\/","logo":{"@type":"ImageObject","inLanguage":"es","@id":"https:\/\/www.mundoagropecuario.cl\/new\/#\/schema\/logo\/image\/","url":"https:\/\/www.mundoagropecuario.cl\/new\/wp-content\/uploads\/2020\/11\/PORTAL-1-1.png","contentUrl":"https:\/\/www.mundoagropecuario.cl\/new\/wp-content\/uploads\/2020\/11\/PORTAL-1-1.png","width":1026,"height":100,"caption":"Revista de Agricultura"},"image":{"@id":"https:\/\/www.mundoagropecuario.cl\/new\/#\/schema\/logo\/image\/"},"sameAs":["https:\/\/www.facebook.com\/mundo.agropecuario.3","https:\/\/x.com\/MundoAgropecuar","https:\/\/www.linkedin.com\/in\/mundo-agropecuario-934009201\/"]},{"@type":"Person","@id":"https:\/\/www.mundoagropecuario.cl\/new\/#\/schema\/person\/4e9f74a82a7dac260eb1c44b7eebeb18","name":"mundo","url":"https:\/\/www.mundoagropecuario.cl\/new\/author\/mundo\/"}]}},"_links":{"self":[{"href":"https:\/\/www.mundoagropecuario.cl\/new\/wp-json\/wp\/v2\/posts\/14532","targetHints":{"allow":["GET"]}}],"collection":[{"href":"https:\/\/www.mundoagropecuario.cl\/new\/wp-json\/wp\/v2\/posts"}],"about":[{"href":"https:\/\/www.mundoagropecuario.cl\/new\/wp-json\/wp\/v2\/types\/post"}],"author":[{"embeddable":true,"href":"https:\/\/www.mundoagropecuario.cl\/new\/wp-json\/wp\/v2\/users\/2"}],"replies":[{"embeddable":true,"href":"https:\/\/www.mundoagropecuario.cl\/new\/wp-json\/wp\/v2\/comments?post=14532"}],"version-history":[{"count":2,"href":"https:\/\/www.mundoagropecuario.cl\/new\/wp-json\/wp\/v2\/posts\/14532\/revisions"}],"predecessor-version":[{"id":14535,"href":"https:\/\/www.mundoagropecuario.cl\/new\/wp-json\/wp\/v2\/posts\/14532\/revisions\/14535"}],"wp:featuredmedia":[{"embeddable":true,"href":"https:\/\/www.mundoagropecuario.cl\/new\/wp-json\/wp\/v2\/media\/14533"}],"wp:attachment":[{"href":"https:\/\/www.mundoagropecuario.cl\/new\/wp-json\/wp\/v2\/media?parent=14532"}],"wp:term":[{"taxonomy":"category","embeddable":true,"href":"https:\/\/www.mundoagropecuario.cl\/new\/wp-json\/wp\/v2\/categories?post=14532"},{"taxonomy":"post_tag","embeddable":true,"href":"https:\/\/www.mundoagropecuario.cl\/new\/wp-json\/wp\/v2\/tags?post=14532"}],"curies":[{"name":"wp","href":"https:\/\/api.w.org\/{rel}","templated":true}]}}