{"id":14469,"date":"2019-10-17T01:00:32","date_gmt":"2019-10-17T04:00:32","guid":{"rendered":"http:\/\/www.mundoagropecuario.cl\/new\/?p=14469"},"modified":"2019-10-18T11:22:11","modified_gmt":"2019-10-18T14:22:11","slug":"cerezas-chilenas-a-un-paso-de-ingresar-a-vietnam","status":"publish","type":"post","link":"https:\/\/www.mundoagropecuario.cl\/new\/cerezas-chilenas-a-un-paso-de-ingresar-a-vietnam\/","title":{"rendered":"Cerezas chilenas a un paso de ingresar a Vietnam"},"content":{"rendered":"\n<ul class=\"wp-block-gallery columns-0 is-cropped wp-block-gallery-1 is-layout-flex wp-block-gallery-is-layout-flex\"><\/ul>\n\n\n\n<p class=\"has-medium-font-size\"><em>Una serie de reuniones, sostuvo el Subsecretario de Agricultura, Alfonso Vargas, con autoridades del Servicio Fitosanitario Vietnamita, liderado por Le Son Ha, y el vice- Ministro de Agricultura, Phung Duc Tien (Mundo Agropecuario).<\/em><\/p>\n\n\n\n<p>En estos encuentros participaron tambi\u00e9n el Embajador de Chile en Vietnam, Jaime Chomali, junto al Jefe de la Divisi\u00f3n Agricola del SAG, Rodrigo Astete;&nbsp;&nbsp;la Jefa de Gabinete de la Subsecretar\u00eda de Agricultura, Catalina Salza,&nbsp;&nbsp;y el Gerente General de la Asociaci\u00f3n de Exportadores de Frutas de Chile AG (ASOEX), Miguel Canala-Echeverr\u00eda.<\/p>\n\n\n\n<figure class=\"wp-block-image\"><img loading=\"lazy\" decoding=\"async\" width=\"535\" height=\"400\" src=\"https:\/\/www.mundoagropecuario.cl\/new\/wp-content\/uploads\/2018\/12\/cerezas-chilenas.jpg\" alt=\"\" class=\"wp-image-9841\" srcset=\"https:\/\/www.mundoagropecuario.cl\/new\/wp-content\/uploads\/2018\/12\/cerezas-chilenas.jpg 535w, https:\/\/www.mundoagropecuario.cl\/new\/wp-content\/uploads\/2018\/12\/cerezas-chilenas-586x438.jpg 586w, https:\/\/www.mundoagropecuario.cl\/new\/wp-content\/uploads\/2018\/12\/cerezas-chilenas-768x575.jpg 768w\" sizes=\"auto, (max-width: 535px) 100vw, 535px\" \/><\/figure>\n\n\n\n<p>Durante las reuniones se analizaron materias relativas a la facilitaci\u00f3n del comercio agr\u00edcola y pecuario entre ambos pa\u00edses, la cooperaci\u00f3n en el \u00e1rea agricola, junto con relevar la visita oficial a Chile&nbsp;&nbsp;que realizar\u00e1 el Primer Ministro de Vietnam, en el marco del Foro APEC, programado para el pr\u00f3ximo mes de noviembre.<\/p>\n\n\n\n<p>En el marco de la reuni\u00f3n t\u00e9cnica, se revisaron&nbsp;&nbsp;los requisitos de ingreso para las cerezas de Chile a Vietnam, y del pomelo de Vietnam a Chile. Con esto se espera que, antes de la reuni\u00f3n de APEC, se pueda contar con la apertura de ambos mercados para&nbsp;&nbsp;dichos productos, dando as\u00ed inicio a un&nbsp;&nbsp;intercambio comercial en frutas m\u00e1s fluido.<\/p>\n\n\n\n<p>\u201cVietnam, con m\u00e1s de 95 millones de habitantes, con un crecimiento potencial de clase media importante, est\u00e1 llamado a ser un gran destino para las exportaciones de frutas de nuestro pa\u00eds. Asimismo, son miembros del CTPP 11, lo que significar\u00e1 que, en el momento en que se ratifique el Tratado Transpac\u00edfico, tendremos grandes beneficios arancelarios. No debemos olvidar que tanto Vietnam como todo el Sudeste Asi\u00e1tico est\u00e1 siendo un destino tur\u00edstico significativo, dando una excelente visibilidad a nuestra fruta\u201d, se\u00f1al\u00f3 el Subsecretario de Agricutura, Alfonso Vargas.<\/p>\n\n\n\n<p>Asimismo, se destaca que durante la visita de la delegaci\u00f3n chilena, se cerraron adem\u00e1s,&nbsp;&nbsp;las condiciones de un \u201cPlan de Acci\u00f3n\u201d para la apertura bilateral de productos frut\u00edcolas, fij\u00e1ndose, en el caso de Chile, el inicio de las negociaciones destinadas a la apertura del kiwi y ar\u00e1ndanos chilenos en Vietnam a partir del pr\u00f3ximo a\u00f1o.<\/p>\n\n\n\n<p>\u201cPara ASOEX es importante trabajar, junto a las autoridades de Minagri, el SAG, y nuestras embajadas en pos de mejorar las condiciones de ingreso de las frutas chilenas en los mercados internacionales, o en abrir nuevos destinos para nuestras frutas, ya que,&nbsp;&nbsp;diversificar nuestros mercados, especialmente para nuestras cerezas, es clave para asegurar un mayor y equilibrado consumo.&nbsp;&nbsp;Asia es un mercado que cada vez cobra m\u00e1s importancia para nuestras exportaciones de frutas, durante 2018-2019, este bloque de pa\u00edses recibi\u00f3 m\u00e1s de 676 mil toneladas de frutas frescas chilenas, con un incremento de 7,8%, el mayor aumento entre los mercados de destino de nuestras frutas en el periodo. Vietnam es un mercado relevante dentro de Asia. En este mercado tenemos autorizado el ingreso de nuestras uvas de mesa, y&nbsp;&nbsp;recientemente, nuestras manzanas\u201d, precis\u00f3 Miguel Canala-Echeverr\u00eda.<\/p>\n\n\n\n<p><strong>Cifras<\/strong><\/p>\n\n\n\n<p>De acuerdo a estad\u00edsticas de EXPORDATA de ASOEX, con datos entregados por SAG, durante 2018-2019, Chile envi\u00f3 a Asia 676.370 toneladas de frutas frescas con un 7,87% de aumento.<\/p>\n\n\n\n<p>Dentro del mercado asi\u00e1tico, a Vietnam se enviaron 2.103 toneladas de uvas de mesa, con un incremento de 3,47%. La uva de mesa constituy\u00f3 el 100% de las exportaciones frut\u00edcolas chilenas a ese pa\u00eds, durante la temporada pasada.<\/p>\n","protected":false},"excerpt":{"rendered":"<p>Una serie de reuniones, sostuvo el Subsecretario de Agricultura, Alfonso Vargas, con autoridades del Servicio Fitosanitario Vietnamita, liderado por Le Son Ha, y el vice- Ministro de Agricultura, Phung Duc&#8230;<\/p>\n","protected":false},"author":2,"featured_media":11690,"comment_status":"closed","ping_status":"closed","sticky":false,"template":"","format":"standard","meta":{"footnotes":""},"categories":[1986],"tags":[2177,2308,2994,2170,2245],"class_list":["post-14469","post","type-post","status-publish","format-standard","has-post-thumbnail","hentry","category-frutas","tag-asoex","tag-cerezas","tag-cerezas-chilenas","tag-china","tag-frutas"],"yoast_head":"<!-- This site is optimized with the Yoast SEO plugin v26.6 - https:\/\/yoast.com\/wordpress\/plugins\/seo\/ -->\n<title>Cerezas chilenas a un paso de ingresar a Vietnam - Mundoagropecuario<\/title>\n<meta name=\"robots\" content=\"index, follow, max-snippet:-1, max-image-preview:large, max-video-preview:-1\" \/>\n<link rel=\"canonical\" href=\"https:\/\/www.mundoagropecuario.cl\/new\/cerezas-chilenas-a-un-paso-de-ingresar-a-vietnam\/\" \/>\n<meta property=\"og:locale\" content=\"es_ES\" \/>\n<meta property=\"og:type\" content=\"article\" \/>\n<meta property=\"og:title\" content=\"Cerezas chilenas a un paso de ingresar a Vietnam - Mundoagropecuario\" \/>\n<meta property=\"og:description\" content=\"Una serie de reuniones, sostuvo el Subsecretario de Agricultura, Alfonso Vargas, con autoridades del Servicio Fitosanitario Vietnamita, liderado por Le Son Ha, y el vice- Ministro de Agricultura, Phung Duc...\" \/>\n<meta property=\"og:url\" content=\"https:\/\/www.mundoagropecuario.cl\/new\/cerezas-chilenas-a-un-paso-de-ingresar-a-vietnam\/\" \/>\n<meta property=\"og:site_name\" content=\"Mundoagropecuario\" \/>\n<meta property=\"article:publisher\" content=\"https:\/\/www.facebook.com\/mundo.agropecuario.3\" \/>\n<meta property=\"article:published_time\" content=\"2019-10-17T04:00:32+00:00\" \/>\n<meta property=\"article:modified_time\" content=\"2019-10-18T14:22:11+00:00\" \/>\n<meta property=\"og:image\" content=\"https:\/\/www.mundoagropecuario.cl\/new\/wp-content\/uploads\/2019\/05\/cerezas-inia.jpg\" \/>\n\t<meta property=\"og:image:width\" content=\"999\" \/>\n\t<meta property=\"og:image:height\" content=\"749\" \/>\n\t<meta property=\"og:image:type\" content=\"image\/jpeg\" \/>\n<meta name=\"author\" content=\"mundo\" \/>\n<meta name=\"twitter:card\" content=\"summary_large_image\" \/>\n<meta name=\"twitter:creator\" content=\"@MundoAgropecuar\" \/>\n<meta name=\"twitter:site\" content=\"@MundoAgropecuar\" \/>\n<meta name=\"twitter:label1\" content=\"Escrito por\" \/>\n\t<meta name=\"twitter:data1\" content=\"mundo\" \/>\n\t<meta name=\"twitter:label2\" content=\"Tiempo de lectura\" \/>\n\t<meta name=\"twitter:data2\" content=\"3 minutos\" \/>\n<script type=\"application\/ld+json\" class=\"yoast-schema-graph\">{\"@context\":\"https:\/\/schema.org\",\"@graph\":[{\"@type\":\"Article\",\"@id\":\"https:\/\/www.mundoagropecuario.cl\/new\/cerezas-chilenas-a-un-paso-de-ingresar-a-vietnam\/#article\",\"isPartOf\":{\"@id\":\"https:\/\/www.mundoagropecuario.cl\/new\/cerezas-chilenas-a-un-paso-de-ingresar-a-vietnam\/\"},\"author\":{\"name\":\"mundo\",\"@id\":\"https:\/\/www.mundoagropecuario.cl\/new\/#\/schema\/person\/4e9f74a82a7dac260eb1c44b7eebeb18\"},\"headline\":\"Cerezas chilenas a un paso de ingresar a Vietnam\",\"datePublished\":\"2019-10-17T04:00:32+00:00\",\"dateModified\":\"2019-10-18T14:22:11+00:00\",\"mainEntityOfPage\":{\"@id\":\"https:\/\/www.mundoagropecuario.cl\/new\/cerezas-chilenas-a-un-paso-de-ingresar-a-vietnam\/\"},\"wordCount\":598,\"publisher\":{\"@id\":\"https:\/\/www.mundoagropecuario.cl\/new\/#organization\"},\"image\":{\"@id\":\"https:\/\/www.mundoagropecuario.cl\/new\/cerezas-chilenas-a-un-paso-de-ingresar-a-vietnam\/#primaryimage\"},\"thumbnailUrl\":\"https:\/\/www.mundoagropecuario.cl\/new\/wp-content\/uploads\/2019\/05\/cerezas-inia.jpg\",\"keywords\":[\"Asoex\",\"Cerezas\",\"cerezas chilenas\",\"China\",\"Frutas\"],\"articleSection\":[\"Frutas\"],\"inLanguage\":\"es\"},{\"@type\":\"WebPage\",\"@id\":\"https:\/\/www.mundoagropecuario.cl\/new\/cerezas-chilenas-a-un-paso-de-ingresar-a-vietnam\/\",\"url\":\"https:\/\/www.mundoagropecuario.cl\/new\/cerezas-chilenas-a-un-paso-de-ingresar-a-vietnam\/\",\"name\":\"Cerezas chilenas a un paso de ingresar a Vietnam - Mundoagropecuario\",\"isPartOf\":{\"@id\":\"https:\/\/www.mundoagropecuario.cl\/new\/#website\"},\"primaryImageOfPage\":{\"@id\":\"https:\/\/www.mundoagropecuario.cl\/new\/cerezas-chilenas-a-un-paso-de-ingresar-a-vietnam\/#primaryimage\"},\"image\":{\"@id\":\"https:\/\/www.mundoagropecuario.cl\/new\/cerezas-chilenas-a-un-paso-de-ingresar-a-vietnam\/#primaryimage\"},\"thumbnailUrl\":\"https:\/\/www.mundoagropecuario.cl\/new\/wp-content\/uploads\/2019\/05\/cerezas-inia.jpg\",\"datePublished\":\"2019-10-17T04:00:32+00:00\",\"dateModified\":\"2019-10-18T14:22:11+00:00\",\"breadcrumb\":{\"@id\":\"https:\/\/www.mundoagropecuario.cl\/new\/cerezas-chilenas-a-un-paso-de-ingresar-a-vietnam\/#breadcrumb\"},\"inLanguage\":\"es\",\"potentialAction\":[{\"@type\":\"ReadAction\",\"target\":[\"https:\/\/www.mundoagropecuario.cl\/new\/cerezas-chilenas-a-un-paso-de-ingresar-a-vietnam\/\"]}]},{\"@type\":\"ImageObject\",\"inLanguage\":\"es\",\"@id\":\"https:\/\/www.mundoagropecuario.cl\/new\/cerezas-chilenas-a-un-paso-de-ingresar-a-vietnam\/#primaryimage\",\"url\":\"https:\/\/www.mundoagropecuario.cl\/new\/wp-content\/uploads\/2019\/05\/cerezas-inia.jpg\",\"contentUrl\":\"https:\/\/www.mundoagropecuario.cl\/new\/wp-content\/uploads\/2019\/05\/cerezas-inia.jpg\",\"width\":534,\"height\":400},{\"@type\":\"BreadcrumbList\",\"@id\":\"https:\/\/www.mundoagropecuario.cl\/new\/cerezas-chilenas-a-un-paso-de-ingresar-a-vietnam\/#breadcrumb\",\"itemListElement\":[{\"@type\":\"ListItem\",\"position\":1,\"name\":\"Portada\",\"item\":\"https:\/\/www.mundoagropecuario.cl\/new\/\"},{\"@type\":\"ListItem\",\"position\":2,\"name\":\"Cerezas chilenas a un paso de ingresar a Vietnam\"}]},{\"@type\":\"WebSite\",\"@id\":\"https:\/\/www.mundoagropecuario.cl\/new\/#website\",\"url\":\"https:\/\/www.mundoagropecuario.cl\/new\/\",\"name\":\"Mundoagropecuario\",\"description\":\"Mundo Agropecuario\",\"publisher\":{\"@id\":\"https:\/\/www.mundoagropecuario.cl\/new\/#organization\"},\"potentialAction\":[{\"@type\":\"SearchAction\",\"target\":{\"@type\":\"EntryPoint\",\"urlTemplate\":\"https:\/\/www.mundoagropecuario.cl\/new\/?s={search_term_string}\"},\"query-input\":{\"@type\":\"PropertyValueSpecification\",\"valueRequired\":true,\"valueName\":\"search_term_string\"}}],\"inLanguage\":\"es\"},{\"@type\":\"Organization\",\"@id\":\"https:\/\/www.mundoagropecuario.cl\/new\/#organization\",\"name\":\"Revista de Agricultura\",\"url\":\"https:\/\/www.mundoagropecuario.cl\/new\/\",\"logo\":{\"@type\":\"ImageObject\",\"inLanguage\":\"es\",\"@id\":\"https:\/\/www.mundoagropecuario.cl\/new\/#\/schema\/logo\/image\/\",\"url\":\"https:\/\/www.mundoagropecuario.cl\/new\/wp-content\/uploads\/2020\/11\/PORTAL-1-1.png\",\"contentUrl\":\"https:\/\/www.mundoagropecuario.cl\/new\/wp-content\/uploads\/2020\/11\/PORTAL-1-1.png\",\"width\":1026,\"height\":100,\"caption\":\"Revista de Agricultura\"},\"image\":{\"@id\":\"https:\/\/www.mundoagropecuario.cl\/new\/#\/schema\/logo\/image\/\"},\"sameAs\":[\"https:\/\/www.facebook.com\/mundo.agropecuario.3\",\"https:\/\/x.com\/MundoAgropecuar\",\"https:\/\/www.linkedin.com\/in\/mundo-agropecuario-934009201\/\"]},{\"@type\":\"Person\",\"@id\":\"https:\/\/www.mundoagropecuario.cl\/new\/#\/schema\/person\/4e9f74a82a7dac260eb1c44b7eebeb18\",\"name\":\"mundo\",\"url\":\"https:\/\/www.mundoagropecuario.cl\/new\/author\/mundo\/\"}]}<\/script>\n<!-- \/ Yoast SEO plugin. -->","yoast_head_json":{"title":"Cerezas chilenas a un paso de ingresar a Vietnam - Mundoagropecuario","robots":{"index":"index","follow":"follow","max-snippet":"max-snippet:-1","max-image-preview":"max-image-preview:large","max-video-preview":"max-video-preview:-1"},"canonical":"https:\/\/www.mundoagropecuario.cl\/new\/cerezas-chilenas-a-un-paso-de-ingresar-a-vietnam\/","og_locale":"es_ES","og_type":"article","og_title":"Cerezas chilenas a un paso de ingresar a Vietnam - Mundoagropecuario","og_description":"Una serie de reuniones, sostuvo el Subsecretario de Agricultura, Alfonso Vargas, con autoridades del Servicio Fitosanitario Vietnamita, liderado por Le Son Ha, y el vice- Ministro de Agricultura, Phung Duc...","og_url":"https:\/\/www.mundoagropecuario.cl\/new\/cerezas-chilenas-a-un-paso-de-ingresar-a-vietnam\/","og_site_name":"Mundoagropecuario","article_publisher":"https:\/\/www.facebook.com\/mundo.agropecuario.3","article_published_time":"2019-10-17T04:00:32+00:00","article_modified_time":"2019-10-18T14:22:11+00:00","og_image":[{"width":999,"height":749,"url":"https:\/\/www.mundoagropecuario.cl\/new\/wp-content\/uploads\/2019\/05\/cerezas-inia.jpg","type":"image\/jpeg"}],"author":"mundo","twitter_card":"summary_large_image","twitter_creator":"@MundoAgropecuar","twitter_site":"@MundoAgropecuar","twitter_misc":{"Escrito por":"mundo","Tiempo de lectura":"3 minutos"},"schema":{"@context":"https:\/\/schema.org","@graph":[{"@type":"Article","@id":"https:\/\/www.mundoagropecuario.cl\/new\/cerezas-chilenas-a-un-paso-de-ingresar-a-vietnam\/#article","isPartOf":{"@id":"https:\/\/www.mundoagropecuario.cl\/new\/cerezas-chilenas-a-un-paso-de-ingresar-a-vietnam\/"},"author":{"name":"mundo","@id":"https:\/\/www.mundoagropecuario.cl\/new\/#\/schema\/person\/4e9f74a82a7dac260eb1c44b7eebeb18"},"headline":"Cerezas chilenas a un paso de ingresar a Vietnam","datePublished":"2019-10-17T04:00:32+00:00","dateModified":"2019-10-18T14:22:11+00:00","mainEntityOfPage":{"@id":"https:\/\/www.mundoagropecuario.cl\/new\/cerezas-chilenas-a-un-paso-de-ingresar-a-vietnam\/"},"wordCount":598,"publisher":{"@id":"https:\/\/www.mundoagropecuario.cl\/new\/#organization"},"image":{"@id":"https:\/\/www.mundoagropecuario.cl\/new\/cerezas-chilenas-a-un-paso-de-ingresar-a-vietnam\/#primaryimage"},"thumbnailUrl":"https:\/\/www.mundoagropecuario.cl\/new\/wp-content\/uploads\/2019\/05\/cerezas-inia.jpg","keywords":["Asoex","Cerezas","cerezas chilenas","China","Frutas"],"articleSection":["Frutas"],"inLanguage":"es"},{"@type":"WebPage","@id":"https:\/\/www.mundoagropecuario.cl\/new\/cerezas-chilenas-a-un-paso-de-ingresar-a-vietnam\/","url":"https:\/\/www.mundoagropecuario.cl\/new\/cerezas-chilenas-a-un-paso-de-ingresar-a-vietnam\/","name":"Cerezas chilenas a un paso de ingresar a Vietnam - Mundoagropecuario","isPartOf":{"@id":"https:\/\/www.mundoagropecuario.cl\/new\/#website"},"primaryImageOfPage":{"@id":"https:\/\/www.mundoagropecuario.cl\/new\/cerezas-chilenas-a-un-paso-de-ingresar-a-vietnam\/#primaryimage"},"image":{"@id":"https:\/\/www.mundoagropecuario.cl\/new\/cerezas-chilenas-a-un-paso-de-ingresar-a-vietnam\/#primaryimage"},"thumbnailUrl":"https:\/\/www.mundoagropecuario.cl\/new\/wp-content\/uploads\/2019\/05\/cerezas-inia.jpg","datePublished":"2019-10-17T04:00:32+00:00","dateModified":"2019-10-18T14:22:11+00:00","breadcrumb":{"@id":"https:\/\/www.mundoagropecuario.cl\/new\/cerezas-chilenas-a-un-paso-de-ingresar-a-vietnam\/#breadcrumb"},"inLanguage":"es","potentialAction":[{"@type":"ReadAction","target":["https:\/\/www.mundoagropecuario.cl\/new\/cerezas-chilenas-a-un-paso-de-ingresar-a-vietnam\/"]}]},{"@type":"ImageObject","inLanguage":"es","@id":"https:\/\/www.mundoagropecuario.cl\/new\/cerezas-chilenas-a-un-paso-de-ingresar-a-vietnam\/#primaryimage","url":"https:\/\/www.mundoagropecuario.cl\/new\/wp-content\/uploads\/2019\/05\/cerezas-inia.jpg","contentUrl":"https:\/\/www.mundoagropecuario.cl\/new\/wp-content\/uploads\/2019\/05\/cerezas-inia.jpg","width":534,"height":400},{"@type":"BreadcrumbList","@id":"https:\/\/www.mundoagropecuario.cl\/new\/cerezas-chilenas-a-un-paso-de-ingresar-a-vietnam\/#breadcrumb","itemListElement":[{"@type":"ListItem","position":1,"name":"Portada","item":"https:\/\/www.mundoagropecuario.cl\/new\/"},{"@type":"ListItem","position":2,"name":"Cerezas chilenas a un paso de ingresar a Vietnam"}]},{"@type":"WebSite","@id":"https:\/\/www.mundoagropecuario.cl\/new\/#website","url":"https:\/\/www.mundoagropecuario.cl\/new\/","name":"Mundoagropecuario","description":"Mundo Agropecuario","publisher":{"@id":"https:\/\/www.mundoagropecuario.cl\/new\/#organization"},"potentialAction":[{"@type":"SearchAction","target":{"@type":"EntryPoint","urlTemplate":"https:\/\/www.mundoagropecuario.cl\/new\/?s={search_term_string}"},"query-input":{"@type":"PropertyValueSpecification","valueRequired":true,"valueName":"search_term_string"}}],"inLanguage":"es"},{"@type":"Organization","@id":"https:\/\/www.mundoagropecuario.cl\/new\/#organization","name":"Revista de Agricultura","url":"https:\/\/www.mundoagropecuario.cl\/new\/","logo":{"@type":"ImageObject","inLanguage":"es","@id":"https:\/\/www.mundoagropecuario.cl\/new\/#\/schema\/logo\/image\/","url":"https:\/\/www.mundoagropecuario.cl\/new\/wp-content\/uploads\/2020\/11\/PORTAL-1-1.png","contentUrl":"https:\/\/www.mundoagropecuario.cl\/new\/wp-content\/uploads\/2020\/11\/PORTAL-1-1.png","width":1026,"height":100,"caption":"Revista de Agricultura"},"image":{"@id":"https:\/\/www.mundoagropecuario.cl\/new\/#\/schema\/logo\/image\/"},"sameAs":["https:\/\/www.facebook.com\/mundo.agropecuario.3","https:\/\/x.com\/MundoAgropecuar","https:\/\/www.linkedin.com\/in\/mundo-agropecuario-934009201\/"]},{"@type":"Person","@id":"https:\/\/www.mundoagropecuario.cl\/new\/#\/schema\/person\/4e9f74a82a7dac260eb1c44b7eebeb18","name":"mundo","url":"https:\/\/www.mundoagropecuario.cl\/new\/author\/mundo\/"}]}},"_links":{"self":[{"href":"https:\/\/www.mundoagropecuario.cl\/new\/wp-json\/wp\/v2\/posts\/14469","targetHints":{"allow":["GET"]}}],"collection":[{"href":"https:\/\/www.mundoagropecuario.cl\/new\/wp-json\/wp\/v2\/posts"}],"about":[{"href":"https:\/\/www.mundoagropecuario.cl\/new\/wp-json\/wp\/v2\/types\/post"}],"author":[{"embeddable":true,"href":"https:\/\/www.mundoagropecuario.cl\/new\/wp-json\/wp\/v2\/users\/2"}],"replies":[{"embeddable":true,"href":"https:\/\/www.mundoagropecuario.cl\/new\/wp-json\/wp\/v2\/comments?post=14469"}],"version-history":[{"count":1,"href":"https:\/\/www.mundoagropecuario.cl\/new\/wp-json\/wp\/v2\/posts\/14469\/revisions"}],"predecessor-version":[{"id":14470,"href":"https:\/\/www.mundoagropecuario.cl\/new\/wp-json\/wp\/v2\/posts\/14469\/revisions\/14470"}],"wp:featuredmedia":[{"embeddable":true,"href":"https:\/\/www.mundoagropecuario.cl\/new\/wp-json\/wp\/v2\/media\/11690"}],"wp:attachment":[{"href":"https:\/\/www.mundoagropecuario.cl\/new\/wp-json\/wp\/v2\/media?parent=14469"}],"wp:term":[{"taxonomy":"category","embeddable":true,"href":"https:\/\/www.mundoagropecuario.cl\/new\/wp-json\/wp\/v2\/categories?post=14469"},{"taxonomy":"post_tag","embeddable":true,"href":"https:\/\/www.mundoagropecuario.cl\/new\/wp-json\/wp\/v2\/tags?post=14469"}],"curies":[{"name":"wp","href":"https:\/\/api.w.org\/{rel}","templated":true}]}}