{"id":14461,"date":"2019-10-17T01:00:53","date_gmt":"2019-10-17T04:00:53","guid":{"rendered":"http:\/\/www.mundoagropecuario.cl\/new\/?p=14461"},"modified":"2019-10-18T11:23:51","modified_gmt":"2019-10-18T14:23:51","slug":"bayer-se-compromete-a-reducir-en-un-30-el-impacto-ambiental-de-la-proteccion-de-cultivos","status":"publish","type":"post","link":"https:\/\/www.mundoagropecuario.cl\/new\/bayer-se-compromete-a-reducir-en-un-30-el-impacto-ambiental-de-la-proteccion-de-cultivos\/","title":{"rendered":"Bayer se compromete a reducir en un 30% el impacto ambiental de la protecci\u00f3n de cultivos"},"content":{"rendered":"\n<ul class=\"wp-block-gallery columns-0 is-cropped wp-block-gallery-1 is-layout-flex wp-block-gallery-is-layout-flex\"><\/ul>\n\n\n\n<p class=\"has-medium-font-size\"><em>El a\u00f1o pasado, Bayer invirti\u00f3 2.300 millones de euros en I+D agr\u00edcola, m\u00e1s que ning\u00fan otro competidor del sector y se prev\u00e9 que, en los 10 pr\u00f3ximos a\u00f1os, la inversi\u00f3n acumulada supere los 25.000 millones de euros (Mundo Agropecuario). <\/em><\/p>\n\n\n\n<p>El anuncio se realiz\u00f3 en el marco del encuentro \u201cDi\u00e1logo sobre el futuro de la Agricultura\u201d organizado por la compa\u00f1\u00eda el Alemania. Asimismo, la empresa se comprometi\u00f3 a invertir en 10 a\u00f1os m\u00e1s de 25.000 millones de euros en I+D en el \u00e1rea de Crop Science.<\/p>\n\n\n\n<p>La p\u00e9rdida de la calidad de los suelos y la sequ\u00eda que afecta a diversas zonas del mundo, son solo algunas de las consecuencias que el cambio clim\u00e1tico tiene sobre la agricultura. Esta situaci\u00f3n, que tambi\u00e9n afecta a agricultores de todo el pa\u00eds, fue parte de la discusi\u00f3n llevada a cabo en el encuentro \u201cDi\u00e1logo sobre el futuro de la Agricultora\u201d organizado por Bayer en Monheim, Alemania.<\/p>\n\n\n\n<p>Durante el evento, la compa\u00f1\u00eda alemana realiz\u00f3 tres compromisos a cumplir para 2030: reducir el impacto ambiental de la protecci\u00f3n de cultivos en un 30%, desarrollando nuevas tecnolog\u00edas que permitan a los productores reducir los vol\u00famenes de fitosanitarios y hagan posible una aplicaci\u00f3n m\u00e1s precisa; bajar un 30% las emisiones de gases de efecto invernadero producidas por los sistemas de cultivos y fortalecer a 100 millones de peque\u00f1os agricultores en pa\u00edses en desarrollo alrededor del mundo a trav\u00e9s de un mayor acceso a soluciones agr\u00edcolas sostenibles.<\/p>\n\n\n\n<p>\u201cLa agricultura es la responsable de alimentar a una poblaci\u00f3n cada vez m\u00e1s numerosa, pero con el cuidado de preservar el planeta\u201d, asegur\u00f3 Liam Condon, miembro del Consejo de Direcci\u00f3n de Bayer y presidente de la divisi\u00f3n Crop Science. \u201cSe necesitan innovaciones revolucionarias para que los agricultores puedan producir suficientes alimentos para una poblaci\u00f3n mundial creciente y, al mismo tiempo, conservar los recursos naturales\u201d, agreg\u00f3.&nbsp;<\/p>\n\n\n\n<p>El a\u00f1o pasado, Bayer invirti\u00f3 2.300 millones de euros en I+D agr\u00edcola, m\u00e1s que ning\u00fan otro competidor del sector y se prev\u00e9 que, en los 10 pr\u00f3ximos a\u00f1os, la inversi\u00f3n acumulada supere los 25.000 millones de euros.<\/p>\n\n\n\n<p>Un ejemplo de esto \u00faltimo fue la instauraci\u00f3n de nuestro proyecto de Forward Farming en el Fundo Santa In\u00e9s en Calera de Tango. Tras un a\u00f1o de funcionamiento, este ha logrado ahorrar miles de litros de agua a trav\u00e9s de por ejemplo Phytobac, un innovador sistema de que permite limpiar el agua que se usa para lavar las m\u00e1quinas despu\u00e9s de realizar su trabajo. Tambi\u00e9n ha mejorado la eficiencia a trav\u00e9s de la instalaci\u00f3n de monitoreo del tiempo y del riego y el uso de im\u00e1genes satelitales para determinar el estado de los huertos durante la temporada.<\/p>\n\n\n\n<p>\u201cMuchas de las innovaciones de hoy son el resultado de las mejoras continuas y avances disruptivos que hemos logrado aplicando el poder de la inteligencia humana para impulsar el progreso cient\u00edfico en salud y nutrici\u00f3n y mejorar as\u00ed nuestro mundo\u201d, declar\u00f3 Bob Reiter, jefe de Investigaci\u00f3n y Desarrollo de la divisi\u00f3n Crop Science.<\/p>\n","protected":false},"excerpt":{"rendered":"<p>El a\u00f1o pasado, Bayer invirti\u00f3 2.300 millones de euros en I+D agr\u00edcola, m\u00e1s que ning\u00fan otro competidor del sector y se prev\u00e9 que, en los 10 pr\u00f3ximos a\u00f1os, la inversi\u00f3n&#8230;<\/p>\n","protected":false},"author":2,"featured_media":14462,"comment_status":"closed","ping_status":"closed","sticky":false,"template":"","format":"standard","meta":{"footnotes":""},"categories":[1945],"tags":[4124,3127,2060,4379],"class_list":["post-14461","post","type-post","status-publish","format-standard","has-post-thumbnail","hentry","category-agricultura","tag-agricola","tag-agro","tag-bayer","tag-proteccion-de-cultivos"],"yoast_head":"<!-- This site is optimized with the Yoast SEO plugin v26.6 - https:\/\/yoast.com\/wordpress\/plugins\/seo\/ -->\n<title>Bayer se compromete a reducir en un 30% el impacto ambiental de la protecci\u00f3n de cultivos - Mundoagropecuario<\/title>\n<meta name=\"robots\" content=\"index, follow, max-snippet:-1, max-image-preview:large, max-video-preview:-1\" \/>\n<link rel=\"canonical\" href=\"https:\/\/www.mundoagropecuario.cl\/new\/bayer-se-compromete-a-reducir-en-un-30-el-impacto-ambiental-de-la-proteccion-de-cultivos\/\" \/>\n<meta property=\"og:locale\" content=\"es_ES\" \/>\n<meta property=\"og:type\" content=\"article\" \/>\n<meta property=\"og:title\" content=\"Bayer se compromete a reducir en un 30% el impacto ambiental de la protecci\u00f3n de cultivos - Mundoagropecuario\" \/>\n<meta property=\"og:description\" content=\"El a\u00f1o pasado, Bayer invirti\u00f3 2.300 millones de euros en I+D agr\u00edcola, m\u00e1s que ning\u00fan otro competidor del sector y se prev\u00e9 que, en los 10 pr\u00f3ximos a\u00f1os, la inversi\u00f3n...\" \/>\n<meta property=\"og:url\" content=\"https:\/\/www.mundoagropecuario.cl\/new\/bayer-se-compromete-a-reducir-en-un-30-el-impacto-ambiental-de-la-proteccion-de-cultivos\/\" \/>\n<meta property=\"og:site_name\" content=\"Mundoagropecuario\" \/>\n<meta property=\"article:publisher\" content=\"https:\/\/www.facebook.com\/mundo.agropecuario.3\" \/>\n<meta property=\"article:published_time\" content=\"2019-10-17T04:00:53+00:00\" \/>\n<meta property=\"article:modified_time\" content=\"2019-10-18T14:23:51+00:00\" \/>\n<meta property=\"og:image\" content=\"https:\/\/www.mundoagropecuario.cl\/new\/wp-content\/uploads\/2019\/10\/BAYER.jpg\" \/>\n\t<meta property=\"og:image:width\" content=\"700\" \/>\n\t<meta property=\"og:image:height\" content=\"439\" \/>\n\t<meta property=\"og:image:type\" content=\"image\/jpeg\" \/>\n<meta name=\"author\" content=\"mundo\" \/>\n<meta name=\"twitter:card\" content=\"summary_large_image\" \/>\n<meta name=\"twitter:creator\" content=\"@MundoAgropecuar\" \/>\n<meta name=\"twitter:site\" content=\"@MundoAgropecuar\" \/>\n<meta name=\"twitter:label1\" content=\"Escrito por\" \/>\n\t<meta name=\"twitter:data1\" content=\"mundo\" \/>\n\t<meta name=\"twitter:label2\" content=\"Tiempo de lectura\" \/>\n\t<meta name=\"twitter:data2\" content=\"3 minutos\" \/>\n<script type=\"application\/ld+json\" class=\"yoast-schema-graph\">{\"@context\":\"https:\/\/schema.org\",\"@graph\":[{\"@type\":\"Article\",\"@id\":\"https:\/\/www.mundoagropecuario.cl\/new\/bayer-se-compromete-a-reducir-en-un-30-el-impacto-ambiental-de-la-proteccion-de-cultivos\/#article\",\"isPartOf\":{\"@id\":\"https:\/\/www.mundoagropecuario.cl\/new\/bayer-se-compromete-a-reducir-en-un-30-el-impacto-ambiental-de-la-proteccion-de-cultivos\/\"},\"author\":{\"name\":\"mundo\",\"@id\":\"https:\/\/www.mundoagropecuario.cl\/new\/#\/schema\/person\/4e9f74a82a7dac260eb1c44b7eebeb18\"},\"headline\":\"Bayer se compromete a reducir en un 30% el impacto ambiental de la protecci\u00f3n de cultivos\",\"datePublished\":\"2019-10-17T04:00:53+00:00\",\"dateModified\":\"2019-10-18T14:23:51+00:00\",\"mainEntityOfPage\":{\"@id\":\"https:\/\/www.mundoagropecuario.cl\/new\/bayer-se-compromete-a-reducir-en-un-30-el-impacto-ambiental-de-la-proteccion-de-cultivos\/\"},\"wordCount\":553,\"publisher\":{\"@id\":\"https:\/\/www.mundoagropecuario.cl\/new\/#organization\"},\"image\":{\"@id\":\"https:\/\/www.mundoagropecuario.cl\/new\/bayer-se-compromete-a-reducir-en-un-30-el-impacto-ambiental-de-la-proteccion-de-cultivos\/#primaryimage\"},\"thumbnailUrl\":\"https:\/\/www.mundoagropecuario.cl\/new\/wp-content\/uploads\/2019\/10\/BAYER.jpg\",\"keywords\":[\"agricola\",\"Agro\",\"Bayer\",\"protecci\u00f3n de cultivos\"],\"articleSection\":[\"Agricultura\"],\"inLanguage\":\"es\"},{\"@type\":\"WebPage\",\"@id\":\"https:\/\/www.mundoagropecuario.cl\/new\/bayer-se-compromete-a-reducir-en-un-30-el-impacto-ambiental-de-la-proteccion-de-cultivos\/\",\"url\":\"https:\/\/www.mundoagropecuario.cl\/new\/bayer-se-compromete-a-reducir-en-un-30-el-impacto-ambiental-de-la-proteccion-de-cultivos\/\",\"name\":\"Bayer se compromete a reducir en un 30% el impacto ambiental de la protecci\u00f3n de cultivos - Mundoagropecuario\",\"isPartOf\":{\"@id\":\"https:\/\/www.mundoagropecuario.cl\/new\/#website\"},\"primaryImageOfPage\":{\"@id\":\"https:\/\/www.mundoagropecuario.cl\/new\/bayer-se-compromete-a-reducir-en-un-30-el-impacto-ambiental-de-la-proteccion-de-cultivos\/#primaryimage\"},\"image\":{\"@id\":\"https:\/\/www.mundoagropecuario.cl\/new\/bayer-se-compromete-a-reducir-en-un-30-el-impacto-ambiental-de-la-proteccion-de-cultivos\/#primaryimage\"},\"thumbnailUrl\":\"https:\/\/www.mundoagropecuario.cl\/new\/wp-content\/uploads\/2019\/10\/BAYER.jpg\",\"datePublished\":\"2019-10-17T04:00:53+00:00\",\"dateModified\":\"2019-10-18T14:23:51+00:00\",\"breadcrumb\":{\"@id\":\"https:\/\/www.mundoagropecuario.cl\/new\/bayer-se-compromete-a-reducir-en-un-30-el-impacto-ambiental-de-la-proteccion-de-cultivos\/#breadcrumb\"},\"inLanguage\":\"es\",\"potentialAction\":[{\"@type\":\"ReadAction\",\"target\":[\"https:\/\/www.mundoagropecuario.cl\/new\/bayer-se-compromete-a-reducir-en-un-30-el-impacto-ambiental-de-la-proteccion-de-cultivos\/\"]}]},{\"@type\":\"ImageObject\",\"inLanguage\":\"es\",\"@id\":\"https:\/\/www.mundoagropecuario.cl\/new\/bayer-se-compromete-a-reducir-en-un-30-el-impacto-ambiental-de-la-proteccion-de-cultivos\/#primaryimage\",\"url\":\"https:\/\/www.mundoagropecuario.cl\/new\/wp-content\/uploads\/2019\/10\/BAYER.jpg\",\"contentUrl\":\"https:\/\/www.mundoagropecuario.cl\/new\/wp-content\/uploads\/2019\/10\/BAYER.jpg\",\"width\":700,\"height\":439},{\"@type\":\"BreadcrumbList\",\"@id\":\"https:\/\/www.mundoagropecuario.cl\/new\/bayer-se-compromete-a-reducir-en-un-30-el-impacto-ambiental-de-la-proteccion-de-cultivos\/#breadcrumb\",\"itemListElement\":[{\"@type\":\"ListItem\",\"position\":1,\"name\":\"Portada\",\"item\":\"https:\/\/www.mundoagropecuario.cl\/new\/\"},{\"@type\":\"ListItem\",\"position\":2,\"name\":\"Bayer se compromete a reducir en un 30% el impacto ambiental de la protecci\u00f3n de cultivos\"}]},{\"@type\":\"WebSite\",\"@id\":\"https:\/\/www.mundoagropecuario.cl\/new\/#website\",\"url\":\"https:\/\/www.mundoagropecuario.cl\/new\/\",\"name\":\"Mundoagropecuario\",\"description\":\"Mundo Agropecuario\",\"publisher\":{\"@id\":\"https:\/\/www.mundoagropecuario.cl\/new\/#organization\"},\"potentialAction\":[{\"@type\":\"SearchAction\",\"target\":{\"@type\":\"EntryPoint\",\"urlTemplate\":\"https:\/\/www.mundoagropecuario.cl\/new\/?s={search_term_string}\"},\"query-input\":{\"@type\":\"PropertyValueSpecification\",\"valueRequired\":true,\"valueName\":\"search_term_string\"}}],\"inLanguage\":\"es\"},{\"@type\":\"Organization\",\"@id\":\"https:\/\/www.mundoagropecuario.cl\/new\/#organization\",\"name\":\"Revista de Agricultura\",\"url\":\"https:\/\/www.mundoagropecuario.cl\/new\/\",\"logo\":{\"@type\":\"ImageObject\",\"inLanguage\":\"es\",\"@id\":\"https:\/\/www.mundoagropecuario.cl\/new\/#\/schema\/logo\/image\/\",\"url\":\"https:\/\/www.mundoagropecuario.cl\/new\/wp-content\/uploads\/2020\/11\/PORTAL-1-1.png\",\"contentUrl\":\"https:\/\/www.mundoagropecuario.cl\/new\/wp-content\/uploads\/2020\/11\/PORTAL-1-1.png\",\"width\":1026,\"height\":100,\"caption\":\"Revista de Agricultura\"},\"image\":{\"@id\":\"https:\/\/www.mundoagropecuario.cl\/new\/#\/schema\/logo\/image\/\"},\"sameAs\":[\"https:\/\/www.facebook.com\/mundo.agropecuario.3\",\"https:\/\/x.com\/MundoAgropecuar\",\"https:\/\/www.linkedin.com\/in\/mundo-agropecuario-934009201\/\"]},{\"@type\":\"Person\",\"@id\":\"https:\/\/www.mundoagropecuario.cl\/new\/#\/schema\/person\/4e9f74a82a7dac260eb1c44b7eebeb18\",\"name\":\"mundo\",\"url\":\"https:\/\/www.mundoagropecuario.cl\/new\/author\/mundo\/\"}]}<\/script>\n<!-- \/ Yoast SEO plugin. -->","yoast_head_json":{"title":"Bayer se compromete a reducir en un 30% el impacto ambiental de la protecci\u00f3n de cultivos - Mundoagropecuario","robots":{"index":"index","follow":"follow","max-snippet":"max-snippet:-1","max-image-preview":"max-image-preview:large","max-video-preview":"max-video-preview:-1"},"canonical":"https:\/\/www.mundoagropecuario.cl\/new\/bayer-se-compromete-a-reducir-en-un-30-el-impacto-ambiental-de-la-proteccion-de-cultivos\/","og_locale":"es_ES","og_type":"article","og_title":"Bayer se compromete a reducir en un 30% el impacto ambiental de la protecci\u00f3n de cultivos - Mundoagropecuario","og_description":"El a\u00f1o pasado, Bayer invirti\u00f3 2.300 millones de euros en I+D agr\u00edcola, m\u00e1s que ning\u00fan otro competidor del sector y se prev\u00e9 que, en los 10 pr\u00f3ximos a\u00f1os, la inversi\u00f3n...","og_url":"https:\/\/www.mundoagropecuario.cl\/new\/bayer-se-compromete-a-reducir-en-un-30-el-impacto-ambiental-de-la-proteccion-de-cultivos\/","og_site_name":"Mundoagropecuario","article_publisher":"https:\/\/www.facebook.com\/mundo.agropecuario.3","article_published_time":"2019-10-17T04:00:53+00:00","article_modified_time":"2019-10-18T14:23:51+00:00","og_image":[{"width":700,"height":439,"url":"https:\/\/www.mundoagropecuario.cl\/new\/wp-content\/uploads\/2019\/10\/BAYER.jpg","type":"image\/jpeg"}],"author":"mundo","twitter_card":"summary_large_image","twitter_creator":"@MundoAgropecuar","twitter_site":"@MundoAgropecuar","twitter_misc":{"Escrito por":"mundo","Tiempo de lectura":"3 minutos"},"schema":{"@context":"https:\/\/schema.org","@graph":[{"@type":"Article","@id":"https:\/\/www.mundoagropecuario.cl\/new\/bayer-se-compromete-a-reducir-en-un-30-el-impacto-ambiental-de-la-proteccion-de-cultivos\/#article","isPartOf":{"@id":"https:\/\/www.mundoagropecuario.cl\/new\/bayer-se-compromete-a-reducir-en-un-30-el-impacto-ambiental-de-la-proteccion-de-cultivos\/"},"author":{"name":"mundo","@id":"https:\/\/www.mundoagropecuario.cl\/new\/#\/schema\/person\/4e9f74a82a7dac260eb1c44b7eebeb18"},"headline":"Bayer se compromete a reducir en un 30% el impacto ambiental de la protecci\u00f3n de cultivos","datePublished":"2019-10-17T04:00:53+00:00","dateModified":"2019-10-18T14:23:51+00:00","mainEntityOfPage":{"@id":"https:\/\/www.mundoagropecuario.cl\/new\/bayer-se-compromete-a-reducir-en-un-30-el-impacto-ambiental-de-la-proteccion-de-cultivos\/"},"wordCount":553,"publisher":{"@id":"https:\/\/www.mundoagropecuario.cl\/new\/#organization"},"image":{"@id":"https:\/\/www.mundoagropecuario.cl\/new\/bayer-se-compromete-a-reducir-en-un-30-el-impacto-ambiental-de-la-proteccion-de-cultivos\/#primaryimage"},"thumbnailUrl":"https:\/\/www.mundoagropecuario.cl\/new\/wp-content\/uploads\/2019\/10\/BAYER.jpg","keywords":["agricola","Agro","Bayer","protecci\u00f3n de cultivos"],"articleSection":["Agricultura"],"inLanguage":"es"},{"@type":"WebPage","@id":"https:\/\/www.mundoagropecuario.cl\/new\/bayer-se-compromete-a-reducir-en-un-30-el-impacto-ambiental-de-la-proteccion-de-cultivos\/","url":"https:\/\/www.mundoagropecuario.cl\/new\/bayer-se-compromete-a-reducir-en-un-30-el-impacto-ambiental-de-la-proteccion-de-cultivos\/","name":"Bayer se compromete a reducir en un 30% el impacto ambiental de la protecci\u00f3n de cultivos - Mundoagropecuario","isPartOf":{"@id":"https:\/\/www.mundoagropecuario.cl\/new\/#website"},"primaryImageOfPage":{"@id":"https:\/\/www.mundoagropecuario.cl\/new\/bayer-se-compromete-a-reducir-en-un-30-el-impacto-ambiental-de-la-proteccion-de-cultivos\/#primaryimage"},"image":{"@id":"https:\/\/www.mundoagropecuario.cl\/new\/bayer-se-compromete-a-reducir-en-un-30-el-impacto-ambiental-de-la-proteccion-de-cultivos\/#primaryimage"},"thumbnailUrl":"https:\/\/www.mundoagropecuario.cl\/new\/wp-content\/uploads\/2019\/10\/BAYER.jpg","datePublished":"2019-10-17T04:00:53+00:00","dateModified":"2019-10-18T14:23:51+00:00","breadcrumb":{"@id":"https:\/\/www.mundoagropecuario.cl\/new\/bayer-se-compromete-a-reducir-en-un-30-el-impacto-ambiental-de-la-proteccion-de-cultivos\/#breadcrumb"},"inLanguage":"es","potentialAction":[{"@type":"ReadAction","target":["https:\/\/www.mundoagropecuario.cl\/new\/bayer-se-compromete-a-reducir-en-un-30-el-impacto-ambiental-de-la-proteccion-de-cultivos\/"]}]},{"@type":"ImageObject","inLanguage":"es","@id":"https:\/\/www.mundoagropecuario.cl\/new\/bayer-se-compromete-a-reducir-en-un-30-el-impacto-ambiental-de-la-proteccion-de-cultivos\/#primaryimage","url":"https:\/\/www.mundoagropecuario.cl\/new\/wp-content\/uploads\/2019\/10\/BAYER.jpg","contentUrl":"https:\/\/www.mundoagropecuario.cl\/new\/wp-content\/uploads\/2019\/10\/BAYER.jpg","width":700,"height":439},{"@type":"BreadcrumbList","@id":"https:\/\/www.mundoagropecuario.cl\/new\/bayer-se-compromete-a-reducir-en-un-30-el-impacto-ambiental-de-la-proteccion-de-cultivos\/#breadcrumb","itemListElement":[{"@type":"ListItem","position":1,"name":"Portada","item":"https:\/\/www.mundoagropecuario.cl\/new\/"},{"@type":"ListItem","position":2,"name":"Bayer se compromete a reducir en un 30% el impacto ambiental de la protecci\u00f3n de cultivos"}]},{"@type":"WebSite","@id":"https:\/\/www.mundoagropecuario.cl\/new\/#website","url":"https:\/\/www.mundoagropecuario.cl\/new\/","name":"Mundoagropecuario","description":"Mundo Agropecuario","publisher":{"@id":"https:\/\/www.mundoagropecuario.cl\/new\/#organization"},"potentialAction":[{"@type":"SearchAction","target":{"@type":"EntryPoint","urlTemplate":"https:\/\/www.mundoagropecuario.cl\/new\/?s={search_term_string}"},"query-input":{"@type":"PropertyValueSpecification","valueRequired":true,"valueName":"search_term_string"}}],"inLanguage":"es"},{"@type":"Organization","@id":"https:\/\/www.mundoagropecuario.cl\/new\/#organization","name":"Revista de Agricultura","url":"https:\/\/www.mundoagropecuario.cl\/new\/","logo":{"@type":"ImageObject","inLanguage":"es","@id":"https:\/\/www.mundoagropecuario.cl\/new\/#\/schema\/logo\/image\/","url":"https:\/\/www.mundoagropecuario.cl\/new\/wp-content\/uploads\/2020\/11\/PORTAL-1-1.png","contentUrl":"https:\/\/www.mundoagropecuario.cl\/new\/wp-content\/uploads\/2020\/11\/PORTAL-1-1.png","width":1026,"height":100,"caption":"Revista de Agricultura"},"image":{"@id":"https:\/\/www.mundoagropecuario.cl\/new\/#\/schema\/logo\/image\/"},"sameAs":["https:\/\/www.facebook.com\/mundo.agropecuario.3","https:\/\/x.com\/MundoAgropecuar","https:\/\/www.linkedin.com\/in\/mundo-agropecuario-934009201\/"]},{"@type":"Person","@id":"https:\/\/www.mundoagropecuario.cl\/new\/#\/schema\/person\/4e9f74a82a7dac260eb1c44b7eebeb18","name":"mundo","url":"https:\/\/www.mundoagropecuario.cl\/new\/author\/mundo\/"}]}},"_links":{"self":[{"href":"https:\/\/www.mundoagropecuario.cl\/new\/wp-json\/wp\/v2\/posts\/14461","targetHints":{"allow":["GET"]}}],"collection":[{"href":"https:\/\/www.mundoagropecuario.cl\/new\/wp-json\/wp\/v2\/posts"}],"about":[{"href":"https:\/\/www.mundoagropecuario.cl\/new\/wp-json\/wp\/v2\/types\/post"}],"author":[{"embeddable":true,"href":"https:\/\/www.mundoagropecuario.cl\/new\/wp-json\/wp\/v2\/users\/2"}],"replies":[{"embeddable":true,"href":"https:\/\/www.mundoagropecuario.cl\/new\/wp-json\/wp\/v2\/comments?post=14461"}],"version-history":[{"count":1,"href":"https:\/\/www.mundoagropecuario.cl\/new\/wp-json\/wp\/v2\/posts\/14461\/revisions"}],"predecessor-version":[{"id":14463,"href":"https:\/\/www.mundoagropecuario.cl\/new\/wp-json\/wp\/v2\/posts\/14461\/revisions\/14463"}],"wp:featuredmedia":[{"embeddable":true,"href":"https:\/\/www.mundoagropecuario.cl\/new\/wp-json\/wp\/v2\/media\/14462"}],"wp:attachment":[{"href":"https:\/\/www.mundoagropecuario.cl\/new\/wp-json\/wp\/v2\/media?parent=14461"}],"wp:term":[{"taxonomy":"category","embeddable":true,"href":"https:\/\/www.mundoagropecuario.cl\/new\/wp-json\/wp\/v2\/categories?post=14461"},{"taxonomy":"post_tag","embeddable":true,"href":"https:\/\/www.mundoagropecuario.cl\/new\/wp-json\/wp\/v2\/tags?post=14461"}],"curies":[{"name":"wp","href":"https:\/\/api.w.org\/{rel}","templated":true}]}}