{"id":14444,"date":"2019-10-16T01:00:57","date_gmt":"2019-10-16T04:00:57","guid":{"rendered":"http:\/\/www.mundoagropecuario.cl\/new\/?p=14444"},"modified":"2019-10-15T23:02:29","modified_gmt":"2019-10-16T02:02:29","slug":"mujeres-rurales-dialogaron-de-sus-derechos-en-acto-oficial-por-su-dia-internacional","status":"publish","type":"post","link":"https:\/\/www.mundoagropecuario.cl\/new\/mujeres-rurales-dialogaron-de-sus-derechos-en-acto-oficial-por-su-dia-internacional\/","title":{"rendered":"Mujeres rurales dialogaron de sus derechos en acto oficial por su d\u00eda Internacional"},"content":{"rendered":"\n<ul class=\"wp-block-gallery columns-0 is-cropped wp-block-gallery-1 is-layout-flex wp-block-gallery-is-layout-flex\"><\/ul>\n\n\n\n<p class=\"has-medium-font-size\"><em>Un homenaje a las mujeres rurales, con reconocimientos a destacadas productoras y dirigentas, y un conversatorio en que \u00e9stas contrastaron con las autoridades sus experiencias y desaf\u00edos en el d\u00eda Internacional de las Mujeres Rurales (Mundo Agropecuario).<\/em><\/p>\n\n\n\n<p>&nbsp;La actividad, realizada en dependencias de este servicio, la encabezaron el ministro de Agricultura, Antonio Walker, y la Ministra de la Mujer y Equidad de G\u00e9nero, Isabel Pl\u00e1, junto al director nacional de INDAP, Carlos Recondo, y la Mesa Nacional de la Mujer Rural.<\/p>\n\n\n\n<p>Recondo, en la apertura del encuentro, se\u00f1al\u00f3 la relevancia que tienen hoy las mujeres rurales en los proyectos campesinos con m\u00e1s de 70.000 de ellas como usuarias de este servicio, y enfatiz\u00f3 las m\u00faltiples herramientas destinadas a apoyarlas en las \u00e1reas de fomento productivo, espacios de comercializaci\u00f3n y acceso a recursos como el agua.<\/p>\n\n\n\n<figure class=\"wp-block-image\"><img loading=\"lazy\" decoding=\"async\" width=\"1024\" height=\"682\" src=\"https:\/\/www.mundoagropecuario.cl\/new\/wp-content\/uploads\/2019\/10\/IMG_6779-1024x682.jpg\" alt=\"\" class=\"wp-image-14446\" srcset=\"https:\/\/www.mundoagropecuario.cl\/new\/wp-content\/uploads\/2019\/10\/IMG_6779-1024x682.jpg 1024w, https:\/\/www.mundoagropecuario.cl\/new\/wp-content\/uploads\/2019\/10\/IMG_6779-586x390.jpg 586w, https:\/\/www.mundoagropecuario.cl\/new\/wp-content\/uploads\/2019\/10\/IMG_6779-768x512.jpg 768w, https:\/\/www.mundoagropecuario.cl\/new\/wp-content\/uploads\/2019\/10\/IMG_6779.jpg 601w\" sizes=\"auto, (max-width: 1024px) 100vw, 1024px\" \/><\/figure>\n\n\n\n<p>\u201cEste es el contexto en el cual hemos querido conmemorar y compartir en el D\u00eda Internacional de la Mujer Rural, aceptar esta interpelaci\u00f3n que nos hace las Naciones Unidas y poder contrastar con el esfuerzo para cumplir y avanzar en relevar el rol de las mujeres del mundo rural\u201d, apunt\u00f3.<\/p>\n\n\n\n<p>La autoridad se refiri\u00f3 as\u00ed a la \u201cDeclaraci\u00f3n de las Naciones Unidas sobre los Derechos de los Campesinos y de Otras Personas que Trabajan en las Zonas Rurales\u201d, firmada por Chile en 2018, que fue tema central del conversatorio que reuni\u00f3 a la directora nacional de Odepa, Maria Emilia Undurraga; la directora nacional (S) del SernamEG, Carolina Plaza; la directora ejecutiva de Prodemu, Paola Diez; y la presidenta de la Red Ap\u00edcola Nacional, Carol Acevedo.<\/p>\n\n\n\n<p>&nbsp;En el foro las presentaciones trataron sobre los compromisos ministeriales para asegurar esos derechos y el llamado de la representante de las mujeres rurales a reconocer que a\u00fan falta por avanzar en acciones en ese sentido y observar la realidad distinta entre las mujeres del campo y las mujeres de las ciudades para adaptar as\u00ed las pol\u00edticas p\u00fablicas.<\/p>\n\n\n\n<p>&nbsp;En la apertura de la jornada, la representante de la Mesa de la Mujer Rural,&nbsp;&nbsp;Camila Montecinos, destac\u00f3 la Declaraci\u00f3n sobre los Derechos de los Campesinos a la tierra, el agua, contra la violencia, a la protecci\u00f3n ambiental y a salarios justos, y llam\u00f3 a que \u201cque se resalte y reconozca siempre el papel que hemos cumplido en el campo\u201d.<\/p>\n\n\n\n<p>&nbsp;En el acto se entregaron reconocimientos a mujeres de distintos \u00e1mbitos que han aportado en el desarrollo de esos derechos, entre ellas las productoras Lily Soto G\u00f3mez y Mar\u00eda Soledad Bustamante; las dirigentes Ana Mar\u00eda Llao, Margarita Contreras Mu\u00f1oz, y Francisca Rodr\u00edguez Huerta, y las profesionales Liliana Barr\u00eda Iroum\u00e9, Ximena Vald\u00e9s Subercaseaux, y Ang\u00e9lica Willson Aedo.<\/p>\n","protected":false},"excerpt":{"rendered":"<p>Un homenaje a las mujeres rurales, con reconocimientos a destacadas productoras y dirigentas, y un conversatorio en que \u00e9stas contrastaron con las autoridades sus experiencias y desaf\u00edos en el d\u00eda&#8230;<\/p>\n","protected":false},"author":2,"featured_media":14445,"comment_status":"closed","ping_status":"closed","sticky":false,"template":"","format":"standard","meta":{"footnotes":""},"categories":[1945],"tags":[3127,1992,4190],"class_list":["post-14444","post","type-post","status-publish","format-standard","has-post-thumbnail","hentry","category-agricultura","tag-agro","tag-indap","tag-mujeres-rurales"],"yoast_head":"<!-- This site is optimized with the Yoast SEO plugin v26.6 - https:\/\/yoast.com\/wordpress\/plugins\/seo\/ -->\n<title>Mujeres rurales dialogaron de sus derechos en acto oficial por su d\u00eda Internacional - Mundoagropecuario<\/title>\n<meta name=\"robots\" content=\"index, follow, max-snippet:-1, max-image-preview:large, max-video-preview:-1\" \/>\n<link rel=\"canonical\" href=\"https:\/\/www.mundoagropecuario.cl\/new\/mujeres-rurales-dialogaron-de-sus-derechos-en-acto-oficial-por-su-dia-internacional\/\" \/>\n<meta property=\"og:locale\" content=\"es_ES\" \/>\n<meta property=\"og:type\" content=\"article\" \/>\n<meta property=\"og:title\" content=\"Mujeres rurales dialogaron de sus derechos en acto oficial por su d\u00eda Internacional - Mundoagropecuario\" \/>\n<meta property=\"og:description\" content=\"Un homenaje a las mujeres rurales, con reconocimientos a destacadas productoras y dirigentas, y un conversatorio en que \u00e9stas contrastaron con las autoridades sus experiencias y desaf\u00edos en el d\u00eda...\" \/>\n<meta property=\"og:url\" content=\"https:\/\/www.mundoagropecuario.cl\/new\/mujeres-rurales-dialogaron-de-sus-derechos-en-acto-oficial-por-su-dia-internacional\/\" \/>\n<meta property=\"og:site_name\" content=\"Mundoagropecuario\" \/>\n<meta property=\"article:publisher\" content=\"https:\/\/www.facebook.com\/mundo.agropecuario.3\" \/>\n<meta property=\"article:published_time\" content=\"2019-10-16T04:00:57+00:00\" \/>\n<meta property=\"og:image\" content=\"https:\/\/www.mundoagropecuario.cl\/new\/wp-content\/uploads\/2019\/10\/IMG_6732.jpg\" \/>\n\t<meta property=\"og:image:width\" content=\"1024\" \/>\n\t<meta property=\"og:image:height\" content=\"682\" \/>\n\t<meta property=\"og:image:type\" content=\"image\/jpeg\" \/>\n<meta name=\"author\" content=\"mundo\" \/>\n<meta name=\"twitter:card\" content=\"summary_large_image\" \/>\n<meta name=\"twitter:creator\" content=\"@MundoAgropecuar\" \/>\n<meta name=\"twitter:site\" content=\"@MundoAgropecuar\" \/>\n<meta name=\"twitter:label1\" content=\"Escrito por\" \/>\n\t<meta name=\"twitter:data1\" content=\"mundo\" \/>\n\t<meta name=\"twitter:label2\" content=\"Tiempo de lectura\" \/>\n\t<meta name=\"twitter:data2\" content=\"2 minutos\" \/>\n<script type=\"application\/ld+json\" class=\"yoast-schema-graph\">{\"@context\":\"https:\/\/schema.org\",\"@graph\":[{\"@type\":\"Article\",\"@id\":\"https:\/\/www.mundoagropecuario.cl\/new\/mujeres-rurales-dialogaron-de-sus-derechos-en-acto-oficial-por-su-dia-internacional\/#article\",\"isPartOf\":{\"@id\":\"https:\/\/www.mundoagropecuario.cl\/new\/mujeres-rurales-dialogaron-de-sus-derechos-en-acto-oficial-por-su-dia-internacional\/\"},\"author\":{\"name\":\"mundo\",\"@id\":\"https:\/\/www.mundoagropecuario.cl\/new\/#\/schema\/person\/4e9f74a82a7dac260eb1c44b7eebeb18\"},\"headline\":\"Mujeres rurales dialogaron de sus derechos en acto oficial por su d\u00eda Internacional\",\"datePublished\":\"2019-10-16T04:00:57+00:00\",\"mainEntityOfPage\":{\"@id\":\"https:\/\/www.mundoagropecuario.cl\/new\/mujeres-rurales-dialogaron-de-sus-derechos-en-acto-oficial-por-su-dia-internacional\/\"},\"wordCount\":476,\"publisher\":{\"@id\":\"https:\/\/www.mundoagropecuario.cl\/new\/#organization\"},\"image\":{\"@id\":\"https:\/\/www.mundoagropecuario.cl\/new\/mujeres-rurales-dialogaron-de-sus-derechos-en-acto-oficial-por-su-dia-internacional\/#primaryimage\"},\"thumbnailUrl\":\"https:\/\/www.mundoagropecuario.cl\/new\/wp-content\/uploads\/2019\/10\/IMG_6732.jpg\",\"keywords\":[\"Agro\",\"Indap\",\"Mujeres rurales\"],\"articleSection\":[\"Agricultura\"],\"inLanguage\":\"es\"},{\"@type\":\"WebPage\",\"@id\":\"https:\/\/www.mundoagropecuario.cl\/new\/mujeres-rurales-dialogaron-de-sus-derechos-en-acto-oficial-por-su-dia-internacional\/\",\"url\":\"https:\/\/www.mundoagropecuario.cl\/new\/mujeres-rurales-dialogaron-de-sus-derechos-en-acto-oficial-por-su-dia-internacional\/\",\"name\":\"Mujeres rurales dialogaron de sus derechos en acto oficial por su d\u00eda Internacional - Mundoagropecuario\",\"isPartOf\":{\"@id\":\"https:\/\/www.mundoagropecuario.cl\/new\/#website\"},\"primaryImageOfPage\":{\"@id\":\"https:\/\/www.mundoagropecuario.cl\/new\/mujeres-rurales-dialogaron-de-sus-derechos-en-acto-oficial-por-su-dia-internacional\/#primaryimage\"},\"image\":{\"@id\":\"https:\/\/www.mundoagropecuario.cl\/new\/mujeres-rurales-dialogaron-de-sus-derechos-en-acto-oficial-por-su-dia-internacional\/#primaryimage\"},\"thumbnailUrl\":\"https:\/\/www.mundoagropecuario.cl\/new\/wp-content\/uploads\/2019\/10\/IMG_6732.jpg\",\"datePublished\":\"2019-10-16T04:00:57+00:00\",\"breadcrumb\":{\"@id\":\"https:\/\/www.mundoagropecuario.cl\/new\/mujeres-rurales-dialogaron-de-sus-derechos-en-acto-oficial-por-su-dia-internacional\/#breadcrumb\"},\"inLanguage\":\"es\",\"potentialAction\":[{\"@type\":\"ReadAction\",\"target\":[\"https:\/\/www.mundoagropecuario.cl\/new\/mujeres-rurales-dialogaron-de-sus-derechos-en-acto-oficial-por-su-dia-internacional\/\"]}]},{\"@type\":\"ImageObject\",\"inLanguage\":\"es\",\"@id\":\"https:\/\/www.mundoagropecuario.cl\/new\/mujeres-rurales-dialogaron-de-sus-derechos-en-acto-oficial-por-su-dia-internacional\/#primaryimage\",\"url\":\"https:\/\/www.mundoagropecuario.cl\/new\/wp-content\/uploads\/2019\/10\/IMG_6732.jpg\",\"contentUrl\":\"https:\/\/www.mundoagropecuario.cl\/new\/wp-content\/uploads\/2019\/10\/IMG_6732.jpg\",\"width\":601,\"height\":400},{\"@type\":\"BreadcrumbList\",\"@id\":\"https:\/\/www.mundoagropecuario.cl\/new\/mujeres-rurales-dialogaron-de-sus-derechos-en-acto-oficial-por-su-dia-internacional\/#breadcrumb\",\"itemListElement\":[{\"@type\":\"ListItem\",\"position\":1,\"name\":\"Portada\",\"item\":\"https:\/\/www.mundoagropecuario.cl\/new\/\"},{\"@type\":\"ListItem\",\"position\":2,\"name\":\"Mujeres rurales dialogaron de sus derechos en acto oficial por su d\u00eda Internacional\"}]},{\"@type\":\"WebSite\",\"@id\":\"https:\/\/www.mundoagropecuario.cl\/new\/#website\",\"url\":\"https:\/\/www.mundoagropecuario.cl\/new\/\",\"name\":\"Mundoagropecuario\",\"description\":\"Mundo Agropecuario\",\"publisher\":{\"@id\":\"https:\/\/www.mundoagropecuario.cl\/new\/#organization\"},\"potentialAction\":[{\"@type\":\"SearchAction\",\"target\":{\"@type\":\"EntryPoint\",\"urlTemplate\":\"https:\/\/www.mundoagropecuario.cl\/new\/?s={search_term_string}\"},\"query-input\":{\"@type\":\"PropertyValueSpecification\",\"valueRequired\":true,\"valueName\":\"search_term_string\"}}],\"inLanguage\":\"es\"},{\"@type\":\"Organization\",\"@id\":\"https:\/\/www.mundoagropecuario.cl\/new\/#organization\",\"name\":\"Revista de Agricultura\",\"url\":\"https:\/\/www.mundoagropecuario.cl\/new\/\",\"logo\":{\"@type\":\"ImageObject\",\"inLanguage\":\"es\",\"@id\":\"https:\/\/www.mundoagropecuario.cl\/new\/#\/schema\/logo\/image\/\",\"url\":\"https:\/\/www.mundoagropecuario.cl\/new\/wp-content\/uploads\/2020\/11\/PORTAL-1-1.png\",\"contentUrl\":\"https:\/\/www.mundoagropecuario.cl\/new\/wp-content\/uploads\/2020\/11\/PORTAL-1-1.png\",\"width\":1026,\"height\":100,\"caption\":\"Revista de Agricultura\"},\"image\":{\"@id\":\"https:\/\/www.mundoagropecuario.cl\/new\/#\/schema\/logo\/image\/\"},\"sameAs\":[\"https:\/\/www.facebook.com\/mundo.agropecuario.3\",\"https:\/\/x.com\/MundoAgropecuar\",\"https:\/\/www.linkedin.com\/in\/mundo-agropecuario-934009201\/\"]},{\"@type\":\"Person\",\"@id\":\"https:\/\/www.mundoagropecuario.cl\/new\/#\/schema\/person\/4e9f74a82a7dac260eb1c44b7eebeb18\",\"name\":\"mundo\",\"url\":\"https:\/\/www.mundoagropecuario.cl\/new\/author\/mundo\/\"}]}<\/script>\n<!-- \/ Yoast SEO plugin. -->","yoast_head_json":{"title":"Mujeres rurales dialogaron de sus derechos en acto oficial por su d\u00eda Internacional - Mundoagropecuario","robots":{"index":"index","follow":"follow","max-snippet":"max-snippet:-1","max-image-preview":"max-image-preview:large","max-video-preview":"max-video-preview:-1"},"canonical":"https:\/\/www.mundoagropecuario.cl\/new\/mujeres-rurales-dialogaron-de-sus-derechos-en-acto-oficial-por-su-dia-internacional\/","og_locale":"es_ES","og_type":"article","og_title":"Mujeres rurales dialogaron de sus derechos en acto oficial por su d\u00eda Internacional - Mundoagropecuario","og_description":"Un homenaje a las mujeres rurales, con reconocimientos a destacadas productoras y dirigentas, y un conversatorio en que \u00e9stas contrastaron con las autoridades sus experiencias y desaf\u00edos en el d\u00eda...","og_url":"https:\/\/www.mundoagropecuario.cl\/new\/mujeres-rurales-dialogaron-de-sus-derechos-en-acto-oficial-por-su-dia-internacional\/","og_site_name":"Mundoagropecuario","article_publisher":"https:\/\/www.facebook.com\/mundo.agropecuario.3","article_published_time":"2019-10-16T04:00:57+00:00","og_image":[{"width":1024,"height":682,"url":"https:\/\/www.mundoagropecuario.cl\/new\/wp-content\/uploads\/2019\/10\/IMG_6732.jpg","type":"image\/jpeg"}],"author":"mundo","twitter_card":"summary_large_image","twitter_creator":"@MundoAgropecuar","twitter_site":"@MundoAgropecuar","twitter_misc":{"Escrito por":"mundo","Tiempo de lectura":"2 minutos"},"schema":{"@context":"https:\/\/schema.org","@graph":[{"@type":"Article","@id":"https:\/\/www.mundoagropecuario.cl\/new\/mujeres-rurales-dialogaron-de-sus-derechos-en-acto-oficial-por-su-dia-internacional\/#article","isPartOf":{"@id":"https:\/\/www.mundoagropecuario.cl\/new\/mujeres-rurales-dialogaron-de-sus-derechos-en-acto-oficial-por-su-dia-internacional\/"},"author":{"name":"mundo","@id":"https:\/\/www.mundoagropecuario.cl\/new\/#\/schema\/person\/4e9f74a82a7dac260eb1c44b7eebeb18"},"headline":"Mujeres rurales dialogaron de sus derechos en acto oficial por su d\u00eda Internacional","datePublished":"2019-10-16T04:00:57+00:00","mainEntityOfPage":{"@id":"https:\/\/www.mundoagropecuario.cl\/new\/mujeres-rurales-dialogaron-de-sus-derechos-en-acto-oficial-por-su-dia-internacional\/"},"wordCount":476,"publisher":{"@id":"https:\/\/www.mundoagropecuario.cl\/new\/#organization"},"image":{"@id":"https:\/\/www.mundoagropecuario.cl\/new\/mujeres-rurales-dialogaron-de-sus-derechos-en-acto-oficial-por-su-dia-internacional\/#primaryimage"},"thumbnailUrl":"https:\/\/www.mundoagropecuario.cl\/new\/wp-content\/uploads\/2019\/10\/IMG_6732.jpg","keywords":["Agro","Indap","Mujeres rurales"],"articleSection":["Agricultura"],"inLanguage":"es"},{"@type":"WebPage","@id":"https:\/\/www.mundoagropecuario.cl\/new\/mujeres-rurales-dialogaron-de-sus-derechos-en-acto-oficial-por-su-dia-internacional\/","url":"https:\/\/www.mundoagropecuario.cl\/new\/mujeres-rurales-dialogaron-de-sus-derechos-en-acto-oficial-por-su-dia-internacional\/","name":"Mujeres rurales dialogaron de sus derechos en acto oficial por su d\u00eda Internacional - Mundoagropecuario","isPartOf":{"@id":"https:\/\/www.mundoagropecuario.cl\/new\/#website"},"primaryImageOfPage":{"@id":"https:\/\/www.mundoagropecuario.cl\/new\/mujeres-rurales-dialogaron-de-sus-derechos-en-acto-oficial-por-su-dia-internacional\/#primaryimage"},"image":{"@id":"https:\/\/www.mundoagropecuario.cl\/new\/mujeres-rurales-dialogaron-de-sus-derechos-en-acto-oficial-por-su-dia-internacional\/#primaryimage"},"thumbnailUrl":"https:\/\/www.mundoagropecuario.cl\/new\/wp-content\/uploads\/2019\/10\/IMG_6732.jpg","datePublished":"2019-10-16T04:00:57+00:00","breadcrumb":{"@id":"https:\/\/www.mundoagropecuario.cl\/new\/mujeres-rurales-dialogaron-de-sus-derechos-en-acto-oficial-por-su-dia-internacional\/#breadcrumb"},"inLanguage":"es","potentialAction":[{"@type":"ReadAction","target":["https:\/\/www.mundoagropecuario.cl\/new\/mujeres-rurales-dialogaron-de-sus-derechos-en-acto-oficial-por-su-dia-internacional\/"]}]},{"@type":"ImageObject","inLanguage":"es","@id":"https:\/\/www.mundoagropecuario.cl\/new\/mujeres-rurales-dialogaron-de-sus-derechos-en-acto-oficial-por-su-dia-internacional\/#primaryimage","url":"https:\/\/www.mundoagropecuario.cl\/new\/wp-content\/uploads\/2019\/10\/IMG_6732.jpg","contentUrl":"https:\/\/www.mundoagropecuario.cl\/new\/wp-content\/uploads\/2019\/10\/IMG_6732.jpg","width":601,"height":400},{"@type":"BreadcrumbList","@id":"https:\/\/www.mundoagropecuario.cl\/new\/mujeres-rurales-dialogaron-de-sus-derechos-en-acto-oficial-por-su-dia-internacional\/#breadcrumb","itemListElement":[{"@type":"ListItem","position":1,"name":"Portada","item":"https:\/\/www.mundoagropecuario.cl\/new\/"},{"@type":"ListItem","position":2,"name":"Mujeres rurales dialogaron de sus derechos en acto oficial por su d\u00eda Internacional"}]},{"@type":"WebSite","@id":"https:\/\/www.mundoagropecuario.cl\/new\/#website","url":"https:\/\/www.mundoagropecuario.cl\/new\/","name":"Mundoagropecuario","description":"Mundo Agropecuario","publisher":{"@id":"https:\/\/www.mundoagropecuario.cl\/new\/#organization"},"potentialAction":[{"@type":"SearchAction","target":{"@type":"EntryPoint","urlTemplate":"https:\/\/www.mundoagropecuario.cl\/new\/?s={search_term_string}"},"query-input":{"@type":"PropertyValueSpecification","valueRequired":true,"valueName":"search_term_string"}}],"inLanguage":"es"},{"@type":"Organization","@id":"https:\/\/www.mundoagropecuario.cl\/new\/#organization","name":"Revista de Agricultura","url":"https:\/\/www.mundoagropecuario.cl\/new\/","logo":{"@type":"ImageObject","inLanguage":"es","@id":"https:\/\/www.mundoagropecuario.cl\/new\/#\/schema\/logo\/image\/","url":"https:\/\/www.mundoagropecuario.cl\/new\/wp-content\/uploads\/2020\/11\/PORTAL-1-1.png","contentUrl":"https:\/\/www.mundoagropecuario.cl\/new\/wp-content\/uploads\/2020\/11\/PORTAL-1-1.png","width":1026,"height":100,"caption":"Revista de Agricultura"},"image":{"@id":"https:\/\/www.mundoagropecuario.cl\/new\/#\/schema\/logo\/image\/"},"sameAs":["https:\/\/www.facebook.com\/mundo.agropecuario.3","https:\/\/x.com\/MundoAgropecuar","https:\/\/www.linkedin.com\/in\/mundo-agropecuario-934009201\/"]},{"@type":"Person","@id":"https:\/\/www.mundoagropecuario.cl\/new\/#\/schema\/person\/4e9f74a82a7dac260eb1c44b7eebeb18","name":"mundo","url":"https:\/\/www.mundoagropecuario.cl\/new\/author\/mundo\/"}]}},"_links":{"self":[{"href":"https:\/\/www.mundoagropecuario.cl\/new\/wp-json\/wp\/v2\/posts\/14444","targetHints":{"allow":["GET"]}}],"collection":[{"href":"https:\/\/www.mundoagropecuario.cl\/new\/wp-json\/wp\/v2\/posts"}],"about":[{"href":"https:\/\/www.mundoagropecuario.cl\/new\/wp-json\/wp\/v2\/types\/post"}],"author":[{"embeddable":true,"href":"https:\/\/www.mundoagropecuario.cl\/new\/wp-json\/wp\/v2\/users\/2"}],"replies":[{"embeddable":true,"href":"https:\/\/www.mundoagropecuario.cl\/new\/wp-json\/wp\/v2\/comments?post=14444"}],"version-history":[{"count":1,"href":"https:\/\/www.mundoagropecuario.cl\/new\/wp-json\/wp\/v2\/posts\/14444\/revisions"}],"predecessor-version":[{"id":14447,"href":"https:\/\/www.mundoagropecuario.cl\/new\/wp-json\/wp\/v2\/posts\/14444\/revisions\/14447"}],"wp:featuredmedia":[{"embeddable":true,"href":"https:\/\/www.mundoagropecuario.cl\/new\/wp-json\/wp\/v2\/media\/14445"}],"wp:attachment":[{"href":"https:\/\/www.mundoagropecuario.cl\/new\/wp-json\/wp\/v2\/media?parent=14444"}],"wp:term":[{"taxonomy":"category","embeddable":true,"href":"https:\/\/www.mundoagropecuario.cl\/new\/wp-json\/wp\/v2\/categories?post=14444"},{"taxonomy":"post_tag","embeddable":true,"href":"https:\/\/www.mundoagropecuario.cl\/new\/wp-json\/wp\/v2\/tags?post=14444"}],"curies":[{"name":"wp","href":"https:\/\/api.w.org\/{rel}","templated":true}]}}