{"id":14436,"date":"2019-10-16T01:00:02","date_gmt":"2019-10-16T04:00:02","guid":{"rendered":"http:\/\/www.mundoagropecuario.cl\/new\/?p=14436"},"modified":"2019-10-17T10:33:37","modified_gmt":"2019-10-17T13:33:37","slug":"209-mil-toneladas-de-cerezas-seran-exportadas-esta-temporada","status":"publish","type":"post","link":"https:\/\/www.mundoagropecuario.cl\/new\/209-mil-toneladas-de-cerezas-seran-exportadas-esta-temporada\/","title":{"rendered":"209 mil toneladas de cerezas ser\u00e1n exportadas esta temporada"},"content":{"rendered":"\n<ul class=\"wp-block-gallery columns-0 is-cropped wp-block-gallery-1 is-layout-flex wp-block-gallery-is-layout-flex\"><\/ul>\n\n\n\n<p class=\"has-medium-font-size\"><em>El Comit\u00e9 de Cerezas de ASOEX, destac\u00f3 que la cifra marcar\u00eda un incremento de 16,1% respecto a los env\u00edos de cerezas chilenas del ejercicio anterior (Mundo Agropecuario). <\/em><\/p>\n\n\n\n<p>La industria de las cerezas chilenas sigue creciendo, y potenciando la posici\u00f3n de Chile como principal proveedor de estas dulces y rojas frutas&nbsp;&nbsp;en el mundo, y en especial de China.<\/p>\n\n\n\n<p>De acuerdo a la primera estimaci\u00f3n para la temporada 2019-2020 entregada por el Comit\u00e9 de Cerezas de ASOEX;&nbsp;&nbsp;y que refleja los datos del 75% de la industria de cerezas de Chile,&nbsp;&nbsp;las exportaciones de cerezas chilenas alcanzar\u00edan las 41.849.430 cajas (5 kilos),&nbsp;&nbsp;equivalentes a&nbsp;&nbsp;209 mil toneladas, volumen que ser\u00eda un 16,1% superior al ejercicio&nbsp;&nbsp;2018-2019.<\/p>\n\n\n\n<figure class=\"wp-block-image\"><img loading=\"lazy\" decoding=\"async\" width=\"553\" height=\"400\" src=\"https:\/\/www.mundoagropecuario.cl\/new\/wp-content\/uploads\/2019\/03\/cerezas-aysen.jpg\" alt=\"\" class=\"wp-image-11075\" srcset=\"https:\/\/www.mundoagropecuario.cl\/new\/wp-content\/uploads\/2019\/03\/cerezas-aysen.jpg 553w, https:\/\/www.mundoagropecuario.cl\/new\/wp-content\/uploads\/2019\/03\/cerezas-aysen-586x424.jpg 586w, https:\/\/www.mundoagropecuario.cl\/new\/wp-content\/uploads\/2019\/03\/cerezas-aysen-768x555.jpg 768w\" sizes=\"auto, (max-width: 553px) 100vw, 553px\" \/><\/figure>\n\n\n\n<p>El peak de los env\u00edos estar\u00eda previsto para las semanas 50 y 51, donde las exportaciones superar\u00edan los 8 millones de cajas en cada semana. Mientras que el comienzo de las exportaciones, son estimadas para la 42 con un volumen de 1.066 de cajas, periodo de inicio que coincide con la campa\u00f1a 2018-2019.<\/p>\n\n\n\n<p>En cuanto a mercados, es importante precisar que durante 2018-2019, el 92,3% del total de las exportaciones chilenas de cereza tuvo como destino Asia, con China recibiendo el 95% del volumen enviado a los mercados asi\u00e1ticos,&nbsp;&nbsp;y el 88% de lo enviado al mundo, situaci\u00f3n que no&nbsp;&nbsp;ser\u00eda diferente esta temporada.<\/p>\n\n\n\n<p>\u201cNuestra producci\u00f3n y exportaci\u00f3n de cerezas est\u00e1 mostrando un crecimiento importante, y para el cual nos hemos estado&nbsp;&nbsp;preparando de diferentes maneras; por ejemplo, a trav\u00e9s de acciones de promoci\u00f3n que permitan impulsar un mayor consumo. China es el principal mercado de destino de nuestras cerezas, y un mercado creciente, en general, para nuestras exportaciones de frutas\u201d, precis\u00f3 Ronald Bown, Presidente de ASOEX.<\/p>\n\n\n\n<p><strong>Mayor preparaci\u00f3n y Mejor calidad de fruta<\/strong><\/p>\n\n\n\n<p>Si bien hay algunos desaf\u00edos que se prepara a enfrentar la industria de las cerezas de Chile, el sector se\u00f1ala estar preparado para asumirlos adecuadamente. Por un lado est\u00e1 el hecho que esta temporada habr\u00e1 un mayor volumen de fruta que manejar, y&nbsp;&nbsp;por otro,&nbsp;&nbsp;el Nuevo A\u00f1o Chino se celebra el 25 de enero de 2020, lo que es bastante adelantado a la campa\u00f1a anterior (5 de febrero).<\/p>\n\n\n\n<p>\u201cHay un incremento sostenido de las l\u00edneas de embalajes entre 10 y 15 por ciento, el \u00faltimo a\u00f1o, lo cual demuestra que la industria est\u00e1 m\u00e1s preparada que hace 2 a\u00f1os para manejar los vol\u00famenes crecientes de cerezas.&nbsp;&nbsp;Asimismo, hay mayor disponibilidad de barcos r\u00e1pidos;&nbsp;&nbsp;hay tres consorcios navieros participando. Adem\u00e1s, nuevamente este servicio r\u00e1pido estar\u00e1 disponible hasta despu\u00e9s de la temporada de cerezas, hasta fines de abril, lo cual, ratifica que los barcos r\u00e1pidos llegaron para quedarse, durante&nbsp;&nbsp;toda la temporada\u201d, precis\u00f3 Cristi\u00e1n Tagle, Presidente del Comit\u00e9 de Cerezas de ASOEX.<\/p>\n\n\n\n<p>En este sentido,&nbsp;&nbsp;Tagle agreg\u00f3 que lo central&nbsp;&nbsp;de esta campa\u00f1a ser\u00e1&nbsp;&nbsp;\u201csostener la calidad que las cerezas chilenas mostraron la campa\u00f1a pasada . As\u00ed como tambi\u00e9n seguir impulsando todos los valores de la marca \u00b4Cherries from Chile\u00b4 y como consecuencia de ello , aumentar el volumen de consumo de las cerezas chilenas, antes, durante y despu\u00e9s del A\u00f1o Nuevo Chino\u201d.<\/p>\n\n\n\n<p>Ignacio Caballero, director de marketing de ASOEX destac\u00f3: \u201cMantendremos la campa\u00f1a de promoci\u00f3n de 5 millones de d\u00f3lares para apoyar el consumo de mayores vol\u00famenes de exportaci\u00f3n de cerezas. Si&nbsp;&nbsp;bien el foco de la campa\u00f1a estar\u00e1 en China, tambi\u00e9n haremos acciones en otros mercados. Llevaremos a cabo un mix de actividades entre las que destacan degustaciones y exhibiciones en puntos de venta, mercados mayoristas,&nbsp;&nbsp;concursos y promociones a trav\u00e9s de&nbsp;&nbsp;redes sociales, especialmente Wechat, as\u00ed como actividades creativas que por ahora no podemos adelantar, para que verdaderamente resulten una sorpresa, como lo fue el R\u00e9cord Guinness alcanzando la temporada pasada, al construir la l\u00ednea de frutas m\u00e1s larga del mundo, con 24.638 cerezas en una hilera de 596,5 metros\u201d.<\/p>\n","protected":false},"excerpt":{"rendered":"<p>El Comit\u00e9 de Cerezas de ASOEX, destac\u00f3 que la cifra marcar\u00eda un incremento de 16,1% respecto a los env\u00edos de cerezas chilenas del ejercicio anterior (Mundo Agropecuario). La industria de&#8230;<\/p>\n","protected":false},"author":2,"featured_media":7295,"comment_status":"closed","ping_status":"closed","sticky":false,"template":"","format":"standard","meta":{"footnotes":""},"categories":[1986],"tags":[4373,3127,2177,2308,2245],"class_list":["post-14436","post","type-post","status-publish","format-standard","has-post-thumbnail","hentry","category-frutas","tag-agrcultura","tag-agro","tag-asoex","tag-cerezas","tag-frutas"],"yoast_head":"<!-- This site is optimized with the Yoast SEO plugin v26.6 - https:\/\/yoast.com\/wordpress\/plugins\/seo\/ -->\n<title>209 mil toneladas de cerezas ser\u00e1n exportadas esta temporada - Mundoagropecuario<\/title>\n<meta name=\"robots\" content=\"index, follow, max-snippet:-1, max-image-preview:large, max-video-preview:-1\" \/>\n<link rel=\"canonical\" href=\"https:\/\/www.mundoagropecuario.cl\/new\/209-mil-toneladas-de-cerezas-seran-exportadas-esta-temporada\/\" \/>\n<meta property=\"og:locale\" content=\"es_ES\" \/>\n<meta property=\"og:type\" content=\"article\" \/>\n<meta property=\"og:title\" content=\"209 mil toneladas de cerezas ser\u00e1n exportadas esta temporada - Mundoagropecuario\" \/>\n<meta property=\"og:description\" content=\"El Comit\u00e9 de Cerezas de ASOEX, destac\u00f3 que la cifra marcar\u00eda un incremento de 16,1% respecto a los env\u00edos de cerezas chilenas del ejercicio anterior (Mundo Agropecuario). La industria de...\" \/>\n<meta property=\"og:url\" content=\"https:\/\/www.mundoagropecuario.cl\/new\/209-mil-toneladas-de-cerezas-seran-exportadas-esta-temporada\/\" \/>\n<meta property=\"og:site_name\" content=\"Mundoagropecuario\" \/>\n<meta property=\"article:publisher\" content=\"https:\/\/www.facebook.com\/mundo.agropecuario.3\" \/>\n<meta property=\"article:published_time\" content=\"2019-10-16T04:00:02+00:00\" \/>\n<meta property=\"article:modified_time\" content=\"2019-10-17T13:33:37+00:00\" \/>\n<meta property=\"og:image\" content=\"https:\/\/www.mundoagropecuario.cl\/new\/wp-content\/uploads\/2018\/06\/cerezas2-1024x648.jpg\" \/>\n\t<meta property=\"og:image:width\" content=\"1000\" \/>\n\t<meta property=\"og:image:height\" content=\"632\" \/>\n\t<meta property=\"og:image:type\" content=\"image\/jpeg\" \/>\n<meta name=\"author\" content=\"mundo\" \/>\n<meta name=\"twitter:card\" content=\"summary_large_image\" \/>\n<meta name=\"twitter:creator\" content=\"@MundoAgropecuar\" \/>\n<meta name=\"twitter:site\" content=\"@MundoAgropecuar\" \/>\n<meta name=\"twitter:label1\" content=\"Escrito por\" \/>\n\t<meta name=\"twitter:data1\" content=\"mundo\" \/>\n\t<meta name=\"twitter:label2\" content=\"Tiempo de lectura\" \/>\n\t<meta name=\"twitter:data2\" content=\"3 minutos\" \/>\n<script type=\"application\/ld+json\" class=\"yoast-schema-graph\">{\"@context\":\"https:\/\/schema.org\",\"@graph\":[{\"@type\":\"Article\",\"@id\":\"https:\/\/www.mundoagropecuario.cl\/new\/209-mil-toneladas-de-cerezas-seran-exportadas-esta-temporada\/#article\",\"isPartOf\":{\"@id\":\"https:\/\/www.mundoagropecuario.cl\/new\/209-mil-toneladas-de-cerezas-seran-exportadas-esta-temporada\/\"},\"author\":{\"name\":\"mundo\",\"@id\":\"https:\/\/www.mundoagropecuario.cl\/new\/#\/schema\/person\/4e9f74a82a7dac260eb1c44b7eebeb18\"},\"headline\":\"209 mil toneladas de cerezas ser\u00e1n exportadas esta temporada\",\"datePublished\":\"2019-10-16T04:00:02+00:00\",\"dateModified\":\"2019-10-17T13:33:37+00:00\",\"mainEntityOfPage\":{\"@id\":\"https:\/\/www.mundoagropecuario.cl\/new\/209-mil-toneladas-de-cerezas-seran-exportadas-esta-temporada\/\"},\"wordCount\":704,\"publisher\":{\"@id\":\"https:\/\/www.mundoagropecuario.cl\/new\/#organization\"},\"image\":{\"@id\":\"https:\/\/www.mundoagropecuario.cl\/new\/209-mil-toneladas-de-cerezas-seran-exportadas-esta-temporada\/#primaryimage\"},\"thumbnailUrl\":\"https:\/\/www.mundoagropecuario.cl\/new\/wp-content\/uploads\/2018\/06\/cerezas2-1024x648.jpg\",\"keywords\":[\"Agrcultura\",\"Agro\",\"Asoex\",\"Cerezas\",\"Frutas\"],\"articleSection\":[\"Frutas\"],\"inLanguage\":\"es\"},{\"@type\":\"WebPage\",\"@id\":\"https:\/\/www.mundoagropecuario.cl\/new\/209-mil-toneladas-de-cerezas-seran-exportadas-esta-temporada\/\",\"url\":\"https:\/\/www.mundoagropecuario.cl\/new\/209-mil-toneladas-de-cerezas-seran-exportadas-esta-temporada\/\",\"name\":\"209 mil toneladas de cerezas ser\u00e1n exportadas esta temporada - Mundoagropecuario\",\"isPartOf\":{\"@id\":\"https:\/\/www.mundoagropecuario.cl\/new\/#website\"},\"primaryImageOfPage\":{\"@id\":\"https:\/\/www.mundoagropecuario.cl\/new\/209-mil-toneladas-de-cerezas-seran-exportadas-esta-temporada\/#primaryimage\"},\"image\":{\"@id\":\"https:\/\/www.mundoagropecuario.cl\/new\/209-mil-toneladas-de-cerezas-seran-exportadas-esta-temporada\/#primaryimage\"},\"thumbnailUrl\":\"https:\/\/www.mundoagropecuario.cl\/new\/wp-content\/uploads\/2018\/06\/cerezas2-1024x648.jpg\",\"datePublished\":\"2019-10-16T04:00:02+00:00\",\"dateModified\":\"2019-10-17T13:33:37+00:00\",\"breadcrumb\":{\"@id\":\"https:\/\/www.mundoagropecuario.cl\/new\/209-mil-toneladas-de-cerezas-seran-exportadas-esta-temporada\/#breadcrumb\"},\"inLanguage\":\"es\",\"potentialAction\":[{\"@type\":\"ReadAction\",\"target\":[\"https:\/\/www.mundoagropecuario.cl\/new\/209-mil-toneladas-de-cerezas-seran-exportadas-esta-temporada\/\"]}]},{\"@type\":\"ImageObject\",\"inLanguage\":\"es\",\"@id\":\"https:\/\/www.mundoagropecuario.cl\/new\/209-mil-toneladas-de-cerezas-seran-exportadas-esta-temporada\/#primaryimage\",\"url\":\"https:\/\/www.mundoagropecuario.cl\/new\/wp-content\/uploads\/2018\/06\/cerezas2-1024x648.jpg\",\"contentUrl\":\"https:\/\/www.mundoagropecuario.cl\/new\/wp-content\/uploads\/2018\/06\/cerezas2-1024x648.jpg\",\"width\":633,\"height\":400},{\"@type\":\"BreadcrumbList\",\"@id\":\"https:\/\/www.mundoagropecuario.cl\/new\/209-mil-toneladas-de-cerezas-seran-exportadas-esta-temporada\/#breadcrumb\",\"itemListElement\":[{\"@type\":\"ListItem\",\"position\":1,\"name\":\"Portada\",\"item\":\"https:\/\/www.mundoagropecuario.cl\/new\/\"},{\"@type\":\"ListItem\",\"position\":2,\"name\":\"209 mil toneladas de cerezas ser\u00e1n exportadas esta temporada\"}]},{\"@type\":\"WebSite\",\"@id\":\"https:\/\/www.mundoagropecuario.cl\/new\/#website\",\"url\":\"https:\/\/www.mundoagropecuario.cl\/new\/\",\"name\":\"Mundoagropecuario\",\"description\":\"Mundo Agropecuario\",\"publisher\":{\"@id\":\"https:\/\/www.mundoagropecuario.cl\/new\/#organization\"},\"potentialAction\":[{\"@type\":\"SearchAction\",\"target\":{\"@type\":\"EntryPoint\",\"urlTemplate\":\"https:\/\/www.mundoagropecuario.cl\/new\/?s={search_term_string}\"},\"query-input\":{\"@type\":\"PropertyValueSpecification\",\"valueRequired\":true,\"valueName\":\"search_term_string\"}}],\"inLanguage\":\"es\"},{\"@type\":\"Organization\",\"@id\":\"https:\/\/www.mundoagropecuario.cl\/new\/#organization\",\"name\":\"Revista de Agricultura\",\"url\":\"https:\/\/www.mundoagropecuario.cl\/new\/\",\"logo\":{\"@type\":\"ImageObject\",\"inLanguage\":\"es\",\"@id\":\"https:\/\/www.mundoagropecuario.cl\/new\/#\/schema\/logo\/image\/\",\"url\":\"https:\/\/www.mundoagropecuario.cl\/new\/wp-content\/uploads\/2020\/11\/PORTAL-1-1.png\",\"contentUrl\":\"https:\/\/www.mundoagropecuario.cl\/new\/wp-content\/uploads\/2020\/11\/PORTAL-1-1.png\",\"width\":1026,\"height\":100,\"caption\":\"Revista de Agricultura\"},\"image\":{\"@id\":\"https:\/\/www.mundoagropecuario.cl\/new\/#\/schema\/logo\/image\/\"},\"sameAs\":[\"https:\/\/www.facebook.com\/mundo.agropecuario.3\",\"https:\/\/x.com\/MundoAgropecuar\",\"https:\/\/www.linkedin.com\/in\/mundo-agropecuario-934009201\/\"]},{\"@type\":\"Person\",\"@id\":\"https:\/\/www.mundoagropecuario.cl\/new\/#\/schema\/person\/4e9f74a82a7dac260eb1c44b7eebeb18\",\"name\":\"mundo\",\"url\":\"https:\/\/www.mundoagropecuario.cl\/new\/author\/mundo\/\"}]}<\/script>\n<!-- \/ Yoast SEO plugin. -->","yoast_head_json":{"title":"209 mil toneladas de cerezas ser\u00e1n exportadas esta temporada - Mundoagropecuario","robots":{"index":"index","follow":"follow","max-snippet":"max-snippet:-1","max-image-preview":"max-image-preview:large","max-video-preview":"max-video-preview:-1"},"canonical":"https:\/\/www.mundoagropecuario.cl\/new\/209-mil-toneladas-de-cerezas-seran-exportadas-esta-temporada\/","og_locale":"es_ES","og_type":"article","og_title":"209 mil toneladas de cerezas ser\u00e1n exportadas esta temporada - Mundoagropecuario","og_description":"El Comit\u00e9 de Cerezas de ASOEX, destac\u00f3 que la cifra marcar\u00eda un incremento de 16,1% respecto a los env\u00edos de cerezas chilenas del ejercicio anterior (Mundo Agropecuario). La industria de...","og_url":"https:\/\/www.mundoagropecuario.cl\/new\/209-mil-toneladas-de-cerezas-seran-exportadas-esta-temporada\/","og_site_name":"Mundoagropecuario","article_publisher":"https:\/\/www.facebook.com\/mundo.agropecuario.3","article_published_time":"2019-10-16T04:00:02+00:00","article_modified_time":"2019-10-17T13:33:37+00:00","og_image":[{"width":1000,"height":632,"url":"https:\/\/www.mundoagropecuario.cl\/new\/wp-content\/uploads\/2018\/06\/cerezas2-1024x648.jpg","type":"image\/jpeg"}],"author":"mundo","twitter_card":"summary_large_image","twitter_creator":"@MundoAgropecuar","twitter_site":"@MundoAgropecuar","twitter_misc":{"Escrito por":"mundo","Tiempo de lectura":"3 minutos"},"schema":{"@context":"https:\/\/schema.org","@graph":[{"@type":"Article","@id":"https:\/\/www.mundoagropecuario.cl\/new\/209-mil-toneladas-de-cerezas-seran-exportadas-esta-temporada\/#article","isPartOf":{"@id":"https:\/\/www.mundoagropecuario.cl\/new\/209-mil-toneladas-de-cerezas-seran-exportadas-esta-temporada\/"},"author":{"name":"mundo","@id":"https:\/\/www.mundoagropecuario.cl\/new\/#\/schema\/person\/4e9f74a82a7dac260eb1c44b7eebeb18"},"headline":"209 mil toneladas de cerezas ser\u00e1n exportadas esta temporada","datePublished":"2019-10-16T04:00:02+00:00","dateModified":"2019-10-17T13:33:37+00:00","mainEntityOfPage":{"@id":"https:\/\/www.mundoagropecuario.cl\/new\/209-mil-toneladas-de-cerezas-seran-exportadas-esta-temporada\/"},"wordCount":704,"publisher":{"@id":"https:\/\/www.mundoagropecuario.cl\/new\/#organization"},"image":{"@id":"https:\/\/www.mundoagropecuario.cl\/new\/209-mil-toneladas-de-cerezas-seran-exportadas-esta-temporada\/#primaryimage"},"thumbnailUrl":"https:\/\/www.mundoagropecuario.cl\/new\/wp-content\/uploads\/2018\/06\/cerezas2-1024x648.jpg","keywords":["Agrcultura","Agro","Asoex","Cerezas","Frutas"],"articleSection":["Frutas"],"inLanguage":"es"},{"@type":"WebPage","@id":"https:\/\/www.mundoagropecuario.cl\/new\/209-mil-toneladas-de-cerezas-seran-exportadas-esta-temporada\/","url":"https:\/\/www.mundoagropecuario.cl\/new\/209-mil-toneladas-de-cerezas-seran-exportadas-esta-temporada\/","name":"209 mil toneladas de cerezas ser\u00e1n exportadas esta temporada - Mundoagropecuario","isPartOf":{"@id":"https:\/\/www.mundoagropecuario.cl\/new\/#website"},"primaryImageOfPage":{"@id":"https:\/\/www.mundoagropecuario.cl\/new\/209-mil-toneladas-de-cerezas-seran-exportadas-esta-temporada\/#primaryimage"},"image":{"@id":"https:\/\/www.mundoagropecuario.cl\/new\/209-mil-toneladas-de-cerezas-seran-exportadas-esta-temporada\/#primaryimage"},"thumbnailUrl":"https:\/\/www.mundoagropecuario.cl\/new\/wp-content\/uploads\/2018\/06\/cerezas2-1024x648.jpg","datePublished":"2019-10-16T04:00:02+00:00","dateModified":"2019-10-17T13:33:37+00:00","breadcrumb":{"@id":"https:\/\/www.mundoagropecuario.cl\/new\/209-mil-toneladas-de-cerezas-seran-exportadas-esta-temporada\/#breadcrumb"},"inLanguage":"es","potentialAction":[{"@type":"ReadAction","target":["https:\/\/www.mundoagropecuario.cl\/new\/209-mil-toneladas-de-cerezas-seran-exportadas-esta-temporada\/"]}]},{"@type":"ImageObject","inLanguage":"es","@id":"https:\/\/www.mundoagropecuario.cl\/new\/209-mil-toneladas-de-cerezas-seran-exportadas-esta-temporada\/#primaryimage","url":"https:\/\/www.mundoagropecuario.cl\/new\/wp-content\/uploads\/2018\/06\/cerezas2-1024x648.jpg","contentUrl":"https:\/\/www.mundoagropecuario.cl\/new\/wp-content\/uploads\/2018\/06\/cerezas2-1024x648.jpg","width":633,"height":400},{"@type":"BreadcrumbList","@id":"https:\/\/www.mundoagropecuario.cl\/new\/209-mil-toneladas-de-cerezas-seran-exportadas-esta-temporada\/#breadcrumb","itemListElement":[{"@type":"ListItem","position":1,"name":"Portada","item":"https:\/\/www.mundoagropecuario.cl\/new\/"},{"@type":"ListItem","position":2,"name":"209 mil toneladas de cerezas ser\u00e1n exportadas esta temporada"}]},{"@type":"WebSite","@id":"https:\/\/www.mundoagropecuario.cl\/new\/#website","url":"https:\/\/www.mundoagropecuario.cl\/new\/","name":"Mundoagropecuario","description":"Mundo Agropecuario","publisher":{"@id":"https:\/\/www.mundoagropecuario.cl\/new\/#organization"},"potentialAction":[{"@type":"SearchAction","target":{"@type":"EntryPoint","urlTemplate":"https:\/\/www.mundoagropecuario.cl\/new\/?s={search_term_string}"},"query-input":{"@type":"PropertyValueSpecification","valueRequired":true,"valueName":"search_term_string"}}],"inLanguage":"es"},{"@type":"Organization","@id":"https:\/\/www.mundoagropecuario.cl\/new\/#organization","name":"Revista de Agricultura","url":"https:\/\/www.mundoagropecuario.cl\/new\/","logo":{"@type":"ImageObject","inLanguage":"es","@id":"https:\/\/www.mundoagropecuario.cl\/new\/#\/schema\/logo\/image\/","url":"https:\/\/www.mundoagropecuario.cl\/new\/wp-content\/uploads\/2020\/11\/PORTAL-1-1.png","contentUrl":"https:\/\/www.mundoagropecuario.cl\/new\/wp-content\/uploads\/2020\/11\/PORTAL-1-1.png","width":1026,"height":100,"caption":"Revista de Agricultura"},"image":{"@id":"https:\/\/www.mundoagropecuario.cl\/new\/#\/schema\/logo\/image\/"},"sameAs":["https:\/\/www.facebook.com\/mundo.agropecuario.3","https:\/\/x.com\/MundoAgropecuar","https:\/\/www.linkedin.com\/in\/mundo-agropecuario-934009201\/"]},{"@type":"Person","@id":"https:\/\/www.mundoagropecuario.cl\/new\/#\/schema\/person\/4e9f74a82a7dac260eb1c44b7eebeb18","name":"mundo","url":"https:\/\/www.mundoagropecuario.cl\/new\/author\/mundo\/"}]}},"_links":{"self":[{"href":"https:\/\/www.mundoagropecuario.cl\/new\/wp-json\/wp\/v2\/posts\/14436","targetHints":{"allow":["GET"]}}],"collection":[{"href":"https:\/\/www.mundoagropecuario.cl\/new\/wp-json\/wp\/v2\/posts"}],"about":[{"href":"https:\/\/www.mundoagropecuario.cl\/new\/wp-json\/wp\/v2\/types\/post"}],"author":[{"embeddable":true,"href":"https:\/\/www.mundoagropecuario.cl\/new\/wp-json\/wp\/v2\/users\/2"}],"replies":[{"embeddable":true,"href":"https:\/\/www.mundoagropecuario.cl\/new\/wp-json\/wp\/v2\/comments?post=14436"}],"version-history":[{"count":2,"href":"https:\/\/www.mundoagropecuario.cl\/new\/wp-json\/wp\/v2\/posts\/14436\/revisions"}],"predecessor-version":[{"id":14479,"href":"https:\/\/www.mundoagropecuario.cl\/new\/wp-json\/wp\/v2\/posts\/14436\/revisions\/14479"}],"wp:featuredmedia":[{"embeddable":true,"href":"https:\/\/www.mundoagropecuario.cl\/new\/wp-json\/wp\/v2\/media\/7295"}],"wp:attachment":[{"href":"https:\/\/www.mundoagropecuario.cl\/new\/wp-json\/wp\/v2\/media?parent=14436"}],"wp:term":[{"taxonomy":"category","embeddable":true,"href":"https:\/\/www.mundoagropecuario.cl\/new\/wp-json\/wp\/v2\/categories?post=14436"},{"taxonomy":"post_tag","embeddable":true,"href":"https:\/\/www.mundoagropecuario.cl\/new\/wp-json\/wp\/v2\/tags?post=14436"}],"curies":[{"name":"wp","href":"https:\/\/api.w.org\/{rel}","templated":true}]}}