{"id":14421,"date":"2019-10-15T11:16:38","date_gmt":"2019-10-15T14:16:38","guid":{"rendered":"http:\/\/www.mundoagropecuario.cl\/new\/?p=14421"},"modified":"2019-10-16T18:06:10","modified_gmt":"2019-10-16T21:06:10","slug":"ganado-bovino-rematado-en-ferias-de-las-regiones-de-biobio-y-nuble-crecio-142-en-agosto","status":"publish","type":"post","link":"https:\/\/www.mundoagropecuario.cl\/new\/ganado-bovino-rematado-en-ferias-de-las-regiones-de-biobio-y-nuble-crecio-142-en-agosto\/","title":{"rendered":"Ganado bovino rematado en ferias de las regiones de Biob\u00edo y \u00d1uble creci\u00f3 14,2% en agosto"},"content":{"rendered":"\n<ul class=\"wp-block-gallery columns-0 is-cropped wp-block-gallery-1 is-layout-flex wp-block-gallery-is-layout-flex\"><\/ul>\n\n\n\n<p class=\"has-medium-font-size\"><em>La producci\u00f3n de carne en vara de ganado bovino present\u00f3 un retroceso de 0,4% en doce meses (Mundo Agropecuario).<\/em><\/p>\n\n\n\n<p>En agosto de 2019, el ganado bovino rematado en ferias de las regiones de Biob\u00edo y \u00d1uble, present\u00f3 un crecimiento interanual de 14,2%, ubic\u00e1ndolas en tercer lugar a nivel nacional con el 19,9% de participaci\u00f3n, seg\u00fan inform\u00f3 el Instituto Nacional de Estad\u00edsticas, (INE).<\/p>\n\n\n\n<div class=\"wp-block-image\"><figure class=\"alignright\"><img loading=\"lazy\" decoding=\"async\" width=\"294\" height=\"171\" src=\"https:\/\/www.mundoagropecuario.cl\/new\/wp-content\/uploads\/2019\/10\/ganado.jpeg\" alt=\"\" class=\"wp-image-14422\" srcset=\"https:\/\/www.mundoagropecuario.cl\/new\/wp-content\/uploads\/2019\/10\/ganado.jpeg 294w, https:\/\/www.mundoagropecuario.cl\/new\/wp-content\/uploads\/2019\/10\/ganado-293x171.jpeg 293w\" sizes=\"auto, (max-width: 294px) 100vw, 294px\" \/><\/figure><\/div>\n\n\n\n<p>El ganado bovino beneficiado en mataderos alcanz\u00f3 un aumento de 6,5%, con 516 cabezas adicionales.<\/p>\n\n\n\n<p>La producci\u00f3n de carne en vara totaliz\u00f3 2.429,3 toneladas, registrando una ca\u00edda de 4,0% en doce meses.<\/p>\n\n\n\n<p>En tanto, la producci\u00f3n de carne en vara de ganado bovino disminuy\u00f3 en 0,4%, al producir 2.069,5 toneladas, equivalente a 8,2 toneladas menos respecto al mismo mes del a\u00f1o 2018.<\/p>\n\n\n\n<p><strong>Ganado rematado en ferias<\/strong><\/p>\n\n\n\n<p>An\u00e1lisis Mensual<\/p>\n\n\n\n<p>En agosto de 2019, el ganado rematado en ferias totaliz\u00f3 21.322 cabezas en las regiones de Biob\u00edo y \u00d1uble, mostrando una variaci\u00f3n positiva de 15,8% en comparaci\u00f3n con igual mes del a\u00f1o anterior.<\/p>\n\n\n\n<p>Se remataron 16.657 cabezas de ganado bovino en ambas regiones, presentando un aumento de 14,2% en doce meses.<\/p>\n\n\n\n<p>A nivel pa\u00eds se transaron 83.776 cabezas de ganado bovino, anotando un crecimiento interanual de 7,7%&nbsp;<\/p>\n\n\n\n<p>Las regiones de Biob\u00edo y \u00d1uble participaron con el 19,9% del total de ganado bovino rematado en ferias del pa\u00eds, ocupando el tercer lugar despu\u00e9s de las regiones de Los Lagos y Ays\u00e9n que contribuyeron en conjunto con el 31,1% y La Araucan\u00eda con el 23,4%.<\/p>\n\n\n\n<p>Las principales categor\u00edas que influyeron positivamente en el remate de ganado bovino en doce meses fueron: otras vacas (93,7%), vaquillas (32,4%) y novillos para engorda (19,2%).<\/p>\n\n\n\n<p>En cambio, la \u00fanica categor\u00eda de ganado bovino que incidi\u00f3 negativamente fue novillos gordos (-17,8%).&nbsp;<\/p>\n\n\n\n<p>Porcinos fue la segunda especie m\u00e1s rematada en las ferias al contabilizar 1.918 cabezas, anotando una contracci\u00f3n de 0,4% en relaci\u00f3n a igual mes del a\u00f1o anterior.<\/p>\n\n\n\n<p><strong>An\u00e1lisis Acumulado<\/strong><\/p>\n\n\n\n<p>En lo acumulado al mes de agosto 2019, se remataron 106.107 cabezas de ganado bovino en ambas regiones, exhibiendo un alza de 3,5% respecto a igual per\u00edodo del a\u00f1o anterior.<\/p>\n\n\n\n<p>Las principales categor\u00edas de ganado bovino que incidieron positivamente fueron: otras vacas (49,7%), novillos para engorda (17,4%) y vaquillas (15,9%).<\/p>\n\n\n\n<p>Las categor\u00edas de bovinos que influyeron negativamente fueron: terneros y terneras (-10,7%), novillos gordos (-12,7%) y vacas gordas (-5,3%).<\/p>\n\n\n\n<p>En tanto, los porcinos rematados totalizaron 14.537 cabezas, mostrando un crecimiento de 8,9% respecto a igual per\u00edodo del a\u00f1o anterior.<\/p>\n","protected":false},"excerpt":{"rendered":"<p>La producci\u00f3n de carne en vara de ganado bovino present\u00f3 un retroceso de 0,4% en doce meses (Mundo Agropecuario). En agosto de 2019, el ganado bovino rematado en ferias de&#8230;<\/p>\n","protected":false},"author":2,"featured_media":14423,"comment_status":"closed","ping_status":"closed","sticky":false,"template":"","format":"standard","meta":{"footnotes":""},"categories":[1944],"tags":[3127,2326,1151],"class_list":["post-14421","post","type-post","status-publish","format-standard","has-post-thumbnail","hentry","category-ganaderia","tag-agro","tag-ganado-bovino","tag-nuble"],"yoast_head":"<!-- This site is optimized with the Yoast SEO plugin v26.6 - https:\/\/yoast.com\/wordpress\/plugins\/seo\/ -->\n<title>Ganado bovino rematado en ferias de las regiones de Biob\u00edo y \u00d1uble creci\u00f3 14,2% en agosto - Mundoagropecuario<\/title>\n<meta name=\"robots\" content=\"index, follow, max-snippet:-1, max-image-preview:large, max-video-preview:-1\" \/>\n<link rel=\"canonical\" href=\"https:\/\/www.mundoagropecuario.cl\/new\/ganado-bovino-rematado-en-ferias-de-las-regiones-de-biobio-y-nuble-crecio-142-en-agosto\/\" \/>\n<meta property=\"og:locale\" content=\"es_ES\" \/>\n<meta property=\"og:type\" content=\"article\" \/>\n<meta property=\"og:title\" content=\"Ganado bovino rematado en ferias de las regiones de Biob\u00edo y \u00d1uble creci\u00f3 14,2% en agosto - Mundoagropecuario\" \/>\n<meta property=\"og:description\" content=\"La producci\u00f3n de carne en vara de ganado bovino present\u00f3 un retroceso de 0,4% en doce meses (Mundo Agropecuario). En agosto de 2019, el ganado bovino rematado en ferias de...\" \/>\n<meta property=\"og:url\" content=\"https:\/\/www.mundoagropecuario.cl\/new\/ganado-bovino-rematado-en-ferias-de-las-regiones-de-biobio-y-nuble-crecio-142-en-agosto\/\" \/>\n<meta property=\"og:site_name\" content=\"Mundoagropecuario\" \/>\n<meta property=\"article:publisher\" content=\"https:\/\/www.facebook.com\/mundo.agropecuario.3\" \/>\n<meta property=\"article:published_time\" content=\"2019-10-15T14:16:38+00:00\" \/>\n<meta property=\"article:modified_time\" content=\"2019-10-16T21:06:10+00:00\" \/>\n<meta property=\"og:image\" content=\"https:\/\/www.mundoagropecuario.cl\/new\/wp-content\/uploads\/2019\/10\/ganado2.jpg\" \/>\n\t<meta property=\"og:image:width\" content=\"586\" \/>\n\t<meta property=\"og:image:height\" content=\"391\" \/>\n\t<meta property=\"og:image:type\" content=\"image\/jpeg\" \/>\n<meta name=\"author\" content=\"mundo\" \/>\n<meta name=\"twitter:card\" content=\"summary_large_image\" \/>\n<meta name=\"twitter:creator\" content=\"@MundoAgropecuar\" \/>\n<meta name=\"twitter:site\" content=\"@MundoAgropecuar\" \/>\n<meta name=\"twitter:label1\" content=\"Escrito por\" \/>\n\t<meta name=\"twitter:data1\" content=\"mundo\" \/>\n\t<meta name=\"twitter:label2\" content=\"Tiempo de lectura\" \/>\n\t<meta name=\"twitter:data2\" content=\"2 minutos\" \/>\n<script type=\"application\/ld+json\" class=\"yoast-schema-graph\">{\"@context\":\"https:\/\/schema.org\",\"@graph\":[{\"@type\":\"Article\",\"@id\":\"https:\/\/www.mundoagropecuario.cl\/new\/ganado-bovino-rematado-en-ferias-de-las-regiones-de-biobio-y-nuble-crecio-142-en-agosto\/#article\",\"isPartOf\":{\"@id\":\"https:\/\/www.mundoagropecuario.cl\/new\/ganado-bovino-rematado-en-ferias-de-las-regiones-de-biobio-y-nuble-crecio-142-en-agosto\/\"},\"author\":{\"name\":\"mundo\",\"@id\":\"https:\/\/www.mundoagropecuario.cl\/new\/#\/schema\/person\/4e9f74a82a7dac260eb1c44b7eebeb18\"},\"headline\":\"Ganado bovino rematado en ferias de las regiones de Biob\u00edo y \u00d1uble creci\u00f3 14,2% en agosto\",\"datePublished\":\"2019-10-15T14:16:38+00:00\",\"dateModified\":\"2019-10-16T21:06:10+00:00\",\"mainEntityOfPage\":{\"@id\":\"https:\/\/www.mundoagropecuario.cl\/new\/ganado-bovino-rematado-en-ferias-de-las-regiones-de-biobio-y-nuble-crecio-142-en-agosto\/\"},\"wordCount\":419,\"publisher\":{\"@id\":\"https:\/\/www.mundoagropecuario.cl\/new\/#organization\"},\"image\":{\"@id\":\"https:\/\/www.mundoagropecuario.cl\/new\/ganado-bovino-rematado-en-ferias-de-las-regiones-de-biobio-y-nuble-crecio-142-en-agosto\/#primaryimage\"},\"thumbnailUrl\":\"https:\/\/www.mundoagropecuario.cl\/new\/wp-content\/uploads\/2019\/10\/ganado2.jpg\",\"keywords\":[\"Agro\",\"Ganado bovino\",\"\u00d1uble\"],\"articleSection\":[\"Ganader\u00eda\"],\"inLanguage\":\"es\"},{\"@type\":\"WebPage\",\"@id\":\"https:\/\/www.mundoagropecuario.cl\/new\/ganado-bovino-rematado-en-ferias-de-las-regiones-de-biobio-y-nuble-crecio-142-en-agosto\/\",\"url\":\"https:\/\/www.mundoagropecuario.cl\/new\/ganado-bovino-rematado-en-ferias-de-las-regiones-de-biobio-y-nuble-crecio-142-en-agosto\/\",\"name\":\"Ganado bovino rematado en ferias de las regiones de Biob\u00edo y \u00d1uble creci\u00f3 14,2% en agosto - Mundoagropecuario\",\"isPartOf\":{\"@id\":\"https:\/\/www.mundoagropecuario.cl\/new\/#website\"},\"primaryImageOfPage\":{\"@id\":\"https:\/\/www.mundoagropecuario.cl\/new\/ganado-bovino-rematado-en-ferias-de-las-regiones-de-biobio-y-nuble-crecio-142-en-agosto\/#primaryimage\"},\"image\":{\"@id\":\"https:\/\/www.mundoagropecuario.cl\/new\/ganado-bovino-rematado-en-ferias-de-las-regiones-de-biobio-y-nuble-crecio-142-en-agosto\/#primaryimage\"},\"thumbnailUrl\":\"https:\/\/www.mundoagropecuario.cl\/new\/wp-content\/uploads\/2019\/10\/ganado2.jpg\",\"datePublished\":\"2019-10-15T14:16:38+00:00\",\"dateModified\":\"2019-10-16T21:06:10+00:00\",\"breadcrumb\":{\"@id\":\"https:\/\/www.mundoagropecuario.cl\/new\/ganado-bovino-rematado-en-ferias-de-las-regiones-de-biobio-y-nuble-crecio-142-en-agosto\/#breadcrumb\"},\"inLanguage\":\"es\",\"potentialAction\":[{\"@type\":\"ReadAction\",\"target\":[\"https:\/\/www.mundoagropecuario.cl\/new\/ganado-bovino-rematado-en-ferias-de-las-regiones-de-biobio-y-nuble-crecio-142-en-agosto\/\"]}]},{\"@type\":\"ImageObject\",\"inLanguage\":\"es\",\"@id\":\"https:\/\/www.mundoagropecuario.cl\/new\/ganado-bovino-rematado-en-ferias-de-las-regiones-de-biobio-y-nuble-crecio-142-en-agosto\/#primaryimage\",\"url\":\"https:\/\/www.mundoagropecuario.cl\/new\/wp-content\/uploads\/2019\/10\/ganado2.jpg\",\"contentUrl\":\"https:\/\/www.mundoagropecuario.cl\/new\/wp-content\/uploads\/2019\/10\/ganado2.jpg\",\"width\":586,\"height\":391},{\"@type\":\"BreadcrumbList\",\"@id\":\"https:\/\/www.mundoagropecuario.cl\/new\/ganado-bovino-rematado-en-ferias-de-las-regiones-de-biobio-y-nuble-crecio-142-en-agosto\/#breadcrumb\",\"itemListElement\":[{\"@type\":\"ListItem\",\"position\":1,\"name\":\"Portada\",\"item\":\"https:\/\/www.mundoagropecuario.cl\/new\/\"},{\"@type\":\"ListItem\",\"position\":2,\"name\":\"Ganado bovino rematado en ferias de las regiones de Biob\u00edo y \u00d1uble creci\u00f3 14,2% en agosto\"}]},{\"@type\":\"WebSite\",\"@id\":\"https:\/\/www.mundoagropecuario.cl\/new\/#website\",\"url\":\"https:\/\/www.mundoagropecuario.cl\/new\/\",\"name\":\"Mundoagropecuario\",\"description\":\"Mundo Agropecuario\",\"publisher\":{\"@id\":\"https:\/\/www.mundoagropecuario.cl\/new\/#organization\"},\"potentialAction\":[{\"@type\":\"SearchAction\",\"target\":{\"@type\":\"EntryPoint\",\"urlTemplate\":\"https:\/\/www.mundoagropecuario.cl\/new\/?s={search_term_string}\"},\"query-input\":{\"@type\":\"PropertyValueSpecification\",\"valueRequired\":true,\"valueName\":\"search_term_string\"}}],\"inLanguage\":\"es\"},{\"@type\":\"Organization\",\"@id\":\"https:\/\/www.mundoagropecuario.cl\/new\/#organization\",\"name\":\"Revista de Agricultura\",\"url\":\"https:\/\/www.mundoagropecuario.cl\/new\/\",\"logo\":{\"@type\":\"ImageObject\",\"inLanguage\":\"es\",\"@id\":\"https:\/\/www.mundoagropecuario.cl\/new\/#\/schema\/logo\/image\/\",\"url\":\"https:\/\/www.mundoagropecuario.cl\/new\/wp-content\/uploads\/2020\/11\/PORTAL-1-1.png\",\"contentUrl\":\"https:\/\/www.mundoagropecuario.cl\/new\/wp-content\/uploads\/2020\/11\/PORTAL-1-1.png\",\"width\":1026,\"height\":100,\"caption\":\"Revista de Agricultura\"},\"image\":{\"@id\":\"https:\/\/www.mundoagropecuario.cl\/new\/#\/schema\/logo\/image\/\"},\"sameAs\":[\"https:\/\/www.facebook.com\/mundo.agropecuario.3\",\"https:\/\/x.com\/MundoAgropecuar\",\"https:\/\/www.linkedin.com\/in\/mundo-agropecuario-934009201\/\"]},{\"@type\":\"Person\",\"@id\":\"https:\/\/www.mundoagropecuario.cl\/new\/#\/schema\/person\/4e9f74a82a7dac260eb1c44b7eebeb18\",\"name\":\"mundo\",\"url\":\"https:\/\/www.mundoagropecuario.cl\/new\/author\/mundo\/\"}]}<\/script>\n<!-- \/ Yoast SEO plugin. -->","yoast_head_json":{"title":"Ganado bovino rematado en ferias de las regiones de Biob\u00edo y \u00d1uble creci\u00f3 14,2% en agosto - Mundoagropecuario","robots":{"index":"index","follow":"follow","max-snippet":"max-snippet:-1","max-image-preview":"max-image-preview:large","max-video-preview":"max-video-preview:-1"},"canonical":"https:\/\/www.mundoagropecuario.cl\/new\/ganado-bovino-rematado-en-ferias-de-las-regiones-de-biobio-y-nuble-crecio-142-en-agosto\/","og_locale":"es_ES","og_type":"article","og_title":"Ganado bovino rematado en ferias de las regiones de Biob\u00edo y \u00d1uble creci\u00f3 14,2% en agosto - Mundoagropecuario","og_description":"La producci\u00f3n de carne en vara de ganado bovino present\u00f3 un retroceso de 0,4% en doce meses (Mundo Agropecuario). En agosto de 2019, el ganado bovino rematado en ferias de...","og_url":"https:\/\/www.mundoagropecuario.cl\/new\/ganado-bovino-rematado-en-ferias-de-las-regiones-de-biobio-y-nuble-crecio-142-en-agosto\/","og_site_name":"Mundoagropecuario","article_publisher":"https:\/\/www.facebook.com\/mundo.agropecuario.3","article_published_time":"2019-10-15T14:16:38+00:00","article_modified_time":"2019-10-16T21:06:10+00:00","og_image":[{"width":586,"height":391,"url":"https:\/\/www.mundoagropecuario.cl\/new\/wp-content\/uploads\/2019\/10\/ganado2.jpg","type":"image\/jpeg"}],"author":"mundo","twitter_card":"summary_large_image","twitter_creator":"@MundoAgropecuar","twitter_site":"@MundoAgropecuar","twitter_misc":{"Escrito por":"mundo","Tiempo de lectura":"2 minutos"},"schema":{"@context":"https:\/\/schema.org","@graph":[{"@type":"Article","@id":"https:\/\/www.mundoagropecuario.cl\/new\/ganado-bovino-rematado-en-ferias-de-las-regiones-de-biobio-y-nuble-crecio-142-en-agosto\/#article","isPartOf":{"@id":"https:\/\/www.mundoagropecuario.cl\/new\/ganado-bovino-rematado-en-ferias-de-las-regiones-de-biobio-y-nuble-crecio-142-en-agosto\/"},"author":{"name":"mundo","@id":"https:\/\/www.mundoagropecuario.cl\/new\/#\/schema\/person\/4e9f74a82a7dac260eb1c44b7eebeb18"},"headline":"Ganado bovino rematado en ferias de las regiones de Biob\u00edo y \u00d1uble creci\u00f3 14,2% en agosto","datePublished":"2019-10-15T14:16:38+00:00","dateModified":"2019-10-16T21:06:10+00:00","mainEntityOfPage":{"@id":"https:\/\/www.mundoagropecuario.cl\/new\/ganado-bovino-rematado-en-ferias-de-las-regiones-de-biobio-y-nuble-crecio-142-en-agosto\/"},"wordCount":419,"publisher":{"@id":"https:\/\/www.mundoagropecuario.cl\/new\/#organization"},"image":{"@id":"https:\/\/www.mundoagropecuario.cl\/new\/ganado-bovino-rematado-en-ferias-de-las-regiones-de-biobio-y-nuble-crecio-142-en-agosto\/#primaryimage"},"thumbnailUrl":"https:\/\/www.mundoagropecuario.cl\/new\/wp-content\/uploads\/2019\/10\/ganado2.jpg","keywords":["Agro","Ganado bovino","\u00d1uble"],"articleSection":["Ganader\u00eda"],"inLanguage":"es"},{"@type":"WebPage","@id":"https:\/\/www.mundoagropecuario.cl\/new\/ganado-bovino-rematado-en-ferias-de-las-regiones-de-biobio-y-nuble-crecio-142-en-agosto\/","url":"https:\/\/www.mundoagropecuario.cl\/new\/ganado-bovino-rematado-en-ferias-de-las-regiones-de-biobio-y-nuble-crecio-142-en-agosto\/","name":"Ganado bovino rematado en ferias de las regiones de Biob\u00edo y \u00d1uble creci\u00f3 14,2% en agosto - Mundoagropecuario","isPartOf":{"@id":"https:\/\/www.mundoagropecuario.cl\/new\/#website"},"primaryImageOfPage":{"@id":"https:\/\/www.mundoagropecuario.cl\/new\/ganado-bovino-rematado-en-ferias-de-las-regiones-de-biobio-y-nuble-crecio-142-en-agosto\/#primaryimage"},"image":{"@id":"https:\/\/www.mundoagropecuario.cl\/new\/ganado-bovino-rematado-en-ferias-de-las-regiones-de-biobio-y-nuble-crecio-142-en-agosto\/#primaryimage"},"thumbnailUrl":"https:\/\/www.mundoagropecuario.cl\/new\/wp-content\/uploads\/2019\/10\/ganado2.jpg","datePublished":"2019-10-15T14:16:38+00:00","dateModified":"2019-10-16T21:06:10+00:00","breadcrumb":{"@id":"https:\/\/www.mundoagropecuario.cl\/new\/ganado-bovino-rematado-en-ferias-de-las-regiones-de-biobio-y-nuble-crecio-142-en-agosto\/#breadcrumb"},"inLanguage":"es","potentialAction":[{"@type":"ReadAction","target":["https:\/\/www.mundoagropecuario.cl\/new\/ganado-bovino-rematado-en-ferias-de-las-regiones-de-biobio-y-nuble-crecio-142-en-agosto\/"]}]},{"@type":"ImageObject","inLanguage":"es","@id":"https:\/\/www.mundoagropecuario.cl\/new\/ganado-bovino-rematado-en-ferias-de-las-regiones-de-biobio-y-nuble-crecio-142-en-agosto\/#primaryimage","url":"https:\/\/www.mundoagropecuario.cl\/new\/wp-content\/uploads\/2019\/10\/ganado2.jpg","contentUrl":"https:\/\/www.mundoagropecuario.cl\/new\/wp-content\/uploads\/2019\/10\/ganado2.jpg","width":586,"height":391},{"@type":"BreadcrumbList","@id":"https:\/\/www.mundoagropecuario.cl\/new\/ganado-bovino-rematado-en-ferias-de-las-regiones-de-biobio-y-nuble-crecio-142-en-agosto\/#breadcrumb","itemListElement":[{"@type":"ListItem","position":1,"name":"Portada","item":"https:\/\/www.mundoagropecuario.cl\/new\/"},{"@type":"ListItem","position":2,"name":"Ganado bovino rematado en ferias de las regiones de Biob\u00edo y \u00d1uble creci\u00f3 14,2% en agosto"}]},{"@type":"WebSite","@id":"https:\/\/www.mundoagropecuario.cl\/new\/#website","url":"https:\/\/www.mundoagropecuario.cl\/new\/","name":"Mundoagropecuario","description":"Mundo Agropecuario","publisher":{"@id":"https:\/\/www.mundoagropecuario.cl\/new\/#organization"},"potentialAction":[{"@type":"SearchAction","target":{"@type":"EntryPoint","urlTemplate":"https:\/\/www.mundoagropecuario.cl\/new\/?s={search_term_string}"},"query-input":{"@type":"PropertyValueSpecification","valueRequired":true,"valueName":"search_term_string"}}],"inLanguage":"es"},{"@type":"Organization","@id":"https:\/\/www.mundoagropecuario.cl\/new\/#organization","name":"Revista de Agricultura","url":"https:\/\/www.mundoagropecuario.cl\/new\/","logo":{"@type":"ImageObject","inLanguage":"es","@id":"https:\/\/www.mundoagropecuario.cl\/new\/#\/schema\/logo\/image\/","url":"https:\/\/www.mundoagropecuario.cl\/new\/wp-content\/uploads\/2020\/11\/PORTAL-1-1.png","contentUrl":"https:\/\/www.mundoagropecuario.cl\/new\/wp-content\/uploads\/2020\/11\/PORTAL-1-1.png","width":1026,"height":100,"caption":"Revista de Agricultura"},"image":{"@id":"https:\/\/www.mundoagropecuario.cl\/new\/#\/schema\/logo\/image\/"},"sameAs":["https:\/\/www.facebook.com\/mundo.agropecuario.3","https:\/\/x.com\/MundoAgropecuar","https:\/\/www.linkedin.com\/in\/mundo-agropecuario-934009201\/"]},{"@type":"Person","@id":"https:\/\/www.mundoagropecuario.cl\/new\/#\/schema\/person\/4e9f74a82a7dac260eb1c44b7eebeb18","name":"mundo","url":"https:\/\/www.mundoagropecuario.cl\/new\/author\/mundo\/"}]}},"_links":{"self":[{"href":"https:\/\/www.mundoagropecuario.cl\/new\/wp-json\/wp\/v2\/posts\/14421","targetHints":{"allow":["GET"]}}],"collection":[{"href":"https:\/\/www.mundoagropecuario.cl\/new\/wp-json\/wp\/v2\/posts"}],"about":[{"href":"https:\/\/www.mundoagropecuario.cl\/new\/wp-json\/wp\/v2\/types\/post"}],"author":[{"embeddable":true,"href":"https:\/\/www.mundoagropecuario.cl\/new\/wp-json\/wp\/v2\/users\/2"}],"replies":[{"embeddable":true,"href":"https:\/\/www.mundoagropecuario.cl\/new\/wp-json\/wp\/v2\/comments?post=14421"}],"version-history":[{"count":1,"href":"https:\/\/www.mundoagropecuario.cl\/new\/wp-json\/wp\/v2\/posts\/14421\/revisions"}],"predecessor-version":[{"id":14424,"href":"https:\/\/www.mundoagropecuario.cl\/new\/wp-json\/wp\/v2\/posts\/14421\/revisions\/14424"}],"wp:featuredmedia":[{"embeddable":true,"href":"https:\/\/www.mundoagropecuario.cl\/new\/wp-json\/wp\/v2\/media\/14423"}],"wp:attachment":[{"href":"https:\/\/www.mundoagropecuario.cl\/new\/wp-json\/wp\/v2\/media?parent=14421"}],"wp:term":[{"taxonomy":"category","embeddable":true,"href":"https:\/\/www.mundoagropecuario.cl\/new\/wp-json\/wp\/v2\/categories?post=14421"},{"taxonomy":"post_tag","embeddable":true,"href":"https:\/\/www.mundoagropecuario.cl\/new\/wp-json\/wp\/v2\/tags?post=14421"}],"curies":[{"name":"wp","href":"https:\/\/api.w.org\/{rel}","templated":true}]}}