{"id":14406,"date":"2019-10-15T01:00:59","date_gmt":"2019-10-15T04:00:59","guid":{"rendered":"http:\/\/www.mundoagropecuario.cl\/new\/?p=14406"},"modified":"2019-10-15T11:23:51","modified_gmt":"2019-10-15T14:23:51","slug":"ganador-del-oscar-con-historia-de-un-oso-compartio-su-experiencia-con-alumnos-rurales","status":"publish","type":"post","link":"https:\/\/www.mundoagropecuario.cl\/new\/ganador-del-oscar-con-historia-de-un-oso-compartio-su-experiencia-con-alumnos-rurales\/","title":{"rendered":"Ganador del Oscar con Historia de un Oso comparti\u00f3 su experiencia con alumnos rurales"},"content":{"rendered":"\n<ul class=\"wp-block-gallery columns-0 is-cropped wp-block-gallery-1 is-layout-flex wp-block-gallery-is-layout-flex\"><\/ul>\n\n\n\n<p class=\"has-medium-font-size\"><em>El ganador del Oscar,  habl\u00f3 frente a una emocionada audiencia en el Liceo San Nicol\u00e1s y cont\u00f3 de la inspiraci\u00f3n para el cortometraje,  basado en el exilio de su abuelo (Mundo Agropecuario).<\/em><\/p>\n\n\n\n<p>Una inspiradora y muy especial jornada vivieron casi 300 alumnos del Liceo Bicentenario de Excelencia Polivalente San Nicol\u00e1s, en la zona rural de \u00d1uble, con la visita del director de cine y ganador del Oscar a mejor cortometraje animado 2016 por \u201cHistoria de un Oso\u201d, Gabriel Osorio, quien comparti\u00f3 su experiencia sobre la realizaci\u00f3n y \u00e9xito de su obra, con los escolares presentes. Todo, dentro del proyecto Dinamiza de Corfo \u00d1uble y Fedefruta, que trabaja para instalar habilidades de emprendimiento en j\u00f3venes rurales de la regi\u00f3n.<\/p>\n\n\n\n<p>Lo que motiv\u00f3 a Osorio para ir a San Nicol\u00e1s y tener este encuentro con estudiantes del liceo, fue el hecho de contarles que &#8220;independiente que los sue\u00f1os de cada uno sean distintos, s\u00ed se pueden lograr, por m\u00e1s que no sean carreras tradicionales o cosas que uno piense que est\u00e1n en las industrias m\u00e1s desarrolladas en Chile&#8221;, coment\u00f3 el director de la productora Punkrobot. &#8220;Con esfuerzo y sobre todo con pasi\u00f3n, las ideas se pueden alcanzar, y eso es lo que quiero transmitir, el \u00e9xito que tuvimos con Historia de un Oso y todo el trabajo detr\u00e1s&#8221;.<\/p>\n\n\n\n<p>As\u00ed, el ganador del Oscar habl\u00f3 frente a una emocionada audiencia en el gimnasio del Liceo San Nicol\u00e1s, de la inspiraci\u00f3n para el cortometraje basado en el exilio de su abuelo, de los cuatro a\u00f1os de producci\u00f3n en que debieron buscar financiamiento para seguir con el proyecto y no botarlo, y la dif\u00edcil difusi\u00f3n de Historia de un Oso y b\u00fasqueda de espacios en festivales, hasta que fue nominada al m\u00e1ximo galard\u00f3n del cine a nivel mundial. En ese sentido, Osorio insisti\u00f3 en que la constancia en el proyecto y pasi\u00f3n por el cine, fueron los principales motivos por el cual Historia de un Oso logr\u00f3 todo lo que consigui\u00f3 a nivel internacional.<\/p>\n\n\n\n<p>El cineasta tambi\u00e9n apunt\u00f3 que el \u00e9xito de emprendimientos como el suyo, reconocido por premios en distintos festivales de cine en el extranjero, antes de haber ganado el Oscar en 2016, no es cosa de suerte, sino de pasi\u00f3n, por lo que busc\u00f3 transmitir &#8220;c\u00f3mo se genera esa pasi\u00f3n y c\u00f3mo alimentar esa pasi\u00f3n por el trabajo que hace cada uno&#8221;.<\/p>\n\n\n\n<p>La cita tambi\u00e9n tuvo como protagonista a un particular robot llamado Bob, un modelo Sandbot Elf que ofici\u00f3 como maestro de ceremonia durante toda la jornada. Su participaci\u00f3n que caus\u00f3 curiosidad entre los escolares presentes, fue gracias a Rodrigo Quevedo de Robotic Labs, quien tambi\u00e9n habl\u00f3 con los estudiantes sobre la aplicaci\u00f3n de la rob\u00f3tica en Chile y en el mundo, desde prototipos para personas con discapacidad, hasta la ida a Jap\u00f3n de escolares chilenos para competir en torneos de batallas de robots, entre much\u00edsimas otras cosas ligadas a esta asombrosa tecnolog\u00eda.&nbsp;<\/p>\n\n\n\n<p>Dinamiza<\/p>\n\n\n\n<p>Osorio, Quevedo y Bob fueron parte de este encuentro organizado por Corfo y Fedefruta, una actividad dentro del proyecto \u201cDinamiza\u201d, que busca compartir habilidades de emprendimiento entre estudiantes rurales y de este establecimiento considerado como uno de los mejores liceos del pa\u00eds.<\/p>\n\n\n\n<p>&#8220;Evidenciar el efecto motivador e inspirador que provoc\u00f3 en los estudiantes del Liceo de San Nicol\u00e1s la visita del director de Historia de un Oso, es absolutamente satisfactorio para nuestra direcci\u00f3n regional de Corfo, ya que se ajusta a uno de nuestros ejes estrat\u00e9gicos, que tiene que ver con instalar una cultura de emprendimiento e innovaci\u00f3n en j\u00f3venes de la regi\u00f3n. Sin duda, esta ser\u00e1 una actividad inolvidable para quienes la vivieron&#8221;, expres\u00f3 el director de Corfo en \u00d1uble, Daniel Sep\u00falveda.<\/p>\n\n\n\n<p>Juan Carlos Sep\u00falveda, gerente general de Fedefruta presente en el Liceo Bicentenario de Excelencia San Nicol\u00e1s, puso de relieve la importancia que tiene este proyecto para el gremio, ya que &#8220;estamos aportando a la innovaci\u00f3n social en una zona rural, con much\u00edsimo potencial gracias al sistema educativo que propone el director V\u00edctor Reyes y todo su equipo docente&#8221;, indic\u00f3. &#8220;Creemos que el transmitir estas experiencias y herramientas son una forma muy v\u00e1lida de avanzar tempranamente con el desarrollo de \u00e1reas rurales como San Nicol\u00e1s&#8221;, concluy\u00f3.<\/p>\n","protected":false},"excerpt":{"rendered":"<p>El ganador del Oscar, habl\u00f3 frente a una emocionada audiencia en el Liceo San Nicol\u00e1s y cont\u00f3 de la inspiraci\u00f3n para el cortometraje, basado en el exilio de su abuelo&#8230;<\/p>\n","protected":false},"author":2,"featured_media":14407,"comment_status":"closed","ping_status":"closed","sticky":false,"template":"","format":"standard","meta":{"footnotes":""},"categories":[1952],"tags":[3127,4365],"class_list":["post-14406","post","type-post","status-publish","format-standard","has-post-thumbnail","hentry","category-educacion","tag-agro","tag-fedefrutas"],"yoast_head":"<!-- This site is optimized with the Yoast SEO plugin v26.6 - https:\/\/yoast.com\/wordpress\/plugins\/seo\/ -->\n<title>Ganador del Oscar con Historia de un Oso comparti\u00f3 su experiencia con alumnos rurales - Mundoagropecuario<\/title>\n<meta name=\"robots\" content=\"index, follow, max-snippet:-1, max-image-preview:large, max-video-preview:-1\" \/>\n<link rel=\"canonical\" href=\"https:\/\/www.mundoagropecuario.cl\/new\/ganador-del-oscar-con-historia-de-un-oso-compartio-su-experiencia-con-alumnos-rurales\/\" \/>\n<meta property=\"og:locale\" content=\"es_ES\" \/>\n<meta property=\"og:type\" content=\"article\" \/>\n<meta property=\"og:title\" content=\"Ganador del Oscar con Historia de un Oso comparti\u00f3 su experiencia con alumnos rurales - Mundoagropecuario\" \/>\n<meta property=\"og:description\" content=\"El ganador del Oscar, habl\u00f3 frente a una emocionada audiencia en el Liceo San Nicol\u00e1s y cont\u00f3 de la inspiraci\u00f3n para el cortometraje, basado en el exilio de su abuelo...\" \/>\n<meta property=\"og:url\" content=\"https:\/\/www.mundoagropecuario.cl\/new\/ganador-del-oscar-con-historia-de-un-oso-compartio-su-experiencia-con-alumnos-rurales\/\" \/>\n<meta property=\"og:site_name\" content=\"Mundoagropecuario\" \/>\n<meta property=\"article:publisher\" content=\"https:\/\/www.facebook.com\/mundo.agropecuario.3\" \/>\n<meta property=\"article:published_time\" content=\"2019-10-15T04:00:59+00:00\" \/>\n<meta property=\"article:modified_time\" content=\"2019-10-15T14:23:51+00:00\" \/>\n<meta property=\"og:image\" content=\"https:\/\/www.mundoagropecuario.cl\/new\/wp-content\/uploads\/2019\/10\/unnamed.jpg\" \/>\n\t<meta property=\"og:image:width\" content=\"799\" \/>\n\t<meta property=\"og:image:height\" content=\"533\" \/>\n\t<meta property=\"og:image:type\" content=\"image\/jpeg\" \/>\n<meta name=\"author\" content=\"mundo\" \/>\n<meta name=\"twitter:card\" content=\"summary_large_image\" \/>\n<meta name=\"twitter:creator\" content=\"@MundoAgropecuar\" \/>\n<meta name=\"twitter:site\" content=\"@MundoAgropecuar\" \/>\n<meta name=\"twitter:label1\" content=\"Escrito por\" \/>\n\t<meta name=\"twitter:data1\" content=\"mundo\" \/>\n\t<meta name=\"twitter:label2\" content=\"Tiempo de lectura\" \/>\n\t<meta name=\"twitter:data2\" content=\"4 minutos\" \/>\n<script type=\"application\/ld+json\" class=\"yoast-schema-graph\">{\"@context\":\"https:\/\/schema.org\",\"@graph\":[{\"@type\":\"Article\",\"@id\":\"https:\/\/www.mundoagropecuario.cl\/new\/ganador-del-oscar-con-historia-de-un-oso-compartio-su-experiencia-con-alumnos-rurales\/#article\",\"isPartOf\":{\"@id\":\"https:\/\/www.mundoagropecuario.cl\/new\/ganador-del-oscar-con-historia-de-un-oso-compartio-su-experiencia-con-alumnos-rurales\/\"},\"author\":{\"name\":\"mundo\",\"@id\":\"https:\/\/www.mundoagropecuario.cl\/new\/#\/schema\/person\/4e9f74a82a7dac260eb1c44b7eebeb18\"},\"headline\":\"Ganador del Oscar con Historia de un Oso comparti\u00f3 su experiencia con alumnos rurales\",\"datePublished\":\"2019-10-15T04:00:59+00:00\",\"dateModified\":\"2019-10-15T14:23:51+00:00\",\"mainEntityOfPage\":{\"@id\":\"https:\/\/www.mundoagropecuario.cl\/new\/ganador-del-oscar-con-historia-de-un-oso-compartio-su-experiencia-con-alumnos-rurales\/\"},\"wordCount\":755,\"publisher\":{\"@id\":\"https:\/\/www.mundoagropecuario.cl\/new\/#organization\"},\"image\":{\"@id\":\"https:\/\/www.mundoagropecuario.cl\/new\/ganador-del-oscar-con-historia-de-un-oso-compartio-su-experiencia-con-alumnos-rurales\/#primaryimage\"},\"thumbnailUrl\":\"https:\/\/www.mundoagropecuario.cl\/new\/wp-content\/uploads\/2019\/10\/unnamed.jpg\",\"keywords\":[\"Agro\",\"Fedefrutas\"],\"articleSection\":[\"Educaci\u00f3n\"],\"inLanguage\":\"es\"},{\"@type\":\"WebPage\",\"@id\":\"https:\/\/www.mundoagropecuario.cl\/new\/ganador-del-oscar-con-historia-de-un-oso-compartio-su-experiencia-con-alumnos-rurales\/\",\"url\":\"https:\/\/www.mundoagropecuario.cl\/new\/ganador-del-oscar-con-historia-de-un-oso-compartio-su-experiencia-con-alumnos-rurales\/\",\"name\":\"Ganador del Oscar con Historia de un Oso comparti\u00f3 su experiencia con alumnos rurales - Mundoagropecuario\",\"isPartOf\":{\"@id\":\"https:\/\/www.mundoagropecuario.cl\/new\/#website\"},\"primaryImageOfPage\":{\"@id\":\"https:\/\/www.mundoagropecuario.cl\/new\/ganador-del-oscar-con-historia-de-un-oso-compartio-su-experiencia-con-alumnos-rurales\/#primaryimage\"},\"image\":{\"@id\":\"https:\/\/www.mundoagropecuario.cl\/new\/ganador-del-oscar-con-historia-de-un-oso-compartio-su-experiencia-con-alumnos-rurales\/#primaryimage\"},\"thumbnailUrl\":\"https:\/\/www.mundoagropecuario.cl\/new\/wp-content\/uploads\/2019\/10\/unnamed.jpg\",\"datePublished\":\"2019-10-15T04:00:59+00:00\",\"dateModified\":\"2019-10-15T14:23:51+00:00\",\"breadcrumb\":{\"@id\":\"https:\/\/www.mundoagropecuario.cl\/new\/ganador-del-oscar-con-historia-de-un-oso-compartio-su-experiencia-con-alumnos-rurales\/#breadcrumb\"},\"inLanguage\":\"es\",\"potentialAction\":[{\"@type\":\"ReadAction\",\"target\":[\"https:\/\/www.mundoagropecuario.cl\/new\/ganador-del-oscar-con-historia-de-un-oso-compartio-su-experiencia-con-alumnos-rurales\/\"]}]},{\"@type\":\"ImageObject\",\"inLanguage\":\"es\",\"@id\":\"https:\/\/www.mundoagropecuario.cl\/new\/ganador-del-oscar-con-historia-de-un-oso-compartio-su-experiencia-con-alumnos-rurales\/#primaryimage\",\"url\":\"https:\/\/www.mundoagropecuario.cl\/new\/wp-content\/uploads\/2019\/10\/unnamed.jpg\",\"contentUrl\":\"https:\/\/www.mundoagropecuario.cl\/new\/wp-content\/uploads\/2019\/10\/unnamed.jpg\",\"width\":600,\"height\":400},{\"@type\":\"BreadcrumbList\",\"@id\":\"https:\/\/www.mundoagropecuario.cl\/new\/ganador-del-oscar-con-historia-de-un-oso-compartio-su-experiencia-con-alumnos-rurales\/#breadcrumb\",\"itemListElement\":[{\"@type\":\"ListItem\",\"position\":1,\"name\":\"Portada\",\"item\":\"https:\/\/www.mundoagropecuario.cl\/new\/\"},{\"@type\":\"ListItem\",\"position\":2,\"name\":\"Ganador del Oscar con Historia de un Oso comparti\u00f3 su experiencia con alumnos rurales\"}]},{\"@type\":\"WebSite\",\"@id\":\"https:\/\/www.mundoagropecuario.cl\/new\/#website\",\"url\":\"https:\/\/www.mundoagropecuario.cl\/new\/\",\"name\":\"Mundoagropecuario\",\"description\":\"Mundo Agropecuario\",\"publisher\":{\"@id\":\"https:\/\/www.mundoagropecuario.cl\/new\/#organization\"},\"potentialAction\":[{\"@type\":\"SearchAction\",\"target\":{\"@type\":\"EntryPoint\",\"urlTemplate\":\"https:\/\/www.mundoagropecuario.cl\/new\/?s={search_term_string}\"},\"query-input\":{\"@type\":\"PropertyValueSpecification\",\"valueRequired\":true,\"valueName\":\"search_term_string\"}}],\"inLanguage\":\"es\"},{\"@type\":\"Organization\",\"@id\":\"https:\/\/www.mundoagropecuario.cl\/new\/#organization\",\"name\":\"Revista de Agricultura\",\"url\":\"https:\/\/www.mundoagropecuario.cl\/new\/\",\"logo\":{\"@type\":\"ImageObject\",\"inLanguage\":\"es\",\"@id\":\"https:\/\/www.mundoagropecuario.cl\/new\/#\/schema\/logo\/image\/\",\"url\":\"https:\/\/www.mundoagropecuario.cl\/new\/wp-content\/uploads\/2020\/11\/PORTAL-1-1.png\",\"contentUrl\":\"https:\/\/www.mundoagropecuario.cl\/new\/wp-content\/uploads\/2020\/11\/PORTAL-1-1.png\",\"width\":1026,\"height\":100,\"caption\":\"Revista de Agricultura\"},\"image\":{\"@id\":\"https:\/\/www.mundoagropecuario.cl\/new\/#\/schema\/logo\/image\/\"},\"sameAs\":[\"https:\/\/www.facebook.com\/mundo.agropecuario.3\",\"https:\/\/x.com\/MundoAgropecuar\",\"https:\/\/www.linkedin.com\/in\/mundo-agropecuario-934009201\/\"]},{\"@type\":\"Person\",\"@id\":\"https:\/\/www.mundoagropecuario.cl\/new\/#\/schema\/person\/4e9f74a82a7dac260eb1c44b7eebeb18\",\"name\":\"mundo\",\"url\":\"https:\/\/www.mundoagropecuario.cl\/new\/author\/mundo\/\"}]}<\/script>\n<!-- \/ Yoast SEO plugin. -->","yoast_head_json":{"title":"Ganador del Oscar con Historia de un Oso comparti\u00f3 su experiencia con alumnos rurales - Mundoagropecuario","robots":{"index":"index","follow":"follow","max-snippet":"max-snippet:-1","max-image-preview":"max-image-preview:large","max-video-preview":"max-video-preview:-1"},"canonical":"https:\/\/www.mundoagropecuario.cl\/new\/ganador-del-oscar-con-historia-de-un-oso-compartio-su-experiencia-con-alumnos-rurales\/","og_locale":"es_ES","og_type":"article","og_title":"Ganador del Oscar con Historia de un Oso comparti\u00f3 su experiencia con alumnos rurales - Mundoagropecuario","og_description":"El ganador del Oscar, habl\u00f3 frente a una emocionada audiencia en el Liceo San Nicol\u00e1s y cont\u00f3 de la inspiraci\u00f3n para el cortometraje, basado en el exilio de su abuelo...","og_url":"https:\/\/www.mundoagropecuario.cl\/new\/ganador-del-oscar-con-historia-de-un-oso-compartio-su-experiencia-con-alumnos-rurales\/","og_site_name":"Mundoagropecuario","article_publisher":"https:\/\/www.facebook.com\/mundo.agropecuario.3","article_published_time":"2019-10-15T04:00:59+00:00","article_modified_time":"2019-10-15T14:23:51+00:00","og_image":[{"width":799,"height":533,"url":"https:\/\/www.mundoagropecuario.cl\/new\/wp-content\/uploads\/2019\/10\/unnamed.jpg","type":"image\/jpeg"}],"author":"mundo","twitter_card":"summary_large_image","twitter_creator":"@MundoAgropecuar","twitter_site":"@MundoAgropecuar","twitter_misc":{"Escrito por":"mundo","Tiempo de lectura":"4 minutos"},"schema":{"@context":"https:\/\/schema.org","@graph":[{"@type":"Article","@id":"https:\/\/www.mundoagropecuario.cl\/new\/ganador-del-oscar-con-historia-de-un-oso-compartio-su-experiencia-con-alumnos-rurales\/#article","isPartOf":{"@id":"https:\/\/www.mundoagropecuario.cl\/new\/ganador-del-oscar-con-historia-de-un-oso-compartio-su-experiencia-con-alumnos-rurales\/"},"author":{"name":"mundo","@id":"https:\/\/www.mundoagropecuario.cl\/new\/#\/schema\/person\/4e9f74a82a7dac260eb1c44b7eebeb18"},"headline":"Ganador del Oscar con Historia de un Oso comparti\u00f3 su experiencia con alumnos rurales","datePublished":"2019-10-15T04:00:59+00:00","dateModified":"2019-10-15T14:23:51+00:00","mainEntityOfPage":{"@id":"https:\/\/www.mundoagropecuario.cl\/new\/ganador-del-oscar-con-historia-de-un-oso-compartio-su-experiencia-con-alumnos-rurales\/"},"wordCount":755,"publisher":{"@id":"https:\/\/www.mundoagropecuario.cl\/new\/#organization"},"image":{"@id":"https:\/\/www.mundoagropecuario.cl\/new\/ganador-del-oscar-con-historia-de-un-oso-compartio-su-experiencia-con-alumnos-rurales\/#primaryimage"},"thumbnailUrl":"https:\/\/www.mundoagropecuario.cl\/new\/wp-content\/uploads\/2019\/10\/unnamed.jpg","keywords":["Agro","Fedefrutas"],"articleSection":["Educaci\u00f3n"],"inLanguage":"es"},{"@type":"WebPage","@id":"https:\/\/www.mundoagropecuario.cl\/new\/ganador-del-oscar-con-historia-de-un-oso-compartio-su-experiencia-con-alumnos-rurales\/","url":"https:\/\/www.mundoagropecuario.cl\/new\/ganador-del-oscar-con-historia-de-un-oso-compartio-su-experiencia-con-alumnos-rurales\/","name":"Ganador del Oscar con Historia de un Oso comparti\u00f3 su experiencia con alumnos rurales - Mundoagropecuario","isPartOf":{"@id":"https:\/\/www.mundoagropecuario.cl\/new\/#website"},"primaryImageOfPage":{"@id":"https:\/\/www.mundoagropecuario.cl\/new\/ganador-del-oscar-con-historia-de-un-oso-compartio-su-experiencia-con-alumnos-rurales\/#primaryimage"},"image":{"@id":"https:\/\/www.mundoagropecuario.cl\/new\/ganador-del-oscar-con-historia-de-un-oso-compartio-su-experiencia-con-alumnos-rurales\/#primaryimage"},"thumbnailUrl":"https:\/\/www.mundoagropecuario.cl\/new\/wp-content\/uploads\/2019\/10\/unnamed.jpg","datePublished":"2019-10-15T04:00:59+00:00","dateModified":"2019-10-15T14:23:51+00:00","breadcrumb":{"@id":"https:\/\/www.mundoagropecuario.cl\/new\/ganador-del-oscar-con-historia-de-un-oso-compartio-su-experiencia-con-alumnos-rurales\/#breadcrumb"},"inLanguage":"es","potentialAction":[{"@type":"ReadAction","target":["https:\/\/www.mundoagropecuario.cl\/new\/ganador-del-oscar-con-historia-de-un-oso-compartio-su-experiencia-con-alumnos-rurales\/"]}]},{"@type":"ImageObject","inLanguage":"es","@id":"https:\/\/www.mundoagropecuario.cl\/new\/ganador-del-oscar-con-historia-de-un-oso-compartio-su-experiencia-con-alumnos-rurales\/#primaryimage","url":"https:\/\/www.mundoagropecuario.cl\/new\/wp-content\/uploads\/2019\/10\/unnamed.jpg","contentUrl":"https:\/\/www.mundoagropecuario.cl\/new\/wp-content\/uploads\/2019\/10\/unnamed.jpg","width":600,"height":400},{"@type":"BreadcrumbList","@id":"https:\/\/www.mundoagropecuario.cl\/new\/ganador-del-oscar-con-historia-de-un-oso-compartio-su-experiencia-con-alumnos-rurales\/#breadcrumb","itemListElement":[{"@type":"ListItem","position":1,"name":"Portada","item":"https:\/\/www.mundoagropecuario.cl\/new\/"},{"@type":"ListItem","position":2,"name":"Ganador del Oscar con Historia de un Oso comparti\u00f3 su experiencia con alumnos rurales"}]},{"@type":"WebSite","@id":"https:\/\/www.mundoagropecuario.cl\/new\/#website","url":"https:\/\/www.mundoagropecuario.cl\/new\/","name":"Mundoagropecuario","description":"Mundo Agropecuario","publisher":{"@id":"https:\/\/www.mundoagropecuario.cl\/new\/#organization"},"potentialAction":[{"@type":"SearchAction","target":{"@type":"EntryPoint","urlTemplate":"https:\/\/www.mundoagropecuario.cl\/new\/?s={search_term_string}"},"query-input":{"@type":"PropertyValueSpecification","valueRequired":true,"valueName":"search_term_string"}}],"inLanguage":"es"},{"@type":"Organization","@id":"https:\/\/www.mundoagropecuario.cl\/new\/#organization","name":"Revista de Agricultura","url":"https:\/\/www.mundoagropecuario.cl\/new\/","logo":{"@type":"ImageObject","inLanguage":"es","@id":"https:\/\/www.mundoagropecuario.cl\/new\/#\/schema\/logo\/image\/","url":"https:\/\/www.mundoagropecuario.cl\/new\/wp-content\/uploads\/2020\/11\/PORTAL-1-1.png","contentUrl":"https:\/\/www.mundoagropecuario.cl\/new\/wp-content\/uploads\/2020\/11\/PORTAL-1-1.png","width":1026,"height":100,"caption":"Revista de Agricultura"},"image":{"@id":"https:\/\/www.mundoagropecuario.cl\/new\/#\/schema\/logo\/image\/"},"sameAs":["https:\/\/www.facebook.com\/mundo.agropecuario.3","https:\/\/x.com\/MundoAgropecuar","https:\/\/www.linkedin.com\/in\/mundo-agropecuario-934009201\/"]},{"@type":"Person","@id":"https:\/\/www.mundoagropecuario.cl\/new\/#\/schema\/person\/4e9f74a82a7dac260eb1c44b7eebeb18","name":"mundo","url":"https:\/\/www.mundoagropecuario.cl\/new\/author\/mundo\/"}]}},"_links":{"self":[{"href":"https:\/\/www.mundoagropecuario.cl\/new\/wp-json\/wp\/v2\/posts\/14406","targetHints":{"allow":["GET"]}}],"collection":[{"href":"https:\/\/www.mundoagropecuario.cl\/new\/wp-json\/wp\/v2\/posts"}],"about":[{"href":"https:\/\/www.mundoagropecuario.cl\/new\/wp-json\/wp\/v2\/types\/post"}],"author":[{"embeddable":true,"href":"https:\/\/www.mundoagropecuario.cl\/new\/wp-json\/wp\/v2\/users\/2"}],"replies":[{"embeddable":true,"href":"https:\/\/www.mundoagropecuario.cl\/new\/wp-json\/wp\/v2\/comments?post=14406"}],"version-history":[{"count":1,"href":"https:\/\/www.mundoagropecuario.cl\/new\/wp-json\/wp\/v2\/posts\/14406\/revisions"}],"predecessor-version":[{"id":14408,"href":"https:\/\/www.mundoagropecuario.cl\/new\/wp-json\/wp\/v2\/posts\/14406\/revisions\/14408"}],"wp:featuredmedia":[{"embeddable":true,"href":"https:\/\/www.mundoagropecuario.cl\/new\/wp-json\/wp\/v2\/media\/14407"}],"wp:attachment":[{"href":"https:\/\/www.mundoagropecuario.cl\/new\/wp-json\/wp\/v2\/media?parent=14406"}],"wp:term":[{"taxonomy":"category","embeddable":true,"href":"https:\/\/www.mundoagropecuario.cl\/new\/wp-json\/wp\/v2\/categories?post=14406"},{"taxonomy":"post_tag","embeddable":true,"href":"https:\/\/www.mundoagropecuario.cl\/new\/wp-json\/wp\/v2\/tags?post=14406"}],"curies":[{"name":"wp","href":"https:\/\/api.w.org\/{rel}","templated":true}]}}