{"id":14352,"date":"2019-10-11T01:00:57","date_gmt":"2019-10-11T04:00:57","guid":{"rendered":"http:\/\/www.mundoagropecuario.cl\/new\/?p=14352"},"modified":"2019-10-14T10:50:46","modified_gmt":"2019-10-14T13:50:46","slug":"presidente-pinera-inaugura-iii-gabinete-binacional-chile-peru","status":"publish","type":"post","link":"https:\/\/www.mundoagropecuario.cl\/new\/presidente-pinera-inaugura-iii-gabinete-binacional-chile-peru\/","title":{"rendered":"Presidente Pi\u00f1era inaugura III Gabinete Binacional Chile-Per\u00fa"},"content":{"rendered":"\n<ul class=\"wp-block-gallery columns-0 is-cropped wp-block-gallery-1 is-layout-flex wp-block-gallery-is-layout-flex\"><\/ul>\n\n\n\n<p class=\"has-medium-font-size\"><em>El Mandatario lleg\u00f3 este jueves a Per\u00fa para participar del encuentro que re\u00fane a l\u00edderes, Ministros de Estado y funcionarios, donde se priorizan temas de mayor relevancia para las dos naciones (Mundo Agropecuario).<\/em><\/p>\n\n\n\n<p>El Presidente Sebasti\u00e1n Pi\u00f1era junto al Mandatario de Per\u00fa, Mart\u00edn Vizcarra, inaugur\u00f3 este jueves el III Gabinete Binacional entre ambos pa\u00edses en Paracas, Per\u00fa, donde destac\u00f3 la importancia de avanzar pese a las dificultades econ\u00f3micas por la guerra comercial y llam\u00f3 a seguir fortaleciendo la Alianza del Pac\u00edfico y el foro de PROSUR.<\/p>\n\n\n\n<p>\u201cPer\u00fa y Chile tenemos que hacer un gran esfuerzo de marcar el rumbo, de tratar ser un faro o una gu\u00eda en tiempos dif\u00edciles\u201d, dijo el Mandatario en la ocasi\u00f3n, a la que tambi\u00e9n asistieron los ministros de Relaciones Exteriores, Teodoro Ribera; de Defensa, Alberto Espina; de Agricultura, Antonio Walker; de Energ\u00eda, Juan Carlos Jobet; de Cultura, Consuelo Vald\u00e9s; y de Transportes y Telecomunicaciones, Gloria Hutt.<\/p>\n\n\n\n<p>En el encuentro, el Mandatario se\u00f1al\u00f3 que se busca avanzar en m\u00e1s compromisos y que se firmar\u00e1n documentos en torno a cinco ejes: asuntos sociales y cultura para la integraci\u00f3n; seguridad y defensa; comercio exterior; medioambiente; y desarrollo e integraci\u00f3n fronteriza.<\/p>\n\n\n\n<p>Adem\u00e1s, agreg\u00f3 que los Gobiernos tienen que estar atentos a los cambios y deben prepararse para ellos para lograr el desarrollo.<\/p>\n\n\n\n<p>\u201cPocas veces los pa\u00edses, los Gobiernos, los Presidentes han enfrentado tantos desaf\u00edos, pero pocas veces hemos tenido tantas oportunidades y tantos instrumentos para enfrentarlos bien\u201d, concluy\u00f3 el Mandatario.<\/p>\n\n\n\n<p>Por su parte, el Ministro de Agricultura, Antonio Walker destac\u00f3 el trabajo binacional entre Chile y Per\u00fa, sobre todo porque \u201cnuestros pa\u00edses tienen muchas cosas en com\u00fan, por lo que debemos trabajar en conjunto en temas como riego, temas forestales, Agricultura Familiar campesina, certificaci\u00f3n org\u00e1nica y pol\u00edticas agrarias\u201d.<\/p>\n\n\n\n<p>En julio de 2017 se realiz\u00f3 el I Gabinete Binacional Chile-Per\u00fa en Lima, donde se suscribi\u00f3 una declaraci\u00f3n conjunta y se acord\u00f3 trabajar en 119 proyectos de distintos \u00e1mbitos.&nbsp; En noviembre de 2018 se realiz\u00f3 el segundo encuentro en Chile, donde se firmaron 14 acuerdos y se establecieron 163 compromisos presidenciales y ministeriales.&nbsp;<\/p>\n","protected":false},"excerpt":{"rendered":"<p>El Mandatario lleg\u00f3 este jueves a Per\u00fa para participar del encuentro que re\u00fane a l\u00edderes, Ministros de Estado y funcionarios, donde se priorizan temas de mayor relevancia para las dos&#8230;<\/p>\n","protected":false},"author":2,"featured_media":14353,"comment_status":"closed","ping_status":"closed","sticky":false,"template":"","format":"standard","meta":{"footnotes":""},"categories":[1987],"tags":[2090,3127,4351,2293,2448,3920],"class_list":["post-14352","post","type-post","status-publish","format-standard","has-post-thumbnail","hentry","category-instituciones","tag-agricultura","tag-agro","tag-gabinete-binacional-chile-peru","tag-ministro-de-agricultura","tag-ministro-walker","tag-presidente-pinera"],"yoast_head":"<!-- This site is optimized with the Yoast SEO plugin v26.6 - https:\/\/yoast.com\/wordpress\/plugins\/seo\/ -->\n<title>Presidente Pi\u00f1era inaugura III Gabinete Binacional Chile-Per\u00fa - Mundoagropecuario<\/title>\n<meta name=\"robots\" content=\"index, follow, max-snippet:-1, max-image-preview:large, max-video-preview:-1\" \/>\n<link rel=\"canonical\" href=\"https:\/\/www.mundoagropecuario.cl\/new\/presidente-pinera-inaugura-iii-gabinete-binacional-chile-peru\/\" \/>\n<meta property=\"og:locale\" content=\"es_ES\" \/>\n<meta property=\"og:type\" content=\"article\" \/>\n<meta property=\"og:title\" content=\"Presidente Pi\u00f1era inaugura III Gabinete Binacional Chile-Per\u00fa - Mundoagropecuario\" \/>\n<meta property=\"og:description\" content=\"El Mandatario lleg\u00f3 este jueves a Per\u00fa para participar del encuentro que re\u00fane a l\u00edderes, Ministros de Estado y funcionarios, donde se priorizan temas de mayor relevancia para las dos...\" \/>\n<meta property=\"og:url\" content=\"https:\/\/www.mundoagropecuario.cl\/new\/presidente-pinera-inaugura-iii-gabinete-binacional-chile-peru\/\" \/>\n<meta property=\"og:site_name\" content=\"Mundoagropecuario\" \/>\n<meta property=\"article:publisher\" content=\"https:\/\/www.facebook.com\/mundo.agropecuario.3\" \/>\n<meta property=\"article:published_time\" content=\"2019-10-11T04:00:57+00:00\" \/>\n<meta property=\"article:modified_time\" content=\"2019-10-14T13:50:46+00:00\" \/>\n<meta property=\"og:image\" content=\"https:\/\/www.mundoagropecuario.cl\/new\/wp-content\/uploads\/2019\/10\/image.png\" \/>\n\t<meta property=\"og:image:width\" content=\"675\" \/>\n\t<meta property=\"og:image:height\" content=\"506\" \/>\n\t<meta property=\"og:image:type\" content=\"image\/png\" \/>\n<meta name=\"author\" content=\"mundo\" \/>\n<meta name=\"twitter:card\" content=\"summary_large_image\" \/>\n<meta name=\"twitter:creator\" content=\"@MundoAgropecuar\" \/>\n<meta name=\"twitter:site\" content=\"@MundoAgropecuar\" \/>\n<meta name=\"twitter:label1\" content=\"Escrito por\" \/>\n\t<meta name=\"twitter:data1\" content=\"mundo\" \/>\n\t<meta name=\"twitter:label2\" content=\"Tiempo de lectura\" \/>\n\t<meta name=\"twitter:data2\" content=\"2 minutos\" \/>\n<script type=\"application\/ld+json\" class=\"yoast-schema-graph\">{\"@context\":\"https:\/\/schema.org\",\"@graph\":[{\"@type\":\"Article\",\"@id\":\"https:\/\/www.mundoagropecuario.cl\/new\/presidente-pinera-inaugura-iii-gabinete-binacional-chile-peru\/#article\",\"isPartOf\":{\"@id\":\"https:\/\/www.mundoagropecuario.cl\/new\/presidente-pinera-inaugura-iii-gabinete-binacional-chile-peru\/\"},\"author\":{\"name\":\"mundo\",\"@id\":\"https:\/\/www.mundoagropecuario.cl\/new\/#\/schema\/person\/4e9f74a82a7dac260eb1c44b7eebeb18\"},\"headline\":\"Presidente Pi\u00f1era inaugura III Gabinete Binacional Chile-Per\u00fa\",\"datePublished\":\"2019-10-11T04:00:57+00:00\",\"dateModified\":\"2019-10-14T13:50:46+00:00\",\"mainEntityOfPage\":{\"@id\":\"https:\/\/www.mundoagropecuario.cl\/new\/presidente-pinera-inaugura-iii-gabinete-binacional-chile-peru\/\"},\"wordCount\":376,\"publisher\":{\"@id\":\"https:\/\/www.mundoagropecuario.cl\/new\/#organization\"},\"image\":{\"@id\":\"https:\/\/www.mundoagropecuario.cl\/new\/presidente-pinera-inaugura-iii-gabinete-binacional-chile-peru\/#primaryimage\"},\"thumbnailUrl\":\"https:\/\/www.mundoagropecuario.cl\/new\/wp-content\/uploads\/2019\/10\/image.png\",\"keywords\":[\"Agricultura\",\"Agro\",\"Gabinete Binacional Chile-Per\u00fa\",\"Ministro de Agricultura\",\"Ministro Walker\",\"Presidente Pi\u00f1era\"],\"articleSection\":[\"Instituciones\"],\"inLanguage\":\"es\"},{\"@type\":\"WebPage\",\"@id\":\"https:\/\/www.mundoagropecuario.cl\/new\/presidente-pinera-inaugura-iii-gabinete-binacional-chile-peru\/\",\"url\":\"https:\/\/www.mundoagropecuario.cl\/new\/presidente-pinera-inaugura-iii-gabinete-binacional-chile-peru\/\",\"name\":\"Presidente Pi\u00f1era inaugura III Gabinete Binacional Chile-Per\u00fa - Mundoagropecuario\",\"isPartOf\":{\"@id\":\"https:\/\/www.mundoagropecuario.cl\/new\/#website\"},\"primaryImageOfPage\":{\"@id\":\"https:\/\/www.mundoagropecuario.cl\/new\/presidente-pinera-inaugura-iii-gabinete-binacional-chile-peru\/#primaryimage\"},\"image\":{\"@id\":\"https:\/\/www.mundoagropecuario.cl\/new\/presidente-pinera-inaugura-iii-gabinete-binacional-chile-peru\/#primaryimage\"},\"thumbnailUrl\":\"https:\/\/www.mundoagropecuario.cl\/new\/wp-content\/uploads\/2019\/10\/image.png\",\"datePublished\":\"2019-10-11T04:00:57+00:00\",\"dateModified\":\"2019-10-14T13:50:46+00:00\",\"breadcrumb\":{\"@id\":\"https:\/\/www.mundoagropecuario.cl\/new\/presidente-pinera-inaugura-iii-gabinete-binacional-chile-peru\/#breadcrumb\"},\"inLanguage\":\"es\",\"potentialAction\":[{\"@type\":\"ReadAction\",\"target\":[\"https:\/\/www.mundoagropecuario.cl\/new\/presidente-pinera-inaugura-iii-gabinete-binacional-chile-peru\/\"]}]},{\"@type\":\"ImageObject\",\"inLanguage\":\"es\",\"@id\":\"https:\/\/www.mundoagropecuario.cl\/new\/presidente-pinera-inaugura-iii-gabinete-binacional-chile-peru\/#primaryimage\",\"url\":\"https:\/\/www.mundoagropecuario.cl\/new\/wp-content\/uploads\/2019\/10\/image.png\",\"contentUrl\":\"https:\/\/www.mundoagropecuario.cl\/new\/wp-content\/uploads\/2019\/10\/image.png\",\"width\":534,\"height\":400},{\"@type\":\"BreadcrumbList\",\"@id\":\"https:\/\/www.mundoagropecuario.cl\/new\/presidente-pinera-inaugura-iii-gabinete-binacional-chile-peru\/#breadcrumb\",\"itemListElement\":[{\"@type\":\"ListItem\",\"position\":1,\"name\":\"Portada\",\"item\":\"https:\/\/www.mundoagropecuario.cl\/new\/\"},{\"@type\":\"ListItem\",\"position\":2,\"name\":\"Presidente Pi\u00f1era inaugura III Gabinete Binacional Chile-Per\u00fa\"}]},{\"@type\":\"WebSite\",\"@id\":\"https:\/\/www.mundoagropecuario.cl\/new\/#website\",\"url\":\"https:\/\/www.mundoagropecuario.cl\/new\/\",\"name\":\"Mundoagropecuario\",\"description\":\"Mundo Agropecuario\",\"publisher\":{\"@id\":\"https:\/\/www.mundoagropecuario.cl\/new\/#organization\"},\"potentialAction\":[{\"@type\":\"SearchAction\",\"target\":{\"@type\":\"EntryPoint\",\"urlTemplate\":\"https:\/\/www.mundoagropecuario.cl\/new\/?s={search_term_string}\"},\"query-input\":{\"@type\":\"PropertyValueSpecification\",\"valueRequired\":true,\"valueName\":\"search_term_string\"}}],\"inLanguage\":\"es\"},{\"@type\":\"Organization\",\"@id\":\"https:\/\/www.mundoagropecuario.cl\/new\/#organization\",\"name\":\"Revista de Agricultura\",\"url\":\"https:\/\/www.mundoagropecuario.cl\/new\/\",\"logo\":{\"@type\":\"ImageObject\",\"inLanguage\":\"es\",\"@id\":\"https:\/\/www.mundoagropecuario.cl\/new\/#\/schema\/logo\/image\/\",\"url\":\"https:\/\/www.mundoagropecuario.cl\/new\/wp-content\/uploads\/2020\/11\/PORTAL-1-1.png\",\"contentUrl\":\"https:\/\/www.mundoagropecuario.cl\/new\/wp-content\/uploads\/2020\/11\/PORTAL-1-1.png\",\"width\":1026,\"height\":100,\"caption\":\"Revista de Agricultura\"},\"image\":{\"@id\":\"https:\/\/www.mundoagropecuario.cl\/new\/#\/schema\/logo\/image\/\"},\"sameAs\":[\"https:\/\/www.facebook.com\/mundo.agropecuario.3\",\"https:\/\/x.com\/MundoAgropecuar\",\"https:\/\/www.linkedin.com\/in\/mundo-agropecuario-934009201\/\"]},{\"@type\":\"Person\",\"@id\":\"https:\/\/www.mundoagropecuario.cl\/new\/#\/schema\/person\/4e9f74a82a7dac260eb1c44b7eebeb18\",\"name\":\"mundo\",\"url\":\"https:\/\/www.mundoagropecuario.cl\/new\/author\/mundo\/\"}]}<\/script>\n<!-- \/ Yoast SEO plugin. -->","yoast_head_json":{"title":"Presidente Pi\u00f1era inaugura III Gabinete Binacional Chile-Per\u00fa - Mundoagropecuario","robots":{"index":"index","follow":"follow","max-snippet":"max-snippet:-1","max-image-preview":"max-image-preview:large","max-video-preview":"max-video-preview:-1"},"canonical":"https:\/\/www.mundoagropecuario.cl\/new\/presidente-pinera-inaugura-iii-gabinete-binacional-chile-peru\/","og_locale":"es_ES","og_type":"article","og_title":"Presidente Pi\u00f1era inaugura III Gabinete Binacional Chile-Per\u00fa - Mundoagropecuario","og_description":"El Mandatario lleg\u00f3 este jueves a Per\u00fa para participar del encuentro que re\u00fane a l\u00edderes, Ministros de Estado y funcionarios, donde se priorizan temas de mayor relevancia para las dos...","og_url":"https:\/\/www.mundoagropecuario.cl\/new\/presidente-pinera-inaugura-iii-gabinete-binacional-chile-peru\/","og_site_name":"Mundoagropecuario","article_publisher":"https:\/\/www.facebook.com\/mundo.agropecuario.3","article_published_time":"2019-10-11T04:00:57+00:00","article_modified_time":"2019-10-14T13:50:46+00:00","og_image":[{"width":675,"height":506,"url":"https:\/\/www.mundoagropecuario.cl\/new\/wp-content\/uploads\/2019\/10\/image.png","type":"image\/png"}],"author":"mundo","twitter_card":"summary_large_image","twitter_creator":"@MundoAgropecuar","twitter_site":"@MundoAgropecuar","twitter_misc":{"Escrito por":"mundo","Tiempo de lectura":"2 minutos"},"schema":{"@context":"https:\/\/schema.org","@graph":[{"@type":"Article","@id":"https:\/\/www.mundoagropecuario.cl\/new\/presidente-pinera-inaugura-iii-gabinete-binacional-chile-peru\/#article","isPartOf":{"@id":"https:\/\/www.mundoagropecuario.cl\/new\/presidente-pinera-inaugura-iii-gabinete-binacional-chile-peru\/"},"author":{"name":"mundo","@id":"https:\/\/www.mundoagropecuario.cl\/new\/#\/schema\/person\/4e9f74a82a7dac260eb1c44b7eebeb18"},"headline":"Presidente Pi\u00f1era inaugura III Gabinete Binacional Chile-Per\u00fa","datePublished":"2019-10-11T04:00:57+00:00","dateModified":"2019-10-14T13:50:46+00:00","mainEntityOfPage":{"@id":"https:\/\/www.mundoagropecuario.cl\/new\/presidente-pinera-inaugura-iii-gabinete-binacional-chile-peru\/"},"wordCount":376,"publisher":{"@id":"https:\/\/www.mundoagropecuario.cl\/new\/#organization"},"image":{"@id":"https:\/\/www.mundoagropecuario.cl\/new\/presidente-pinera-inaugura-iii-gabinete-binacional-chile-peru\/#primaryimage"},"thumbnailUrl":"https:\/\/www.mundoagropecuario.cl\/new\/wp-content\/uploads\/2019\/10\/image.png","keywords":["Agricultura","Agro","Gabinete Binacional Chile-Per\u00fa","Ministro de Agricultura","Ministro Walker","Presidente Pi\u00f1era"],"articleSection":["Instituciones"],"inLanguage":"es"},{"@type":"WebPage","@id":"https:\/\/www.mundoagropecuario.cl\/new\/presidente-pinera-inaugura-iii-gabinete-binacional-chile-peru\/","url":"https:\/\/www.mundoagropecuario.cl\/new\/presidente-pinera-inaugura-iii-gabinete-binacional-chile-peru\/","name":"Presidente Pi\u00f1era inaugura III Gabinete Binacional Chile-Per\u00fa - Mundoagropecuario","isPartOf":{"@id":"https:\/\/www.mundoagropecuario.cl\/new\/#website"},"primaryImageOfPage":{"@id":"https:\/\/www.mundoagropecuario.cl\/new\/presidente-pinera-inaugura-iii-gabinete-binacional-chile-peru\/#primaryimage"},"image":{"@id":"https:\/\/www.mundoagropecuario.cl\/new\/presidente-pinera-inaugura-iii-gabinete-binacional-chile-peru\/#primaryimage"},"thumbnailUrl":"https:\/\/www.mundoagropecuario.cl\/new\/wp-content\/uploads\/2019\/10\/image.png","datePublished":"2019-10-11T04:00:57+00:00","dateModified":"2019-10-14T13:50:46+00:00","breadcrumb":{"@id":"https:\/\/www.mundoagropecuario.cl\/new\/presidente-pinera-inaugura-iii-gabinete-binacional-chile-peru\/#breadcrumb"},"inLanguage":"es","potentialAction":[{"@type":"ReadAction","target":["https:\/\/www.mundoagropecuario.cl\/new\/presidente-pinera-inaugura-iii-gabinete-binacional-chile-peru\/"]}]},{"@type":"ImageObject","inLanguage":"es","@id":"https:\/\/www.mundoagropecuario.cl\/new\/presidente-pinera-inaugura-iii-gabinete-binacional-chile-peru\/#primaryimage","url":"https:\/\/www.mundoagropecuario.cl\/new\/wp-content\/uploads\/2019\/10\/image.png","contentUrl":"https:\/\/www.mundoagropecuario.cl\/new\/wp-content\/uploads\/2019\/10\/image.png","width":534,"height":400},{"@type":"BreadcrumbList","@id":"https:\/\/www.mundoagropecuario.cl\/new\/presidente-pinera-inaugura-iii-gabinete-binacional-chile-peru\/#breadcrumb","itemListElement":[{"@type":"ListItem","position":1,"name":"Portada","item":"https:\/\/www.mundoagropecuario.cl\/new\/"},{"@type":"ListItem","position":2,"name":"Presidente Pi\u00f1era inaugura III Gabinete Binacional Chile-Per\u00fa"}]},{"@type":"WebSite","@id":"https:\/\/www.mundoagropecuario.cl\/new\/#website","url":"https:\/\/www.mundoagropecuario.cl\/new\/","name":"Mundoagropecuario","description":"Mundo Agropecuario","publisher":{"@id":"https:\/\/www.mundoagropecuario.cl\/new\/#organization"},"potentialAction":[{"@type":"SearchAction","target":{"@type":"EntryPoint","urlTemplate":"https:\/\/www.mundoagropecuario.cl\/new\/?s={search_term_string}"},"query-input":{"@type":"PropertyValueSpecification","valueRequired":true,"valueName":"search_term_string"}}],"inLanguage":"es"},{"@type":"Organization","@id":"https:\/\/www.mundoagropecuario.cl\/new\/#organization","name":"Revista de Agricultura","url":"https:\/\/www.mundoagropecuario.cl\/new\/","logo":{"@type":"ImageObject","inLanguage":"es","@id":"https:\/\/www.mundoagropecuario.cl\/new\/#\/schema\/logo\/image\/","url":"https:\/\/www.mundoagropecuario.cl\/new\/wp-content\/uploads\/2020\/11\/PORTAL-1-1.png","contentUrl":"https:\/\/www.mundoagropecuario.cl\/new\/wp-content\/uploads\/2020\/11\/PORTAL-1-1.png","width":1026,"height":100,"caption":"Revista de Agricultura"},"image":{"@id":"https:\/\/www.mundoagropecuario.cl\/new\/#\/schema\/logo\/image\/"},"sameAs":["https:\/\/www.facebook.com\/mundo.agropecuario.3","https:\/\/x.com\/MundoAgropecuar","https:\/\/www.linkedin.com\/in\/mundo-agropecuario-934009201\/"]},{"@type":"Person","@id":"https:\/\/www.mundoagropecuario.cl\/new\/#\/schema\/person\/4e9f74a82a7dac260eb1c44b7eebeb18","name":"mundo","url":"https:\/\/www.mundoagropecuario.cl\/new\/author\/mundo\/"}]}},"_links":{"self":[{"href":"https:\/\/www.mundoagropecuario.cl\/new\/wp-json\/wp\/v2\/posts\/14352","targetHints":{"allow":["GET"]}}],"collection":[{"href":"https:\/\/www.mundoagropecuario.cl\/new\/wp-json\/wp\/v2\/posts"}],"about":[{"href":"https:\/\/www.mundoagropecuario.cl\/new\/wp-json\/wp\/v2\/types\/post"}],"author":[{"embeddable":true,"href":"https:\/\/www.mundoagropecuario.cl\/new\/wp-json\/wp\/v2\/users\/2"}],"replies":[{"embeddable":true,"href":"https:\/\/www.mundoagropecuario.cl\/new\/wp-json\/wp\/v2\/comments?post=14352"}],"version-history":[{"count":1,"href":"https:\/\/www.mundoagropecuario.cl\/new\/wp-json\/wp\/v2\/posts\/14352\/revisions"}],"predecessor-version":[{"id":14354,"href":"https:\/\/www.mundoagropecuario.cl\/new\/wp-json\/wp\/v2\/posts\/14352\/revisions\/14354"}],"wp:featuredmedia":[{"embeddable":true,"href":"https:\/\/www.mundoagropecuario.cl\/new\/wp-json\/wp\/v2\/media\/14353"}],"wp:attachment":[{"href":"https:\/\/www.mundoagropecuario.cl\/new\/wp-json\/wp\/v2\/media?parent=14352"}],"wp:term":[{"taxonomy":"category","embeddable":true,"href":"https:\/\/www.mundoagropecuario.cl\/new\/wp-json\/wp\/v2\/categories?post=14352"},{"taxonomy":"post_tag","embeddable":true,"href":"https:\/\/www.mundoagropecuario.cl\/new\/wp-json\/wp\/v2\/tags?post=14352"}],"curies":[{"name":"wp","href":"https:\/\/api.w.org\/{rel}","templated":true}]}}