{"id":14349,"date":"2019-10-11T01:00:29","date_gmt":"2019-10-11T04:00:29","guid":{"rendered":"http:\/\/www.mundoagropecuario.cl\/new\/?p=14349"},"modified":"2019-10-10T18:56:13","modified_gmt":"2019-10-10T21:56:13","slug":"cnr-lanza-nuevo-concurso-para-obras-medianas-en-regiones-afectadas-por-emergencia-agricola","status":"publish","type":"post","link":"https:\/\/www.mundoagropecuario.cl\/new\/cnr-lanza-nuevo-concurso-para-obras-medianas-en-regiones-afectadas-por-emergencia-agricola\/","title":{"rendered":"CNR lanza nuevo concurso para obras medianas en regiones afectadas por Emergencia Agr\u00edcola"},"content":{"rendered":"\n<ul class=\"wp-block-gallery columns-0 is-cropped wp-block-gallery-1 is-layout-flex wp-block-gallery-is-layout-flex\"><\/ul>\n\n\n\n<p class=\"has-medium-font-size\"><em>Este llamado, que para los regantes del Norte Chico contempla recursos por m\u00e1s de $5.000 millones, est\u00e1 dirigido a proyectos no seleccionados de organizaciones de peque\u00f1os usuarios INDAP y organizaciones que est\u00e1n constituidas o en v\u00edas de constituci\u00f3n (Mundo Agropecuario).<\/em><\/p>\n\n\n\n<p>Recursos adicionales para apoyar a los regantes en la ejecuci\u00f3n de obras medianas que les permitan optimizar el agua, ha dispuesto la Comisi\u00f3n Nacional de Riego (CNR) mediante el concurso 54-2019 \u201cConcurso proyectos No Seleccionados para las regiones de \u00d1uble y Biob\u00edo y las regiones afectadas por la Emergencia Agr\u00edcola en Atacama, Coquimbo, Valpara\u00edso, O\u2019Higgins y Maule\u201d, llamado que para el Norte Chico supera los $5.000 millones.<\/p>\n\n\n\n<p>Estos proyectos deber\u00e1n ser presentados por organizaciones de peque\u00f1os usuarios INDAP y organizaciones de usuarios, constituidas o en v\u00edas de constituci\u00f3n.<\/p>\n\n\n\n<p>El Coordinador Zonal Norte Chico de la CNR, Halid Daud, se\u00f1al\u00f3 que \u201cpara la regi\u00f3n de Coquimbo, tenemos $4.500 millones y para Atacama otros $600 millones. Este incremento de recursos frescos va de la mano con el apoyo a las regiones que hoy d\u00eda est\u00e1n siendo afectadas por la emergencia agr\u00edcola por d\u00e9ficit h\u00eddrico, y el Presidente Sebasti\u00e1n Pi\u00f1era ha querido apoyar mediante la reactivaci\u00f3n econ\u00f3mica poniendo a Chile en marcha\u201d.<\/p>\n\n\n\n<p>\u201cNecesitamos cuidar el agua y estas obras vienen a dar un nuevo impulso, permiten resguardar el recurso h\u00eddrico a trav\u00e9s de los revestimientos, principalmente, que van a permitirles recuperar el agua\u201d, agreg\u00f3.<\/p>\n\n\n\n<p>Sobre este llamado, el Seremi de Agricultura de la regi\u00f3n de Atacama, Patricio Araya, indic\u00f3 que \u201cAtacama es una de las regiones que est\u00e1 afectada con esta situaci\u00f3n de emergencia agr\u00edcola, donde la Comisi\u00f3n Nacional de Riego ha destinado nuevos recursos, $600 millones para aquellos proyectos no seleccionados que est\u00e1n aprobados t\u00e9cnica y legalmente. Hemos estado difundiendo este llamado para que los consultores presenten los proyectos de las organizaciones y accedan a los recursos que tanto necesitan\u201d.<\/p>\n\n\n\n<p>En tanto, el Seremi de Agricultura de la regi\u00f3n de Coquimbo, Rodrigo \u00d3rdenes, destac\u00f3 que \u201cconsiderando la situaci\u00f3n de emergencia agr\u00edcola debido a la escasez h\u00eddrica y la sequ\u00eda que nos est\u00e1 afectando, es que a trav\u00e9s de la Comisi\u00f3n Nacional de Riego, el Ministerio de Agricultura est\u00e1 entregando otros $4.500 millones mediante este concurso para los proyectos No Seleccionados donde hacemos un llamado a nuestros agricultores usuarios de INDAP, no INDAP y aquellas organizaciones postular a estas instancias porque es un beneficio que se est\u00e1 otorgando para poder ejecutar lo m\u00e1s r\u00e1pido posible e ir en apoyo de nuestros peque\u00f1os agricultores\u201d.<\/p>\n\n\n\n<p>Las postulaciones deben realizarse \u00fanicamente en forma electr\u00f3nica a trav\u00e9s de la p\u00e1gina de la CNR, www.cnr.gob.cl&nbsp;&nbsp;hasta el 15 de octubre de 2019.<\/p>\n","protected":false},"excerpt":{"rendered":"<p>Este llamado, que para los regantes del Norte Chico contempla recursos por m\u00e1s de $5.000 millones, est\u00e1 dirigido a proyectos no seleccionados de organizaciones de peque\u00f1os usuarios INDAP y organizaciones&#8230;<\/p>\n","protected":false},"author":2,"featured_media":14350,"comment_status":"closed","ping_status":"closed","sticky":false,"template":"","format":"standard","meta":{"footnotes":""},"categories":[1945],"tags":[2090,3127,2084,4127],"class_list":["post-14349","post","type-post","status-publish","format-standard","has-post-thumbnail","hentry","category-agricultura","tag-agricultura","tag-agro","tag-cnr","tag-emergencia-agricola"],"yoast_head":"<!-- This site is optimized with the Yoast SEO plugin v26.6 - https:\/\/yoast.com\/wordpress\/plugins\/seo\/ -->\n<title>CNR lanza nuevo concurso para obras medianas en regiones afectadas por Emergencia Agr\u00edcola - Mundoagropecuario<\/title>\n<meta name=\"robots\" content=\"index, follow, max-snippet:-1, max-image-preview:large, max-video-preview:-1\" \/>\n<link rel=\"canonical\" href=\"https:\/\/www.mundoagropecuario.cl\/new\/cnr-lanza-nuevo-concurso-para-obras-medianas-en-regiones-afectadas-por-emergencia-agricola\/\" \/>\n<meta property=\"og:locale\" content=\"es_ES\" \/>\n<meta property=\"og:type\" content=\"article\" \/>\n<meta property=\"og:title\" content=\"CNR lanza nuevo concurso para obras medianas en regiones afectadas por Emergencia Agr\u00edcola - Mundoagropecuario\" \/>\n<meta property=\"og:description\" content=\"Este llamado, que para los regantes del Norte Chico contempla recursos por m\u00e1s de $5.000 millones, est\u00e1 dirigido a proyectos no seleccionados de organizaciones de peque\u00f1os usuarios INDAP y organizaciones...\" \/>\n<meta property=\"og:url\" content=\"https:\/\/www.mundoagropecuario.cl\/new\/cnr-lanza-nuevo-concurso-para-obras-medianas-en-regiones-afectadas-por-emergencia-agricola\/\" \/>\n<meta property=\"og:site_name\" content=\"Mundoagropecuario\" \/>\n<meta property=\"article:publisher\" content=\"https:\/\/www.facebook.com\/mundo.agropecuario.3\" \/>\n<meta property=\"article:published_time\" content=\"2019-10-11T04:00:29+00:00\" \/>\n<meta property=\"og:image\" content=\"https:\/\/www.mundoagropecuario.cl\/new\/wp-content\/uploads\/2019\/10\/Obras-medianas-2.jpg\" \/>\n\t<meta property=\"og:image:width\" content=\"1024\" \/>\n\t<meta property=\"og:image:height\" content=\"768\" \/>\n\t<meta property=\"og:image:type\" content=\"image\/jpeg\" \/>\n<meta name=\"author\" content=\"mundo\" \/>\n<meta name=\"twitter:card\" content=\"summary_large_image\" \/>\n<meta name=\"twitter:creator\" content=\"@MundoAgropecuar\" \/>\n<meta name=\"twitter:site\" content=\"@MundoAgropecuar\" \/>\n<meta name=\"twitter:label1\" content=\"Escrito por\" \/>\n\t<meta name=\"twitter:data1\" content=\"mundo\" \/>\n\t<meta name=\"twitter:label2\" content=\"Tiempo de lectura\" \/>\n\t<meta name=\"twitter:data2\" content=\"2 minutos\" \/>\n<script type=\"application\/ld+json\" class=\"yoast-schema-graph\">{\"@context\":\"https:\/\/schema.org\",\"@graph\":[{\"@type\":\"Article\",\"@id\":\"https:\/\/www.mundoagropecuario.cl\/new\/cnr-lanza-nuevo-concurso-para-obras-medianas-en-regiones-afectadas-por-emergencia-agricola\/#article\",\"isPartOf\":{\"@id\":\"https:\/\/www.mundoagropecuario.cl\/new\/cnr-lanza-nuevo-concurso-para-obras-medianas-en-regiones-afectadas-por-emergencia-agricola\/\"},\"author\":{\"name\":\"mundo\",\"@id\":\"https:\/\/www.mundoagropecuario.cl\/new\/#\/schema\/person\/4e9f74a82a7dac260eb1c44b7eebeb18\"},\"headline\":\"CNR lanza nuevo concurso para obras medianas en regiones afectadas por Emergencia Agr\u00edcola\",\"datePublished\":\"2019-10-11T04:00:29+00:00\",\"mainEntityOfPage\":{\"@id\":\"https:\/\/www.mundoagropecuario.cl\/new\/cnr-lanza-nuevo-concurso-para-obras-medianas-en-regiones-afectadas-por-emergencia-agricola\/\"},\"wordCount\":492,\"publisher\":{\"@id\":\"https:\/\/www.mundoagropecuario.cl\/new\/#organization\"},\"image\":{\"@id\":\"https:\/\/www.mundoagropecuario.cl\/new\/cnr-lanza-nuevo-concurso-para-obras-medianas-en-regiones-afectadas-por-emergencia-agricola\/#primaryimage\"},\"thumbnailUrl\":\"https:\/\/www.mundoagropecuario.cl\/new\/wp-content\/uploads\/2019\/10\/Obras-medianas-2.jpg\",\"keywords\":[\"Agricultura\",\"Agro\",\"CNR\",\"emergencia agr\u00edcola\"],\"articleSection\":[\"Agricultura\"],\"inLanguage\":\"es\"},{\"@type\":\"WebPage\",\"@id\":\"https:\/\/www.mundoagropecuario.cl\/new\/cnr-lanza-nuevo-concurso-para-obras-medianas-en-regiones-afectadas-por-emergencia-agricola\/\",\"url\":\"https:\/\/www.mundoagropecuario.cl\/new\/cnr-lanza-nuevo-concurso-para-obras-medianas-en-regiones-afectadas-por-emergencia-agricola\/\",\"name\":\"CNR lanza nuevo concurso para obras medianas en regiones afectadas por Emergencia Agr\u00edcola - Mundoagropecuario\",\"isPartOf\":{\"@id\":\"https:\/\/www.mundoagropecuario.cl\/new\/#website\"},\"primaryImageOfPage\":{\"@id\":\"https:\/\/www.mundoagropecuario.cl\/new\/cnr-lanza-nuevo-concurso-para-obras-medianas-en-regiones-afectadas-por-emergencia-agricola\/#primaryimage\"},\"image\":{\"@id\":\"https:\/\/www.mundoagropecuario.cl\/new\/cnr-lanza-nuevo-concurso-para-obras-medianas-en-regiones-afectadas-por-emergencia-agricola\/#primaryimage\"},\"thumbnailUrl\":\"https:\/\/www.mundoagropecuario.cl\/new\/wp-content\/uploads\/2019\/10\/Obras-medianas-2.jpg\",\"datePublished\":\"2019-10-11T04:00:29+00:00\",\"breadcrumb\":{\"@id\":\"https:\/\/www.mundoagropecuario.cl\/new\/cnr-lanza-nuevo-concurso-para-obras-medianas-en-regiones-afectadas-por-emergencia-agricola\/#breadcrumb\"},\"inLanguage\":\"es\",\"potentialAction\":[{\"@type\":\"ReadAction\",\"target\":[\"https:\/\/www.mundoagropecuario.cl\/new\/cnr-lanza-nuevo-concurso-para-obras-medianas-en-regiones-afectadas-por-emergencia-agricola\/\"]}]},{\"@type\":\"ImageObject\",\"inLanguage\":\"es\",\"@id\":\"https:\/\/www.mundoagropecuario.cl\/new\/cnr-lanza-nuevo-concurso-para-obras-medianas-en-regiones-afectadas-por-emergencia-agricola\/#primaryimage\",\"url\":\"https:\/\/www.mundoagropecuario.cl\/new\/wp-content\/uploads\/2019\/10\/Obras-medianas-2.jpg\",\"contentUrl\":\"https:\/\/www.mundoagropecuario.cl\/new\/wp-content\/uploads\/2019\/10\/Obras-medianas-2.jpg\",\"width\":533,\"height\":400},{\"@type\":\"BreadcrumbList\",\"@id\":\"https:\/\/www.mundoagropecuario.cl\/new\/cnr-lanza-nuevo-concurso-para-obras-medianas-en-regiones-afectadas-por-emergencia-agricola\/#breadcrumb\",\"itemListElement\":[{\"@type\":\"ListItem\",\"position\":1,\"name\":\"Portada\",\"item\":\"https:\/\/www.mundoagropecuario.cl\/new\/\"},{\"@type\":\"ListItem\",\"position\":2,\"name\":\"CNR lanza nuevo concurso para obras medianas en regiones afectadas por Emergencia Agr\u00edcola\"}]},{\"@type\":\"WebSite\",\"@id\":\"https:\/\/www.mundoagropecuario.cl\/new\/#website\",\"url\":\"https:\/\/www.mundoagropecuario.cl\/new\/\",\"name\":\"Mundoagropecuario\",\"description\":\"Mundo Agropecuario\",\"publisher\":{\"@id\":\"https:\/\/www.mundoagropecuario.cl\/new\/#organization\"},\"potentialAction\":[{\"@type\":\"SearchAction\",\"target\":{\"@type\":\"EntryPoint\",\"urlTemplate\":\"https:\/\/www.mundoagropecuario.cl\/new\/?s={search_term_string}\"},\"query-input\":{\"@type\":\"PropertyValueSpecification\",\"valueRequired\":true,\"valueName\":\"search_term_string\"}}],\"inLanguage\":\"es\"},{\"@type\":\"Organization\",\"@id\":\"https:\/\/www.mundoagropecuario.cl\/new\/#organization\",\"name\":\"Revista de Agricultura\",\"url\":\"https:\/\/www.mundoagropecuario.cl\/new\/\",\"logo\":{\"@type\":\"ImageObject\",\"inLanguage\":\"es\",\"@id\":\"https:\/\/www.mundoagropecuario.cl\/new\/#\/schema\/logo\/image\/\",\"url\":\"https:\/\/www.mundoagropecuario.cl\/new\/wp-content\/uploads\/2020\/11\/PORTAL-1-1.png\",\"contentUrl\":\"https:\/\/www.mundoagropecuario.cl\/new\/wp-content\/uploads\/2020\/11\/PORTAL-1-1.png\",\"width\":1026,\"height\":100,\"caption\":\"Revista de Agricultura\"},\"image\":{\"@id\":\"https:\/\/www.mundoagropecuario.cl\/new\/#\/schema\/logo\/image\/\"},\"sameAs\":[\"https:\/\/www.facebook.com\/mundo.agropecuario.3\",\"https:\/\/x.com\/MundoAgropecuar\",\"https:\/\/www.linkedin.com\/in\/mundo-agropecuario-934009201\/\"]},{\"@type\":\"Person\",\"@id\":\"https:\/\/www.mundoagropecuario.cl\/new\/#\/schema\/person\/4e9f74a82a7dac260eb1c44b7eebeb18\",\"name\":\"mundo\",\"url\":\"https:\/\/www.mundoagropecuario.cl\/new\/author\/mundo\/\"}]}<\/script>\n<!-- \/ Yoast SEO plugin. -->","yoast_head_json":{"title":"CNR lanza nuevo concurso para obras medianas en regiones afectadas por Emergencia Agr\u00edcola - Mundoagropecuario","robots":{"index":"index","follow":"follow","max-snippet":"max-snippet:-1","max-image-preview":"max-image-preview:large","max-video-preview":"max-video-preview:-1"},"canonical":"https:\/\/www.mundoagropecuario.cl\/new\/cnr-lanza-nuevo-concurso-para-obras-medianas-en-regiones-afectadas-por-emergencia-agricola\/","og_locale":"es_ES","og_type":"article","og_title":"CNR lanza nuevo concurso para obras medianas en regiones afectadas por Emergencia Agr\u00edcola - Mundoagropecuario","og_description":"Este llamado, que para los regantes del Norte Chico contempla recursos por m\u00e1s de $5.000 millones, est\u00e1 dirigido a proyectos no seleccionados de organizaciones de peque\u00f1os usuarios INDAP y organizaciones...","og_url":"https:\/\/www.mundoagropecuario.cl\/new\/cnr-lanza-nuevo-concurso-para-obras-medianas-en-regiones-afectadas-por-emergencia-agricola\/","og_site_name":"Mundoagropecuario","article_publisher":"https:\/\/www.facebook.com\/mundo.agropecuario.3","article_published_time":"2019-10-11T04:00:29+00:00","og_image":[{"width":1024,"height":768,"url":"https:\/\/www.mundoagropecuario.cl\/new\/wp-content\/uploads\/2019\/10\/Obras-medianas-2.jpg","type":"image\/jpeg"}],"author":"mundo","twitter_card":"summary_large_image","twitter_creator":"@MundoAgropecuar","twitter_site":"@MundoAgropecuar","twitter_misc":{"Escrito por":"mundo","Tiempo de lectura":"2 minutos"},"schema":{"@context":"https:\/\/schema.org","@graph":[{"@type":"Article","@id":"https:\/\/www.mundoagropecuario.cl\/new\/cnr-lanza-nuevo-concurso-para-obras-medianas-en-regiones-afectadas-por-emergencia-agricola\/#article","isPartOf":{"@id":"https:\/\/www.mundoagropecuario.cl\/new\/cnr-lanza-nuevo-concurso-para-obras-medianas-en-regiones-afectadas-por-emergencia-agricola\/"},"author":{"name":"mundo","@id":"https:\/\/www.mundoagropecuario.cl\/new\/#\/schema\/person\/4e9f74a82a7dac260eb1c44b7eebeb18"},"headline":"CNR lanza nuevo concurso para obras medianas en regiones afectadas por Emergencia Agr\u00edcola","datePublished":"2019-10-11T04:00:29+00:00","mainEntityOfPage":{"@id":"https:\/\/www.mundoagropecuario.cl\/new\/cnr-lanza-nuevo-concurso-para-obras-medianas-en-regiones-afectadas-por-emergencia-agricola\/"},"wordCount":492,"publisher":{"@id":"https:\/\/www.mundoagropecuario.cl\/new\/#organization"},"image":{"@id":"https:\/\/www.mundoagropecuario.cl\/new\/cnr-lanza-nuevo-concurso-para-obras-medianas-en-regiones-afectadas-por-emergencia-agricola\/#primaryimage"},"thumbnailUrl":"https:\/\/www.mundoagropecuario.cl\/new\/wp-content\/uploads\/2019\/10\/Obras-medianas-2.jpg","keywords":["Agricultura","Agro","CNR","emergencia agr\u00edcola"],"articleSection":["Agricultura"],"inLanguage":"es"},{"@type":"WebPage","@id":"https:\/\/www.mundoagropecuario.cl\/new\/cnr-lanza-nuevo-concurso-para-obras-medianas-en-regiones-afectadas-por-emergencia-agricola\/","url":"https:\/\/www.mundoagropecuario.cl\/new\/cnr-lanza-nuevo-concurso-para-obras-medianas-en-regiones-afectadas-por-emergencia-agricola\/","name":"CNR lanza nuevo concurso para obras medianas en regiones afectadas por Emergencia Agr\u00edcola - Mundoagropecuario","isPartOf":{"@id":"https:\/\/www.mundoagropecuario.cl\/new\/#website"},"primaryImageOfPage":{"@id":"https:\/\/www.mundoagropecuario.cl\/new\/cnr-lanza-nuevo-concurso-para-obras-medianas-en-regiones-afectadas-por-emergencia-agricola\/#primaryimage"},"image":{"@id":"https:\/\/www.mundoagropecuario.cl\/new\/cnr-lanza-nuevo-concurso-para-obras-medianas-en-regiones-afectadas-por-emergencia-agricola\/#primaryimage"},"thumbnailUrl":"https:\/\/www.mundoagropecuario.cl\/new\/wp-content\/uploads\/2019\/10\/Obras-medianas-2.jpg","datePublished":"2019-10-11T04:00:29+00:00","breadcrumb":{"@id":"https:\/\/www.mundoagropecuario.cl\/new\/cnr-lanza-nuevo-concurso-para-obras-medianas-en-regiones-afectadas-por-emergencia-agricola\/#breadcrumb"},"inLanguage":"es","potentialAction":[{"@type":"ReadAction","target":["https:\/\/www.mundoagropecuario.cl\/new\/cnr-lanza-nuevo-concurso-para-obras-medianas-en-regiones-afectadas-por-emergencia-agricola\/"]}]},{"@type":"ImageObject","inLanguage":"es","@id":"https:\/\/www.mundoagropecuario.cl\/new\/cnr-lanza-nuevo-concurso-para-obras-medianas-en-regiones-afectadas-por-emergencia-agricola\/#primaryimage","url":"https:\/\/www.mundoagropecuario.cl\/new\/wp-content\/uploads\/2019\/10\/Obras-medianas-2.jpg","contentUrl":"https:\/\/www.mundoagropecuario.cl\/new\/wp-content\/uploads\/2019\/10\/Obras-medianas-2.jpg","width":533,"height":400},{"@type":"BreadcrumbList","@id":"https:\/\/www.mundoagropecuario.cl\/new\/cnr-lanza-nuevo-concurso-para-obras-medianas-en-regiones-afectadas-por-emergencia-agricola\/#breadcrumb","itemListElement":[{"@type":"ListItem","position":1,"name":"Portada","item":"https:\/\/www.mundoagropecuario.cl\/new\/"},{"@type":"ListItem","position":2,"name":"CNR lanza nuevo concurso para obras medianas en regiones afectadas por Emergencia Agr\u00edcola"}]},{"@type":"WebSite","@id":"https:\/\/www.mundoagropecuario.cl\/new\/#website","url":"https:\/\/www.mundoagropecuario.cl\/new\/","name":"Mundoagropecuario","description":"Mundo Agropecuario","publisher":{"@id":"https:\/\/www.mundoagropecuario.cl\/new\/#organization"},"potentialAction":[{"@type":"SearchAction","target":{"@type":"EntryPoint","urlTemplate":"https:\/\/www.mundoagropecuario.cl\/new\/?s={search_term_string}"},"query-input":{"@type":"PropertyValueSpecification","valueRequired":true,"valueName":"search_term_string"}}],"inLanguage":"es"},{"@type":"Organization","@id":"https:\/\/www.mundoagropecuario.cl\/new\/#organization","name":"Revista de Agricultura","url":"https:\/\/www.mundoagropecuario.cl\/new\/","logo":{"@type":"ImageObject","inLanguage":"es","@id":"https:\/\/www.mundoagropecuario.cl\/new\/#\/schema\/logo\/image\/","url":"https:\/\/www.mundoagropecuario.cl\/new\/wp-content\/uploads\/2020\/11\/PORTAL-1-1.png","contentUrl":"https:\/\/www.mundoagropecuario.cl\/new\/wp-content\/uploads\/2020\/11\/PORTAL-1-1.png","width":1026,"height":100,"caption":"Revista de Agricultura"},"image":{"@id":"https:\/\/www.mundoagropecuario.cl\/new\/#\/schema\/logo\/image\/"},"sameAs":["https:\/\/www.facebook.com\/mundo.agropecuario.3","https:\/\/x.com\/MundoAgropecuar","https:\/\/www.linkedin.com\/in\/mundo-agropecuario-934009201\/"]},{"@type":"Person","@id":"https:\/\/www.mundoagropecuario.cl\/new\/#\/schema\/person\/4e9f74a82a7dac260eb1c44b7eebeb18","name":"mundo","url":"https:\/\/www.mundoagropecuario.cl\/new\/author\/mundo\/"}]}},"_links":{"self":[{"href":"https:\/\/www.mundoagropecuario.cl\/new\/wp-json\/wp\/v2\/posts\/14349","targetHints":{"allow":["GET"]}}],"collection":[{"href":"https:\/\/www.mundoagropecuario.cl\/new\/wp-json\/wp\/v2\/posts"}],"about":[{"href":"https:\/\/www.mundoagropecuario.cl\/new\/wp-json\/wp\/v2\/types\/post"}],"author":[{"embeddable":true,"href":"https:\/\/www.mundoagropecuario.cl\/new\/wp-json\/wp\/v2\/users\/2"}],"replies":[{"embeddable":true,"href":"https:\/\/www.mundoagropecuario.cl\/new\/wp-json\/wp\/v2\/comments?post=14349"}],"version-history":[{"count":1,"href":"https:\/\/www.mundoagropecuario.cl\/new\/wp-json\/wp\/v2\/posts\/14349\/revisions"}],"predecessor-version":[{"id":14351,"href":"https:\/\/www.mundoagropecuario.cl\/new\/wp-json\/wp\/v2\/posts\/14349\/revisions\/14351"}],"wp:featuredmedia":[{"embeddable":true,"href":"https:\/\/www.mundoagropecuario.cl\/new\/wp-json\/wp\/v2\/media\/14350"}],"wp:attachment":[{"href":"https:\/\/www.mundoagropecuario.cl\/new\/wp-json\/wp\/v2\/media?parent=14349"}],"wp:term":[{"taxonomy":"category","embeddable":true,"href":"https:\/\/www.mundoagropecuario.cl\/new\/wp-json\/wp\/v2\/categories?post=14349"},{"taxonomy":"post_tag","embeddable":true,"href":"https:\/\/www.mundoagropecuario.cl\/new\/wp-json\/wp\/v2\/tags?post=14349"}],"curies":[{"name":"wp","href":"https:\/\/api.w.org\/{rel}","templated":true}]}}