{"id":14326,"date":"2019-10-10T10:18:50","date_gmt":"2019-10-10T13:18:50","guid":{"rendered":"http:\/\/www.mundoagropecuario.cl\/new\/?p=14326"},"modified":"2019-10-11T11:39:25","modified_gmt":"2019-10-11T14:39:25","slug":"comunidad-mapuche-quinquen-rescata-practicas-ancestrales-del-pinon","status":"publish","type":"post","link":"https:\/\/www.mundoagropecuario.cl\/new\/comunidad-mapuche-quinquen-rescata-practicas-ancestrales-del-pinon\/","title":{"rendered":"Comunidad Mapuche Quinqu\u00e9n rescata pr\u00e1cticas ancestrales del pi\u00f1\u00f3n"},"content":{"rendered":"\n<ul class=\"wp-block-gallery columns-0 is-cropped wp-block-gallery-1 is-layout-flex wp-block-gallery-is-layout-flex\"><\/ul>\n\n\n\n<p class=\"has-medium-font-size\"><em>La iniciativa financiada con fondos internacionales contempla la entrega de un monto equivalente a US$ 120.000 por parte del PNUD a comunidad mapuche Quinqu\u00e9n, en el marco del Programa Nacional ONU-REDD, impulsado en Chile por CONAF (Mundo Agropecuario).<\/em><\/p>\n\n\n\n<p>Rescatando pr\u00e1cticas ancestrales para la recolecci\u00f3n sustentable del pi\u00f1\u00f3n, as\u00ed como actividades de adaptaci\u00f3n y mitigaci\u00f3n al cambio clim\u00e1tico, la comunidad de Quinqu\u00e9n en la Regi\u00f3n de La Araucan\u00eda inici\u00f3 en conjunto con CONAF un proyecto de Pago por Servicios Ambientales.<\/p>\n\n\n\n<p>La iniciativa, inserta en el Programa de colaboraci\u00f3n de las Naciones Unidas para la reducci\u00f3n de emisiones producto de la deforestaci\u00f3n y la degradaci\u00f3n forestal en pa\u00edses en desarrollo del Programa Nacional ONU-REDD, implica una inversi\u00f3n equivalente a 120 mil d\u00f3lares, la cual beneficiar\u00e1 directamente a 52 familias mapuche-pehuenche que viven del bosque nativo, que presenta especies tales como araucarias y coig\u00fce.<\/p>\n\n\n\n<p>&nbsp;El proyecto, de Pago por Servicios Ambientales,&nbsp;&nbsp;tiene como prop\u00f3sito avanzar en retomar el manejo sustentable del pi\u00f1\u00f3n con el fin de favorecer y propiciar un manejo sustentable del recurso, mediante la viverizaci\u00f3n y siembra de un porcentaje de la colecta y su posterior revegetaci\u00f3n en sitios priorizados en el territorio, con la finalidad de mejorar servicios ambientales como la calidad del agua y potencial tur\u00edstico, para de esta forma avanzar en la implementaci\u00f3n de un modelo replicable de retribuci\u00f3n o pago por servicios ambientales.<\/p>\n\n\n\n<p>En la firma de convenio entre CONAF y la comunidad de Quinqu\u00e9n participaron el Ministro de Agricultura Antonio Walker, la representante residente del Programa de Naciones Unidas para el Desarrollo (PNUD), Claudia Mojica e Eve Crowley, representante en Chile de la Organizaci\u00f3n de las Naciones Unidas para la Alimentaci\u00f3n y la Agricultura (FAO); junto a Jos\u00e9 Manuel Rebolledo, Director Ejecutivo de la Corporaci\u00f3n Nacional Forestal (CONAF).<\/p>\n\n\n\n<p>En la oportunidad, el Ministro de Agricultura, Antonio Walker destac\u00f3 que frente a la crisis clim\u00e1tica que enfrenta hoy la humanidad, una soluci\u00f3n natural y viable es el manejo de los bosques, lo que evidentemente se resaltar\u00e1 en la pr\u00f3xima COP25. Mundialmente, se ha reconocido que las formas m\u00e1s eco-eficientes para mitigar las emisiones de gases de efecto invernadero se relacionan con la capacidad de los ecosistemas forestales de capturar y almacenar carbono. Los bosques contribuyen a contrarrestar un quinto de las emisiones de carbono actuales, lo cual evidentemente es fundamental para las futuras generaciones.<\/p>\n\n\n\n<p>En tanto Claudia Mojica, representante residente del Programa de Naciones Unidas para el Desarrollo (PNUD) destac\u00f3 el trabajo realizado, indicando que durante su visita a La Araucan\u00eda ha podido apreciar en terreno las acciones que se est\u00e1n llevando en conjunto entre Conaf y la comunidad de Quinqu\u00e9n. En este sentido,&nbsp;&nbsp;indic\u00f3 que es muy satisfactorio ver como las comunidades d\u00eda a d\u00eda nos ense\u00f1an a conservar nuestros recursos naturales.<\/p>\n\n\n\n<p>&nbsp;En esta misma l\u00ednea Eve Crowley, representante en Chile de la Organizaci\u00f3n de las Naciones Unidas para la Alimentaci\u00f3n y la Agricultura (FAO); puntualiz\u00f3 que las acciones que llevan a cabo las comunidades ind\u00edgenas con el pi\u00f1\u00f3n servir\u00e1n de ejemplo para ser replicado por otras comunidades. Al tiempo que expuso que los beneficios del manejo que se realiza con el fruto de la araucaria, especie end\u00e9mica de Chile, es fundamental no solo en el \u00e1mbito ambiental, y econ\u00f3mico, sino que representa un importante aporte en lo social y cultural del pa\u00eds.<\/p>\n\n\n\n<p>Por su parte el Director Ejecutivo de CONAF, Jos\u00e9 Manuel Rebolledo destac\u00f3 la relevante comuni\u00f3n entre el pueblo pehuenche y las araucarias. Si bien dijo est\u00e1 el hecho fundamental de que la araucaria provee alimento, tambi\u00e9n existe la capacidad de ver en un \u00e1rbol, en un bosque, en un ser vivo, una naturaleza de la cual el humano es solo una peque\u00f1a parte. Eso implica una mirada sobre la vida que hoy m\u00e1s que nunca es necesario rescatar, sobre todo frente a las grandes problem\u00e1ticas ambientales que estamos viviendo.<\/p>\n\n\n\n<p>&nbsp;Ricardo Meli\u00f1ir, Lonco de la comunidad de Quinqu\u00e9n, junto con agradecer la confianza que ha demostrado la CONAF y los organismos internacionales, en orden a permitirles administrar los recursos que se obtendr\u00e1n por pago de servicios ambientales, resalt\u00f3 la importancia que tiene para su pueblo la araucaria, expresando que la comunidad de Quinqu\u00e9n hist\u00f3ricamente ha trabajado estas pr\u00e1cticas con el pi\u00f1\u00f3n, lo que evidentemente no solo beneficia a su pueblo, sino que a toda la humanidad.<\/p>\n\n\n\n<p>Este es&nbsp;&nbsp;el segundo proyecto en Chile de pagos por servicios ambientales, y junto con retomar el manejo sustentable, ancestral y cultural del pi\u00f1\u00f3n generar\u00e1 herramientas y fortalezas en la Comunidad de Quinqu\u00e9n, quienes ser\u00e1n los administradores del fondo ambiental.<\/p>\n\n\n\n<p>&nbsp;Durante la visita a la Regi\u00f3n, las autoridades participaron, adem\u00e1s, en la inauguraci\u00f3n de obras apoyadas por el Programa Nacional ONU-REDD en el Vivero de Curacaut\u00edn y un recorrido por m\u00f3dulos pilotos de restauraci\u00f3n tras los incendios ocurridos en la Reserva Nacional Malleco y en el Parque Nacional Tolhuaca, que equivalen a 50 hect\u00e1reas&nbsp;&nbsp;reforestadas a la fecha, con especies nativas como araucaria, lenga y coig\u00fce.&nbsp;<\/p>\n","protected":false},"excerpt":{"rendered":"<p>La iniciativa financiada con fondos internacionales contempla la entrega de un monto equivalente a US$ 120.000 por parte del PNUD a comunidad mapuche Quinqu\u00e9n, en el marco del Programa Nacional&#8230;<\/p>\n","protected":false},"author":2,"featured_media":14327,"comment_status":"closed","ping_status":"closed","sticky":false,"template":"","format":"standard","meta":{"footnotes":""},"categories":[1945],"tags":[3127,4347,876,1992,2448],"class_list":["post-14326","post","type-post","status-publish","format-standard","has-post-thumbnail","hentry","category-agricultura","tag-agro","tag-comunidad-mapuche","tag-conaf","tag-indap","tag-ministro-walker"],"yoast_head":"<!-- This site is optimized with the Yoast SEO plugin v26.6 - https:\/\/yoast.com\/wordpress\/plugins\/seo\/ -->\n<title>Comunidad Mapuche Quinqu\u00e9n rescata pr\u00e1cticas ancestrales del pi\u00f1\u00f3n - Mundoagropecuario<\/title>\n<meta name=\"robots\" content=\"index, follow, max-snippet:-1, max-image-preview:large, max-video-preview:-1\" \/>\n<link rel=\"canonical\" href=\"https:\/\/www.mundoagropecuario.cl\/new\/comunidad-mapuche-quinquen-rescata-practicas-ancestrales-del-pinon\/\" \/>\n<meta property=\"og:locale\" content=\"es_ES\" \/>\n<meta property=\"og:type\" content=\"article\" \/>\n<meta property=\"og:title\" content=\"Comunidad Mapuche Quinqu\u00e9n rescata pr\u00e1cticas ancestrales del pi\u00f1\u00f3n - Mundoagropecuario\" \/>\n<meta property=\"og:description\" content=\"La iniciativa financiada con fondos internacionales contempla la entrega de un monto equivalente a US$ 120.000 por parte del PNUD a comunidad mapuche Quinqu\u00e9n, en el marco del Programa Nacional...\" \/>\n<meta property=\"og:url\" content=\"https:\/\/www.mundoagropecuario.cl\/new\/comunidad-mapuche-quinquen-rescata-practicas-ancestrales-del-pinon\/\" \/>\n<meta property=\"og:site_name\" content=\"Mundoagropecuario\" \/>\n<meta property=\"article:publisher\" content=\"https:\/\/www.facebook.com\/mundo.agropecuario.3\" \/>\n<meta property=\"article:published_time\" content=\"2019-10-10T13:18:50+00:00\" \/>\n<meta property=\"article:modified_time\" content=\"2019-10-11T14:39:25+00:00\" \/>\n<meta property=\"og:image\" content=\"https:\/\/www.mundoagropecuario.cl\/new\/wp-content\/uploads\/2019\/10\/araucan\u00eda1.jpg\" \/>\n\t<meta property=\"og:image:width\" content=\"1024\" \/>\n\t<meta property=\"og:image:height\" content=\"683\" \/>\n\t<meta property=\"og:image:type\" content=\"image\/jpeg\" \/>\n<meta name=\"author\" content=\"mundo\" \/>\n<meta name=\"twitter:card\" content=\"summary_large_image\" \/>\n<meta name=\"twitter:creator\" content=\"@MundoAgropecuar\" \/>\n<meta name=\"twitter:site\" content=\"@MundoAgropecuar\" \/>\n<meta name=\"twitter:label1\" content=\"Escrito por\" \/>\n\t<meta name=\"twitter:data1\" content=\"mundo\" \/>\n\t<meta name=\"twitter:label2\" content=\"Tiempo de lectura\" \/>\n\t<meta name=\"twitter:data2\" content=\"4 minutos\" \/>\n<script type=\"application\/ld+json\" class=\"yoast-schema-graph\">{\"@context\":\"https:\/\/schema.org\",\"@graph\":[{\"@type\":\"Article\",\"@id\":\"https:\/\/www.mundoagropecuario.cl\/new\/comunidad-mapuche-quinquen-rescata-practicas-ancestrales-del-pinon\/#article\",\"isPartOf\":{\"@id\":\"https:\/\/www.mundoagropecuario.cl\/new\/comunidad-mapuche-quinquen-rescata-practicas-ancestrales-del-pinon\/\"},\"author\":{\"name\":\"mundo\",\"@id\":\"https:\/\/www.mundoagropecuario.cl\/new\/#\/schema\/person\/4e9f74a82a7dac260eb1c44b7eebeb18\"},\"headline\":\"Comunidad Mapuche Quinqu\u00e9n rescata pr\u00e1cticas ancestrales del pi\u00f1\u00f3n\",\"datePublished\":\"2019-10-10T13:18:50+00:00\",\"dateModified\":\"2019-10-11T14:39:25+00:00\",\"mainEntityOfPage\":{\"@id\":\"https:\/\/www.mundoagropecuario.cl\/new\/comunidad-mapuche-quinquen-rescata-practicas-ancestrales-del-pinon\/\"},\"wordCount\":909,\"publisher\":{\"@id\":\"https:\/\/www.mundoagropecuario.cl\/new\/#organization\"},\"image\":{\"@id\":\"https:\/\/www.mundoagropecuario.cl\/new\/comunidad-mapuche-quinquen-rescata-practicas-ancestrales-del-pinon\/#primaryimage\"},\"thumbnailUrl\":\"https:\/\/www.mundoagropecuario.cl\/new\/wp-content\/uploads\/2019\/10\/araucan\u00eda1.jpg\",\"keywords\":[\"Agro\",\"Comunidad Mapuche\",\"Conaf\",\"Indap\",\"Ministro Walker\"],\"articleSection\":[\"Agricultura\"],\"inLanguage\":\"es\"},{\"@type\":\"WebPage\",\"@id\":\"https:\/\/www.mundoagropecuario.cl\/new\/comunidad-mapuche-quinquen-rescata-practicas-ancestrales-del-pinon\/\",\"url\":\"https:\/\/www.mundoagropecuario.cl\/new\/comunidad-mapuche-quinquen-rescata-practicas-ancestrales-del-pinon\/\",\"name\":\"Comunidad Mapuche Quinqu\u00e9n rescata pr\u00e1cticas ancestrales del pi\u00f1\u00f3n - Mundoagropecuario\",\"isPartOf\":{\"@id\":\"https:\/\/www.mundoagropecuario.cl\/new\/#website\"},\"primaryImageOfPage\":{\"@id\":\"https:\/\/www.mundoagropecuario.cl\/new\/comunidad-mapuche-quinquen-rescata-practicas-ancestrales-del-pinon\/#primaryimage\"},\"image\":{\"@id\":\"https:\/\/www.mundoagropecuario.cl\/new\/comunidad-mapuche-quinquen-rescata-practicas-ancestrales-del-pinon\/#primaryimage\"},\"thumbnailUrl\":\"https:\/\/www.mundoagropecuario.cl\/new\/wp-content\/uploads\/2019\/10\/araucan\u00eda1.jpg\",\"datePublished\":\"2019-10-10T13:18:50+00:00\",\"dateModified\":\"2019-10-11T14:39:25+00:00\",\"breadcrumb\":{\"@id\":\"https:\/\/www.mundoagropecuario.cl\/new\/comunidad-mapuche-quinquen-rescata-practicas-ancestrales-del-pinon\/#breadcrumb\"},\"inLanguage\":\"es\",\"potentialAction\":[{\"@type\":\"ReadAction\",\"target\":[\"https:\/\/www.mundoagropecuario.cl\/new\/comunidad-mapuche-quinquen-rescata-practicas-ancestrales-del-pinon\/\"]}]},{\"@type\":\"ImageObject\",\"inLanguage\":\"es\",\"@id\":\"https:\/\/www.mundoagropecuario.cl\/new\/comunidad-mapuche-quinquen-rescata-practicas-ancestrales-del-pinon\/#primaryimage\",\"url\":\"https:\/\/www.mundoagropecuario.cl\/new\/wp-content\/uploads\/2019\/10\/araucan\u00eda1.jpg\",\"contentUrl\":\"https:\/\/www.mundoagropecuario.cl\/new\/wp-content\/uploads\/2019\/10\/araucan\u00eda1.jpg\",\"width\":600,\"height\":400},{\"@type\":\"BreadcrumbList\",\"@id\":\"https:\/\/www.mundoagropecuario.cl\/new\/comunidad-mapuche-quinquen-rescata-practicas-ancestrales-del-pinon\/#breadcrumb\",\"itemListElement\":[{\"@type\":\"ListItem\",\"position\":1,\"name\":\"Portada\",\"item\":\"https:\/\/www.mundoagropecuario.cl\/new\/\"},{\"@type\":\"ListItem\",\"position\":2,\"name\":\"Comunidad Mapuche Quinqu\u00e9n rescata pr\u00e1cticas ancestrales del pi\u00f1\u00f3n\"}]},{\"@type\":\"WebSite\",\"@id\":\"https:\/\/www.mundoagropecuario.cl\/new\/#website\",\"url\":\"https:\/\/www.mundoagropecuario.cl\/new\/\",\"name\":\"Mundoagropecuario\",\"description\":\"Mundo Agropecuario\",\"publisher\":{\"@id\":\"https:\/\/www.mundoagropecuario.cl\/new\/#organization\"},\"potentialAction\":[{\"@type\":\"SearchAction\",\"target\":{\"@type\":\"EntryPoint\",\"urlTemplate\":\"https:\/\/www.mundoagropecuario.cl\/new\/?s={search_term_string}\"},\"query-input\":{\"@type\":\"PropertyValueSpecification\",\"valueRequired\":true,\"valueName\":\"search_term_string\"}}],\"inLanguage\":\"es\"},{\"@type\":\"Organization\",\"@id\":\"https:\/\/www.mundoagropecuario.cl\/new\/#organization\",\"name\":\"Revista de Agricultura\",\"url\":\"https:\/\/www.mundoagropecuario.cl\/new\/\",\"logo\":{\"@type\":\"ImageObject\",\"inLanguage\":\"es\",\"@id\":\"https:\/\/www.mundoagropecuario.cl\/new\/#\/schema\/logo\/image\/\",\"url\":\"https:\/\/www.mundoagropecuario.cl\/new\/wp-content\/uploads\/2020\/11\/PORTAL-1-1.png\",\"contentUrl\":\"https:\/\/www.mundoagropecuario.cl\/new\/wp-content\/uploads\/2020\/11\/PORTAL-1-1.png\",\"width\":1026,\"height\":100,\"caption\":\"Revista de Agricultura\"},\"image\":{\"@id\":\"https:\/\/www.mundoagropecuario.cl\/new\/#\/schema\/logo\/image\/\"},\"sameAs\":[\"https:\/\/www.facebook.com\/mundo.agropecuario.3\",\"https:\/\/x.com\/MundoAgropecuar\",\"https:\/\/www.linkedin.com\/in\/mundo-agropecuario-934009201\/\"]},{\"@type\":\"Person\",\"@id\":\"https:\/\/www.mundoagropecuario.cl\/new\/#\/schema\/person\/4e9f74a82a7dac260eb1c44b7eebeb18\",\"name\":\"mundo\",\"url\":\"https:\/\/www.mundoagropecuario.cl\/new\/author\/mundo\/\"}]}<\/script>\n<!-- \/ Yoast SEO plugin. -->","yoast_head_json":{"title":"Comunidad Mapuche Quinqu\u00e9n rescata pr\u00e1cticas ancestrales del pi\u00f1\u00f3n - Mundoagropecuario","robots":{"index":"index","follow":"follow","max-snippet":"max-snippet:-1","max-image-preview":"max-image-preview:large","max-video-preview":"max-video-preview:-1"},"canonical":"https:\/\/www.mundoagropecuario.cl\/new\/comunidad-mapuche-quinquen-rescata-practicas-ancestrales-del-pinon\/","og_locale":"es_ES","og_type":"article","og_title":"Comunidad Mapuche Quinqu\u00e9n rescata pr\u00e1cticas ancestrales del pi\u00f1\u00f3n - Mundoagropecuario","og_description":"La iniciativa financiada con fondos internacionales contempla la entrega de un monto equivalente a US$ 120.000 por parte del PNUD a comunidad mapuche Quinqu\u00e9n, en el marco del Programa Nacional...","og_url":"https:\/\/www.mundoagropecuario.cl\/new\/comunidad-mapuche-quinquen-rescata-practicas-ancestrales-del-pinon\/","og_site_name":"Mundoagropecuario","article_publisher":"https:\/\/www.facebook.com\/mundo.agropecuario.3","article_published_time":"2019-10-10T13:18:50+00:00","article_modified_time":"2019-10-11T14:39:25+00:00","og_image":[{"width":1024,"height":683,"url":"https:\/\/www.mundoagropecuario.cl\/new\/wp-content\/uploads\/2019\/10\/araucan\u00eda1.jpg","type":"image\/jpeg"}],"author":"mundo","twitter_card":"summary_large_image","twitter_creator":"@MundoAgropecuar","twitter_site":"@MundoAgropecuar","twitter_misc":{"Escrito por":"mundo","Tiempo de lectura":"4 minutos"},"schema":{"@context":"https:\/\/schema.org","@graph":[{"@type":"Article","@id":"https:\/\/www.mundoagropecuario.cl\/new\/comunidad-mapuche-quinquen-rescata-practicas-ancestrales-del-pinon\/#article","isPartOf":{"@id":"https:\/\/www.mundoagropecuario.cl\/new\/comunidad-mapuche-quinquen-rescata-practicas-ancestrales-del-pinon\/"},"author":{"name":"mundo","@id":"https:\/\/www.mundoagropecuario.cl\/new\/#\/schema\/person\/4e9f74a82a7dac260eb1c44b7eebeb18"},"headline":"Comunidad Mapuche Quinqu\u00e9n rescata pr\u00e1cticas ancestrales del pi\u00f1\u00f3n","datePublished":"2019-10-10T13:18:50+00:00","dateModified":"2019-10-11T14:39:25+00:00","mainEntityOfPage":{"@id":"https:\/\/www.mundoagropecuario.cl\/new\/comunidad-mapuche-quinquen-rescata-practicas-ancestrales-del-pinon\/"},"wordCount":909,"publisher":{"@id":"https:\/\/www.mundoagropecuario.cl\/new\/#organization"},"image":{"@id":"https:\/\/www.mundoagropecuario.cl\/new\/comunidad-mapuche-quinquen-rescata-practicas-ancestrales-del-pinon\/#primaryimage"},"thumbnailUrl":"https:\/\/www.mundoagropecuario.cl\/new\/wp-content\/uploads\/2019\/10\/araucan\u00eda1.jpg","keywords":["Agro","Comunidad Mapuche","Conaf","Indap","Ministro Walker"],"articleSection":["Agricultura"],"inLanguage":"es"},{"@type":"WebPage","@id":"https:\/\/www.mundoagropecuario.cl\/new\/comunidad-mapuche-quinquen-rescata-practicas-ancestrales-del-pinon\/","url":"https:\/\/www.mundoagropecuario.cl\/new\/comunidad-mapuche-quinquen-rescata-practicas-ancestrales-del-pinon\/","name":"Comunidad Mapuche Quinqu\u00e9n rescata pr\u00e1cticas ancestrales del pi\u00f1\u00f3n - Mundoagropecuario","isPartOf":{"@id":"https:\/\/www.mundoagropecuario.cl\/new\/#website"},"primaryImageOfPage":{"@id":"https:\/\/www.mundoagropecuario.cl\/new\/comunidad-mapuche-quinquen-rescata-practicas-ancestrales-del-pinon\/#primaryimage"},"image":{"@id":"https:\/\/www.mundoagropecuario.cl\/new\/comunidad-mapuche-quinquen-rescata-practicas-ancestrales-del-pinon\/#primaryimage"},"thumbnailUrl":"https:\/\/www.mundoagropecuario.cl\/new\/wp-content\/uploads\/2019\/10\/araucan\u00eda1.jpg","datePublished":"2019-10-10T13:18:50+00:00","dateModified":"2019-10-11T14:39:25+00:00","breadcrumb":{"@id":"https:\/\/www.mundoagropecuario.cl\/new\/comunidad-mapuche-quinquen-rescata-practicas-ancestrales-del-pinon\/#breadcrumb"},"inLanguage":"es","potentialAction":[{"@type":"ReadAction","target":["https:\/\/www.mundoagropecuario.cl\/new\/comunidad-mapuche-quinquen-rescata-practicas-ancestrales-del-pinon\/"]}]},{"@type":"ImageObject","inLanguage":"es","@id":"https:\/\/www.mundoagropecuario.cl\/new\/comunidad-mapuche-quinquen-rescata-practicas-ancestrales-del-pinon\/#primaryimage","url":"https:\/\/www.mundoagropecuario.cl\/new\/wp-content\/uploads\/2019\/10\/araucan\u00eda1.jpg","contentUrl":"https:\/\/www.mundoagropecuario.cl\/new\/wp-content\/uploads\/2019\/10\/araucan\u00eda1.jpg","width":600,"height":400},{"@type":"BreadcrumbList","@id":"https:\/\/www.mundoagropecuario.cl\/new\/comunidad-mapuche-quinquen-rescata-practicas-ancestrales-del-pinon\/#breadcrumb","itemListElement":[{"@type":"ListItem","position":1,"name":"Portada","item":"https:\/\/www.mundoagropecuario.cl\/new\/"},{"@type":"ListItem","position":2,"name":"Comunidad Mapuche Quinqu\u00e9n rescata pr\u00e1cticas ancestrales del pi\u00f1\u00f3n"}]},{"@type":"WebSite","@id":"https:\/\/www.mundoagropecuario.cl\/new\/#website","url":"https:\/\/www.mundoagropecuario.cl\/new\/","name":"Mundoagropecuario","description":"Mundo Agropecuario","publisher":{"@id":"https:\/\/www.mundoagropecuario.cl\/new\/#organization"},"potentialAction":[{"@type":"SearchAction","target":{"@type":"EntryPoint","urlTemplate":"https:\/\/www.mundoagropecuario.cl\/new\/?s={search_term_string}"},"query-input":{"@type":"PropertyValueSpecification","valueRequired":true,"valueName":"search_term_string"}}],"inLanguage":"es"},{"@type":"Organization","@id":"https:\/\/www.mundoagropecuario.cl\/new\/#organization","name":"Revista de Agricultura","url":"https:\/\/www.mundoagropecuario.cl\/new\/","logo":{"@type":"ImageObject","inLanguage":"es","@id":"https:\/\/www.mundoagropecuario.cl\/new\/#\/schema\/logo\/image\/","url":"https:\/\/www.mundoagropecuario.cl\/new\/wp-content\/uploads\/2020\/11\/PORTAL-1-1.png","contentUrl":"https:\/\/www.mundoagropecuario.cl\/new\/wp-content\/uploads\/2020\/11\/PORTAL-1-1.png","width":1026,"height":100,"caption":"Revista de Agricultura"},"image":{"@id":"https:\/\/www.mundoagropecuario.cl\/new\/#\/schema\/logo\/image\/"},"sameAs":["https:\/\/www.facebook.com\/mundo.agropecuario.3","https:\/\/x.com\/MundoAgropecuar","https:\/\/www.linkedin.com\/in\/mundo-agropecuario-934009201\/"]},{"@type":"Person","@id":"https:\/\/www.mundoagropecuario.cl\/new\/#\/schema\/person\/4e9f74a82a7dac260eb1c44b7eebeb18","name":"mundo","url":"https:\/\/www.mundoagropecuario.cl\/new\/author\/mundo\/"}]}},"_links":{"self":[{"href":"https:\/\/www.mundoagropecuario.cl\/new\/wp-json\/wp\/v2\/posts\/14326","targetHints":{"allow":["GET"]}}],"collection":[{"href":"https:\/\/www.mundoagropecuario.cl\/new\/wp-json\/wp\/v2\/posts"}],"about":[{"href":"https:\/\/www.mundoagropecuario.cl\/new\/wp-json\/wp\/v2\/types\/post"}],"author":[{"embeddable":true,"href":"https:\/\/www.mundoagropecuario.cl\/new\/wp-json\/wp\/v2\/users\/2"}],"replies":[{"embeddable":true,"href":"https:\/\/www.mundoagropecuario.cl\/new\/wp-json\/wp\/v2\/comments?post=14326"}],"version-history":[{"count":2,"href":"https:\/\/www.mundoagropecuario.cl\/new\/wp-json\/wp\/v2\/posts\/14326\/revisions"}],"predecessor-version":[{"id":14377,"href":"https:\/\/www.mundoagropecuario.cl\/new\/wp-json\/wp\/v2\/posts\/14326\/revisions\/14377"}],"wp:featuredmedia":[{"embeddable":true,"href":"https:\/\/www.mundoagropecuario.cl\/new\/wp-json\/wp\/v2\/media\/14327"}],"wp:attachment":[{"href":"https:\/\/www.mundoagropecuario.cl\/new\/wp-json\/wp\/v2\/media?parent=14326"}],"wp:term":[{"taxonomy":"category","embeddable":true,"href":"https:\/\/www.mundoagropecuario.cl\/new\/wp-json\/wp\/v2\/categories?post=14326"},{"taxonomy":"post_tag","embeddable":true,"href":"https:\/\/www.mundoagropecuario.cl\/new\/wp-json\/wp\/v2\/tags?post=14326"}],"curies":[{"name":"wp","href":"https:\/\/api.w.org\/{rel}","templated":true}]}}