{"id":14314,"date":"2019-10-09T10:51:38","date_gmt":"2019-10-09T13:51:38","guid":{"rendered":"http:\/\/www.mundoagropecuario.cl\/new\/?p=14314"},"modified":"2019-10-10T11:29:14","modified_gmt":"2019-10-10T14:29:14","slug":"presidente-presenta-mesa-de-trabajo-que-propondra-plan-para-enfrentar-crisis-hidrica","status":"publish","type":"post","link":"https:\/\/www.mundoagropecuario.cl\/new\/presidente-presenta-mesa-de-trabajo-que-propondra-plan-para-enfrentar-crisis-hidrica\/","title":{"rendered":"Presidente presenta mesa de trabajo que propondr\u00e1 plan para enfrentar crisis h\u00eddrica"},"content":{"rendered":"\n<ul class=\"wp-block-gallery columns-0 is-cropped wp-block-gallery-1 is-layout-flex wp-block-gallery-is-layout-flex\"><\/ul>\n\n\n\n<p class=\"has-medium-font-size\"><em>La instancia estar\u00e1 integrada por parlamentarios y representantes de la sociedad civil entre quienes figuran el senador Guido Girardi (PPD). Tambi\u00e9n se sumar\u00e1 el ex ministro Jos\u00e9 Ram\u00f3n Valente, quien est\u00e1 fuera del pa\u00eds (emol.com).<\/em><\/p>\n\n\n\n<p>Acompa\u00f1ado de ministros, parlamentarios y representantes de la sociedad civil, el Presidente Sebasti\u00e1n Pi\u00f1era presentar\u00e1 este mi\u00e9rcoles una mesa de trabajo que propondr\u00e1 un plan de largo plazo para enfrentar la crisis h\u00eddrica y la sequ\u00eda que afecta al pa\u00eds.&nbsp;<\/p>\n\n\n\n<p>La Mesa Nacional de Agua se enfocar\u00e1 principalmente en tres \u00e1reas como son el sentar las bases de una pol\u00edtica h\u00eddrica de largo plazo; hacer una planificaci\u00f3n de la infraestructura h\u00eddrica y fijar un marco institucional y legal.&nbsp;<\/p>\n\n\n\n<p>En la ocasi\u00f3n, el Mandatario adem\u00e1s estar\u00e1 junto a los titulares de Obras P\u00fablicas, Alfredo Moreno; de Agricultura, Antonio Walker; de Energ\u00eda, Juan Carlos Jobet; de la Segpres, Gonzalo Blumel; y de Ciencia, Andr\u00e9s Couve, quienes tambi\u00e9n integrar\u00e1n la instancia adem\u00e1s de la titular del Medio Ambiente, Carolina Schmidt, quien est\u00e1 fuera de Chile y ser\u00e1 reemplazada por el subsecretario Felipe Riesco. Adem\u00e1s, estar\u00e1 el subsecretario del MOP, Lucas Palacios, el director DGA \u00d3scar Cristi y el secretario ejecutivo del CNR, Federico Err\u00e1zuriz.<\/p>\n\n\n\n<p>Tambi\u00e9n conformar\u00e1n el grupo los diputados Mat\u00edas Walker, Pablo Kast, Jos\u00e9 Ram\u00f3n Barros, Ren\u00e9 Alinco, Luis Pardo y Jos\u00e9 P\u00e9rez. Respecto a los senadores estar\u00e1n Guido Girardi; Rodrigo Galilea, Isabel Allende y Luz Ebensperger.&nbsp;<\/p>\n\n\n\n<p>Tambi\u00e9n destaca la inclusi\u00f3n del ex ministro Jos\u00e9 Ram\u00f3n Valente, actual presidente de la Fundaci\u00f3n Chile, quien se encuentra fuera del pa\u00eds, siendo reemplazo en esta ocasi\u00f3n por Andr\u00e9s Pesce. Asimismo, el vicepresidente de la Sociedad Nacional de Agricultura, Cristi\u00e1n Allendes, reemplazar\u00e1 al presidente de la SNA, Ricardo Arizt\u00eda.<\/p>\n\n\n\n<p>Adem\u00e1s, el vicepresidente de la Sociedad Nacional de Miner\u00eda, Francisco Costabal, reemplazar\u00e1 a Diego Hern\u00e1ndez, presidente de Sonami y Jessica L\u00f3pez, presidenta de Andess, ser\u00e1 reemplazada por Patricio Herrada, gerente de Estudios de Andess.&nbsp;<\/p>\n\n\n\n<p>A estos tambi\u00e9n se suman Orlando Contreras, presidente Mucech Nacional; Fernando Peralta, presidente de la Confederaci\u00f3n de Canalistas y Cecilia Gonz\u00e1lez, coordinadora de la Asociaci\u00f3n de Agua Potable Rural de la Regi\u00f3n Metropolitana, APRIN.&nbsp;<\/p>\n\n\n\n<p>&#8220;Yo les pido a mis compatriotas que nos unamos para enfrentar juntos este terremoto silencioso que significa la peor sequ\u00eda que afecta a nuestro pa\u00eds en los \u00faltimos 40 a\u00f1os&#8221;, dijo d\u00edas atr\u00e1s el propio Mandatario.<\/p>\n","protected":false},"excerpt":{"rendered":"<p>La instancia estar\u00e1 integrada por parlamentarios y representantes de la sociedad civil entre quienes figuran el senador Guido Girardi (PPD). Tambi\u00e9n se sumar\u00e1 el ex ministro Jos\u00e9 Ram\u00f3n Valente, quien&#8230;<\/p>\n","protected":false},"author":2,"featured_media":14315,"comment_status":"closed","ping_status":"closed","sticky":false,"template":"","format":"standard","meta":{"footnotes":""},"categories":[1945],"tags":[2090,3127,4344],"class_list":["post-14314","post","type-post","status-publish","format-standard","has-post-thumbnail","hentry","category-agricultura","tag-agricultura","tag-agro","tag-mesa-crisis-hidrica"],"yoast_head":"<!-- This site is optimized with the Yoast SEO plugin v26.6 - https:\/\/yoast.com\/wordpress\/plugins\/seo\/ -->\n<title>Presidente presenta mesa de trabajo que propondr\u00e1 plan para enfrentar crisis h\u00eddrica - Mundoagropecuario<\/title>\n<meta name=\"robots\" content=\"index, follow, max-snippet:-1, max-image-preview:large, max-video-preview:-1\" \/>\n<link rel=\"canonical\" href=\"https:\/\/www.mundoagropecuario.cl\/new\/presidente-presenta-mesa-de-trabajo-que-propondra-plan-para-enfrentar-crisis-hidrica\/\" \/>\n<meta property=\"og:locale\" content=\"es_ES\" \/>\n<meta property=\"og:type\" content=\"article\" \/>\n<meta property=\"og:title\" content=\"Presidente presenta mesa de trabajo que propondr\u00e1 plan para enfrentar crisis h\u00eddrica - Mundoagropecuario\" \/>\n<meta property=\"og:description\" content=\"La instancia estar\u00e1 integrada por parlamentarios y representantes de la sociedad civil entre quienes figuran el senador Guido Girardi (PPD). Tambi\u00e9n se sumar\u00e1 el ex ministro Jos\u00e9 Ram\u00f3n Valente, quien...\" \/>\n<meta property=\"og:url\" content=\"https:\/\/www.mundoagropecuario.cl\/new\/presidente-presenta-mesa-de-trabajo-que-propondra-plan-para-enfrentar-crisis-hidrica\/\" \/>\n<meta property=\"og:site_name\" content=\"Mundoagropecuario\" \/>\n<meta property=\"article:publisher\" content=\"https:\/\/www.facebook.com\/mundo.agropecuario.3\" \/>\n<meta property=\"article:published_time\" content=\"2019-10-09T13:51:38+00:00\" \/>\n<meta property=\"article:modified_time\" content=\"2019-10-10T14:29:14+00:00\" \/>\n<meta property=\"og:image\" content=\"https:\/\/www.mundoagropecuario.cl\/new\/wp-content\/uploads\/2019\/10\/mesa-.jpg\" \/>\n\t<meta property=\"og:image:width\" content=\"710\" \/>\n\t<meta property=\"og:image:height\" content=\"399\" \/>\n\t<meta property=\"og:image:type\" content=\"image\/jpeg\" \/>\n<meta name=\"author\" content=\"mundo\" \/>\n<meta name=\"twitter:card\" content=\"summary_large_image\" \/>\n<meta name=\"twitter:creator\" content=\"@MundoAgropecuar\" \/>\n<meta name=\"twitter:site\" content=\"@MundoAgropecuar\" \/>\n<meta name=\"twitter:label1\" content=\"Escrito por\" \/>\n\t<meta name=\"twitter:data1\" content=\"mundo\" \/>\n\t<meta name=\"twitter:label2\" content=\"Tiempo de lectura\" \/>\n\t<meta name=\"twitter:data2\" content=\"2 minutos\" \/>\n<script type=\"application\/ld+json\" class=\"yoast-schema-graph\">{\"@context\":\"https:\/\/schema.org\",\"@graph\":[{\"@type\":\"Article\",\"@id\":\"https:\/\/www.mundoagropecuario.cl\/new\/presidente-presenta-mesa-de-trabajo-que-propondra-plan-para-enfrentar-crisis-hidrica\/#article\",\"isPartOf\":{\"@id\":\"https:\/\/www.mundoagropecuario.cl\/new\/presidente-presenta-mesa-de-trabajo-que-propondra-plan-para-enfrentar-crisis-hidrica\/\"},\"author\":{\"name\":\"mundo\",\"@id\":\"https:\/\/www.mundoagropecuario.cl\/new\/#\/schema\/person\/4e9f74a82a7dac260eb1c44b7eebeb18\"},\"headline\":\"Presidente presenta mesa de trabajo que propondr\u00e1 plan para enfrentar crisis h\u00eddrica\",\"datePublished\":\"2019-10-09T13:51:38+00:00\",\"dateModified\":\"2019-10-10T14:29:14+00:00\",\"mainEntityOfPage\":{\"@id\":\"https:\/\/www.mundoagropecuario.cl\/new\/presidente-presenta-mesa-de-trabajo-que-propondra-plan-para-enfrentar-crisis-hidrica\/\"},\"wordCount\":454,\"publisher\":{\"@id\":\"https:\/\/www.mundoagropecuario.cl\/new\/#organization\"},\"image\":{\"@id\":\"https:\/\/www.mundoagropecuario.cl\/new\/presidente-presenta-mesa-de-trabajo-que-propondra-plan-para-enfrentar-crisis-hidrica\/#primaryimage\"},\"thumbnailUrl\":\"https:\/\/www.mundoagropecuario.cl\/new\/wp-content\/uploads\/2019\/10\/mesa-.jpg\",\"keywords\":[\"Agricultura\",\"Agro\",\"Mesa crisis h\u00eddrica\"],\"articleSection\":[\"Agricultura\"],\"inLanguage\":\"es\"},{\"@type\":\"WebPage\",\"@id\":\"https:\/\/www.mundoagropecuario.cl\/new\/presidente-presenta-mesa-de-trabajo-que-propondra-plan-para-enfrentar-crisis-hidrica\/\",\"url\":\"https:\/\/www.mundoagropecuario.cl\/new\/presidente-presenta-mesa-de-trabajo-que-propondra-plan-para-enfrentar-crisis-hidrica\/\",\"name\":\"Presidente presenta mesa de trabajo que propondr\u00e1 plan para enfrentar crisis h\u00eddrica - Mundoagropecuario\",\"isPartOf\":{\"@id\":\"https:\/\/www.mundoagropecuario.cl\/new\/#website\"},\"primaryImageOfPage\":{\"@id\":\"https:\/\/www.mundoagropecuario.cl\/new\/presidente-presenta-mesa-de-trabajo-que-propondra-plan-para-enfrentar-crisis-hidrica\/#primaryimage\"},\"image\":{\"@id\":\"https:\/\/www.mundoagropecuario.cl\/new\/presidente-presenta-mesa-de-trabajo-que-propondra-plan-para-enfrentar-crisis-hidrica\/#primaryimage\"},\"thumbnailUrl\":\"https:\/\/www.mundoagropecuario.cl\/new\/wp-content\/uploads\/2019\/10\/mesa-.jpg\",\"datePublished\":\"2019-10-09T13:51:38+00:00\",\"dateModified\":\"2019-10-10T14:29:14+00:00\",\"breadcrumb\":{\"@id\":\"https:\/\/www.mundoagropecuario.cl\/new\/presidente-presenta-mesa-de-trabajo-que-propondra-plan-para-enfrentar-crisis-hidrica\/#breadcrumb\"},\"inLanguage\":\"es\",\"potentialAction\":[{\"@type\":\"ReadAction\",\"target\":[\"https:\/\/www.mundoagropecuario.cl\/new\/presidente-presenta-mesa-de-trabajo-que-propondra-plan-para-enfrentar-crisis-hidrica\/\"]}]},{\"@type\":\"ImageObject\",\"inLanguage\":\"es\",\"@id\":\"https:\/\/www.mundoagropecuario.cl\/new\/presidente-presenta-mesa-de-trabajo-que-propondra-plan-para-enfrentar-crisis-hidrica\/#primaryimage\",\"url\":\"https:\/\/www.mundoagropecuario.cl\/new\/wp-content\/uploads\/2019\/10\/mesa-.jpg\",\"contentUrl\":\"https:\/\/www.mundoagropecuario.cl\/new\/wp-content\/uploads\/2019\/10\/mesa-.jpg\",\"width\":710,\"height\":399},{\"@type\":\"BreadcrumbList\",\"@id\":\"https:\/\/www.mundoagropecuario.cl\/new\/presidente-presenta-mesa-de-trabajo-que-propondra-plan-para-enfrentar-crisis-hidrica\/#breadcrumb\",\"itemListElement\":[{\"@type\":\"ListItem\",\"position\":1,\"name\":\"Portada\",\"item\":\"https:\/\/www.mundoagropecuario.cl\/new\/\"},{\"@type\":\"ListItem\",\"position\":2,\"name\":\"Presidente presenta mesa de trabajo que propondr\u00e1 plan para enfrentar crisis h\u00eddrica\"}]},{\"@type\":\"WebSite\",\"@id\":\"https:\/\/www.mundoagropecuario.cl\/new\/#website\",\"url\":\"https:\/\/www.mundoagropecuario.cl\/new\/\",\"name\":\"Mundoagropecuario\",\"description\":\"Mundo Agropecuario\",\"publisher\":{\"@id\":\"https:\/\/www.mundoagropecuario.cl\/new\/#organization\"},\"potentialAction\":[{\"@type\":\"SearchAction\",\"target\":{\"@type\":\"EntryPoint\",\"urlTemplate\":\"https:\/\/www.mundoagropecuario.cl\/new\/?s={search_term_string}\"},\"query-input\":{\"@type\":\"PropertyValueSpecification\",\"valueRequired\":true,\"valueName\":\"search_term_string\"}}],\"inLanguage\":\"es\"},{\"@type\":\"Organization\",\"@id\":\"https:\/\/www.mundoagropecuario.cl\/new\/#organization\",\"name\":\"Revista de Agricultura\",\"url\":\"https:\/\/www.mundoagropecuario.cl\/new\/\",\"logo\":{\"@type\":\"ImageObject\",\"inLanguage\":\"es\",\"@id\":\"https:\/\/www.mundoagropecuario.cl\/new\/#\/schema\/logo\/image\/\",\"url\":\"https:\/\/www.mundoagropecuario.cl\/new\/wp-content\/uploads\/2020\/11\/PORTAL-1-1.png\",\"contentUrl\":\"https:\/\/www.mundoagropecuario.cl\/new\/wp-content\/uploads\/2020\/11\/PORTAL-1-1.png\",\"width\":1026,\"height\":100,\"caption\":\"Revista de Agricultura\"},\"image\":{\"@id\":\"https:\/\/www.mundoagropecuario.cl\/new\/#\/schema\/logo\/image\/\"},\"sameAs\":[\"https:\/\/www.facebook.com\/mundo.agropecuario.3\",\"https:\/\/x.com\/MundoAgropecuar\",\"https:\/\/www.linkedin.com\/in\/mundo-agropecuario-934009201\/\"]},{\"@type\":\"Person\",\"@id\":\"https:\/\/www.mundoagropecuario.cl\/new\/#\/schema\/person\/4e9f74a82a7dac260eb1c44b7eebeb18\",\"name\":\"mundo\",\"url\":\"https:\/\/www.mundoagropecuario.cl\/new\/author\/mundo\/\"}]}<\/script>\n<!-- \/ Yoast SEO plugin. -->","yoast_head_json":{"title":"Presidente presenta mesa de trabajo que propondr\u00e1 plan para enfrentar crisis h\u00eddrica - Mundoagropecuario","robots":{"index":"index","follow":"follow","max-snippet":"max-snippet:-1","max-image-preview":"max-image-preview:large","max-video-preview":"max-video-preview:-1"},"canonical":"https:\/\/www.mundoagropecuario.cl\/new\/presidente-presenta-mesa-de-trabajo-que-propondra-plan-para-enfrentar-crisis-hidrica\/","og_locale":"es_ES","og_type":"article","og_title":"Presidente presenta mesa de trabajo que propondr\u00e1 plan para enfrentar crisis h\u00eddrica - Mundoagropecuario","og_description":"La instancia estar\u00e1 integrada por parlamentarios y representantes de la sociedad civil entre quienes figuran el senador Guido Girardi (PPD). Tambi\u00e9n se sumar\u00e1 el ex ministro Jos\u00e9 Ram\u00f3n Valente, quien...","og_url":"https:\/\/www.mundoagropecuario.cl\/new\/presidente-presenta-mesa-de-trabajo-que-propondra-plan-para-enfrentar-crisis-hidrica\/","og_site_name":"Mundoagropecuario","article_publisher":"https:\/\/www.facebook.com\/mundo.agropecuario.3","article_published_time":"2019-10-09T13:51:38+00:00","article_modified_time":"2019-10-10T14:29:14+00:00","og_image":[{"width":710,"height":399,"url":"https:\/\/www.mundoagropecuario.cl\/new\/wp-content\/uploads\/2019\/10\/mesa-.jpg","type":"image\/jpeg"}],"author":"mundo","twitter_card":"summary_large_image","twitter_creator":"@MundoAgropecuar","twitter_site":"@MundoAgropecuar","twitter_misc":{"Escrito por":"mundo","Tiempo de lectura":"2 minutos"},"schema":{"@context":"https:\/\/schema.org","@graph":[{"@type":"Article","@id":"https:\/\/www.mundoagropecuario.cl\/new\/presidente-presenta-mesa-de-trabajo-que-propondra-plan-para-enfrentar-crisis-hidrica\/#article","isPartOf":{"@id":"https:\/\/www.mundoagropecuario.cl\/new\/presidente-presenta-mesa-de-trabajo-que-propondra-plan-para-enfrentar-crisis-hidrica\/"},"author":{"name":"mundo","@id":"https:\/\/www.mundoagropecuario.cl\/new\/#\/schema\/person\/4e9f74a82a7dac260eb1c44b7eebeb18"},"headline":"Presidente presenta mesa de trabajo que propondr\u00e1 plan para enfrentar crisis h\u00eddrica","datePublished":"2019-10-09T13:51:38+00:00","dateModified":"2019-10-10T14:29:14+00:00","mainEntityOfPage":{"@id":"https:\/\/www.mundoagropecuario.cl\/new\/presidente-presenta-mesa-de-trabajo-que-propondra-plan-para-enfrentar-crisis-hidrica\/"},"wordCount":454,"publisher":{"@id":"https:\/\/www.mundoagropecuario.cl\/new\/#organization"},"image":{"@id":"https:\/\/www.mundoagropecuario.cl\/new\/presidente-presenta-mesa-de-trabajo-que-propondra-plan-para-enfrentar-crisis-hidrica\/#primaryimage"},"thumbnailUrl":"https:\/\/www.mundoagropecuario.cl\/new\/wp-content\/uploads\/2019\/10\/mesa-.jpg","keywords":["Agricultura","Agro","Mesa crisis h\u00eddrica"],"articleSection":["Agricultura"],"inLanguage":"es"},{"@type":"WebPage","@id":"https:\/\/www.mundoagropecuario.cl\/new\/presidente-presenta-mesa-de-trabajo-que-propondra-plan-para-enfrentar-crisis-hidrica\/","url":"https:\/\/www.mundoagropecuario.cl\/new\/presidente-presenta-mesa-de-trabajo-que-propondra-plan-para-enfrentar-crisis-hidrica\/","name":"Presidente presenta mesa de trabajo que propondr\u00e1 plan para enfrentar crisis h\u00eddrica - Mundoagropecuario","isPartOf":{"@id":"https:\/\/www.mundoagropecuario.cl\/new\/#website"},"primaryImageOfPage":{"@id":"https:\/\/www.mundoagropecuario.cl\/new\/presidente-presenta-mesa-de-trabajo-que-propondra-plan-para-enfrentar-crisis-hidrica\/#primaryimage"},"image":{"@id":"https:\/\/www.mundoagropecuario.cl\/new\/presidente-presenta-mesa-de-trabajo-que-propondra-plan-para-enfrentar-crisis-hidrica\/#primaryimage"},"thumbnailUrl":"https:\/\/www.mundoagropecuario.cl\/new\/wp-content\/uploads\/2019\/10\/mesa-.jpg","datePublished":"2019-10-09T13:51:38+00:00","dateModified":"2019-10-10T14:29:14+00:00","breadcrumb":{"@id":"https:\/\/www.mundoagropecuario.cl\/new\/presidente-presenta-mesa-de-trabajo-que-propondra-plan-para-enfrentar-crisis-hidrica\/#breadcrumb"},"inLanguage":"es","potentialAction":[{"@type":"ReadAction","target":["https:\/\/www.mundoagropecuario.cl\/new\/presidente-presenta-mesa-de-trabajo-que-propondra-plan-para-enfrentar-crisis-hidrica\/"]}]},{"@type":"ImageObject","inLanguage":"es","@id":"https:\/\/www.mundoagropecuario.cl\/new\/presidente-presenta-mesa-de-trabajo-que-propondra-plan-para-enfrentar-crisis-hidrica\/#primaryimage","url":"https:\/\/www.mundoagropecuario.cl\/new\/wp-content\/uploads\/2019\/10\/mesa-.jpg","contentUrl":"https:\/\/www.mundoagropecuario.cl\/new\/wp-content\/uploads\/2019\/10\/mesa-.jpg","width":710,"height":399},{"@type":"BreadcrumbList","@id":"https:\/\/www.mundoagropecuario.cl\/new\/presidente-presenta-mesa-de-trabajo-que-propondra-plan-para-enfrentar-crisis-hidrica\/#breadcrumb","itemListElement":[{"@type":"ListItem","position":1,"name":"Portada","item":"https:\/\/www.mundoagropecuario.cl\/new\/"},{"@type":"ListItem","position":2,"name":"Presidente presenta mesa de trabajo que propondr\u00e1 plan para enfrentar crisis h\u00eddrica"}]},{"@type":"WebSite","@id":"https:\/\/www.mundoagropecuario.cl\/new\/#website","url":"https:\/\/www.mundoagropecuario.cl\/new\/","name":"Mundoagropecuario","description":"Mundo Agropecuario","publisher":{"@id":"https:\/\/www.mundoagropecuario.cl\/new\/#organization"},"potentialAction":[{"@type":"SearchAction","target":{"@type":"EntryPoint","urlTemplate":"https:\/\/www.mundoagropecuario.cl\/new\/?s={search_term_string}"},"query-input":{"@type":"PropertyValueSpecification","valueRequired":true,"valueName":"search_term_string"}}],"inLanguage":"es"},{"@type":"Organization","@id":"https:\/\/www.mundoagropecuario.cl\/new\/#organization","name":"Revista de Agricultura","url":"https:\/\/www.mundoagropecuario.cl\/new\/","logo":{"@type":"ImageObject","inLanguage":"es","@id":"https:\/\/www.mundoagropecuario.cl\/new\/#\/schema\/logo\/image\/","url":"https:\/\/www.mundoagropecuario.cl\/new\/wp-content\/uploads\/2020\/11\/PORTAL-1-1.png","contentUrl":"https:\/\/www.mundoagropecuario.cl\/new\/wp-content\/uploads\/2020\/11\/PORTAL-1-1.png","width":1026,"height":100,"caption":"Revista de Agricultura"},"image":{"@id":"https:\/\/www.mundoagropecuario.cl\/new\/#\/schema\/logo\/image\/"},"sameAs":["https:\/\/www.facebook.com\/mundo.agropecuario.3","https:\/\/x.com\/MundoAgropecuar","https:\/\/www.linkedin.com\/in\/mundo-agropecuario-934009201\/"]},{"@type":"Person","@id":"https:\/\/www.mundoagropecuario.cl\/new\/#\/schema\/person\/4e9f74a82a7dac260eb1c44b7eebeb18","name":"mundo","url":"https:\/\/www.mundoagropecuario.cl\/new\/author\/mundo\/"}]}},"_links":{"self":[{"href":"https:\/\/www.mundoagropecuario.cl\/new\/wp-json\/wp\/v2\/posts\/14314","targetHints":{"allow":["GET"]}}],"collection":[{"href":"https:\/\/www.mundoagropecuario.cl\/new\/wp-json\/wp\/v2\/posts"}],"about":[{"href":"https:\/\/www.mundoagropecuario.cl\/new\/wp-json\/wp\/v2\/types\/post"}],"author":[{"embeddable":true,"href":"https:\/\/www.mundoagropecuario.cl\/new\/wp-json\/wp\/v2\/users\/2"}],"replies":[{"embeddable":true,"href":"https:\/\/www.mundoagropecuario.cl\/new\/wp-json\/wp\/v2\/comments?post=14314"}],"version-history":[{"count":1,"href":"https:\/\/www.mundoagropecuario.cl\/new\/wp-json\/wp\/v2\/posts\/14314\/revisions"}],"predecessor-version":[{"id":14316,"href":"https:\/\/www.mundoagropecuario.cl\/new\/wp-json\/wp\/v2\/posts\/14314\/revisions\/14316"}],"wp:featuredmedia":[{"embeddable":true,"href":"https:\/\/www.mundoagropecuario.cl\/new\/wp-json\/wp\/v2\/media\/14315"}],"wp:attachment":[{"href":"https:\/\/www.mundoagropecuario.cl\/new\/wp-json\/wp\/v2\/media?parent=14314"}],"wp:term":[{"taxonomy":"category","embeddable":true,"href":"https:\/\/www.mundoagropecuario.cl\/new\/wp-json\/wp\/v2\/categories?post=14314"},{"taxonomy":"post_tag","embeddable":true,"href":"https:\/\/www.mundoagropecuario.cl\/new\/wp-json\/wp\/v2\/tags?post=14314"}],"curies":[{"name":"wp","href":"https:\/\/api.w.org\/{rel}","templated":true}]}}