{"id":14281,"date":"2019-10-08T10:28:30","date_gmt":"2019-10-08T13:28:30","guid":{"rendered":"http:\/\/www.mundoagropecuario.cl\/new\/?p=14281"},"modified":"2019-10-09T11:34:03","modified_gmt":"2019-10-09T14:34:03","slug":"fedeleche-participa-en-el-encuentro-nacional-del-agro","status":"publish","type":"post","link":"https:\/\/www.mundoagropecuario.cl\/new\/fedeleche-participa-en-el-encuentro-nacional-del-agro\/","title":{"rendered":"Fedeleche participa en el Encuentro Nacional del Agro"},"content":{"rendered":"\n<ul class=\"wp-block-gallery columns-0 is-cropped wp-block-gallery-1 is-layout-flex wp-block-gallery-is-layout-flex\"><\/ul>\n\n\n\n<p class=\"has-medium-font-size\"><em>Con la participaci\u00f3n del Presidente de la Rep\u00fablica,  el ministro de Agricultura, autoridades,  dirigentes gremiales y productores del sector,  se desarroll\u00f3 este lunes en Santiago el Encuentro Nacional del Agro, Enagro 2019 (Mundo Agropecuario).<\/em><\/p>\n\n\n\n<p>Temas como la sequ\u00eda, la coyuntura econ\u00f3mica, la reforma al C\u00f3digo de Aguas y el cambio clim\u00e1tico se tomaron la agenda de Enagro y donde el presidente de la SNA alert\u00f3 que la grave sequ\u00eda que afecta al pa\u00eds es la \u201cm\u00e1s profunda de la que tengamos registro, con casi una d\u00e9cada de faltas de lluvias\u201d.<\/p>\n\n\n\n<p>Para hacer frente ante esta crisis, Arizt\u00eda dijo que se deber\u00e1 \u201cadministrar los recursos h\u00eddricos de forma eficiente. Ello exige realizar un esfuerzo conjunto entre el sector p\u00fablico y privado\u201d, siendo la principal preocupaci\u00f3n el consumo humano. \u201cAqu\u00ed no habr\u00e1 falta de agua para los ciudadanos, para las comunas, para las regiones, los villorrios. Los agricultores hemos dispuesto que no queremos que a nadie le falte el agua en la medida de nuestro esfuerzo y as\u00ed se lo hemos comunicado al Ministerio de Obras P\u00fablicas\u201d, asegur\u00f3.<\/p>\n\n\n\n<p><strong>C\u00f3digo de Aguas<\/strong><\/p>\n\n\n\n<p>En otro tema,&nbsp;&nbsp;el l\u00edder de la SNA tambi\u00e9n fue cr\u00edtico con el proyecto que reforma el C\u00f3digo de Aguas, asegurando que les preocupa que a trav\u00e9s de una ley de mayor\u00eda simple se pueda modificar &#8220;el derecho de propiedad consagrado en la Constituci\u00f3n\u201d y&nbsp;acus\u00f3 que el debate en torno a modificar el C\u00f3digo de Aguas ha estado &#8220;lleno de ideolog\u00edas&#8221;.<\/p>\n\n\n\n<p><strong>Participaci\u00f3n lechera<\/strong><\/p>\n\n\n\n<p>Como director titular de la SNA y en representaci\u00f3n de la Federaci\u00f3n Nacional de Productores de Leche, Fedeleche, Eduardo Schwerter asisti\u00f3 a Enagro 2019 junto con representantes de las distintas zonas lecheras regionales,&nbsp;instancia donde \u2013asegur\u00f3- qued\u00f3 de manifiesto la relevancia que ha adquirido la escasez h\u00eddrica y la mega sequ\u00eda que est\u00e1 afectando a la zona central e importante d\u00e9ficit h\u00eddrico acaecido en la zona sur, lo que&nbsp;&nbsp;est\u00e1 afectando transversalmente a todos los sectores agroalimentarios del pa\u00eds.<\/p>\n\n\n\n<p>Frente a este escenario, el m\u00e1ximo representante de los productores de leche sostuvo que \u201ctodos tenemos que hacer los m\u00e1ximos esfuerzos para eficientar el uso del agua, y en la agricultura,&nbsp;&nbsp;junto con el Estado,&nbsp;&nbsp;ver los mecanismos para almacenar el agua y&nbsp;&nbsp;con el claro convencimiento que esa agua quede disponible para transformarla en alimentos para nuestros conciudadanos y tambi\u00e9n&nbsp;&nbsp;para alimentar al mundo\u201d.&nbsp;<\/p>\n\n\n\n<p>Schwerter coincidi\u00f3 que el primer uso del agua es para el consumo del ser humano, luego los caudales ecol\u00f3gicos, pero tambi\u00e9n una parte importante se debe disponer para la generaci\u00f3n de alimento. \u201cEse es el enfoque que le tenemos que dar\u201d, apunt\u00f3.&nbsp;<\/p>\n\n\n\n<p><strong>Cambio clim\u00e1tico<\/strong><\/p>\n\n\n\n<p>En la cita, uno de los temas que se trat\u00f3 fue el impacto de la agricultura en el cambio clim\u00e1tico, destac\u00e1ndose a la ganader\u00eda nacional como un agente que puede abrir oportunidades relevantes para afrontar este escenario.&nbsp;&nbsp;<\/p>\n\n\n\n<p>A este respecto, Schwerter asegur\u00f3 que \u201ccuando se habla de la emisi\u00f3n de carbono, no solo debe considerar la huella, sino que tambi\u00e9n el balance, y ah\u00ed entran los sistemas pastoriles con mucha importancia, porque lejos de contaminar el planeta, estamos evitando una contaminaci\u00f3n mayor por exceso de gases, por cuanto a trav\u00e9s de nuestros bosques y nuestra praderas, capturamos un alto porcentaje de la atmosfera al suelo y de esa manera&nbsp;&nbsp;logramos los equilibrios necesarios\u201d, afirm\u00f3.&nbsp;<\/p>\n\n\n\n<p>De igual forma,&nbsp;&nbsp;asegur\u00f3 que lo anterior, \u201ccoincide justamente con lo que acabamos de plantear al ministro de Agricultura en relaci\u00f3n a que como Fedeleche hemos tomado la decisi\u00f3n de hacer las mediciones reales de los sistemas productivos lecheros y ganaderos, para demostrar que una ganader\u00eda bien manejada es absolutamente necesaria para mantener los equilibrios en los sistemas ecol\u00f3gicos,&nbsp;&nbsp;y esperamos el firme apoyo de la autoridad y del sector l\u00e1cteo para el desarrollo de esta iniciativa\u201d.<\/p>\n","protected":false},"excerpt":{"rendered":"<p>Con la participaci\u00f3n del Presidente de la Rep\u00fablica, el ministro de Agricultura, autoridades, dirigentes gremiales y productores del sector, se desarroll\u00f3 este lunes en Santiago el Encuentro Nacional del Agro,&#8230;<\/p>\n","protected":false},"author":2,"featured_media":14282,"comment_status":"closed","ping_status":"closed","sticky":false,"template":"","format":"standard","meta":{"footnotes":""},"categories":[1946],"tags":[2090,4330,2058,2141,2051],"class_list":["post-14281","post","type-post","status-publish","format-standard","has-post-thumbnail","hentry","category-lacteos","tag-agricultura","tag-enagro-2019","tag-fedeleche","tag-lacteos","tag-leche"],"yoast_head":"<!-- This site is optimized with the Yoast SEO plugin v26.6 - https:\/\/yoast.com\/wordpress\/plugins\/seo\/ -->\n<title>Fedeleche participa en el Encuentro Nacional del Agro - Mundoagropecuario<\/title>\n<meta name=\"robots\" content=\"index, follow, max-snippet:-1, max-image-preview:large, max-video-preview:-1\" \/>\n<link rel=\"canonical\" href=\"https:\/\/www.mundoagropecuario.cl\/new\/fedeleche-participa-en-el-encuentro-nacional-del-agro\/\" \/>\n<meta property=\"og:locale\" content=\"es_ES\" \/>\n<meta property=\"og:type\" content=\"article\" \/>\n<meta property=\"og:title\" content=\"Fedeleche participa en el Encuentro Nacional del Agro - Mundoagropecuario\" \/>\n<meta property=\"og:description\" content=\"Con la participaci\u00f3n del Presidente de la Rep\u00fablica, el ministro de Agricultura, autoridades, dirigentes gremiales y productores del sector, se desarroll\u00f3 este lunes en Santiago el Encuentro Nacional del Agro,...\" \/>\n<meta property=\"og:url\" content=\"https:\/\/www.mundoagropecuario.cl\/new\/fedeleche-participa-en-el-encuentro-nacional-del-agro\/\" \/>\n<meta property=\"og:site_name\" content=\"Mundoagropecuario\" \/>\n<meta property=\"article:publisher\" content=\"https:\/\/www.facebook.com\/mundo.agropecuario.3\" \/>\n<meta property=\"article:published_time\" content=\"2019-10-08T13:28:30+00:00\" \/>\n<meta property=\"article:modified_time\" content=\"2019-10-09T14:34:03+00:00\" \/>\n<meta property=\"og:image\" content=\"https:\/\/www.mundoagropecuario.cl\/new\/wp-content\/uploads\/2019\/10\/Fedeleche.jpg\" \/>\n\t<meta property=\"og:image:width\" content=\"490\" \/>\n\t<meta property=\"og:image:height\" content=\"322\" \/>\n\t<meta property=\"og:image:type\" content=\"image\/jpeg\" \/>\n<meta name=\"author\" content=\"mundo\" \/>\n<meta name=\"twitter:card\" content=\"summary_large_image\" \/>\n<meta name=\"twitter:creator\" content=\"@MundoAgropecuar\" \/>\n<meta name=\"twitter:site\" content=\"@MundoAgropecuar\" \/>\n<meta name=\"twitter:label1\" content=\"Escrito por\" \/>\n\t<meta name=\"twitter:data1\" content=\"mundo\" \/>\n\t<meta name=\"twitter:label2\" content=\"Tiempo de lectura\" \/>\n\t<meta name=\"twitter:data2\" content=\"3 minutos\" \/>\n<script type=\"application\/ld+json\" class=\"yoast-schema-graph\">{\"@context\":\"https:\/\/schema.org\",\"@graph\":[{\"@type\":\"Article\",\"@id\":\"https:\/\/www.mundoagropecuario.cl\/new\/fedeleche-participa-en-el-encuentro-nacional-del-agro\/#article\",\"isPartOf\":{\"@id\":\"https:\/\/www.mundoagropecuario.cl\/new\/fedeleche-participa-en-el-encuentro-nacional-del-agro\/\"},\"author\":{\"name\":\"mundo\",\"@id\":\"https:\/\/www.mundoagropecuario.cl\/new\/#\/schema\/person\/4e9f74a82a7dac260eb1c44b7eebeb18\"},\"headline\":\"Fedeleche participa en el Encuentro Nacional del Agro\",\"datePublished\":\"2019-10-08T13:28:30+00:00\",\"dateModified\":\"2019-10-09T14:34:03+00:00\",\"mainEntityOfPage\":{\"@id\":\"https:\/\/www.mundoagropecuario.cl\/new\/fedeleche-participa-en-el-encuentro-nacional-del-agro\/\"},\"wordCount\":706,\"publisher\":{\"@id\":\"https:\/\/www.mundoagropecuario.cl\/new\/#organization\"},\"image\":{\"@id\":\"https:\/\/www.mundoagropecuario.cl\/new\/fedeleche-participa-en-el-encuentro-nacional-del-agro\/#primaryimage\"},\"thumbnailUrl\":\"https:\/\/www.mundoagropecuario.cl\/new\/wp-content\/uploads\/2019\/10\/Fedeleche.jpg\",\"keywords\":[\"Agricultura\",\"Enagro 2019\",\"Fedeleche\",\"L\u00e1cteos\",\"Leche\"],\"articleSection\":[\"L\u00e1cteos\"],\"inLanguage\":\"es\"},{\"@type\":\"WebPage\",\"@id\":\"https:\/\/www.mundoagropecuario.cl\/new\/fedeleche-participa-en-el-encuentro-nacional-del-agro\/\",\"url\":\"https:\/\/www.mundoagropecuario.cl\/new\/fedeleche-participa-en-el-encuentro-nacional-del-agro\/\",\"name\":\"Fedeleche participa en el Encuentro Nacional del Agro - Mundoagropecuario\",\"isPartOf\":{\"@id\":\"https:\/\/www.mundoagropecuario.cl\/new\/#website\"},\"primaryImageOfPage\":{\"@id\":\"https:\/\/www.mundoagropecuario.cl\/new\/fedeleche-participa-en-el-encuentro-nacional-del-agro\/#primaryimage\"},\"image\":{\"@id\":\"https:\/\/www.mundoagropecuario.cl\/new\/fedeleche-participa-en-el-encuentro-nacional-del-agro\/#primaryimage\"},\"thumbnailUrl\":\"https:\/\/www.mundoagropecuario.cl\/new\/wp-content\/uploads\/2019\/10\/Fedeleche.jpg\",\"datePublished\":\"2019-10-08T13:28:30+00:00\",\"dateModified\":\"2019-10-09T14:34:03+00:00\",\"breadcrumb\":{\"@id\":\"https:\/\/www.mundoagropecuario.cl\/new\/fedeleche-participa-en-el-encuentro-nacional-del-agro\/#breadcrumb\"},\"inLanguage\":\"es\",\"potentialAction\":[{\"@type\":\"ReadAction\",\"target\":[\"https:\/\/www.mundoagropecuario.cl\/new\/fedeleche-participa-en-el-encuentro-nacional-del-agro\/\"]}]},{\"@type\":\"ImageObject\",\"inLanguage\":\"es\",\"@id\":\"https:\/\/www.mundoagropecuario.cl\/new\/fedeleche-participa-en-el-encuentro-nacional-del-agro\/#primaryimage\",\"url\":\"https:\/\/www.mundoagropecuario.cl\/new\/wp-content\/uploads\/2019\/10\/Fedeleche.jpg\",\"contentUrl\":\"https:\/\/www.mundoagropecuario.cl\/new\/wp-content\/uploads\/2019\/10\/Fedeleche.jpg\",\"width\":490,\"height\":322},{\"@type\":\"BreadcrumbList\",\"@id\":\"https:\/\/www.mundoagropecuario.cl\/new\/fedeleche-participa-en-el-encuentro-nacional-del-agro\/#breadcrumb\",\"itemListElement\":[{\"@type\":\"ListItem\",\"position\":1,\"name\":\"Portada\",\"item\":\"https:\/\/www.mundoagropecuario.cl\/new\/\"},{\"@type\":\"ListItem\",\"position\":2,\"name\":\"Fedeleche participa en el Encuentro Nacional del Agro\"}]},{\"@type\":\"WebSite\",\"@id\":\"https:\/\/www.mundoagropecuario.cl\/new\/#website\",\"url\":\"https:\/\/www.mundoagropecuario.cl\/new\/\",\"name\":\"Mundoagropecuario\",\"description\":\"Mundo Agropecuario\",\"publisher\":{\"@id\":\"https:\/\/www.mundoagropecuario.cl\/new\/#organization\"},\"potentialAction\":[{\"@type\":\"SearchAction\",\"target\":{\"@type\":\"EntryPoint\",\"urlTemplate\":\"https:\/\/www.mundoagropecuario.cl\/new\/?s={search_term_string}\"},\"query-input\":{\"@type\":\"PropertyValueSpecification\",\"valueRequired\":true,\"valueName\":\"search_term_string\"}}],\"inLanguage\":\"es\"},{\"@type\":\"Organization\",\"@id\":\"https:\/\/www.mundoagropecuario.cl\/new\/#organization\",\"name\":\"Revista de Agricultura\",\"url\":\"https:\/\/www.mundoagropecuario.cl\/new\/\",\"logo\":{\"@type\":\"ImageObject\",\"inLanguage\":\"es\",\"@id\":\"https:\/\/www.mundoagropecuario.cl\/new\/#\/schema\/logo\/image\/\",\"url\":\"https:\/\/www.mundoagropecuario.cl\/new\/wp-content\/uploads\/2020\/11\/PORTAL-1-1.png\",\"contentUrl\":\"https:\/\/www.mundoagropecuario.cl\/new\/wp-content\/uploads\/2020\/11\/PORTAL-1-1.png\",\"width\":1026,\"height\":100,\"caption\":\"Revista de Agricultura\"},\"image\":{\"@id\":\"https:\/\/www.mundoagropecuario.cl\/new\/#\/schema\/logo\/image\/\"},\"sameAs\":[\"https:\/\/www.facebook.com\/mundo.agropecuario.3\",\"https:\/\/x.com\/MundoAgropecuar\",\"https:\/\/www.linkedin.com\/in\/mundo-agropecuario-934009201\/\"]},{\"@type\":\"Person\",\"@id\":\"https:\/\/www.mundoagropecuario.cl\/new\/#\/schema\/person\/4e9f74a82a7dac260eb1c44b7eebeb18\",\"name\":\"mundo\",\"url\":\"https:\/\/www.mundoagropecuario.cl\/new\/author\/mundo\/\"}]}<\/script>\n<!-- \/ Yoast SEO plugin. -->","yoast_head_json":{"title":"Fedeleche participa en el Encuentro Nacional del Agro - Mundoagropecuario","robots":{"index":"index","follow":"follow","max-snippet":"max-snippet:-1","max-image-preview":"max-image-preview:large","max-video-preview":"max-video-preview:-1"},"canonical":"https:\/\/www.mundoagropecuario.cl\/new\/fedeleche-participa-en-el-encuentro-nacional-del-agro\/","og_locale":"es_ES","og_type":"article","og_title":"Fedeleche participa en el Encuentro Nacional del Agro - Mundoagropecuario","og_description":"Con la participaci\u00f3n del Presidente de la Rep\u00fablica, el ministro de Agricultura, autoridades, dirigentes gremiales y productores del sector, se desarroll\u00f3 este lunes en Santiago el Encuentro Nacional del Agro,...","og_url":"https:\/\/www.mundoagropecuario.cl\/new\/fedeleche-participa-en-el-encuentro-nacional-del-agro\/","og_site_name":"Mundoagropecuario","article_publisher":"https:\/\/www.facebook.com\/mundo.agropecuario.3","article_published_time":"2019-10-08T13:28:30+00:00","article_modified_time":"2019-10-09T14:34:03+00:00","og_image":[{"width":490,"height":322,"url":"https:\/\/www.mundoagropecuario.cl\/new\/wp-content\/uploads\/2019\/10\/Fedeleche.jpg","type":"image\/jpeg"}],"author":"mundo","twitter_card":"summary_large_image","twitter_creator":"@MundoAgropecuar","twitter_site":"@MundoAgropecuar","twitter_misc":{"Escrito por":"mundo","Tiempo de lectura":"3 minutos"},"schema":{"@context":"https:\/\/schema.org","@graph":[{"@type":"Article","@id":"https:\/\/www.mundoagropecuario.cl\/new\/fedeleche-participa-en-el-encuentro-nacional-del-agro\/#article","isPartOf":{"@id":"https:\/\/www.mundoagropecuario.cl\/new\/fedeleche-participa-en-el-encuentro-nacional-del-agro\/"},"author":{"name":"mundo","@id":"https:\/\/www.mundoagropecuario.cl\/new\/#\/schema\/person\/4e9f74a82a7dac260eb1c44b7eebeb18"},"headline":"Fedeleche participa en el Encuentro Nacional del Agro","datePublished":"2019-10-08T13:28:30+00:00","dateModified":"2019-10-09T14:34:03+00:00","mainEntityOfPage":{"@id":"https:\/\/www.mundoagropecuario.cl\/new\/fedeleche-participa-en-el-encuentro-nacional-del-agro\/"},"wordCount":706,"publisher":{"@id":"https:\/\/www.mundoagropecuario.cl\/new\/#organization"},"image":{"@id":"https:\/\/www.mundoagropecuario.cl\/new\/fedeleche-participa-en-el-encuentro-nacional-del-agro\/#primaryimage"},"thumbnailUrl":"https:\/\/www.mundoagropecuario.cl\/new\/wp-content\/uploads\/2019\/10\/Fedeleche.jpg","keywords":["Agricultura","Enagro 2019","Fedeleche","L\u00e1cteos","Leche"],"articleSection":["L\u00e1cteos"],"inLanguage":"es"},{"@type":"WebPage","@id":"https:\/\/www.mundoagropecuario.cl\/new\/fedeleche-participa-en-el-encuentro-nacional-del-agro\/","url":"https:\/\/www.mundoagropecuario.cl\/new\/fedeleche-participa-en-el-encuentro-nacional-del-agro\/","name":"Fedeleche participa en el Encuentro Nacional del Agro - Mundoagropecuario","isPartOf":{"@id":"https:\/\/www.mundoagropecuario.cl\/new\/#website"},"primaryImageOfPage":{"@id":"https:\/\/www.mundoagropecuario.cl\/new\/fedeleche-participa-en-el-encuentro-nacional-del-agro\/#primaryimage"},"image":{"@id":"https:\/\/www.mundoagropecuario.cl\/new\/fedeleche-participa-en-el-encuentro-nacional-del-agro\/#primaryimage"},"thumbnailUrl":"https:\/\/www.mundoagropecuario.cl\/new\/wp-content\/uploads\/2019\/10\/Fedeleche.jpg","datePublished":"2019-10-08T13:28:30+00:00","dateModified":"2019-10-09T14:34:03+00:00","breadcrumb":{"@id":"https:\/\/www.mundoagropecuario.cl\/new\/fedeleche-participa-en-el-encuentro-nacional-del-agro\/#breadcrumb"},"inLanguage":"es","potentialAction":[{"@type":"ReadAction","target":["https:\/\/www.mundoagropecuario.cl\/new\/fedeleche-participa-en-el-encuentro-nacional-del-agro\/"]}]},{"@type":"ImageObject","inLanguage":"es","@id":"https:\/\/www.mundoagropecuario.cl\/new\/fedeleche-participa-en-el-encuentro-nacional-del-agro\/#primaryimage","url":"https:\/\/www.mundoagropecuario.cl\/new\/wp-content\/uploads\/2019\/10\/Fedeleche.jpg","contentUrl":"https:\/\/www.mundoagropecuario.cl\/new\/wp-content\/uploads\/2019\/10\/Fedeleche.jpg","width":490,"height":322},{"@type":"BreadcrumbList","@id":"https:\/\/www.mundoagropecuario.cl\/new\/fedeleche-participa-en-el-encuentro-nacional-del-agro\/#breadcrumb","itemListElement":[{"@type":"ListItem","position":1,"name":"Portada","item":"https:\/\/www.mundoagropecuario.cl\/new\/"},{"@type":"ListItem","position":2,"name":"Fedeleche participa en el Encuentro Nacional del Agro"}]},{"@type":"WebSite","@id":"https:\/\/www.mundoagropecuario.cl\/new\/#website","url":"https:\/\/www.mundoagropecuario.cl\/new\/","name":"Mundoagropecuario","description":"Mundo Agropecuario","publisher":{"@id":"https:\/\/www.mundoagropecuario.cl\/new\/#organization"},"potentialAction":[{"@type":"SearchAction","target":{"@type":"EntryPoint","urlTemplate":"https:\/\/www.mundoagropecuario.cl\/new\/?s={search_term_string}"},"query-input":{"@type":"PropertyValueSpecification","valueRequired":true,"valueName":"search_term_string"}}],"inLanguage":"es"},{"@type":"Organization","@id":"https:\/\/www.mundoagropecuario.cl\/new\/#organization","name":"Revista de Agricultura","url":"https:\/\/www.mundoagropecuario.cl\/new\/","logo":{"@type":"ImageObject","inLanguage":"es","@id":"https:\/\/www.mundoagropecuario.cl\/new\/#\/schema\/logo\/image\/","url":"https:\/\/www.mundoagropecuario.cl\/new\/wp-content\/uploads\/2020\/11\/PORTAL-1-1.png","contentUrl":"https:\/\/www.mundoagropecuario.cl\/new\/wp-content\/uploads\/2020\/11\/PORTAL-1-1.png","width":1026,"height":100,"caption":"Revista de Agricultura"},"image":{"@id":"https:\/\/www.mundoagropecuario.cl\/new\/#\/schema\/logo\/image\/"},"sameAs":["https:\/\/www.facebook.com\/mundo.agropecuario.3","https:\/\/x.com\/MundoAgropecuar","https:\/\/www.linkedin.com\/in\/mundo-agropecuario-934009201\/"]},{"@type":"Person","@id":"https:\/\/www.mundoagropecuario.cl\/new\/#\/schema\/person\/4e9f74a82a7dac260eb1c44b7eebeb18","name":"mundo","url":"https:\/\/www.mundoagropecuario.cl\/new\/author\/mundo\/"}]}},"_links":{"self":[{"href":"https:\/\/www.mundoagropecuario.cl\/new\/wp-json\/wp\/v2\/posts\/14281","targetHints":{"allow":["GET"]}}],"collection":[{"href":"https:\/\/www.mundoagropecuario.cl\/new\/wp-json\/wp\/v2\/posts"}],"about":[{"href":"https:\/\/www.mundoagropecuario.cl\/new\/wp-json\/wp\/v2\/types\/post"}],"author":[{"embeddable":true,"href":"https:\/\/www.mundoagropecuario.cl\/new\/wp-json\/wp\/v2\/users\/2"}],"replies":[{"embeddable":true,"href":"https:\/\/www.mundoagropecuario.cl\/new\/wp-json\/wp\/v2\/comments?post=14281"}],"version-history":[{"count":1,"href":"https:\/\/www.mundoagropecuario.cl\/new\/wp-json\/wp\/v2\/posts\/14281\/revisions"}],"predecessor-version":[{"id":14283,"href":"https:\/\/www.mundoagropecuario.cl\/new\/wp-json\/wp\/v2\/posts\/14281\/revisions\/14283"}],"wp:featuredmedia":[{"embeddable":true,"href":"https:\/\/www.mundoagropecuario.cl\/new\/wp-json\/wp\/v2\/media\/14282"}],"wp:attachment":[{"href":"https:\/\/www.mundoagropecuario.cl\/new\/wp-json\/wp\/v2\/media?parent=14281"}],"wp:term":[{"taxonomy":"category","embeddable":true,"href":"https:\/\/www.mundoagropecuario.cl\/new\/wp-json\/wp\/v2\/categories?post=14281"},{"taxonomy":"post_tag","embeddable":true,"href":"https:\/\/www.mundoagropecuario.cl\/new\/wp-json\/wp\/v2\/tags?post=14281"}],"curies":[{"name":"wp","href":"https:\/\/api.w.org\/{rel}","templated":true}]}}