{"id":14253,"date":"2019-10-07T01:00:52","date_gmt":"2019-10-07T04:00:52","guid":{"rendered":"http:\/\/www.mundoagropecuario.cl\/new\/?p=14253"},"modified":"2019-10-08T11:23:03","modified_gmt":"2019-10-08T14:23:03","slug":"lanzan-plan-nacional-de-recarga-artificial-de-acuiferos-para-enfrentar-la-sequia","status":"publish","type":"post","link":"https:\/\/www.mundoagropecuario.cl\/new\/lanzan-plan-nacional-de-recarga-artificial-de-acuiferos-para-enfrentar-la-sequia\/","title":{"rendered":"Lanzan plan nacional de recarga artificial de acu\u00edferos para enfrentar la sequ\u00eda"},"content":{"rendered":"\n<ul class=\"wp-block-gallery columns-0 is-cropped wp-block-gallery-1 is-layout-flex wp-block-gallery-is-layout-flex\"><\/ul>\n\n\n\n<p><\/p>\n\n\n\n<p class=\"has-medium-font-size\"><em>El Ministro de Obras P\u00fablicas, Alfredo Moreno, junto al Ministro de Agricultura, Antonio Walker, realizaron en la regi\u00f3n de O\u2019Higgins, el lanzamiento del \u201cPlan de Recarga Artificial de Acu\u00edferos\u201d, una nueva medida para enfrentar la escasez h\u00eddrica que afecta a nuestro pa\u00eds. (Mundo Agropecuario).<\/em><\/p>\n\n\n\n<p>\u201cEsta es una herramienta m\u00e1s que se suma a los decretos de escasez y de emergencia, y que nos permite ya no solamente pensar en la emergencia, sino que pensar que ya no podemos vivir de una emergencia en otra. Tenemos que darnos cuenta de que lo que pasa en O\u2019Higgins y en muchas otras partes del pa\u00eds, es un problema permanente y por lo tanto, tenemos que hacer las obras necesarias para ocupar nuestros recursos de mejor manera, como en este caso utilizando nuevas tecnolog\u00edas\u201d, inform\u00f3 el Ministro Alfredo Moreno sobre el plan que ser\u00e1 ejecutado por la Comisi\u00f3n Nacional de Riego y que contempla un estudio para evaluar y monitorear esta experiencia inicialmente en la segunda secci\u00f3n del R\u00edo Cachapoal.<\/p>\n\n\n\n<figure class=\"wp-block-image\"><img loading=\"lazy\" decoding=\"async\" width=\"1024\" height=\"683\" src=\"https:\/\/www.mundoagropecuario.cl\/new\/wp-content\/uploads\/2019\/10\/WhatsApp-Image-2019-10-04-at-11.30.28-1024x683.jpeg\" alt=\"\" class=\"wp-image-14254\" srcset=\"https:\/\/www.mundoagropecuario.cl\/new\/wp-content\/uploads\/2019\/10\/WhatsApp-Image-2019-10-04-at-11.30.28-1024x683.jpeg 1024w, https:\/\/www.mundoagropecuario.cl\/new\/wp-content\/uploads\/2019\/10\/WhatsApp-Image-2019-10-04-at-11.30.28-586x391.jpeg 586w, https:\/\/www.mundoagropecuario.cl\/new\/wp-content\/uploads\/2019\/10\/WhatsApp-Image-2019-10-04-at-11.30.28-768x512.jpeg 768w, https:\/\/www.mundoagropecuario.cl\/new\/wp-content\/uploads\/2019\/10\/WhatsApp-Image-2019-10-04-at-11.30.28.jpeg 600w\" sizes=\"auto, (max-width: 1024px) 100vw, 1024px\" \/><\/figure>\n\n\n\n<p>El Ministro de Agricultura, Antonio Walker, explic\u00f3 que \u201cEstamos enfrentando la sequ\u00eda m\u00e1s grande de la historia de Chile y por eso, es necesario enfocarnos en dar seguridad de riego a tantos agricultores, sobre todo de las regiones del centro sur del pa\u00eds, que son las que m\u00e1s necesitan recursos h\u00eddricos para mantener la producci\u00f3n y exportaci\u00f3n de frutas con normalidad. Para eso, estamos lanzando este plan, que busca, con esta t\u00e9cnica de infiltraci\u00f3n de acu\u00edferos, recargar las napas subterr\u00e1neas con el objeto de mejorar los rendimientos de los pozos y as\u00ed mejorar la capacidad de riego\u201d.<\/p>\n\n\n\n<p>Esta iniciativa piloto, representar\u00e1 una inversi\u00f3n de la CNR&nbsp;&nbsp;de 258 millones de pesos y permitir\u00e1 a partir de la experiencia en el R\u00edo Cachapoal generar conocimientos espec\u00edficos en el dise\u00f1o y operaci\u00f3n de este tipo de obras, en apoyo al desarrollo de proyectos de infiltraci\u00f3n futuros, que mejoren la disponibilidad del recurso h\u00eddrico para el riego.<\/p>\n\n\n\n<p>Adicionalmente, a este estudio se cre\u00f3 una Mesa participativa con los servicios p\u00fablicos relacionados con este tipo de proyectos como: CNR, DGA, MDS, INDAP y CORFO, adem\u00e1s, de disponer recursos de la ley de Fomento al Riego (Ley N\u00b018.450) para bonificar obras de infiltraci\u00f3n, que permitan almacenar agua en los acu\u00edferos.<\/p>\n\n\n\n<p>Durante la actividad, que se realiz\u00f3 en la Escuela Agr\u00edcola San Vicente de Paul en Coltauco, el Ministro del MOP tambi\u00e9n inform\u00f3 que firm\u00f3 un nuevo Decreto de Escasez H\u00eddrica para las 33 comunas de la Regi\u00f3n del O\u00b4Higgins, con el objetivo de reducir los da\u00f1os que la sequ\u00eda pueda ocasionar en la poblaci\u00f3n. Esto considera las 33 comunas de la regi\u00f3n y tiene como objetivo reducir los da\u00f1os que la sequ\u00eda pueda ocasionar en la poblaci\u00f3n. A la fecha, hay 14 decretos de escasez h\u00eddrica que se aplican en 126 comunas de las regiones de Coquimbo, Valpara\u00edso, Metropolitana, O\u00b4Higgins y del Maule.<\/p>\n\n\n\n<p>Al respecto, el Ministro Alfredo Moreno se\u00f1al\u00f3 que \u201cEstuvimos hace pocos d\u00edas ac\u00e1 iniciando la mesa regional de escasez h\u00eddrica que encabeza el intendente y estamos trabajando desde ese d\u00eda, de manera tal de enfrentar cada uno de los problemas que existen y uno de ellos era la solicitud de decretar zona de escasez h\u00eddrica, lo que ya se examin\u00f3 y firm\u00f3. Esto permitir\u00e1 gestionar de mejor manera el agua y enfrentar la emergencia\u201d.<\/p>\n\n\n\n<p>En el lanzamiento del \u201cPlan Piloto de Recarga Artificial de Acu\u00edferos\u201d tambi\u00e9n participaron el Secretario Ejecutivo de la Comisi\u00f3n Nacional de Riego, Federico Err\u00e1zuriz; el Intendente de la Regi\u00f3n de O\u2019Higgins, Juan Manuel Masferrer; el Seremi de Obras p\u00fablicas, Mois\u00e9s Saravia y el Seremi de Agricultura, Joaqu\u00edn Arriagada, adem\u00e1s, de parlamentarios y representantes de las juntas de vigilancia de los r\u00edos y canales de la regi\u00f3n.<\/p>\n","protected":false},"excerpt":{"rendered":"<p>El Ministro de Obras P\u00fablicas, Alfredo Moreno, junto al Ministro de Agricultura, Antonio Walker, realizaron en la regi\u00f3n de O\u2019Higgins, el lanzamiento del \u201cPlan de Recarga Artificial de Acu\u00edferos\u201d, una&#8230;<\/p>\n","protected":false},"author":2,"featured_media":14255,"comment_status":"closed","ping_status":"closed","sticky":false,"template":"","format":"standard","meta":{"footnotes":""},"categories":[1945],"tags":[2090,2448,2148],"class_list":["post-14253","post","type-post","status-publish","format-standard","has-post-thumbnail","hentry","category-agricultura","tag-agricultura","tag-ministro-walker","tag-sequia"],"yoast_head":"<!-- This site is optimized with the Yoast SEO plugin v26.6 - https:\/\/yoast.com\/wordpress\/plugins\/seo\/ -->\n<title>Lanzan plan nacional de recarga artificial de acu\u00edferos para enfrentar la sequ\u00eda - Mundoagropecuario<\/title>\n<meta name=\"robots\" content=\"index, follow, max-snippet:-1, max-image-preview:large, max-video-preview:-1\" \/>\n<link rel=\"canonical\" href=\"https:\/\/www.mundoagropecuario.cl\/new\/lanzan-plan-nacional-de-recarga-artificial-de-acuiferos-para-enfrentar-la-sequia\/\" \/>\n<meta property=\"og:locale\" content=\"es_ES\" \/>\n<meta property=\"og:type\" content=\"article\" \/>\n<meta property=\"og:title\" content=\"Lanzan plan nacional de recarga artificial de acu\u00edferos para enfrentar la sequ\u00eda - Mundoagropecuario\" \/>\n<meta property=\"og:description\" content=\"El Ministro de Obras P\u00fablicas, Alfredo Moreno, junto al Ministro de Agricultura, Antonio Walker, realizaron en la regi\u00f3n de O\u2019Higgins, el lanzamiento del \u201cPlan de Recarga Artificial de Acu\u00edferos\u201d, una...\" \/>\n<meta property=\"og:url\" content=\"https:\/\/www.mundoagropecuario.cl\/new\/lanzan-plan-nacional-de-recarga-artificial-de-acuiferos-para-enfrentar-la-sequia\/\" \/>\n<meta property=\"og:site_name\" content=\"Mundoagropecuario\" \/>\n<meta property=\"article:publisher\" content=\"https:\/\/www.facebook.com\/mundo.agropecuario.3\" \/>\n<meta property=\"article:published_time\" content=\"2019-10-07T04:00:52+00:00\" \/>\n<meta property=\"article:modified_time\" content=\"2019-10-08T14:23:03+00:00\" \/>\n<meta property=\"og:image\" content=\"https:\/\/www.mundoagropecuario.cl\/new\/wp-content\/uploads\/2019\/10\/WhatsApp-Image-2019-10-04-at-11.30.30-1.jpeg\" \/>\n\t<meta property=\"og:image:width\" content=\"1024\" \/>\n\t<meta property=\"og:image:height\" content=\"683\" \/>\n\t<meta property=\"og:image:type\" content=\"image\/jpeg\" \/>\n<meta name=\"author\" content=\"mundo\" \/>\n<meta name=\"twitter:card\" content=\"summary_large_image\" \/>\n<meta name=\"twitter:creator\" content=\"@MundoAgropecuar\" \/>\n<meta name=\"twitter:site\" content=\"@MundoAgropecuar\" \/>\n<meta name=\"twitter:label1\" content=\"Escrito por\" \/>\n\t<meta name=\"twitter:data1\" content=\"mundo\" \/>\n\t<meta name=\"twitter:label2\" content=\"Tiempo de lectura\" \/>\n\t<meta name=\"twitter:data2\" content=\"3 minutos\" \/>\n<script type=\"application\/ld+json\" class=\"yoast-schema-graph\">{\"@context\":\"https:\/\/schema.org\",\"@graph\":[{\"@type\":\"Article\",\"@id\":\"https:\/\/www.mundoagropecuario.cl\/new\/lanzan-plan-nacional-de-recarga-artificial-de-acuiferos-para-enfrentar-la-sequia\/#article\",\"isPartOf\":{\"@id\":\"https:\/\/www.mundoagropecuario.cl\/new\/lanzan-plan-nacional-de-recarga-artificial-de-acuiferos-para-enfrentar-la-sequia\/\"},\"author\":{\"name\":\"mundo\",\"@id\":\"https:\/\/www.mundoagropecuario.cl\/new\/#\/schema\/person\/4e9f74a82a7dac260eb1c44b7eebeb18\"},\"headline\":\"Lanzan plan nacional de recarga artificial de acu\u00edferos para enfrentar la sequ\u00eda\",\"datePublished\":\"2019-10-07T04:00:52+00:00\",\"dateModified\":\"2019-10-08T14:23:03+00:00\",\"mainEntityOfPage\":{\"@id\":\"https:\/\/www.mundoagropecuario.cl\/new\/lanzan-plan-nacional-de-recarga-artificial-de-acuiferos-para-enfrentar-la-sequia\/\"},\"wordCount\":692,\"publisher\":{\"@id\":\"https:\/\/www.mundoagropecuario.cl\/new\/#organization\"},\"image\":{\"@id\":\"https:\/\/www.mundoagropecuario.cl\/new\/lanzan-plan-nacional-de-recarga-artificial-de-acuiferos-para-enfrentar-la-sequia\/#primaryimage\"},\"thumbnailUrl\":\"https:\/\/www.mundoagropecuario.cl\/new\/wp-content\/uploads\/2019\/10\/WhatsApp-Image-2019-10-04-at-11.30.30-1.jpeg\",\"keywords\":[\"Agricultura\",\"Ministro Walker\",\"Sequ\u00eda\"],\"articleSection\":[\"Agricultura\"],\"inLanguage\":\"es\"},{\"@type\":\"WebPage\",\"@id\":\"https:\/\/www.mundoagropecuario.cl\/new\/lanzan-plan-nacional-de-recarga-artificial-de-acuiferos-para-enfrentar-la-sequia\/\",\"url\":\"https:\/\/www.mundoagropecuario.cl\/new\/lanzan-plan-nacional-de-recarga-artificial-de-acuiferos-para-enfrentar-la-sequia\/\",\"name\":\"Lanzan plan nacional de recarga artificial de acu\u00edferos para enfrentar la sequ\u00eda - Mundoagropecuario\",\"isPartOf\":{\"@id\":\"https:\/\/www.mundoagropecuario.cl\/new\/#website\"},\"primaryImageOfPage\":{\"@id\":\"https:\/\/www.mundoagropecuario.cl\/new\/lanzan-plan-nacional-de-recarga-artificial-de-acuiferos-para-enfrentar-la-sequia\/#primaryimage\"},\"image\":{\"@id\":\"https:\/\/www.mundoagropecuario.cl\/new\/lanzan-plan-nacional-de-recarga-artificial-de-acuiferos-para-enfrentar-la-sequia\/#primaryimage\"},\"thumbnailUrl\":\"https:\/\/www.mundoagropecuario.cl\/new\/wp-content\/uploads\/2019\/10\/WhatsApp-Image-2019-10-04-at-11.30.30-1.jpeg\",\"datePublished\":\"2019-10-07T04:00:52+00:00\",\"dateModified\":\"2019-10-08T14:23:03+00:00\",\"breadcrumb\":{\"@id\":\"https:\/\/www.mundoagropecuario.cl\/new\/lanzan-plan-nacional-de-recarga-artificial-de-acuiferos-para-enfrentar-la-sequia\/#breadcrumb\"},\"inLanguage\":\"es\",\"potentialAction\":[{\"@type\":\"ReadAction\",\"target\":[\"https:\/\/www.mundoagropecuario.cl\/new\/lanzan-plan-nacional-de-recarga-artificial-de-acuiferos-para-enfrentar-la-sequia\/\"]}]},{\"@type\":\"ImageObject\",\"inLanguage\":\"es\",\"@id\":\"https:\/\/www.mundoagropecuario.cl\/new\/lanzan-plan-nacional-de-recarga-artificial-de-acuiferos-para-enfrentar-la-sequia\/#primaryimage\",\"url\":\"https:\/\/www.mundoagropecuario.cl\/new\/wp-content\/uploads\/2019\/10\/WhatsApp-Image-2019-10-04-at-11.30.30-1.jpeg\",\"contentUrl\":\"https:\/\/www.mundoagropecuario.cl\/new\/wp-content\/uploads\/2019\/10\/WhatsApp-Image-2019-10-04-at-11.30.30-1.jpeg\",\"width\":600,\"height\":400},{\"@type\":\"BreadcrumbList\",\"@id\":\"https:\/\/www.mundoagropecuario.cl\/new\/lanzan-plan-nacional-de-recarga-artificial-de-acuiferos-para-enfrentar-la-sequia\/#breadcrumb\",\"itemListElement\":[{\"@type\":\"ListItem\",\"position\":1,\"name\":\"Portada\",\"item\":\"https:\/\/www.mundoagropecuario.cl\/new\/\"},{\"@type\":\"ListItem\",\"position\":2,\"name\":\"Lanzan plan nacional de recarga artificial de acu\u00edferos para enfrentar la sequ\u00eda\"}]},{\"@type\":\"WebSite\",\"@id\":\"https:\/\/www.mundoagropecuario.cl\/new\/#website\",\"url\":\"https:\/\/www.mundoagropecuario.cl\/new\/\",\"name\":\"Mundoagropecuario\",\"description\":\"Mundo Agropecuario\",\"publisher\":{\"@id\":\"https:\/\/www.mundoagropecuario.cl\/new\/#organization\"},\"potentialAction\":[{\"@type\":\"SearchAction\",\"target\":{\"@type\":\"EntryPoint\",\"urlTemplate\":\"https:\/\/www.mundoagropecuario.cl\/new\/?s={search_term_string}\"},\"query-input\":{\"@type\":\"PropertyValueSpecification\",\"valueRequired\":true,\"valueName\":\"search_term_string\"}}],\"inLanguage\":\"es\"},{\"@type\":\"Organization\",\"@id\":\"https:\/\/www.mundoagropecuario.cl\/new\/#organization\",\"name\":\"Revista de Agricultura\",\"url\":\"https:\/\/www.mundoagropecuario.cl\/new\/\",\"logo\":{\"@type\":\"ImageObject\",\"inLanguage\":\"es\",\"@id\":\"https:\/\/www.mundoagropecuario.cl\/new\/#\/schema\/logo\/image\/\",\"url\":\"https:\/\/www.mundoagropecuario.cl\/new\/wp-content\/uploads\/2020\/11\/PORTAL-1-1.png\",\"contentUrl\":\"https:\/\/www.mundoagropecuario.cl\/new\/wp-content\/uploads\/2020\/11\/PORTAL-1-1.png\",\"width\":1026,\"height\":100,\"caption\":\"Revista de Agricultura\"},\"image\":{\"@id\":\"https:\/\/www.mundoagropecuario.cl\/new\/#\/schema\/logo\/image\/\"},\"sameAs\":[\"https:\/\/www.facebook.com\/mundo.agropecuario.3\",\"https:\/\/x.com\/MundoAgropecuar\",\"https:\/\/www.linkedin.com\/in\/mundo-agropecuario-934009201\/\"]},{\"@type\":\"Person\",\"@id\":\"https:\/\/www.mundoagropecuario.cl\/new\/#\/schema\/person\/4e9f74a82a7dac260eb1c44b7eebeb18\",\"name\":\"mundo\",\"url\":\"https:\/\/www.mundoagropecuario.cl\/new\/author\/mundo\/\"}]}<\/script>\n<!-- \/ Yoast SEO plugin. -->","yoast_head_json":{"title":"Lanzan plan nacional de recarga artificial de acu\u00edferos para enfrentar la sequ\u00eda - Mundoagropecuario","robots":{"index":"index","follow":"follow","max-snippet":"max-snippet:-1","max-image-preview":"max-image-preview:large","max-video-preview":"max-video-preview:-1"},"canonical":"https:\/\/www.mundoagropecuario.cl\/new\/lanzan-plan-nacional-de-recarga-artificial-de-acuiferos-para-enfrentar-la-sequia\/","og_locale":"es_ES","og_type":"article","og_title":"Lanzan plan nacional de recarga artificial de acu\u00edferos para enfrentar la sequ\u00eda - Mundoagropecuario","og_description":"El Ministro de Obras P\u00fablicas, Alfredo Moreno, junto al Ministro de Agricultura, Antonio Walker, realizaron en la regi\u00f3n de O\u2019Higgins, el lanzamiento del \u201cPlan de Recarga Artificial de Acu\u00edferos\u201d, una...","og_url":"https:\/\/www.mundoagropecuario.cl\/new\/lanzan-plan-nacional-de-recarga-artificial-de-acuiferos-para-enfrentar-la-sequia\/","og_site_name":"Mundoagropecuario","article_publisher":"https:\/\/www.facebook.com\/mundo.agropecuario.3","article_published_time":"2019-10-07T04:00:52+00:00","article_modified_time":"2019-10-08T14:23:03+00:00","og_image":[{"width":1024,"height":683,"url":"https:\/\/www.mundoagropecuario.cl\/new\/wp-content\/uploads\/2019\/10\/WhatsApp-Image-2019-10-04-at-11.30.30-1.jpeg","type":"image\/jpeg"}],"author":"mundo","twitter_card":"summary_large_image","twitter_creator":"@MundoAgropecuar","twitter_site":"@MundoAgropecuar","twitter_misc":{"Escrito por":"mundo","Tiempo de lectura":"3 minutos"},"schema":{"@context":"https:\/\/schema.org","@graph":[{"@type":"Article","@id":"https:\/\/www.mundoagropecuario.cl\/new\/lanzan-plan-nacional-de-recarga-artificial-de-acuiferos-para-enfrentar-la-sequia\/#article","isPartOf":{"@id":"https:\/\/www.mundoagropecuario.cl\/new\/lanzan-plan-nacional-de-recarga-artificial-de-acuiferos-para-enfrentar-la-sequia\/"},"author":{"name":"mundo","@id":"https:\/\/www.mundoagropecuario.cl\/new\/#\/schema\/person\/4e9f74a82a7dac260eb1c44b7eebeb18"},"headline":"Lanzan plan nacional de recarga artificial de acu\u00edferos para enfrentar la sequ\u00eda","datePublished":"2019-10-07T04:00:52+00:00","dateModified":"2019-10-08T14:23:03+00:00","mainEntityOfPage":{"@id":"https:\/\/www.mundoagropecuario.cl\/new\/lanzan-plan-nacional-de-recarga-artificial-de-acuiferos-para-enfrentar-la-sequia\/"},"wordCount":692,"publisher":{"@id":"https:\/\/www.mundoagropecuario.cl\/new\/#organization"},"image":{"@id":"https:\/\/www.mundoagropecuario.cl\/new\/lanzan-plan-nacional-de-recarga-artificial-de-acuiferos-para-enfrentar-la-sequia\/#primaryimage"},"thumbnailUrl":"https:\/\/www.mundoagropecuario.cl\/new\/wp-content\/uploads\/2019\/10\/WhatsApp-Image-2019-10-04-at-11.30.30-1.jpeg","keywords":["Agricultura","Ministro Walker","Sequ\u00eda"],"articleSection":["Agricultura"],"inLanguage":"es"},{"@type":"WebPage","@id":"https:\/\/www.mundoagropecuario.cl\/new\/lanzan-plan-nacional-de-recarga-artificial-de-acuiferos-para-enfrentar-la-sequia\/","url":"https:\/\/www.mundoagropecuario.cl\/new\/lanzan-plan-nacional-de-recarga-artificial-de-acuiferos-para-enfrentar-la-sequia\/","name":"Lanzan plan nacional de recarga artificial de acu\u00edferos para enfrentar la sequ\u00eda - Mundoagropecuario","isPartOf":{"@id":"https:\/\/www.mundoagropecuario.cl\/new\/#website"},"primaryImageOfPage":{"@id":"https:\/\/www.mundoagropecuario.cl\/new\/lanzan-plan-nacional-de-recarga-artificial-de-acuiferos-para-enfrentar-la-sequia\/#primaryimage"},"image":{"@id":"https:\/\/www.mundoagropecuario.cl\/new\/lanzan-plan-nacional-de-recarga-artificial-de-acuiferos-para-enfrentar-la-sequia\/#primaryimage"},"thumbnailUrl":"https:\/\/www.mundoagropecuario.cl\/new\/wp-content\/uploads\/2019\/10\/WhatsApp-Image-2019-10-04-at-11.30.30-1.jpeg","datePublished":"2019-10-07T04:00:52+00:00","dateModified":"2019-10-08T14:23:03+00:00","breadcrumb":{"@id":"https:\/\/www.mundoagropecuario.cl\/new\/lanzan-plan-nacional-de-recarga-artificial-de-acuiferos-para-enfrentar-la-sequia\/#breadcrumb"},"inLanguage":"es","potentialAction":[{"@type":"ReadAction","target":["https:\/\/www.mundoagropecuario.cl\/new\/lanzan-plan-nacional-de-recarga-artificial-de-acuiferos-para-enfrentar-la-sequia\/"]}]},{"@type":"ImageObject","inLanguage":"es","@id":"https:\/\/www.mundoagropecuario.cl\/new\/lanzan-plan-nacional-de-recarga-artificial-de-acuiferos-para-enfrentar-la-sequia\/#primaryimage","url":"https:\/\/www.mundoagropecuario.cl\/new\/wp-content\/uploads\/2019\/10\/WhatsApp-Image-2019-10-04-at-11.30.30-1.jpeg","contentUrl":"https:\/\/www.mundoagropecuario.cl\/new\/wp-content\/uploads\/2019\/10\/WhatsApp-Image-2019-10-04-at-11.30.30-1.jpeg","width":600,"height":400},{"@type":"BreadcrumbList","@id":"https:\/\/www.mundoagropecuario.cl\/new\/lanzan-plan-nacional-de-recarga-artificial-de-acuiferos-para-enfrentar-la-sequia\/#breadcrumb","itemListElement":[{"@type":"ListItem","position":1,"name":"Portada","item":"https:\/\/www.mundoagropecuario.cl\/new\/"},{"@type":"ListItem","position":2,"name":"Lanzan plan nacional de recarga artificial de acu\u00edferos para enfrentar la sequ\u00eda"}]},{"@type":"WebSite","@id":"https:\/\/www.mundoagropecuario.cl\/new\/#website","url":"https:\/\/www.mundoagropecuario.cl\/new\/","name":"Mundoagropecuario","description":"Mundo Agropecuario","publisher":{"@id":"https:\/\/www.mundoagropecuario.cl\/new\/#organization"},"potentialAction":[{"@type":"SearchAction","target":{"@type":"EntryPoint","urlTemplate":"https:\/\/www.mundoagropecuario.cl\/new\/?s={search_term_string}"},"query-input":{"@type":"PropertyValueSpecification","valueRequired":true,"valueName":"search_term_string"}}],"inLanguage":"es"},{"@type":"Organization","@id":"https:\/\/www.mundoagropecuario.cl\/new\/#organization","name":"Revista de Agricultura","url":"https:\/\/www.mundoagropecuario.cl\/new\/","logo":{"@type":"ImageObject","inLanguage":"es","@id":"https:\/\/www.mundoagropecuario.cl\/new\/#\/schema\/logo\/image\/","url":"https:\/\/www.mundoagropecuario.cl\/new\/wp-content\/uploads\/2020\/11\/PORTAL-1-1.png","contentUrl":"https:\/\/www.mundoagropecuario.cl\/new\/wp-content\/uploads\/2020\/11\/PORTAL-1-1.png","width":1026,"height":100,"caption":"Revista de Agricultura"},"image":{"@id":"https:\/\/www.mundoagropecuario.cl\/new\/#\/schema\/logo\/image\/"},"sameAs":["https:\/\/www.facebook.com\/mundo.agropecuario.3","https:\/\/x.com\/MundoAgropecuar","https:\/\/www.linkedin.com\/in\/mundo-agropecuario-934009201\/"]},{"@type":"Person","@id":"https:\/\/www.mundoagropecuario.cl\/new\/#\/schema\/person\/4e9f74a82a7dac260eb1c44b7eebeb18","name":"mundo","url":"https:\/\/www.mundoagropecuario.cl\/new\/author\/mundo\/"}]}},"_links":{"self":[{"href":"https:\/\/www.mundoagropecuario.cl\/new\/wp-json\/wp\/v2\/posts\/14253","targetHints":{"allow":["GET"]}}],"collection":[{"href":"https:\/\/www.mundoagropecuario.cl\/new\/wp-json\/wp\/v2\/posts"}],"about":[{"href":"https:\/\/www.mundoagropecuario.cl\/new\/wp-json\/wp\/v2\/types\/post"}],"author":[{"embeddable":true,"href":"https:\/\/www.mundoagropecuario.cl\/new\/wp-json\/wp\/v2\/users\/2"}],"replies":[{"embeddable":true,"href":"https:\/\/www.mundoagropecuario.cl\/new\/wp-json\/wp\/v2\/comments?post=14253"}],"version-history":[{"count":1,"href":"https:\/\/www.mundoagropecuario.cl\/new\/wp-json\/wp\/v2\/posts\/14253\/revisions"}],"predecessor-version":[{"id":14256,"href":"https:\/\/www.mundoagropecuario.cl\/new\/wp-json\/wp\/v2\/posts\/14253\/revisions\/14256"}],"wp:featuredmedia":[{"embeddable":true,"href":"https:\/\/www.mundoagropecuario.cl\/new\/wp-json\/wp\/v2\/media\/14255"}],"wp:attachment":[{"href":"https:\/\/www.mundoagropecuario.cl\/new\/wp-json\/wp\/v2\/media?parent=14253"}],"wp:term":[{"taxonomy":"category","embeddable":true,"href":"https:\/\/www.mundoagropecuario.cl\/new\/wp-json\/wp\/v2\/categories?post=14253"},{"taxonomy":"post_tag","embeddable":true,"href":"https:\/\/www.mundoagropecuario.cl\/new\/wp-json\/wp\/v2\/tags?post=14253"}],"curies":[{"name":"wp","href":"https:\/\/api.w.org\/{rel}","templated":true}]}}