{"id":14227,"date":"2019-10-04T01:13:57","date_gmt":"2019-10-04T04:13:57","guid":{"rendered":"http:\/\/www.mundoagropecuario.cl\/new\/?p=14227"},"modified":"2019-10-07T11:39:13","modified_gmt":"2019-10-07T14:39:13","slug":"exitosa-1o-jornada-tecnica-de-actualizacion-de-conocimientos-en-cerezos","status":"publish","type":"post","link":"https:\/\/www.mundoagropecuario.cl\/new\/exitosa-1o-jornada-tecnica-de-actualizacion-de-conocimientos-en-cerezos\/","title":{"rendered":"Exitosa 1\u00ba Jornada T\u00e9cnica de Actualizaci\u00f3n de Conocimientos en Cerezos"},"content":{"rendered":"\n<ul class=\"wp-block-gallery columns-0 is-cropped wp-block-gallery-1 is-layout-flex wp-block-gallery-is-layout-flex\"><\/ul>\n\n\n\n<p class=\"has-medium-font-size\"><em>La Unidad de Frutales de Cooprinsem organiz\u00f3 esta interesante jornada en la que se analizaron factores asociados al cultivo y producci\u00f3n de cerezas en la zona (Mundo Agropecuario).<\/em><\/p>\n\n\n\n<p>Con gran asistencia de productores cereceros y profesionales del agro se realiz\u00f3 en dependencias de Coopinsem Osorno la primera charla t\u00e9cnica sobre nuevas estrategias fitosanitarias y aspectos relacionados a nutrici\u00f3n en fruticultura en la zona sur del pa\u00eds.<\/p>\n\n\n\n<p>Esta actividad, organizada por la Unidad de Frutales de la Cooperativa, cont\u00f3 con la participaci\u00f3n de los equipos profesionales y t\u00e9cnicos de las empresas exportadoras cerezos Agricom, Frusam, Ranco Cherries y Prize.<\/p>\n\n\n\n<div class=\"wp-block-image\"><figure class=\"alignleft is-resized\"><img loading=\"lazy\" decoding=\"async\" src=\"https:\/\/www.mundoagropecuario.cl\/new\/wp-content\/uploads\/2019\/10\/1\u00baJornada-T\u00e9cnica-Actualizaci\u00f3n-Conocimientos-en-Cerezos-4-Cooprinsem-1024x768.jpg\" alt=\"\" class=\"wp-image-14229\" width=\"369\" height=\"277\" srcset=\"https:\/\/www.mundoagropecuario.cl\/new\/wp-content\/uploads\/2019\/10\/1\u00baJornada-T\u00e9cnica-Actualizaci\u00f3n-Conocimientos-en-Cerezos-4-Cooprinsem-1024x768.jpg 1024w, https:\/\/www.mundoagropecuario.cl\/new\/wp-content\/uploads\/2019\/10\/1\u00baJornada-T\u00e9cnica-Actualizaci\u00f3n-Conocimientos-en-Cerezos-4-Cooprinsem-586x440.jpg 586w, https:\/\/www.mundoagropecuario.cl\/new\/wp-content\/uploads\/2019\/10\/1\u00baJornada-T\u00e9cnica-Actualizaci\u00f3n-Conocimientos-en-Cerezos-4-Cooprinsem-768x576.jpg 768w, https:\/\/www.mundoagropecuario.cl\/new\/wp-content\/uploads\/2019\/10\/1\u00baJornada-T\u00e9cnica-Actualizaci\u00f3n-Conocimientos-en-Cerezos-4-Cooprinsem.jpg 533w\" sizes=\"auto, (max-width: 369px) 100vw, 369px\" \/><\/figure><\/div>\n\n\n\n<p>El programa de la jornada contempl\u00f3 interesantes presentaciones a cargo de expertos en diversas \u00e1reas. La primera ponencia la realiz\u00f3 el Jefe de la Unidad de Frutales de Cooprinsem, Ramiro Poblete, quien se refiri\u00f3 a los servicios de asesor\u00edas en relaci\u00f3n en establecimiento y manejo agron\u00f3mico de huertos frutales. El profesional puso especial \u00e9nfasis en Nutricheck, \u201ctecnolog\u00eda satelital que permite que los an\u00e1lisis de suelos puedan ser extrapolados a la totalidad de la superficie, mediante metodolog\u00eda predictora que proyecta la informaci\u00f3n hacia el la superficie completa de un predio agr\u00edcola. De esta forma, a partir de un n\u00famero reducido de mediciones, la metodolog\u00eda Nutricheck genera un mapa continuo de fertilidad de cada potrero\u201d, explic\u00f3.<\/p>\n\n\n\n<p>Posteriormente, Ren\u00e9 Salazar, profesional del Control de Gesti\u00f3n Agr\u00edcola de Cooprinsem, ahond\u00f3 en los servicios de fotometr\u00eda, plataforma digital y sistema gesti\u00f3n predial. Luego se dio paso a una exposici\u00f3n y an\u00e1lisis de la tecnolog\u00eda para el manejo del cerezo, la que fue realizada por el equipo de la firma UPL OpenAg integrado por Subgerente T\u00e9cnico Patricio Cerda, junto a Oscar Gebauer y Oscar Manquilef, Agente Zonal X y XIV.<\/p>\n\n\n\n<p>Esta jornada fue tremendamente valorada por los profesionales asistentes, quienes comentaron los interesantes servicios y tecnolog\u00edas innovadoras disponibles en apoyo a su gesti\u00f3n profesional. Al finalizar, los participantes compartieron un grato momento en una cena camarader\u00eda.<\/p>\n","protected":false},"excerpt":{"rendered":"<p>La Unidad de Frutales de Cooprinsem organiz\u00f3 esta interesante jornada en la que se analizaron factores asociados al cultivo y producci\u00f3n de cerezas en la zona (Mundo Agropecuario). Con gran&#8230;<\/p>\n","protected":false},"author":2,"featured_media":14228,"comment_status":"closed","ping_status":"closed","sticky":false,"template":"","format":"standard","meta":{"footnotes":""},"categories":[1986],"tags":[3127,4317,2261],"class_list":["post-14227","post","type-post","status-publish","format-standard","has-post-thumbnail","hentry","category-frutas","tag-agro","tag-cerezos","tag-cooprinsem"],"yoast_head":"<!-- This site is optimized with the Yoast SEO plugin v26.6 - https:\/\/yoast.com\/wordpress\/plugins\/seo\/ -->\n<title>Exitosa 1\u00ba Jornada T\u00e9cnica de Actualizaci\u00f3n de Conocimientos en Cerezos - Mundoagropecuario<\/title>\n<meta name=\"robots\" content=\"index, follow, max-snippet:-1, max-image-preview:large, max-video-preview:-1\" \/>\n<link rel=\"canonical\" href=\"https:\/\/www.mundoagropecuario.cl\/new\/exitosa-1o-jornada-tecnica-de-actualizacion-de-conocimientos-en-cerezos\/\" \/>\n<meta property=\"og:locale\" content=\"es_ES\" \/>\n<meta property=\"og:type\" content=\"article\" \/>\n<meta property=\"og:title\" content=\"Exitosa 1\u00ba Jornada T\u00e9cnica de Actualizaci\u00f3n de Conocimientos en Cerezos - Mundoagropecuario\" \/>\n<meta property=\"og:description\" content=\"La Unidad de Frutales de Cooprinsem organiz\u00f3 esta interesante jornada en la que se analizaron factores asociados al cultivo y producci\u00f3n de cerezas en la zona (Mundo Agropecuario). Con gran...\" \/>\n<meta property=\"og:url\" content=\"https:\/\/www.mundoagropecuario.cl\/new\/exitosa-1o-jornada-tecnica-de-actualizacion-de-conocimientos-en-cerezos\/\" \/>\n<meta property=\"og:site_name\" content=\"Mundoagropecuario\" \/>\n<meta property=\"article:publisher\" content=\"https:\/\/www.facebook.com\/mundo.agropecuario.3\" \/>\n<meta property=\"article:published_time\" content=\"2019-10-04T04:13:57+00:00\" \/>\n<meta property=\"article:modified_time\" content=\"2019-10-07T14:39:13+00:00\" \/>\n<meta property=\"og:image\" content=\"https:\/\/www.mundoagropecuario.cl\/new\/wp-content\/uploads\/2019\/10\/1\u00baJornada-T\u00e9cnica-Actualizaci\u00f3n-Conocimientos-en-Cerezos-1-Cooprinsem.jpg\" \/>\n\t<meta property=\"og:image:width\" content=\"1024\" \/>\n\t<meta property=\"og:image:height\" content=\"768\" \/>\n\t<meta property=\"og:image:type\" content=\"image\/jpeg\" \/>\n<meta name=\"author\" content=\"mundo\" \/>\n<meta name=\"twitter:card\" content=\"summary_large_image\" \/>\n<meta name=\"twitter:creator\" content=\"@MundoAgropecuar\" \/>\n<meta name=\"twitter:site\" content=\"@MundoAgropecuar\" \/>\n<meta name=\"twitter:label1\" content=\"Escrito por\" \/>\n\t<meta name=\"twitter:data1\" content=\"mundo\" \/>\n\t<meta name=\"twitter:label2\" content=\"Tiempo de lectura\" \/>\n\t<meta name=\"twitter:data2\" content=\"2 minutos\" \/>\n<script type=\"application\/ld+json\" class=\"yoast-schema-graph\">{\"@context\":\"https:\/\/schema.org\",\"@graph\":[{\"@type\":\"Article\",\"@id\":\"https:\/\/www.mundoagropecuario.cl\/new\/exitosa-1o-jornada-tecnica-de-actualizacion-de-conocimientos-en-cerezos\/#article\",\"isPartOf\":{\"@id\":\"https:\/\/www.mundoagropecuario.cl\/new\/exitosa-1o-jornada-tecnica-de-actualizacion-de-conocimientos-en-cerezos\/\"},\"author\":{\"name\":\"mundo\",\"@id\":\"https:\/\/www.mundoagropecuario.cl\/new\/#\/schema\/person\/4e9f74a82a7dac260eb1c44b7eebeb18\"},\"headline\":\"Exitosa 1\u00ba Jornada T\u00e9cnica de Actualizaci\u00f3n de Conocimientos en Cerezos\",\"datePublished\":\"2019-10-04T04:13:57+00:00\",\"dateModified\":\"2019-10-07T14:39:13+00:00\",\"mainEntityOfPage\":{\"@id\":\"https:\/\/www.mundoagropecuario.cl\/new\/exitosa-1o-jornada-tecnica-de-actualizacion-de-conocimientos-en-cerezos\/\"},\"wordCount\":356,\"publisher\":{\"@id\":\"https:\/\/www.mundoagropecuario.cl\/new\/#organization\"},\"image\":{\"@id\":\"https:\/\/www.mundoagropecuario.cl\/new\/exitosa-1o-jornada-tecnica-de-actualizacion-de-conocimientos-en-cerezos\/#primaryimage\"},\"thumbnailUrl\":\"https:\/\/www.mundoagropecuario.cl\/new\/wp-content\/uploads\/2019\/10\/1\u00baJornada-T\u00e9cnica-Actualizaci\u00f3n-Conocimientos-en-Cerezos-1-Cooprinsem.jpg\",\"keywords\":[\"Agro\",\"Cerezos\",\"Cooprinsem\"],\"articleSection\":[\"Frutas\"],\"inLanguage\":\"es\"},{\"@type\":\"WebPage\",\"@id\":\"https:\/\/www.mundoagropecuario.cl\/new\/exitosa-1o-jornada-tecnica-de-actualizacion-de-conocimientos-en-cerezos\/\",\"url\":\"https:\/\/www.mundoagropecuario.cl\/new\/exitosa-1o-jornada-tecnica-de-actualizacion-de-conocimientos-en-cerezos\/\",\"name\":\"Exitosa 1\u00ba Jornada T\u00e9cnica de Actualizaci\u00f3n de Conocimientos en Cerezos - Mundoagropecuario\",\"isPartOf\":{\"@id\":\"https:\/\/www.mundoagropecuario.cl\/new\/#website\"},\"primaryImageOfPage\":{\"@id\":\"https:\/\/www.mundoagropecuario.cl\/new\/exitosa-1o-jornada-tecnica-de-actualizacion-de-conocimientos-en-cerezos\/#primaryimage\"},\"image\":{\"@id\":\"https:\/\/www.mundoagropecuario.cl\/new\/exitosa-1o-jornada-tecnica-de-actualizacion-de-conocimientos-en-cerezos\/#primaryimage\"},\"thumbnailUrl\":\"https:\/\/www.mundoagropecuario.cl\/new\/wp-content\/uploads\/2019\/10\/1\u00baJornada-T\u00e9cnica-Actualizaci\u00f3n-Conocimientos-en-Cerezos-1-Cooprinsem.jpg\",\"datePublished\":\"2019-10-04T04:13:57+00:00\",\"dateModified\":\"2019-10-07T14:39:13+00:00\",\"breadcrumb\":{\"@id\":\"https:\/\/www.mundoagropecuario.cl\/new\/exitosa-1o-jornada-tecnica-de-actualizacion-de-conocimientos-en-cerezos\/#breadcrumb\"},\"inLanguage\":\"es\",\"potentialAction\":[{\"@type\":\"ReadAction\",\"target\":[\"https:\/\/www.mundoagropecuario.cl\/new\/exitosa-1o-jornada-tecnica-de-actualizacion-de-conocimientos-en-cerezos\/\"]}]},{\"@type\":\"ImageObject\",\"inLanguage\":\"es\",\"@id\":\"https:\/\/www.mundoagropecuario.cl\/new\/exitosa-1o-jornada-tecnica-de-actualizacion-de-conocimientos-en-cerezos\/#primaryimage\",\"url\":\"https:\/\/www.mundoagropecuario.cl\/new\/wp-content\/uploads\/2019\/10\/1\u00baJornada-T\u00e9cnica-Actualizaci\u00f3n-Conocimientos-en-Cerezos-1-Cooprinsem.jpg\",\"contentUrl\":\"https:\/\/www.mundoagropecuario.cl\/new\/wp-content\/uploads\/2019\/10\/1\u00baJornada-T\u00e9cnica-Actualizaci\u00f3n-Conocimientos-en-Cerezos-1-Cooprinsem.jpg\",\"width\":533,\"height\":400},{\"@type\":\"BreadcrumbList\",\"@id\":\"https:\/\/www.mundoagropecuario.cl\/new\/exitosa-1o-jornada-tecnica-de-actualizacion-de-conocimientos-en-cerezos\/#breadcrumb\",\"itemListElement\":[{\"@type\":\"ListItem\",\"position\":1,\"name\":\"Portada\",\"item\":\"https:\/\/www.mundoagropecuario.cl\/new\/\"},{\"@type\":\"ListItem\",\"position\":2,\"name\":\"Exitosa 1\u00ba Jornada T\u00e9cnica de Actualizaci\u00f3n de Conocimientos en Cerezos\"}]},{\"@type\":\"WebSite\",\"@id\":\"https:\/\/www.mundoagropecuario.cl\/new\/#website\",\"url\":\"https:\/\/www.mundoagropecuario.cl\/new\/\",\"name\":\"Mundoagropecuario\",\"description\":\"Mundo Agropecuario\",\"publisher\":{\"@id\":\"https:\/\/www.mundoagropecuario.cl\/new\/#organization\"},\"potentialAction\":[{\"@type\":\"SearchAction\",\"target\":{\"@type\":\"EntryPoint\",\"urlTemplate\":\"https:\/\/www.mundoagropecuario.cl\/new\/?s={search_term_string}\"},\"query-input\":{\"@type\":\"PropertyValueSpecification\",\"valueRequired\":true,\"valueName\":\"search_term_string\"}}],\"inLanguage\":\"es\"},{\"@type\":\"Organization\",\"@id\":\"https:\/\/www.mundoagropecuario.cl\/new\/#organization\",\"name\":\"Revista de Agricultura\",\"url\":\"https:\/\/www.mundoagropecuario.cl\/new\/\",\"logo\":{\"@type\":\"ImageObject\",\"inLanguage\":\"es\",\"@id\":\"https:\/\/www.mundoagropecuario.cl\/new\/#\/schema\/logo\/image\/\",\"url\":\"https:\/\/www.mundoagropecuario.cl\/new\/wp-content\/uploads\/2020\/11\/PORTAL-1-1.png\",\"contentUrl\":\"https:\/\/www.mundoagropecuario.cl\/new\/wp-content\/uploads\/2020\/11\/PORTAL-1-1.png\",\"width\":1026,\"height\":100,\"caption\":\"Revista de Agricultura\"},\"image\":{\"@id\":\"https:\/\/www.mundoagropecuario.cl\/new\/#\/schema\/logo\/image\/\"},\"sameAs\":[\"https:\/\/www.facebook.com\/mundo.agropecuario.3\",\"https:\/\/x.com\/MundoAgropecuar\",\"https:\/\/www.linkedin.com\/in\/mundo-agropecuario-934009201\/\"]},{\"@type\":\"Person\",\"@id\":\"https:\/\/www.mundoagropecuario.cl\/new\/#\/schema\/person\/4e9f74a82a7dac260eb1c44b7eebeb18\",\"name\":\"mundo\",\"url\":\"https:\/\/www.mundoagropecuario.cl\/new\/author\/mundo\/\"}]}<\/script>\n<!-- \/ Yoast SEO plugin. -->","yoast_head_json":{"title":"Exitosa 1\u00ba Jornada T\u00e9cnica de Actualizaci\u00f3n de Conocimientos en Cerezos - Mundoagropecuario","robots":{"index":"index","follow":"follow","max-snippet":"max-snippet:-1","max-image-preview":"max-image-preview:large","max-video-preview":"max-video-preview:-1"},"canonical":"https:\/\/www.mundoagropecuario.cl\/new\/exitosa-1o-jornada-tecnica-de-actualizacion-de-conocimientos-en-cerezos\/","og_locale":"es_ES","og_type":"article","og_title":"Exitosa 1\u00ba Jornada T\u00e9cnica de Actualizaci\u00f3n de Conocimientos en Cerezos - Mundoagropecuario","og_description":"La Unidad de Frutales de Cooprinsem organiz\u00f3 esta interesante jornada en la que se analizaron factores asociados al cultivo y producci\u00f3n de cerezas en la zona (Mundo Agropecuario). Con gran...","og_url":"https:\/\/www.mundoagropecuario.cl\/new\/exitosa-1o-jornada-tecnica-de-actualizacion-de-conocimientos-en-cerezos\/","og_site_name":"Mundoagropecuario","article_publisher":"https:\/\/www.facebook.com\/mundo.agropecuario.3","article_published_time":"2019-10-04T04:13:57+00:00","article_modified_time":"2019-10-07T14:39:13+00:00","og_image":[{"width":1024,"height":768,"url":"https:\/\/www.mundoagropecuario.cl\/new\/wp-content\/uploads\/2019\/10\/1\u00baJornada-T\u00e9cnica-Actualizaci\u00f3n-Conocimientos-en-Cerezos-1-Cooprinsem.jpg","type":"image\/jpeg"}],"author":"mundo","twitter_card":"summary_large_image","twitter_creator":"@MundoAgropecuar","twitter_site":"@MundoAgropecuar","twitter_misc":{"Escrito por":"mundo","Tiempo de lectura":"2 minutos"},"schema":{"@context":"https:\/\/schema.org","@graph":[{"@type":"Article","@id":"https:\/\/www.mundoagropecuario.cl\/new\/exitosa-1o-jornada-tecnica-de-actualizacion-de-conocimientos-en-cerezos\/#article","isPartOf":{"@id":"https:\/\/www.mundoagropecuario.cl\/new\/exitosa-1o-jornada-tecnica-de-actualizacion-de-conocimientos-en-cerezos\/"},"author":{"name":"mundo","@id":"https:\/\/www.mundoagropecuario.cl\/new\/#\/schema\/person\/4e9f74a82a7dac260eb1c44b7eebeb18"},"headline":"Exitosa 1\u00ba Jornada T\u00e9cnica de Actualizaci\u00f3n de Conocimientos en Cerezos","datePublished":"2019-10-04T04:13:57+00:00","dateModified":"2019-10-07T14:39:13+00:00","mainEntityOfPage":{"@id":"https:\/\/www.mundoagropecuario.cl\/new\/exitosa-1o-jornada-tecnica-de-actualizacion-de-conocimientos-en-cerezos\/"},"wordCount":356,"publisher":{"@id":"https:\/\/www.mundoagropecuario.cl\/new\/#organization"},"image":{"@id":"https:\/\/www.mundoagropecuario.cl\/new\/exitosa-1o-jornada-tecnica-de-actualizacion-de-conocimientos-en-cerezos\/#primaryimage"},"thumbnailUrl":"https:\/\/www.mundoagropecuario.cl\/new\/wp-content\/uploads\/2019\/10\/1\u00baJornada-T\u00e9cnica-Actualizaci\u00f3n-Conocimientos-en-Cerezos-1-Cooprinsem.jpg","keywords":["Agro","Cerezos","Cooprinsem"],"articleSection":["Frutas"],"inLanguage":"es"},{"@type":"WebPage","@id":"https:\/\/www.mundoagropecuario.cl\/new\/exitosa-1o-jornada-tecnica-de-actualizacion-de-conocimientos-en-cerezos\/","url":"https:\/\/www.mundoagropecuario.cl\/new\/exitosa-1o-jornada-tecnica-de-actualizacion-de-conocimientos-en-cerezos\/","name":"Exitosa 1\u00ba Jornada T\u00e9cnica de Actualizaci\u00f3n de Conocimientos en Cerezos - Mundoagropecuario","isPartOf":{"@id":"https:\/\/www.mundoagropecuario.cl\/new\/#website"},"primaryImageOfPage":{"@id":"https:\/\/www.mundoagropecuario.cl\/new\/exitosa-1o-jornada-tecnica-de-actualizacion-de-conocimientos-en-cerezos\/#primaryimage"},"image":{"@id":"https:\/\/www.mundoagropecuario.cl\/new\/exitosa-1o-jornada-tecnica-de-actualizacion-de-conocimientos-en-cerezos\/#primaryimage"},"thumbnailUrl":"https:\/\/www.mundoagropecuario.cl\/new\/wp-content\/uploads\/2019\/10\/1\u00baJornada-T\u00e9cnica-Actualizaci\u00f3n-Conocimientos-en-Cerezos-1-Cooprinsem.jpg","datePublished":"2019-10-04T04:13:57+00:00","dateModified":"2019-10-07T14:39:13+00:00","breadcrumb":{"@id":"https:\/\/www.mundoagropecuario.cl\/new\/exitosa-1o-jornada-tecnica-de-actualizacion-de-conocimientos-en-cerezos\/#breadcrumb"},"inLanguage":"es","potentialAction":[{"@type":"ReadAction","target":["https:\/\/www.mundoagropecuario.cl\/new\/exitosa-1o-jornada-tecnica-de-actualizacion-de-conocimientos-en-cerezos\/"]}]},{"@type":"ImageObject","inLanguage":"es","@id":"https:\/\/www.mundoagropecuario.cl\/new\/exitosa-1o-jornada-tecnica-de-actualizacion-de-conocimientos-en-cerezos\/#primaryimage","url":"https:\/\/www.mundoagropecuario.cl\/new\/wp-content\/uploads\/2019\/10\/1\u00baJornada-T\u00e9cnica-Actualizaci\u00f3n-Conocimientos-en-Cerezos-1-Cooprinsem.jpg","contentUrl":"https:\/\/www.mundoagropecuario.cl\/new\/wp-content\/uploads\/2019\/10\/1\u00baJornada-T\u00e9cnica-Actualizaci\u00f3n-Conocimientos-en-Cerezos-1-Cooprinsem.jpg","width":533,"height":400},{"@type":"BreadcrumbList","@id":"https:\/\/www.mundoagropecuario.cl\/new\/exitosa-1o-jornada-tecnica-de-actualizacion-de-conocimientos-en-cerezos\/#breadcrumb","itemListElement":[{"@type":"ListItem","position":1,"name":"Portada","item":"https:\/\/www.mundoagropecuario.cl\/new\/"},{"@type":"ListItem","position":2,"name":"Exitosa 1\u00ba Jornada T\u00e9cnica de Actualizaci\u00f3n de Conocimientos en Cerezos"}]},{"@type":"WebSite","@id":"https:\/\/www.mundoagropecuario.cl\/new\/#website","url":"https:\/\/www.mundoagropecuario.cl\/new\/","name":"Mundoagropecuario","description":"Mundo Agropecuario","publisher":{"@id":"https:\/\/www.mundoagropecuario.cl\/new\/#organization"},"potentialAction":[{"@type":"SearchAction","target":{"@type":"EntryPoint","urlTemplate":"https:\/\/www.mundoagropecuario.cl\/new\/?s={search_term_string}"},"query-input":{"@type":"PropertyValueSpecification","valueRequired":true,"valueName":"search_term_string"}}],"inLanguage":"es"},{"@type":"Organization","@id":"https:\/\/www.mundoagropecuario.cl\/new\/#organization","name":"Revista de Agricultura","url":"https:\/\/www.mundoagropecuario.cl\/new\/","logo":{"@type":"ImageObject","inLanguage":"es","@id":"https:\/\/www.mundoagropecuario.cl\/new\/#\/schema\/logo\/image\/","url":"https:\/\/www.mundoagropecuario.cl\/new\/wp-content\/uploads\/2020\/11\/PORTAL-1-1.png","contentUrl":"https:\/\/www.mundoagropecuario.cl\/new\/wp-content\/uploads\/2020\/11\/PORTAL-1-1.png","width":1026,"height":100,"caption":"Revista de Agricultura"},"image":{"@id":"https:\/\/www.mundoagropecuario.cl\/new\/#\/schema\/logo\/image\/"},"sameAs":["https:\/\/www.facebook.com\/mundo.agropecuario.3","https:\/\/x.com\/MundoAgropecuar","https:\/\/www.linkedin.com\/in\/mundo-agropecuario-934009201\/"]},{"@type":"Person","@id":"https:\/\/www.mundoagropecuario.cl\/new\/#\/schema\/person\/4e9f74a82a7dac260eb1c44b7eebeb18","name":"mundo","url":"https:\/\/www.mundoagropecuario.cl\/new\/author\/mundo\/"}]}},"_links":{"self":[{"href":"https:\/\/www.mundoagropecuario.cl\/new\/wp-json\/wp\/v2\/posts\/14227","targetHints":{"allow":["GET"]}}],"collection":[{"href":"https:\/\/www.mundoagropecuario.cl\/new\/wp-json\/wp\/v2\/posts"}],"about":[{"href":"https:\/\/www.mundoagropecuario.cl\/new\/wp-json\/wp\/v2\/types\/post"}],"author":[{"embeddable":true,"href":"https:\/\/www.mundoagropecuario.cl\/new\/wp-json\/wp\/v2\/users\/2"}],"replies":[{"embeddable":true,"href":"https:\/\/www.mundoagropecuario.cl\/new\/wp-json\/wp\/v2\/comments?post=14227"}],"version-history":[{"count":1,"href":"https:\/\/www.mundoagropecuario.cl\/new\/wp-json\/wp\/v2\/posts\/14227\/revisions"}],"predecessor-version":[{"id":14230,"href":"https:\/\/www.mundoagropecuario.cl\/new\/wp-json\/wp\/v2\/posts\/14227\/revisions\/14230"}],"wp:featuredmedia":[{"embeddable":true,"href":"https:\/\/www.mundoagropecuario.cl\/new\/wp-json\/wp\/v2\/media\/14228"}],"wp:attachment":[{"href":"https:\/\/www.mundoagropecuario.cl\/new\/wp-json\/wp\/v2\/media?parent=14227"}],"wp:term":[{"taxonomy":"category","embeddable":true,"href":"https:\/\/www.mundoagropecuario.cl\/new\/wp-json\/wp\/v2\/categories?post=14227"},{"taxonomy":"post_tag","embeddable":true,"href":"https:\/\/www.mundoagropecuario.cl\/new\/wp-json\/wp\/v2\/tags?post=14227"}],"curies":[{"name":"wp","href":"https:\/\/api.w.org\/{rel}","templated":true}]}}