{"id":14187,"date":"2019-10-03T01:39:43","date_gmt":"2019-10-03T04:39:43","guid":{"rendered":"http:\/\/www.mundoagropecuario.cl\/new\/?p=14187"},"modified":"2019-10-04T20:24:53","modified_gmt":"2019-10-04T23:24:53","slug":"seminario-abordo-la-importancia-de-los-humedales-regionales-en-contexto-de-cambio-climatico","status":"publish","type":"post","link":"https:\/\/www.mundoagropecuario.cl\/new\/seminario-abordo-la-importancia-de-los-humedales-regionales-en-contexto-de-cambio-climatico\/","title":{"rendered":"Seminario abord\u00f3 la importancia de los humedales regionales en contexto de Cambio Clim\u00e1tico"},"content":{"rendered":"\n<ul class=\"wp-block-gallery columns-0 is-cropped wp-block-gallery-1 is-layout-flex wp-block-gallery-is-layout-flex\"><\/ul>\n\n\n\n<p><\/p>\n\n\n\n<p class=\"has-medium-font-size\"><em>Con un positivo marco de p\u00fablico, se realiz\u00f3 el lV Seminario de la Mesa Humedales Llanquihue: Humedales, Cambio Clim\u00e1tico y Sustentabilidad, evento gratuito y abierto a todo p\u00fablico (Mundo Agropecuario)<\/em><\/p>\n\n\n\n<p>Esta actividad \u2013desarrollada entre los d\u00edas 1 y 2 de octubre- cont\u00f3 con un nutrido programa, que contempl\u00f3 la participaci\u00f3n de expertos en el \u00e1rea, provenientes de diferentes zonas del pa\u00eds, con el fin de sensibilizar a la poblaci\u00f3n en lo que respecta a los efectos del Cambio Clim\u00e1tico en los humedales, acompa\u00f1ado de las estrategias propuestas para intervenir ante esta realidad.<\/p>\n\n\n\n<div class=\"wp-block-image\"><figure class=\"alignleft is-resized\"><img loading=\"lazy\" decoding=\"async\" src=\"https:\/\/www.mundoagropecuario.cl\/new\/wp-content\/uploads\/2019\/10\/9-1024x683.jpg\" alt=\"\" class=\"wp-image-14189\" width=\"367\" height=\"244\" srcset=\"https:\/\/www.mundoagropecuario.cl\/new\/wp-content\/uploads\/2019\/10\/9-1024x683.jpg 1024w, https:\/\/www.mundoagropecuario.cl\/new\/wp-content\/uploads\/2019\/10\/9-586x391.jpg 586w, https:\/\/www.mundoagropecuario.cl\/new\/wp-content\/uploads\/2019\/10\/9-768x512.jpg 768w, https:\/\/www.mundoagropecuario.cl\/new\/wp-content\/uploads\/2019\/10\/9.jpg 600w\" sizes=\"auto, (max-width: 367px) 100vw, 367px\" \/><\/figure><\/div>\n\n\n\n<p>Al respecto el Seremi de Medio Ambiente Klaus Kosiel indic\u00f3 que \u201cse gener\u00f3 un espacio de conversaci\u00f3n y la difusi\u00f3n de experiencias, respecto a desaf\u00edos que tenemos en los tiempos actuales, los humedales, su protecci\u00f3n, su cuidado, su puesta en valor. Respecto al cambio clim\u00e1tico que es el gran desaf\u00edo que tenemos como modernidad, el Gobierno del Presidente Pi\u00f1era ha tra\u00eddo al pa\u00eds la COP 25 un gran encuentro nacional e internacional que nos re\u00fane a hablar tambi\u00e9n de los desaf\u00edos que tenemos como humanidad y sustentabilidad. C\u00f3mo logramos la gesti\u00f3n de los humedales, de la biodiversidad para un desarrollo integral, inclusivo y sustentable\u201d.<\/p>\n\n\n\n<p>Por su parte la Directora Acad\u00e9mica UACh, Mg. Claudia Zil Bontes destac\u00f3 el trabajo medioambiental y protecci\u00f3n de los humedales, en una oportunidad donde se abordaron charlas, talleres y visitas a terreno en las comunas de Llanquihue y Puerto Varas, en un evento donde destac\u00f3 la trascendencia del Plan Nacional de Protecci\u00f3n de Humedales, adem\u00e1s del inventario existente en Chilo\u00e9, y el estado actual de estos espacios en las regi\u00f3n de Los Lagos, trazando l\u00edneas para potenciar su conservaci\u00f3n.<\/p>\n\n\n\n<p>Cabe mencionar que, actualmente el proyecto de ley del Servicio de Biodiversidad y \u00c1reas Protegidas, SBAP, es una&nbsp;&nbsp;de las iniciativas prioritarias del Ministerio del Medio Ambiente, toda vez que permite la creaci\u00f3n de un servicio p\u00fablico que potencie la conservaci\u00f3n de la naturaleza con una mejor gobernanza en diversos ecosistemas, entre ellos, los humedales que hoy son el hogar de numerosas especies en la zona.<\/p>\n","protected":false},"excerpt":{"rendered":"<p>Con un positivo marco de p\u00fablico, se realiz\u00f3 el lV Seminario de la Mesa Humedales Llanquihue: Humedales, Cambio Clim\u00e1tico y Sustentabilidad, evento gratuito y abierto a todo p\u00fablico (Mundo Agropecuario)&#8230;<\/p>\n","protected":false},"author":2,"featured_media":14188,"comment_status":"closed","ping_status":"closed","sticky":false,"template":"","format":"standard","meta":{"footnotes":""},"categories":[1948],"tags":[4124,3127,4290,578],"class_list":["post-14187","post","type-post","status-publish","format-standard","has-post-thumbnail","hentry","category-sustentabilidad","tag-agricola","tag-agro","tag-humedales","tag-uach"],"yoast_head":"<!-- This site is optimized with the Yoast SEO plugin v26.6 - https:\/\/yoast.com\/wordpress\/plugins\/seo\/ -->\n<title>Seminario abord\u00f3 la importancia de los humedales regionales en contexto de Cambio Clim\u00e1tico - Mundoagropecuario<\/title>\n<meta name=\"robots\" content=\"index, follow, max-snippet:-1, max-image-preview:large, max-video-preview:-1\" \/>\n<link rel=\"canonical\" href=\"https:\/\/www.mundoagropecuario.cl\/new\/seminario-abordo-la-importancia-de-los-humedales-regionales-en-contexto-de-cambio-climatico\/\" \/>\n<meta property=\"og:locale\" content=\"es_ES\" \/>\n<meta property=\"og:type\" content=\"article\" \/>\n<meta property=\"og:title\" content=\"Seminario abord\u00f3 la importancia de los humedales regionales en contexto de Cambio Clim\u00e1tico - Mundoagropecuario\" \/>\n<meta property=\"og:description\" content=\"Con un positivo marco de p\u00fablico, se realiz\u00f3 el lV Seminario de la Mesa Humedales Llanquihue: Humedales, Cambio Clim\u00e1tico y Sustentabilidad, evento gratuito y abierto a todo p\u00fablico (Mundo Agropecuario)...\" \/>\n<meta property=\"og:url\" content=\"https:\/\/www.mundoagropecuario.cl\/new\/seminario-abordo-la-importancia-de-los-humedales-regionales-en-contexto-de-cambio-climatico\/\" \/>\n<meta property=\"og:site_name\" content=\"Mundoagropecuario\" \/>\n<meta property=\"article:publisher\" content=\"https:\/\/www.facebook.com\/mundo.agropecuario.3\" \/>\n<meta property=\"article:published_time\" content=\"2019-10-03T04:39:43+00:00\" \/>\n<meta property=\"article:modified_time\" content=\"2019-10-04T23:24:53+00:00\" \/>\n<meta property=\"og:image\" content=\"https:\/\/www.mundoagropecuario.cl\/new\/wp-content\/uploads\/2019\/10\/8.jpg\" \/>\n\t<meta property=\"og:image:width\" content=\"1024\" \/>\n\t<meta property=\"og:image:height\" content=\"683\" \/>\n\t<meta property=\"og:image:type\" content=\"image\/jpeg\" \/>\n<meta name=\"author\" content=\"mundo\" \/>\n<meta name=\"twitter:card\" content=\"summary_large_image\" \/>\n<meta name=\"twitter:creator\" content=\"@MundoAgropecuar\" \/>\n<meta name=\"twitter:site\" content=\"@MundoAgropecuar\" \/>\n<meta name=\"twitter:label1\" content=\"Escrito por\" \/>\n\t<meta name=\"twitter:data1\" content=\"mundo\" \/>\n\t<meta name=\"twitter:label2\" content=\"Tiempo de lectura\" \/>\n\t<meta name=\"twitter:data2\" content=\"2 minutos\" \/>\n<script type=\"application\/ld+json\" class=\"yoast-schema-graph\">{\"@context\":\"https:\/\/schema.org\",\"@graph\":[{\"@type\":\"Article\",\"@id\":\"https:\/\/www.mundoagropecuario.cl\/new\/seminario-abordo-la-importancia-de-los-humedales-regionales-en-contexto-de-cambio-climatico\/#article\",\"isPartOf\":{\"@id\":\"https:\/\/www.mundoagropecuario.cl\/new\/seminario-abordo-la-importancia-de-los-humedales-regionales-en-contexto-de-cambio-climatico\/\"},\"author\":{\"name\":\"mundo\",\"@id\":\"https:\/\/www.mundoagropecuario.cl\/new\/#\/schema\/person\/4e9f74a82a7dac260eb1c44b7eebeb18\"},\"headline\":\"Seminario abord\u00f3 la importancia de los humedales regionales en contexto de Cambio Clim\u00e1tico\",\"datePublished\":\"2019-10-03T04:39:43+00:00\",\"dateModified\":\"2019-10-04T23:24:53+00:00\",\"mainEntityOfPage\":{\"@id\":\"https:\/\/www.mundoagropecuario.cl\/new\/seminario-abordo-la-importancia-de-los-humedales-regionales-en-contexto-de-cambio-climatico\/\"},\"wordCount\":387,\"publisher\":{\"@id\":\"https:\/\/www.mundoagropecuario.cl\/new\/#organization\"},\"image\":{\"@id\":\"https:\/\/www.mundoagropecuario.cl\/new\/seminario-abordo-la-importancia-de-los-humedales-regionales-en-contexto-de-cambio-climatico\/#primaryimage\"},\"thumbnailUrl\":\"https:\/\/www.mundoagropecuario.cl\/new\/wp-content\/uploads\/2019\/10\/8.jpg\",\"keywords\":[\"agricola\",\"Agro\",\"Humedales\",\"UACh\"],\"articleSection\":[\"Sustentabilidad\"],\"inLanguage\":\"es\"},{\"@type\":\"WebPage\",\"@id\":\"https:\/\/www.mundoagropecuario.cl\/new\/seminario-abordo-la-importancia-de-los-humedales-regionales-en-contexto-de-cambio-climatico\/\",\"url\":\"https:\/\/www.mundoagropecuario.cl\/new\/seminario-abordo-la-importancia-de-los-humedales-regionales-en-contexto-de-cambio-climatico\/\",\"name\":\"Seminario abord\u00f3 la importancia de los humedales regionales en contexto de Cambio Clim\u00e1tico - Mundoagropecuario\",\"isPartOf\":{\"@id\":\"https:\/\/www.mundoagropecuario.cl\/new\/#website\"},\"primaryImageOfPage\":{\"@id\":\"https:\/\/www.mundoagropecuario.cl\/new\/seminario-abordo-la-importancia-de-los-humedales-regionales-en-contexto-de-cambio-climatico\/#primaryimage\"},\"image\":{\"@id\":\"https:\/\/www.mundoagropecuario.cl\/new\/seminario-abordo-la-importancia-de-los-humedales-regionales-en-contexto-de-cambio-climatico\/#primaryimage\"},\"thumbnailUrl\":\"https:\/\/www.mundoagropecuario.cl\/new\/wp-content\/uploads\/2019\/10\/8.jpg\",\"datePublished\":\"2019-10-03T04:39:43+00:00\",\"dateModified\":\"2019-10-04T23:24:53+00:00\",\"breadcrumb\":{\"@id\":\"https:\/\/www.mundoagropecuario.cl\/new\/seminario-abordo-la-importancia-de-los-humedales-regionales-en-contexto-de-cambio-climatico\/#breadcrumb\"},\"inLanguage\":\"es\",\"potentialAction\":[{\"@type\":\"ReadAction\",\"target\":[\"https:\/\/www.mundoagropecuario.cl\/new\/seminario-abordo-la-importancia-de-los-humedales-regionales-en-contexto-de-cambio-climatico\/\"]}]},{\"@type\":\"ImageObject\",\"inLanguage\":\"es\",\"@id\":\"https:\/\/www.mundoagropecuario.cl\/new\/seminario-abordo-la-importancia-de-los-humedales-regionales-en-contexto-de-cambio-climatico\/#primaryimage\",\"url\":\"https:\/\/www.mundoagropecuario.cl\/new\/wp-content\/uploads\/2019\/10\/8.jpg\",\"contentUrl\":\"https:\/\/www.mundoagropecuario.cl\/new\/wp-content\/uploads\/2019\/10\/8.jpg\",\"width\":600,\"height\":400},{\"@type\":\"BreadcrumbList\",\"@id\":\"https:\/\/www.mundoagropecuario.cl\/new\/seminario-abordo-la-importancia-de-los-humedales-regionales-en-contexto-de-cambio-climatico\/#breadcrumb\",\"itemListElement\":[{\"@type\":\"ListItem\",\"position\":1,\"name\":\"Portada\",\"item\":\"https:\/\/www.mundoagropecuario.cl\/new\/\"},{\"@type\":\"ListItem\",\"position\":2,\"name\":\"Seminario abord\u00f3 la importancia de los humedales regionales en contexto de Cambio Clim\u00e1tico\"}]},{\"@type\":\"WebSite\",\"@id\":\"https:\/\/www.mundoagropecuario.cl\/new\/#website\",\"url\":\"https:\/\/www.mundoagropecuario.cl\/new\/\",\"name\":\"Mundoagropecuario\",\"description\":\"Mundo Agropecuario\",\"publisher\":{\"@id\":\"https:\/\/www.mundoagropecuario.cl\/new\/#organization\"},\"potentialAction\":[{\"@type\":\"SearchAction\",\"target\":{\"@type\":\"EntryPoint\",\"urlTemplate\":\"https:\/\/www.mundoagropecuario.cl\/new\/?s={search_term_string}\"},\"query-input\":{\"@type\":\"PropertyValueSpecification\",\"valueRequired\":true,\"valueName\":\"search_term_string\"}}],\"inLanguage\":\"es\"},{\"@type\":\"Organization\",\"@id\":\"https:\/\/www.mundoagropecuario.cl\/new\/#organization\",\"name\":\"Revista de Agricultura\",\"url\":\"https:\/\/www.mundoagropecuario.cl\/new\/\",\"logo\":{\"@type\":\"ImageObject\",\"inLanguage\":\"es\",\"@id\":\"https:\/\/www.mundoagropecuario.cl\/new\/#\/schema\/logo\/image\/\",\"url\":\"https:\/\/www.mundoagropecuario.cl\/new\/wp-content\/uploads\/2020\/11\/PORTAL-1-1.png\",\"contentUrl\":\"https:\/\/www.mundoagropecuario.cl\/new\/wp-content\/uploads\/2020\/11\/PORTAL-1-1.png\",\"width\":1026,\"height\":100,\"caption\":\"Revista de Agricultura\"},\"image\":{\"@id\":\"https:\/\/www.mundoagropecuario.cl\/new\/#\/schema\/logo\/image\/\"},\"sameAs\":[\"https:\/\/www.facebook.com\/mundo.agropecuario.3\",\"https:\/\/x.com\/MundoAgropecuar\",\"https:\/\/www.linkedin.com\/in\/mundo-agropecuario-934009201\/\"]},{\"@type\":\"Person\",\"@id\":\"https:\/\/www.mundoagropecuario.cl\/new\/#\/schema\/person\/4e9f74a82a7dac260eb1c44b7eebeb18\",\"name\":\"mundo\",\"url\":\"https:\/\/www.mundoagropecuario.cl\/new\/author\/mundo\/\"}]}<\/script>\n<!-- \/ Yoast SEO plugin. -->","yoast_head_json":{"title":"Seminario abord\u00f3 la importancia de los humedales regionales en contexto de Cambio Clim\u00e1tico - Mundoagropecuario","robots":{"index":"index","follow":"follow","max-snippet":"max-snippet:-1","max-image-preview":"max-image-preview:large","max-video-preview":"max-video-preview:-1"},"canonical":"https:\/\/www.mundoagropecuario.cl\/new\/seminario-abordo-la-importancia-de-los-humedales-regionales-en-contexto-de-cambio-climatico\/","og_locale":"es_ES","og_type":"article","og_title":"Seminario abord\u00f3 la importancia de los humedales regionales en contexto de Cambio Clim\u00e1tico - Mundoagropecuario","og_description":"Con un positivo marco de p\u00fablico, se realiz\u00f3 el lV Seminario de la Mesa Humedales Llanquihue: Humedales, Cambio Clim\u00e1tico y Sustentabilidad, evento gratuito y abierto a todo p\u00fablico (Mundo Agropecuario)...","og_url":"https:\/\/www.mundoagropecuario.cl\/new\/seminario-abordo-la-importancia-de-los-humedales-regionales-en-contexto-de-cambio-climatico\/","og_site_name":"Mundoagropecuario","article_publisher":"https:\/\/www.facebook.com\/mundo.agropecuario.3","article_published_time":"2019-10-03T04:39:43+00:00","article_modified_time":"2019-10-04T23:24:53+00:00","og_image":[{"width":1024,"height":683,"url":"https:\/\/www.mundoagropecuario.cl\/new\/wp-content\/uploads\/2019\/10\/8.jpg","type":"image\/jpeg"}],"author":"mundo","twitter_card":"summary_large_image","twitter_creator":"@MundoAgropecuar","twitter_site":"@MundoAgropecuar","twitter_misc":{"Escrito por":"mundo","Tiempo de lectura":"2 minutos"},"schema":{"@context":"https:\/\/schema.org","@graph":[{"@type":"Article","@id":"https:\/\/www.mundoagropecuario.cl\/new\/seminario-abordo-la-importancia-de-los-humedales-regionales-en-contexto-de-cambio-climatico\/#article","isPartOf":{"@id":"https:\/\/www.mundoagropecuario.cl\/new\/seminario-abordo-la-importancia-de-los-humedales-regionales-en-contexto-de-cambio-climatico\/"},"author":{"name":"mundo","@id":"https:\/\/www.mundoagropecuario.cl\/new\/#\/schema\/person\/4e9f74a82a7dac260eb1c44b7eebeb18"},"headline":"Seminario abord\u00f3 la importancia de los humedales regionales en contexto de Cambio Clim\u00e1tico","datePublished":"2019-10-03T04:39:43+00:00","dateModified":"2019-10-04T23:24:53+00:00","mainEntityOfPage":{"@id":"https:\/\/www.mundoagropecuario.cl\/new\/seminario-abordo-la-importancia-de-los-humedales-regionales-en-contexto-de-cambio-climatico\/"},"wordCount":387,"publisher":{"@id":"https:\/\/www.mundoagropecuario.cl\/new\/#organization"},"image":{"@id":"https:\/\/www.mundoagropecuario.cl\/new\/seminario-abordo-la-importancia-de-los-humedales-regionales-en-contexto-de-cambio-climatico\/#primaryimage"},"thumbnailUrl":"https:\/\/www.mundoagropecuario.cl\/new\/wp-content\/uploads\/2019\/10\/8.jpg","keywords":["agricola","Agro","Humedales","UACh"],"articleSection":["Sustentabilidad"],"inLanguage":"es"},{"@type":"WebPage","@id":"https:\/\/www.mundoagropecuario.cl\/new\/seminario-abordo-la-importancia-de-los-humedales-regionales-en-contexto-de-cambio-climatico\/","url":"https:\/\/www.mundoagropecuario.cl\/new\/seminario-abordo-la-importancia-de-los-humedales-regionales-en-contexto-de-cambio-climatico\/","name":"Seminario abord\u00f3 la importancia de los humedales regionales en contexto de Cambio Clim\u00e1tico - Mundoagropecuario","isPartOf":{"@id":"https:\/\/www.mundoagropecuario.cl\/new\/#website"},"primaryImageOfPage":{"@id":"https:\/\/www.mundoagropecuario.cl\/new\/seminario-abordo-la-importancia-de-los-humedales-regionales-en-contexto-de-cambio-climatico\/#primaryimage"},"image":{"@id":"https:\/\/www.mundoagropecuario.cl\/new\/seminario-abordo-la-importancia-de-los-humedales-regionales-en-contexto-de-cambio-climatico\/#primaryimage"},"thumbnailUrl":"https:\/\/www.mundoagropecuario.cl\/new\/wp-content\/uploads\/2019\/10\/8.jpg","datePublished":"2019-10-03T04:39:43+00:00","dateModified":"2019-10-04T23:24:53+00:00","breadcrumb":{"@id":"https:\/\/www.mundoagropecuario.cl\/new\/seminario-abordo-la-importancia-de-los-humedales-regionales-en-contexto-de-cambio-climatico\/#breadcrumb"},"inLanguage":"es","potentialAction":[{"@type":"ReadAction","target":["https:\/\/www.mundoagropecuario.cl\/new\/seminario-abordo-la-importancia-de-los-humedales-regionales-en-contexto-de-cambio-climatico\/"]}]},{"@type":"ImageObject","inLanguage":"es","@id":"https:\/\/www.mundoagropecuario.cl\/new\/seminario-abordo-la-importancia-de-los-humedales-regionales-en-contexto-de-cambio-climatico\/#primaryimage","url":"https:\/\/www.mundoagropecuario.cl\/new\/wp-content\/uploads\/2019\/10\/8.jpg","contentUrl":"https:\/\/www.mundoagropecuario.cl\/new\/wp-content\/uploads\/2019\/10\/8.jpg","width":600,"height":400},{"@type":"BreadcrumbList","@id":"https:\/\/www.mundoagropecuario.cl\/new\/seminario-abordo-la-importancia-de-los-humedales-regionales-en-contexto-de-cambio-climatico\/#breadcrumb","itemListElement":[{"@type":"ListItem","position":1,"name":"Portada","item":"https:\/\/www.mundoagropecuario.cl\/new\/"},{"@type":"ListItem","position":2,"name":"Seminario abord\u00f3 la importancia de los humedales regionales en contexto de Cambio Clim\u00e1tico"}]},{"@type":"WebSite","@id":"https:\/\/www.mundoagropecuario.cl\/new\/#website","url":"https:\/\/www.mundoagropecuario.cl\/new\/","name":"Mundoagropecuario","description":"Mundo Agropecuario","publisher":{"@id":"https:\/\/www.mundoagropecuario.cl\/new\/#organization"},"potentialAction":[{"@type":"SearchAction","target":{"@type":"EntryPoint","urlTemplate":"https:\/\/www.mundoagropecuario.cl\/new\/?s={search_term_string}"},"query-input":{"@type":"PropertyValueSpecification","valueRequired":true,"valueName":"search_term_string"}}],"inLanguage":"es"},{"@type":"Organization","@id":"https:\/\/www.mundoagropecuario.cl\/new\/#organization","name":"Revista de Agricultura","url":"https:\/\/www.mundoagropecuario.cl\/new\/","logo":{"@type":"ImageObject","inLanguage":"es","@id":"https:\/\/www.mundoagropecuario.cl\/new\/#\/schema\/logo\/image\/","url":"https:\/\/www.mundoagropecuario.cl\/new\/wp-content\/uploads\/2020\/11\/PORTAL-1-1.png","contentUrl":"https:\/\/www.mundoagropecuario.cl\/new\/wp-content\/uploads\/2020\/11\/PORTAL-1-1.png","width":1026,"height":100,"caption":"Revista de Agricultura"},"image":{"@id":"https:\/\/www.mundoagropecuario.cl\/new\/#\/schema\/logo\/image\/"},"sameAs":["https:\/\/www.facebook.com\/mundo.agropecuario.3","https:\/\/x.com\/MundoAgropecuar","https:\/\/www.linkedin.com\/in\/mundo-agropecuario-934009201\/"]},{"@type":"Person","@id":"https:\/\/www.mundoagropecuario.cl\/new\/#\/schema\/person\/4e9f74a82a7dac260eb1c44b7eebeb18","name":"mundo","url":"https:\/\/www.mundoagropecuario.cl\/new\/author\/mundo\/"}]}},"_links":{"self":[{"href":"https:\/\/www.mundoagropecuario.cl\/new\/wp-json\/wp\/v2\/posts\/14187","targetHints":{"allow":["GET"]}}],"collection":[{"href":"https:\/\/www.mundoagropecuario.cl\/new\/wp-json\/wp\/v2\/posts"}],"about":[{"href":"https:\/\/www.mundoagropecuario.cl\/new\/wp-json\/wp\/v2\/types\/post"}],"author":[{"embeddable":true,"href":"https:\/\/www.mundoagropecuario.cl\/new\/wp-json\/wp\/v2\/users\/2"}],"replies":[{"embeddable":true,"href":"https:\/\/www.mundoagropecuario.cl\/new\/wp-json\/wp\/v2\/comments?post=14187"}],"version-history":[{"count":1,"href":"https:\/\/www.mundoagropecuario.cl\/new\/wp-json\/wp\/v2\/posts\/14187\/revisions"}],"predecessor-version":[{"id":14190,"href":"https:\/\/www.mundoagropecuario.cl\/new\/wp-json\/wp\/v2\/posts\/14187\/revisions\/14190"}],"wp:featuredmedia":[{"embeddable":true,"href":"https:\/\/www.mundoagropecuario.cl\/new\/wp-json\/wp\/v2\/media\/14188"}],"wp:attachment":[{"href":"https:\/\/www.mundoagropecuario.cl\/new\/wp-json\/wp\/v2\/media?parent=14187"}],"wp:term":[{"taxonomy":"category","embeddable":true,"href":"https:\/\/www.mundoagropecuario.cl\/new\/wp-json\/wp\/v2\/categories?post=14187"},{"taxonomy":"post_tag","embeddable":true,"href":"https:\/\/www.mundoagropecuario.cl\/new\/wp-json\/wp\/v2\/tags?post=14187"}],"curies":[{"name":"wp","href":"https:\/\/api.w.org\/{rel}","templated":true}]}}