{"id":14107,"date":"2019-09-30T01:55:08","date_gmt":"2019-09-30T04:55:08","guid":{"rendered":"http:\/\/www.mundoagropecuario.cl\/new\/?p=14107"},"modified":"2019-10-01T11:12:48","modified_gmt":"2019-10-01T14:12:48","slug":"aprueba-programa-de-capacitacion-para-mejorar-la-fertilizacion-integral-de-praderas","status":"publish","type":"post","link":"https:\/\/www.mundoagropecuario.cl\/new\/aprueba-programa-de-capacitacion-para-mejorar-la-fertilizacion-integral-de-praderas\/","title":{"rendered":"Aprueba Programa de Capacitaci\u00f3n para mejorar la Fertilizaci\u00f3n Integral de praderas"},"content":{"rendered":"\n<ul class=\"wp-block-gallery columns-0 is-cropped wp-block-gallery-1 is-layout-flex wp-block-gallery-is-layout-flex\"><\/ul>\n\n\n\n<p><\/p>\n\n\n\n<p class=\"has-medium-font-size\"><em>La distribuci\u00f3n de los recursos FNDR a nivel provincial se ejecutar\u00e1 de la siguiente forma: Osorno 34%, Llanquihue 36% y Chilo\u00e9 30% (Mundo Agropecuario).<\/em><\/p>\n\n\n\n<p>El Core realizado en Osorno aprob\u00f3 $2.200 millones para la ejecuci\u00f3n del \u201cPrograma de Capacitaci\u00f3n para mejorar la Fertilizaci\u00f3n Integral de praderas permanentes de la Regi\u00f3n de Los Lagos\u201d, que consta de un concurso de incentivo para el mejoramiento de la fertilidad de suelos, que busca mejorar el nivel de acidez de suelo, f\u00f3sforo, potasio y azufre, realizando un concurso en oto\u00f1o y primavera de cada a\u00f1o.<\/p>\n\n\n\n<div class=\"wp-block-image\"><figure class=\"alignleft is-resized\"><img loading=\"lazy\" decoding=\"async\" src=\"https:\/\/www.mundoagropecuario.cl\/new\/wp-content\/uploads\/2019\/09\/Praderas1-1024x629.jpg\" alt=\"\" class=\"wp-image-14108\" width=\"367\" height=\"225\" srcset=\"https:\/\/www.mundoagropecuario.cl\/new\/wp-content\/uploads\/2019\/09\/Praderas1-1024x629.jpg 1024w, https:\/\/www.mundoagropecuario.cl\/new\/wp-content\/uploads\/2019\/09\/Praderas1-586x360.jpg 586w, https:\/\/www.mundoagropecuario.cl\/new\/wp-content\/uploads\/2019\/09\/Praderas1-768x472.jpg 768w, https:\/\/www.mundoagropecuario.cl\/new\/wp-content\/uploads\/2019\/09\/Praderas1.jpg 651w\" sizes=\"auto, (max-width: 367px) 100vw, 367px\" \/><\/figure><\/div>\n\n\n\n<p>El monto a cubrir es el 50% del item fertilizante con un tope de $2.500.000, siendo la diferencia aportada a trav\u00e9s de recursos frescos y\/o valoraci\u00f3n de actividad asociadas a esta labor. El productor podr\u00e1 participar en todos los concursos, pero con distintos sectores del predio, considerando todos los rubros que desarrolla en su unidad productiva (leche, carne, ovinos).<\/p>\n\n\n\n<p>El modelo a aplicar en el proceso del concursabilidad, considera como p\u00fablico objetivo productores cuya superficie predial fluctu\u00e9 entre las 5 y 200 hect\u00e1reas, pudiendo ser usuarios o no de los distintos programas de asesor\u00eda de INDAP. Todos los productores que postulen a este incentivo, deber\u00e1n presentar an\u00e1lisis de suelo del sector a intervenir.<\/p>\n\n\n\n<p>La distribuci\u00f3n de los recursos de este programa seguir\u00e1 con el dise\u00f1o definido por el GORE respecto a la distribuci\u00f3n de los recursos FNDR, quedando la distribuci\u00f3n Provincial de la siguiente forma: Osorno 34%, Llanquihue 36% y Chilo\u00e9 30%, lo que corresponde a la provincia de Palena ser\u00e1 utilizado para cubrir la demanda de los postulantes que falte por financiar, independiente de la Provincia. Cabe destacar que dentro de esta distribuci\u00f3n se considera destinar a productores de la AFC a lo menos un 15% de los fondos asignados por Provincia.<\/p>\n\n\n\n<p>El Intendente Harry J\u00fcrgensen explic\u00f3 que \u201ces un proyecto ansiado por este Intendente, justamente para apoyar la mejor competitividad de nuestro sector agr\u00edcola. El Core aprob\u00f3 el proyecto que involucra m\u00e1s de $2.200 millones de pesos que va a permitir la recuperaci\u00f3n de m\u00e1s de 11.000 hect\u00e1reas de suelos degradados, y que va a fortalecer la producci\u00f3n de m\u00e1s de 800 agricultores en la regi\u00f3n. Este proyecto es integral, porque tambi\u00e9n involucra a t\u00e9cnicos, expertos en el manejo de praderas, en las buenas pr\u00e1cticas de praderas y por lo mismo, pensamos que va a tener un impacto muy positivo en la agricultura. Es un programa para 2 a\u00f1os y aplica el fosforo, el potasio y el azufre, es decir, es una aplicaci\u00f3n integral de fertilizaci\u00f3n para nuestra regi\u00f3n, a trav\u00e9s, de concursos p\u00fablicos\u201d.<\/p>\n\n\n\n<p><strong>Concurso<\/strong><\/p>\n\n\n\n<p>La ejecuci\u00f3n del concurso de incentivo de fertilizaci\u00f3n ser\u00e1 responsabilidad de la SEREMI de Agricultura de la Regi\u00f3n de Los Lagos, en su rol de Unidad T\u00e9cnica del Programa, lo que considera publicaci\u00f3n, generaci\u00f3n de bases t\u00e9cnicas apoyado de INIA, selecci\u00f3n productores, pago de incentivos, mientras que las jornadas de transferencia de tecnolog\u00eda ser\u00e1n llevadas a cabo por profesionales de INIA Remehue, que cumplir\u00e1 un rol de unidad ejecutora para estos efectos. Para validar t\u00e9cnicamente el proceso de concursabilidad, se considera hacer una evaluaci\u00f3n, bajo distintos suelos de la regi\u00f3n, del impacto de este programa en la nutrici\u00f3n del suelo, labor que se ejecutar\u00e1 INIA Remehue.<\/p>\n\n\n\n<p><strong>Resultados<\/strong>&nbsp;<\/p>\n\n\n\n<p>El \u201cPrograma de Capacitaci\u00f3n para mejorar la Fertilizaci\u00f3n Integral de praderas permanentes de la Regi\u00f3n de Los Lagos\u201d, espera como resultado 11.000 hect\u00e1reas fertilizadas, 800 productores que recibir\u00e1n incentivos de mejoramiento de fertilidad de sus suelos, 100 T\u00e9cnicos y profesionales ligados directamente a la Asesor\u00eda T\u00e9cnica de los potenciales beneficiarios con conocimientos acerca de buenas pr\u00e1cticas en el manejo de fertilidad de suelos.<\/p>\n","protected":false},"excerpt":{"rendered":"<p>La distribuci\u00f3n de los recursos FNDR a nivel provincial se ejecutar\u00e1 de la siguiente forma: Osorno 34%, Llanquihue 36% y Chilo\u00e9 30% (Mundo Agropecuario). El Core realizado en Osorno aprob\u00f3&#8230;<\/p>\n","protected":false},"author":2,"featured_media":14109,"comment_status":"closed","ping_status":"closed","sticky":false,"template":"","format":"standard","meta":{"footnotes":""},"categories":[1945],"tags":[2090,3127,1992,2052,2697],"class_list":["post-14107","post","type-post","status-publish","format-standard","has-post-thumbnail","hentry","category-agricultura","tag-agricultura","tag-agro","tag-indap","tag-inia","tag-praderas"],"yoast_head":"<!-- This site is optimized with the Yoast SEO plugin v26.6 - https:\/\/yoast.com\/wordpress\/plugins\/seo\/ -->\n<title>Aprueba Programa de Capacitaci\u00f3n para mejorar la Fertilizaci\u00f3n Integral de praderas - Mundoagropecuario<\/title>\n<meta name=\"robots\" content=\"index, follow, max-snippet:-1, max-image-preview:large, max-video-preview:-1\" \/>\n<link rel=\"canonical\" href=\"https:\/\/www.mundoagropecuario.cl\/new\/aprueba-programa-de-capacitacion-para-mejorar-la-fertilizacion-integral-de-praderas\/\" \/>\n<meta property=\"og:locale\" content=\"es_ES\" \/>\n<meta property=\"og:type\" content=\"article\" \/>\n<meta property=\"og:title\" content=\"Aprueba Programa de Capacitaci\u00f3n para mejorar la Fertilizaci\u00f3n Integral de praderas - Mundoagropecuario\" \/>\n<meta property=\"og:description\" content=\"La distribuci\u00f3n de los recursos FNDR a nivel provincial se ejecutar\u00e1 de la siguiente forma: Osorno 34%, Llanquihue 36% y Chilo\u00e9 30% (Mundo Agropecuario). El Core realizado en Osorno aprob\u00f3...\" \/>\n<meta property=\"og:url\" content=\"https:\/\/www.mundoagropecuario.cl\/new\/aprueba-programa-de-capacitacion-para-mejorar-la-fertilizacion-integral-de-praderas\/\" \/>\n<meta property=\"og:site_name\" content=\"Mundoagropecuario\" \/>\n<meta property=\"article:publisher\" content=\"https:\/\/www.facebook.com\/mundo.agropecuario.3\" \/>\n<meta property=\"article:published_time\" content=\"2019-09-30T04:55:08+00:00\" \/>\n<meta property=\"article:modified_time\" content=\"2019-10-01T14:12:48+00:00\" \/>\n<meta property=\"og:image\" content=\"https:\/\/www.mundoagropecuario.cl\/new\/wp-content\/uploads\/2019\/09\/Praderas3.jpg\" \/>\n\t<meta property=\"og:image:width\" content=\"1024\" \/>\n\t<meta property=\"og:image:height\" content=\"682\" \/>\n\t<meta property=\"og:image:type\" content=\"image\/jpeg\" \/>\n<meta name=\"author\" content=\"mundo\" \/>\n<meta name=\"twitter:card\" content=\"summary_large_image\" \/>\n<meta name=\"twitter:creator\" content=\"@MundoAgropecuar\" \/>\n<meta name=\"twitter:site\" content=\"@MundoAgropecuar\" \/>\n<meta name=\"twitter:label1\" content=\"Escrito por\" \/>\n\t<meta name=\"twitter:data1\" content=\"mundo\" \/>\n\t<meta name=\"twitter:label2\" content=\"Tiempo de lectura\" \/>\n\t<meta name=\"twitter:data2\" content=\"3 minutos\" \/>\n<script type=\"application\/ld+json\" class=\"yoast-schema-graph\">{\"@context\":\"https:\/\/schema.org\",\"@graph\":[{\"@type\":\"Article\",\"@id\":\"https:\/\/www.mundoagropecuario.cl\/new\/aprueba-programa-de-capacitacion-para-mejorar-la-fertilizacion-integral-de-praderas\/#article\",\"isPartOf\":{\"@id\":\"https:\/\/www.mundoagropecuario.cl\/new\/aprueba-programa-de-capacitacion-para-mejorar-la-fertilizacion-integral-de-praderas\/\"},\"author\":{\"name\":\"mundo\",\"@id\":\"https:\/\/www.mundoagropecuario.cl\/new\/#\/schema\/person\/4e9f74a82a7dac260eb1c44b7eebeb18\"},\"headline\":\"Aprueba Programa de Capacitaci\u00f3n para mejorar la Fertilizaci\u00f3n Integral de praderas\",\"datePublished\":\"2019-09-30T04:55:08+00:00\",\"dateModified\":\"2019-10-01T14:12:48+00:00\",\"mainEntityOfPage\":{\"@id\":\"https:\/\/www.mundoagropecuario.cl\/new\/aprueba-programa-de-capacitacion-para-mejorar-la-fertilizacion-integral-de-praderas\/\"},\"wordCount\":655,\"publisher\":{\"@id\":\"https:\/\/www.mundoagropecuario.cl\/new\/#organization\"},\"image\":{\"@id\":\"https:\/\/www.mundoagropecuario.cl\/new\/aprueba-programa-de-capacitacion-para-mejorar-la-fertilizacion-integral-de-praderas\/#primaryimage\"},\"thumbnailUrl\":\"https:\/\/www.mundoagropecuario.cl\/new\/wp-content\/uploads\/2019\/09\/Praderas3.jpg\",\"keywords\":[\"Agricultura\",\"Agro\",\"Indap\",\"INIA\",\"praderas\"],\"articleSection\":[\"Agricultura\"],\"inLanguage\":\"es\"},{\"@type\":\"WebPage\",\"@id\":\"https:\/\/www.mundoagropecuario.cl\/new\/aprueba-programa-de-capacitacion-para-mejorar-la-fertilizacion-integral-de-praderas\/\",\"url\":\"https:\/\/www.mundoagropecuario.cl\/new\/aprueba-programa-de-capacitacion-para-mejorar-la-fertilizacion-integral-de-praderas\/\",\"name\":\"Aprueba Programa de Capacitaci\u00f3n para mejorar la Fertilizaci\u00f3n Integral de praderas - Mundoagropecuario\",\"isPartOf\":{\"@id\":\"https:\/\/www.mundoagropecuario.cl\/new\/#website\"},\"primaryImageOfPage\":{\"@id\":\"https:\/\/www.mundoagropecuario.cl\/new\/aprueba-programa-de-capacitacion-para-mejorar-la-fertilizacion-integral-de-praderas\/#primaryimage\"},\"image\":{\"@id\":\"https:\/\/www.mundoagropecuario.cl\/new\/aprueba-programa-de-capacitacion-para-mejorar-la-fertilizacion-integral-de-praderas\/#primaryimage\"},\"thumbnailUrl\":\"https:\/\/www.mundoagropecuario.cl\/new\/wp-content\/uploads\/2019\/09\/Praderas3.jpg\",\"datePublished\":\"2019-09-30T04:55:08+00:00\",\"dateModified\":\"2019-10-01T14:12:48+00:00\",\"breadcrumb\":{\"@id\":\"https:\/\/www.mundoagropecuario.cl\/new\/aprueba-programa-de-capacitacion-para-mejorar-la-fertilizacion-integral-de-praderas\/#breadcrumb\"},\"inLanguage\":\"es\",\"potentialAction\":[{\"@type\":\"ReadAction\",\"target\":[\"https:\/\/www.mundoagropecuario.cl\/new\/aprueba-programa-de-capacitacion-para-mejorar-la-fertilizacion-integral-de-praderas\/\"]}]},{\"@type\":\"ImageObject\",\"inLanguage\":\"es\",\"@id\":\"https:\/\/www.mundoagropecuario.cl\/new\/aprueba-programa-de-capacitacion-para-mejorar-la-fertilizacion-integral-de-praderas\/#primaryimage\",\"url\":\"https:\/\/www.mundoagropecuario.cl\/new\/wp-content\/uploads\/2019\/09\/Praderas3.jpg\",\"contentUrl\":\"https:\/\/www.mundoagropecuario.cl\/new\/wp-content\/uploads\/2019\/09\/Praderas3.jpg\",\"width\":601,\"height\":400},{\"@type\":\"BreadcrumbList\",\"@id\":\"https:\/\/www.mundoagropecuario.cl\/new\/aprueba-programa-de-capacitacion-para-mejorar-la-fertilizacion-integral-de-praderas\/#breadcrumb\",\"itemListElement\":[{\"@type\":\"ListItem\",\"position\":1,\"name\":\"Portada\",\"item\":\"https:\/\/www.mundoagropecuario.cl\/new\/\"},{\"@type\":\"ListItem\",\"position\":2,\"name\":\"Aprueba Programa de Capacitaci\u00f3n para mejorar la Fertilizaci\u00f3n Integral de praderas\"}]},{\"@type\":\"WebSite\",\"@id\":\"https:\/\/www.mundoagropecuario.cl\/new\/#website\",\"url\":\"https:\/\/www.mundoagropecuario.cl\/new\/\",\"name\":\"Mundoagropecuario\",\"description\":\"Mundo Agropecuario\",\"publisher\":{\"@id\":\"https:\/\/www.mundoagropecuario.cl\/new\/#organization\"},\"potentialAction\":[{\"@type\":\"SearchAction\",\"target\":{\"@type\":\"EntryPoint\",\"urlTemplate\":\"https:\/\/www.mundoagropecuario.cl\/new\/?s={search_term_string}\"},\"query-input\":{\"@type\":\"PropertyValueSpecification\",\"valueRequired\":true,\"valueName\":\"search_term_string\"}}],\"inLanguage\":\"es\"},{\"@type\":\"Organization\",\"@id\":\"https:\/\/www.mundoagropecuario.cl\/new\/#organization\",\"name\":\"Revista de Agricultura\",\"url\":\"https:\/\/www.mundoagropecuario.cl\/new\/\",\"logo\":{\"@type\":\"ImageObject\",\"inLanguage\":\"es\",\"@id\":\"https:\/\/www.mundoagropecuario.cl\/new\/#\/schema\/logo\/image\/\",\"url\":\"https:\/\/www.mundoagropecuario.cl\/new\/wp-content\/uploads\/2020\/11\/PORTAL-1-1.png\",\"contentUrl\":\"https:\/\/www.mundoagropecuario.cl\/new\/wp-content\/uploads\/2020\/11\/PORTAL-1-1.png\",\"width\":1026,\"height\":100,\"caption\":\"Revista de Agricultura\"},\"image\":{\"@id\":\"https:\/\/www.mundoagropecuario.cl\/new\/#\/schema\/logo\/image\/\"},\"sameAs\":[\"https:\/\/www.facebook.com\/mundo.agropecuario.3\",\"https:\/\/x.com\/MundoAgropecuar\",\"https:\/\/www.linkedin.com\/in\/mundo-agropecuario-934009201\/\"]},{\"@type\":\"Person\",\"@id\":\"https:\/\/www.mundoagropecuario.cl\/new\/#\/schema\/person\/4e9f74a82a7dac260eb1c44b7eebeb18\",\"name\":\"mundo\",\"url\":\"https:\/\/www.mundoagropecuario.cl\/new\/author\/mundo\/\"}]}<\/script>\n<!-- \/ Yoast SEO plugin. -->","yoast_head_json":{"title":"Aprueba Programa de Capacitaci\u00f3n para mejorar la Fertilizaci\u00f3n Integral de praderas - Mundoagropecuario","robots":{"index":"index","follow":"follow","max-snippet":"max-snippet:-1","max-image-preview":"max-image-preview:large","max-video-preview":"max-video-preview:-1"},"canonical":"https:\/\/www.mundoagropecuario.cl\/new\/aprueba-programa-de-capacitacion-para-mejorar-la-fertilizacion-integral-de-praderas\/","og_locale":"es_ES","og_type":"article","og_title":"Aprueba Programa de Capacitaci\u00f3n para mejorar la Fertilizaci\u00f3n Integral de praderas - Mundoagropecuario","og_description":"La distribuci\u00f3n de los recursos FNDR a nivel provincial se ejecutar\u00e1 de la siguiente forma: Osorno 34%, Llanquihue 36% y Chilo\u00e9 30% (Mundo Agropecuario). El Core realizado en Osorno aprob\u00f3...","og_url":"https:\/\/www.mundoagropecuario.cl\/new\/aprueba-programa-de-capacitacion-para-mejorar-la-fertilizacion-integral-de-praderas\/","og_site_name":"Mundoagropecuario","article_publisher":"https:\/\/www.facebook.com\/mundo.agropecuario.3","article_published_time":"2019-09-30T04:55:08+00:00","article_modified_time":"2019-10-01T14:12:48+00:00","og_image":[{"width":1024,"height":682,"url":"https:\/\/www.mundoagropecuario.cl\/new\/wp-content\/uploads\/2019\/09\/Praderas3.jpg","type":"image\/jpeg"}],"author":"mundo","twitter_card":"summary_large_image","twitter_creator":"@MundoAgropecuar","twitter_site":"@MundoAgropecuar","twitter_misc":{"Escrito por":"mundo","Tiempo de lectura":"3 minutos"},"schema":{"@context":"https:\/\/schema.org","@graph":[{"@type":"Article","@id":"https:\/\/www.mundoagropecuario.cl\/new\/aprueba-programa-de-capacitacion-para-mejorar-la-fertilizacion-integral-de-praderas\/#article","isPartOf":{"@id":"https:\/\/www.mundoagropecuario.cl\/new\/aprueba-programa-de-capacitacion-para-mejorar-la-fertilizacion-integral-de-praderas\/"},"author":{"name":"mundo","@id":"https:\/\/www.mundoagropecuario.cl\/new\/#\/schema\/person\/4e9f74a82a7dac260eb1c44b7eebeb18"},"headline":"Aprueba Programa de Capacitaci\u00f3n para mejorar la Fertilizaci\u00f3n Integral de praderas","datePublished":"2019-09-30T04:55:08+00:00","dateModified":"2019-10-01T14:12:48+00:00","mainEntityOfPage":{"@id":"https:\/\/www.mundoagropecuario.cl\/new\/aprueba-programa-de-capacitacion-para-mejorar-la-fertilizacion-integral-de-praderas\/"},"wordCount":655,"publisher":{"@id":"https:\/\/www.mundoagropecuario.cl\/new\/#organization"},"image":{"@id":"https:\/\/www.mundoagropecuario.cl\/new\/aprueba-programa-de-capacitacion-para-mejorar-la-fertilizacion-integral-de-praderas\/#primaryimage"},"thumbnailUrl":"https:\/\/www.mundoagropecuario.cl\/new\/wp-content\/uploads\/2019\/09\/Praderas3.jpg","keywords":["Agricultura","Agro","Indap","INIA","praderas"],"articleSection":["Agricultura"],"inLanguage":"es"},{"@type":"WebPage","@id":"https:\/\/www.mundoagropecuario.cl\/new\/aprueba-programa-de-capacitacion-para-mejorar-la-fertilizacion-integral-de-praderas\/","url":"https:\/\/www.mundoagropecuario.cl\/new\/aprueba-programa-de-capacitacion-para-mejorar-la-fertilizacion-integral-de-praderas\/","name":"Aprueba Programa de Capacitaci\u00f3n para mejorar la Fertilizaci\u00f3n Integral de praderas - Mundoagropecuario","isPartOf":{"@id":"https:\/\/www.mundoagropecuario.cl\/new\/#website"},"primaryImageOfPage":{"@id":"https:\/\/www.mundoagropecuario.cl\/new\/aprueba-programa-de-capacitacion-para-mejorar-la-fertilizacion-integral-de-praderas\/#primaryimage"},"image":{"@id":"https:\/\/www.mundoagropecuario.cl\/new\/aprueba-programa-de-capacitacion-para-mejorar-la-fertilizacion-integral-de-praderas\/#primaryimage"},"thumbnailUrl":"https:\/\/www.mundoagropecuario.cl\/new\/wp-content\/uploads\/2019\/09\/Praderas3.jpg","datePublished":"2019-09-30T04:55:08+00:00","dateModified":"2019-10-01T14:12:48+00:00","breadcrumb":{"@id":"https:\/\/www.mundoagropecuario.cl\/new\/aprueba-programa-de-capacitacion-para-mejorar-la-fertilizacion-integral-de-praderas\/#breadcrumb"},"inLanguage":"es","potentialAction":[{"@type":"ReadAction","target":["https:\/\/www.mundoagropecuario.cl\/new\/aprueba-programa-de-capacitacion-para-mejorar-la-fertilizacion-integral-de-praderas\/"]}]},{"@type":"ImageObject","inLanguage":"es","@id":"https:\/\/www.mundoagropecuario.cl\/new\/aprueba-programa-de-capacitacion-para-mejorar-la-fertilizacion-integral-de-praderas\/#primaryimage","url":"https:\/\/www.mundoagropecuario.cl\/new\/wp-content\/uploads\/2019\/09\/Praderas3.jpg","contentUrl":"https:\/\/www.mundoagropecuario.cl\/new\/wp-content\/uploads\/2019\/09\/Praderas3.jpg","width":601,"height":400},{"@type":"BreadcrumbList","@id":"https:\/\/www.mundoagropecuario.cl\/new\/aprueba-programa-de-capacitacion-para-mejorar-la-fertilizacion-integral-de-praderas\/#breadcrumb","itemListElement":[{"@type":"ListItem","position":1,"name":"Portada","item":"https:\/\/www.mundoagropecuario.cl\/new\/"},{"@type":"ListItem","position":2,"name":"Aprueba Programa de Capacitaci\u00f3n para mejorar la Fertilizaci\u00f3n Integral de praderas"}]},{"@type":"WebSite","@id":"https:\/\/www.mundoagropecuario.cl\/new\/#website","url":"https:\/\/www.mundoagropecuario.cl\/new\/","name":"Mundoagropecuario","description":"Mundo Agropecuario","publisher":{"@id":"https:\/\/www.mundoagropecuario.cl\/new\/#organization"},"potentialAction":[{"@type":"SearchAction","target":{"@type":"EntryPoint","urlTemplate":"https:\/\/www.mundoagropecuario.cl\/new\/?s={search_term_string}"},"query-input":{"@type":"PropertyValueSpecification","valueRequired":true,"valueName":"search_term_string"}}],"inLanguage":"es"},{"@type":"Organization","@id":"https:\/\/www.mundoagropecuario.cl\/new\/#organization","name":"Revista de Agricultura","url":"https:\/\/www.mundoagropecuario.cl\/new\/","logo":{"@type":"ImageObject","inLanguage":"es","@id":"https:\/\/www.mundoagropecuario.cl\/new\/#\/schema\/logo\/image\/","url":"https:\/\/www.mundoagropecuario.cl\/new\/wp-content\/uploads\/2020\/11\/PORTAL-1-1.png","contentUrl":"https:\/\/www.mundoagropecuario.cl\/new\/wp-content\/uploads\/2020\/11\/PORTAL-1-1.png","width":1026,"height":100,"caption":"Revista de Agricultura"},"image":{"@id":"https:\/\/www.mundoagropecuario.cl\/new\/#\/schema\/logo\/image\/"},"sameAs":["https:\/\/www.facebook.com\/mundo.agropecuario.3","https:\/\/x.com\/MundoAgropecuar","https:\/\/www.linkedin.com\/in\/mundo-agropecuario-934009201\/"]},{"@type":"Person","@id":"https:\/\/www.mundoagropecuario.cl\/new\/#\/schema\/person\/4e9f74a82a7dac260eb1c44b7eebeb18","name":"mundo","url":"https:\/\/www.mundoagropecuario.cl\/new\/author\/mundo\/"}]}},"_links":{"self":[{"href":"https:\/\/www.mundoagropecuario.cl\/new\/wp-json\/wp\/v2\/posts\/14107","targetHints":{"allow":["GET"]}}],"collection":[{"href":"https:\/\/www.mundoagropecuario.cl\/new\/wp-json\/wp\/v2\/posts"}],"about":[{"href":"https:\/\/www.mundoagropecuario.cl\/new\/wp-json\/wp\/v2\/types\/post"}],"author":[{"embeddable":true,"href":"https:\/\/www.mundoagropecuario.cl\/new\/wp-json\/wp\/v2\/users\/2"}],"replies":[{"embeddable":true,"href":"https:\/\/www.mundoagropecuario.cl\/new\/wp-json\/wp\/v2\/comments?post=14107"}],"version-history":[{"count":2,"href":"https:\/\/www.mundoagropecuario.cl\/new\/wp-json\/wp\/v2\/posts\/14107\/revisions"}],"predecessor-version":[{"id":14149,"href":"https:\/\/www.mundoagropecuario.cl\/new\/wp-json\/wp\/v2\/posts\/14107\/revisions\/14149"}],"wp:featuredmedia":[{"embeddable":true,"href":"https:\/\/www.mundoagropecuario.cl\/new\/wp-json\/wp\/v2\/media\/14109"}],"wp:attachment":[{"href":"https:\/\/www.mundoagropecuario.cl\/new\/wp-json\/wp\/v2\/media?parent=14107"}],"wp:term":[{"taxonomy":"category","embeddable":true,"href":"https:\/\/www.mundoagropecuario.cl\/new\/wp-json\/wp\/v2\/categories?post=14107"},{"taxonomy":"post_tag","embeddable":true,"href":"https:\/\/www.mundoagropecuario.cl\/new\/wp-json\/wp\/v2\/tags?post=14107"}],"curies":[{"name":"wp","href":"https:\/\/api.w.org\/{rel}","templated":true}]}}