{"id":14072,"date":"2019-09-27T01:39:59","date_gmt":"2019-09-27T04:39:59","guid":{"rendered":"http:\/\/www.mundoagropecuario.cl\/new\/?p=14072"},"modified":"2019-09-30T11:18:03","modified_gmt":"2019-09-30T14:18:03","slug":"la-region-de-los-lagos-aumento-en-tres-anos-un-687-la-superficie-de-cultivos-frutales","status":"publish","type":"post","link":"https:\/\/www.mundoagropecuario.cl\/new\/la-region-de-los-lagos-aumento-en-tres-anos-un-687-la-superficie-de-cultivos-frutales\/","title":{"rendered":"La regi\u00f3n de Los Lagos aument\u00f3 en tres a\u00f1os un 68,7% la superficie de cultivos frutales"},"content":{"rendered":"\n<ul class=\"wp-block-gallery columns-0 is-cropped wp-block-gallery-1 is-layout-flex wp-block-gallery-is-layout-flex\"><\/ul>\n\n\n\n<p class=\"has-medium-font-size\"><em>Informaci\u00f3n fue revelada en la actualizaci\u00f3n del Catastro Frut\u00edcola 2019 realizado en otras 8 regiones del pa\u00eds, que permite evaluar la evoluci\u00f3n y el estado del desarrollo frut\u00edcola local (Mundo Agropecuario).<\/em><\/p>\n\n\n\n<p>Tras seis meses de trabajo de campo encuestando a productores y empresas del rubro, se dieron a conocer los resultados del Catastro Frut\u00edcola Los Lagos 2019, estudio que realiza cada tres a\u00f1os, el Centro de Informaci\u00f3n de Recursos Naturales, CIREN y la Oficina de Estudios y Pol\u00edticas Agrarias, ODEPA, ambos pertenecientes al Ministerio de Agricultura.<\/p>\n\n\n\n<p>El material es una completa radiograf\u00eda sobre el desarrollo de la fruticultura y los cultivos, con datos sobre las diferentes especies y variedades, la superficie de frutales por m\u00e9todo de riego, la producci\u00f3n y su destino, adem\u00e1s de informaci\u00f3n sobre la capacidad instalada de infraestructura y agroindustria en la regi\u00f3n.<\/p>\n\n\n\n<div class=\"wp-block-image\"><figure class=\"alignright is-resized\"><img loading=\"lazy\" decoding=\"async\" src=\"https:\/\/www.mundoagropecuario.cl\/new\/wp-content\/uploads\/2019\/09\/En-la-foto-la-primera-exportaci\u00f3n-directa-de-avellano-europeo-que-realizan-productores-de-osorno-a-europa-1024x675.jpg\" alt=\"\" class=\"wp-image-14074\" width=\"423\" height=\"278\" srcset=\"https:\/\/www.mundoagropecuario.cl\/new\/wp-content\/uploads\/2019\/09\/En-la-foto-la-primera-exportaci\u00f3n-directa-de-avellano-europeo-que-realizan-productores-de-osorno-a-europa-1024x675.jpg 1024w, https:\/\/www.mundoagropecuario.cl\/new\/wp-content\/uploads\/2019\/09\/En-la-foto-la-primera-exportaci\u00f3n-directa-de-avellano-europeo-que-realizan-productores-de-osorno-a-europa-586x386.jpg 586w, https:\/\/www.mundoagropecuario.cl\/new\/wp-content\/uploads\/2019\/09\/En-la-foto-la-primera-exportaci\u00f3n-directa-de-avellano-europeo-que-realizan-productores-de-osorno-a-europa-768x506.jpg 768w, https:\/\/www.mundoagropecuario.cl\/new\/wp-content\/uploads\/2019\/09\/En-la-foto-la-primera-exportaci\u00f3n-directa-de-avellano-europeo-que-realizan-productores-de-osorno-a-europa.jpg 607w\" sizes=\"auto, (max-width: 423px) 100vw, 423px\" \/><\/figure><\/div>\n\n\n\n<p>El Seremi de Agricultura, Juan Vicente Barrientos, destac\u00f3 el aumento explosivo que est\u00e1 registrando el sector frut\u00edcola en el territorio. \u201cLas cifras dan cuenta de una regi\u00f3n que est\u00e1 diversificando su producci\u00f3n y adapt\u00e1ndose a las nuevas condiciones clim\u00e1ticas que hacen posible la introducci\u00f3n de nuevas variedades de especies frutales. Este es un sector que va en ascenso y est\u00e1 realizando una importante contribuci\u00f3n a la econom\u00eda local, como Ministerio de Agricultura estamos trabajando para generar conocimiento y datos sobre la adaptaci\u00f3n de estas variedades, y su adecuado manejo\u201d, sostuvo.<\/p>\n\n\n\n<p>En esta edici\u00f3n, se pudo observar un aumento de 1.047 nuevas hect\u00e1reas, es decir, un incremento de 68,7% con respecto al a\u00f1o 2016. El ar\u00e1ndano americano y el avellano europeo siguen siendo las especies con mayor superficie, sumando entre las dos especies 1.861 hect\u00e1reas. En el caso del avellano, el incremento fue de 185,9%, mientras que el cerezo lo hizo en un 1089%. Barcelona fue la variedad m\u00e1s utilizada en avellanos. En el caso del cerezo lider\u00f3 la variedad Regina<\/p>\n\n\n\n<p>Paralelamente, la zarzaparrilla roja y la frambuesa disminuyeron su superficie, presentando una ca\u00edda del 72% y 67% respectivamente.<\/p>\n\n\n\n<p>\u201cCreemos que resultados como estos hay que celebrarlos. Entre el a\u00f1o 2012 y 2016 el crecimiento frut\u00edcola en la regi\u00f3n fue m\u00e1s bien mezquino. Hoy estamos observando un salto gigantesco de la mano de nuevos productores que han sabido diversificar su producci\u00f3n d\u00e1ndole un espacio a la fruticultura dentro de una zona ganadera tan importante\u201d, se\u00f1al\u00f3 F\u00e9lix Viveros, Director Ejecutivo de CIREN.<\/p>\n\n\n\n<p><strong>Provincias<\/strong><\/p>\n\n\n\n<p>Los resultados a escala provincial muestran que Osorno lidera la regi\u00f3n con 2.291 hect\u00e1reas, representado el 89% de la superficie frut\u00edcola. R\u00edo Negro sigue siendo la comuna l\u00edder de esta provincia, aportando 651 hect\u00e1reas.<\/p>\n\n\n\n<p>Mientras que en la provincia de Llanquihue se contabilizan 280 hect\u00e1reas plantadas, siendo un rubro a\u00fan emergente. Al igual que el a\u00f1o 2016, Frutillar y Los Muermos son las comunas con mayor superficie en este \u00e1mbito. En el caso de Frutillar, el cranberry ocupa el 62% de la superficie frutal, mientras que en Los Muermos el 95,7% corresponde a ar\u00e1ndano americano. En Llanquihue el avellano europeo lidera con un 96% de lo plantado (37 ha). En Fresia, 12 ha corresponden a ar\u00e1ndano americano y las 2 ha restantes a cerezo.<\/p>\n\n\n\n<p><strong>Catastro<\/strong><\/p>\n\n\n\n<p>Es importante recalcar que para este catastro se consideraron plantaciones frutales de un tama\u00f1o igual o superior 0,5 hect\u00e1reas.<\/p>\n\n\n\n<p>En cuanto al m\u00e9todo de riego empleado, de las 2.571 ha plantadas en la regi\u00f3n de Los Lagos, 317 ha corresponden a secano. El 95,3% de las plantaciones restantes son regadas a trav\u00e9s de goteo.<\/p>\n\n\n\n<p>Junto con la regi\u00f3n de Los Lagos, este 2019 se actualizaron los datos en Arica y Parinacota, Tarapac\u00e1, Maule, \u00d1uble, Biob\u00edo, La Araucan\u00eda, Los R\u00edos y Ays\u00e9n. A nivel nacional la gran revelaci\u00f3n fue el crecimiento del cerezo que solo en el Maule aument\u00f3 un 58,6%, es decir, cerca de 6.525 ha. En general, la superficie frutal plantada en las 9 regiones donde se realiz\u00f3 el estudio creci\u00f3 un 21,5% entre el a\u00f1o 2016 y 2019, alcanzando las 118.839 hect\u00e1reas.<\/p>\n","protected":false},"excerpt":{"rendered":"<p>Informaci\u00f3n fue revelada en la actualizaci\u00f3n del Catastro Frut\u00edcola 2019 realizado en otras 8 regiones del pa\u00eds, que permite evaluar la evoluci\u00f3n y el estado del desarrollo frut\u00edcola local (Mundo&#8230;<\/p>\n","protected":false},"author":2,"featured_media":14073,"comment_status":"closed","ping_status":"closed","sticky":false,"template":"","format":"standard","meta":{"footnotes":""},"categories":[1945],"tags":[2090,3127,2289,4295,3945,1992],"class_list":["post-14072","post","type-post","status-publish","format-standard","has-post-thumbnail","hentry","category-agricultura","tag-agricultura","tag-agro","tag-ciren","tag-cultivos-frutales","tag-directora-nacional-de-odepa","tag-indap"],"yoast_head":"<!-- This site is optimized with the Yoast SEO plugin v26.6 - https:\/\/yoast.com\/wordpress\/plugins\/seo\/ -->\n<title>La regi\u00f3n de Los Lagos aument\u00f3 en tres a\u00f1os un 68,7% la superficie de cultivos frutales - Mundoagropecuario<\/title>\n<meta name=\"robots\" content=\"index, follow, max-snippet:-1, max-image-preview:large, max-video-preview:-1\" \/>\n<link rel=\"canonical\" href=\"https:\/\/www.mundoagropecuario.cl\/new\/la-region-de-los-lagos-aumento-en-tres-anos-un-687-la-superficie-de-cultivos-frutales\/\" \/>\n<meta property=\"og:locale\" content=\"es_ES\" \/>\n<meta property=\"og:type\" content=\"article\" \/>\n<meta property=\"og:title\" content=\"La regi\u00f3n de Los Lagos aument\u00f3 en tres a\u00f1os un 68,7% la superficie de cultivos frutales - Mundoagropecuario\" \/>\n<meta property=\"og:description\" content=\"Informaci\u00f3n fue revelada en la actualizaci\u00f3n del Catastro Frut\u00edcola 2019 realizado en otras 8 regiones del pa\u00eds, que permite evaluar la evoluci\u00f3n y el estado del desarrollo frut\u00edcola local (Mundo...\" \/>\n<meta property=\"og:url\" content=\"https:\/\/www.mundoagropecuario.cl\/new\/la-region-de-los-lagos-aumento-en-tres-anos-un-687-la-superficie-de-cultivos-frutales\/\" \/>\n<meta property=\"og:site_name\" content=\"Mundoagropecuario\" \/>\n<meta property=\"article:publisher\" content=\"https:\/\/www.facebook.com\/mundo.agropecuario.3\" \/>\n<meta property=\"article:published_time\" content=\"2019-09-27T04:39:59+00:00\" \/>\n<meta property=\"article:modified_time\" content=\"2019-09-30T14:18:03+00:00\" \/>\n<meta property=\"og:image\" content=\"https:\/\/www.mundoagropecuario.cl\/new\/wp-content\/uploads\/2019\/09\/planta-avellano-europeo-en-Purranque-fue-visitada-por-Ministro-de-Agriucltura-este-a\u00f1o.jpg\" \/>\n\t<meta property=\"og:image:width\" content=\"1024\" \/>\n\t<meta property=\"og:image:height\" content=\"684\" \/>\n\t<meta property=\"og:image:type\" content=\"image\/jpeg\" \/>\n<meta name=\"author\" content=\"mundo\" \/>\n<meta name=\"twitter:card\" content=\"summary_large_image\" \/>\n<meta name=\"twitter:creator\" content=\"@MundoAgropecuar\" \/>\n<meta name=\"twitter:site\" content=\"@MundoAgropecuar\" \/>\n<meta name=\"twitter:label1\" content=\"Escrito por\" \/>\n\t<meta name=\"twitter:data1\" content=\"mundo\" \/>\n\t<meta name=\"twitter:label2\" content=\"Tiempo de lectura\" \/>\n\t<meta name=\"twitter:data2\" content=\"3 minutos\" \/>\n<script type=\"application\/ld+json\" class=\"yoast-schema-graph\">{\"@context\":\"https:\/\/schema.org\",\"@graph\":[{\"@type\":\"Article\",\"@id\":\"https:\/\/www.mundoagropecuario.cl\/new\/la-region-de-los-lagos-aumento-en-tres-anos-un-687-la-superficie-de-cultivos-frutales\/#article\",\"isPartOf\":{\"@id\":\"https:\/\/www.mundoagropecuario.cl\/new\/la-region-de-los-lagos-aumento-en-tres-anos-un-687-la-superficie-de-cultivos-frutales\/\"},\"author\":{\"name\":\"mundo\",\"@id\":\"https:\/\/www.mundoagropecuario.cl\/new\/#\/schema\/person\/4e9f74a82a7dac260eb1c44b7eebeb18\"},\"headline\":\"La regi\u00f3n de Los Lagos aument\u00f3 en tres a\u00f1os un 68,7% la superficie de cultivos frutales\",\"datePublished\":\"2019-09-27T04:39:59+00:00\",\"dateModified\":\"2019-09-30T14:18:03+00:00\",\"mainEntityOfPage\":{\"@id\":\"https:\/\/www.mundoagropecuario.cl\/new\/la-region-de-los-lagos-aumento-en-tres-anos-un-687-la-superficie-de-cultivos-frutales\/\"},\"wordCount\":691,\"publisher\":{\"@id\":\"https:\/\/www.mundoagropecuario.cl\/new\/#organization\"},\"image\":{\"@id\":\"https:\/\/www.mundoagropecuario.cl\/new\/la-region-de-los-lagos-aumento-en-tres-anos-un-687-la-superficie-de-cultivos-frutales\/#primaryimage\"},\"thumbnailUrl\":\"https:\/\/www.mundoagropecuario.cl\/new\/wp-content\/uploads\/2019\/09\/planta-avellano-europeo-en-Purranque-fue-visitada-por-Ministro-de-Agriucltura-este-a\u00f1o.jpg\",\"keywords\":[\"Agricultura\",\"Agro\",\"Ciren\",\"Cultivos frutales\",\"Directora Nacional de Odepa\",\"Indap\"],\"articleSection\":[\"Agricultura\"],\"inLanguage\":\"es\"},{\"@type\":\"WebPage\",\"@id\":\"https:\/\/www.mundoagropecuario.cl\/new\/la-region-de-los-lagos-aumento-en-tres-anos-un-687-la-superficie-de-cultivos-frutales\/\",\"url\":\"https:\/\/www.mundoagropecuario.cl\/new\/la-region-de-los-lagos-aumento-en-tres-anos-un-687-la-superficie-de-cultivos-frutales\/\",\"name\":\"La regi\u00f3n de Los Lagos aument\u00f3 en tres a\u00f1os un 68,7% la superficie de cultivos frutales - Mundoagropecuario\",\"isPartOf\":{\"@id\":\"https:\/\/www.mundoagropecuario.cl\/new\/#website\"},\"primaryImageOfPage\":{\"@id\":\"https:\/\/www.mundoagropecuario.cl\/new\/la-region-de-los-lagos-aumento-en-tres-anos-un-687-la-superficie-de-cultivos-frutales\/#primaryimage\"},\"image\":{\"@id\":\"https:\/\/www.mundoagropecuario.cl\/new\/la-region-de-los-lagos-aumento-en-tres-anos-un-687-la-superficie-de-cultivos-frutales\/#primaryimage\"},\"thumbnailUrl\":\"https:\/\/www.mundoagropecuario.cl\/new\/wp-content\/uploads\/2019\/09\/planta-avellano-europeo-en-Purranque-fue-visitada-por-Ministro-de-Agriucltura-este-a\u00f1o.jpg\",\"datePublished\":\"2019-09-27T04:39:59+00:00\",\"dateModified\":\"2019-09-30T14:18:03+00:00\",\"breadcrumb\":{\"@id\":\"https:\/\/www.mundoagropecuario.cl\/new\/la-region-de-los-lagos-aumento-en-tres-anos-un-687-la-superficie-de-cultivos-frutales\/#breadcrumb\"},\"inLanguage\":\"es\",\"potentialAction\":[{\"@type\":\"ReadAction\",\"target\":[\"https:\/\/www.mundoagropecuario.cl\/new\/la-region-de-los-lagos-aumento-en-tres-anos-un-687-la-superficie-de-cultivos-frutales\/\"]}]},{\"@type\":\"ImageObject\",\"inLanguage\":\"es\",\"@id\":\"https:\/\/www.mundoagropecuario.cl\/new\/la-region-de-los-lagos-aumento-en-tres-anos-un-687-la-superficie-de-cultivos-frutales\/#primaryimage\",\"url\":\"https:\/\/www.mundoagropecuario.cl\/new\/wp-content\/uploads\/2019\/09\/planta-avellano-europeo-en-Purranque-fue-visitada-por-Ministro-de-Agriucltura-este-a\u00f1o.jpg\",\"contentUrl\":\"https:\/\/www.mundoagropecuario.cl\/new\/wp-content\/uploads\/2019\/09\/planta-avellano-europeo-en-Purranque-fue-visitada-por-Ministro-de-Agriucltura-este-a\u00f1o.jpg\",\"width\":599,\"height\":400},{\"@type\":\"BreadcrumbList\",\"@id\":\"https:\/\/www.mundoagropecuario.cl\/new\/la-region-de-los-lagos-aumento-en-tres-anos-un-687-la-superficie-de-cultivos-frutales\/#breadcrumb\",\"itemListElement\":[{\"@type\":\"ListItem\",\"position\":1,\"name\":\"Portada\",\"item\":\"https:\/\/www.mundoagropecuario.cl\/new\/\"},{\"@type\":\"ListItem\",\"position\":2,\"name\":\"La regi\u00f3n de Los Lagos aument\u00f3 en tres a\u00f1os un 68,7% la superficie de cultivos frutales\"}]},{\"@type\":\"WebSite\",\"@id\":\"https:\/\/www.mundoagropecuario.cl\/new\/#website\",\"url\":\"https:\/\/www.mundoagropecuario.cl\/new\/\",\"name\":\"Mundoagropecuario\",\"description\":\"Mundo Agropecuario\",\"publisher\":{\"@id\":\"https:\/\/www.mundoagropecuario.cl\/new\/#organization\"},\"potentialAction\":[{\"@type\":\"SearchAction\",\"target\":{\"@type\":\"EntryPoint\",\"urlTemplate\":\"https:\/\/www.mundoagropecuario.cl\/new\/?s={search_term_string}\"},\"query-input\":{\"@type\":\"PropertyValueSpecification\",\"valueRequired\":true,\"valueName\":\"search_term_string\"}}],\"inLanguage\":\"es\"},{\"@type\":\"Organization\",\"@id\":\"https:\/\/www.mundoagropecuario.cl\/new\/#organization\",\"name\":\"Revista de Agricultura\",\"url\":\"https:\/\/www.mundoagropecuario.cl\/new\/\",\"logo\":{\"@type\":\"ImageObject\",\"inLanguage\":\"es\",\"@id\":\"https:\/\/www.mundoagropecuario.cl\/new\/#\/schema\/logo\/image\/\",\"url\":\"https:\/\/www.mundoagropecuario.cl\/new\/wp-content\/uploads\/2020\/11\/PORTAL-1-1.png\",\"contentUrl\":\"https:\/\/www.mundoagropecuario.cl\/new\/wp-content\/uploads\/2020\/11\/PORTAL-1-1.png\",\"width\":1026,\"height\":100,\"caption\":\"Revista de Agricultura\"},\"image\":{\"@id\":\"https:\/\/www.mundoagropecuario.cl\/new\/#\/schema\/logo\/image\/\"},\"sameAs\":[\"https:\/\/www.facebook.com\/mundo.agropecuario.3\",\"https:\/\/x.com\/MundoAgropecuar\",\"https:\/\/www.linkedin.com\/in\/mundo-agropecuario-934009201\/\"]},{\"@type\":\"Person\",\"@id\":\"https:\/\/www.mundoagropecuario.cl\/new\/#\/schema\/person\/4e9f74a82a7dac260eb1c44b7eebeb18\",\"name\":\"mundo\",\"url\":\"https:\/\/www.mundoagropecuario.cl\/new\/author\/mundo\/\"}]}<\/script>\n<!-- \/ Yoast SEO plugin. -->","yoast_head_json":{"title":"La regi\u00f3n de Los Lagos aument\u00f3 en tres a\u00f1os un 68,7% la superficie de cultivos frutales - Mundoagropecuario","robots":{"index":"index","follow":"follow","max-snippet":"max-snippet:-1","max-image-preview":"max-image-preview:large","max-video-preview":"max-video-preview:-1"},"canonical":"https:\/\/www.mundoagropecuario.cl\/new\/la-region-de-los-lagos-aumento-en-tres-anos-un-687-la-superficie-de-cultivos-frutales\/","og_locale":"es_ES","og_type":"article","og_title":"La regi\u00f3n de Los Lagos aument\u00f3 en tres a\u00f1os un 68,7% la superficie de cultivos frutales - Mundoagropecuario","og_description":"Informaci\u00f3n fue revelada en la actualizaci\u00f3n del Catastro Frut\u00edcola 2019 realizado en otras 8 regiones del pa\u00eds, que permite evaluar la evoluci\u00f3n y el estado del desarrollo frut\u00edcola local (Mundo...","og_url":"https:\/\/www.mundoagropecuario.cl\/new\/la-region-de-los-lagos-aumento-en-tres-anos-un-687-la-superficie-de-cultivos-frutales\/","og_site_name":"Mundoagropecuario","article_publisher":"https:\/\/www.facebook.com\/mundo.agropecuario.3","article_published_time":"2019-09-27T04:39:59+00:00","article_modified_time":"2019-09-30T14:18:03+00:00","og_image":[{"width":1024,"height":684,"url":"https:\/\/www.mundoagropecuario.cl\/new\/wp-content\/uploads\/2019\/09\/planta-avellano-europeo-en-Purranque-fue-visitada-por-Ministro-de-Agriucltura-este-a\u00f1o.jpg","type":"image\/jpeg"}],"author":"mundo","twitter_card":"summary_large_image","twitter_creator":"@MundoAgropecuar","twitter_site":"@MundoAgropecuar","twitter_misc":{"Escrito por":"mundo","Tiempo de lectura":"3 minutos"},"schema":{"@context":"https:\/\/schema.org","@graph":[{"@type":"Article","@id":"https:\/\/www.mundoagropecuario.cl\/new\/la-region-de-los-lagos-aumento-en-tres-anos-un-687-la-superficie-de-cultivos-frutales\/#article","isPartOf":{"@id":"https:\/\/www.mundoagropecuario.cl\/new\/la-region-de-los-lagos-aumento-en-tres-anos-un-687-la-superficie-de-cultivos-frutales\/"},"author":{"name":"mundo","@id":"https:\/\/www.mundoagropecuario.cl\/new\/#\/schema\/person\/4e9f74a82a7dac260eb1c44b7eebeb18"},"headline":"La regi\u00f3n de Los Lagos aument\u00f3 en tres a\u00f1os un 68,7% la superficie de cultivos frutales","datePublished":"2019-09-27T04:39:59+00:00","dateModified":"2019-09-30T14:18:03+00:00","mainEntityOfPage":{"@id":"https:\/\/www.mundoagropecuario.cl\/new\/la-region-de-los-lagos-aumento-en-tres-anos-un-687-la-superficie-de-cultivos-frutales\/"},"wordCount":691,"publisher":{"@id":"https:\/\/www.mundoagropecuario.cl\/new\/#organization"},"image":{"@id":"https:\/\/www.mundoagropecuario.cl\/new\/la-region-de-los-lagos-aumento-en-tres-anos-un-687-la-superficie-de-cultivos-frutales\/#primaryimage"},"thumbnailUrl":"https:\/\/www.mundoagropecuario.cl\/new\/wp-content\/uploads\/2019\/09\/planta-avellano-europeo-en-Purranque-fue-visitada-por-Ministro-de-Agriucltura-este-a\u00f1o.jpg","keywords":["Agricultura","Agro","Ciren","Cultivos frutales","Directora Nacional de Odepa","Indap"],"articleSection":["Agricultura"],"inLanguage":"es"},{"@type":"WebPage","@id":"https:\/\/www.mundoagropecuario.cl\/new\/la-region-de-los-lagos-aumento-en-tres-anos-un-687-la-superficie-de-cultivos-frutales\/","url":"https:\/\/www.mundoagropecuario.cl\/new\/la-region-de-los-lagos-aumento-en-tres-anos-un-687-la-superficie-de-cultivos-frutales\/","name":"La regi\u00f3n de Los Lagos aument\u00f3 en tres a\u00f1os un 68,7% la superficie de cultivos frutales - Mundoagropecuario","isPartOf":{"@id":"https:\/\/www.mundoagropecuario.cl\/new\/#website"},"primaryImageOfPage":{"@id":"https:\/\/www.mundoagropecuario.cl\/new\/la-region-de-los-lagos-aumento-en-tres-anos-un-687-la-superficie-de-cultivos-frutales\/#primaryimage"},"image":{"@id":"https:\/\/www.mundoagropecuario.cl\/new\/la-region-de-los-lagos-aumento-en-tres-anos-un-687-la-superficie-de-cultivos-frutales\/#primaryimage"},"thumbnailUrl":"https:\/\/www.mundoagropecuario.cl\/new\/wp-content\/uploads\/2019\/09\/planta-avellano-europeo-en-Purranque-fue-visitada-por-Ministro-de-Agriucltura-este-a\u00f1o.jpg","datePublished":"2019-09-27T04:39:59+00:00","dateModified":"2019-09-30T14:18:03+00:00","breadcrumb":{"@id":"https:\/\/www.mundoagropecuario.cl\/new\/la-region-de-los-lagos-aumento-en-tres-anos-un-687-la-superficie-de-cultivos-frutales\/#breadcrumb"},"inLanguage":"es","potentialAction":[{"@type":"ReadAction","target":["https:\/\/www.mundoagropecuario.cl\/new\/la-region-de-los-lagos-aumento-en-tres-anos-un-687-la-superficie-de-cultivos-frutales\/"]}]},{"@type":"ImageObject","inLanguage":"es","@id":"https:\/\/www.mundoagropecuario.cl\/new\/la-region-de-los-lagos-aumento-en-tres-anos-un-687-la-superficie-de-cultivos-frutales\/#primaryimage","url":"https:\/\/www.mundoagropecuario.cl\/new\/wp-content\/uploads\/2019\/09\/planta-avellano-europeo-en-Purranque-fue-visitada-por-Ministro-de-Agriucltura-este-a\u00f1o.jpg","contentUrl":"https:\/\/www.mundoagropecuario.cl\/new\/wp-content\/uploads\/2019\/09\/planta-avellano-europeo-en-Purranque-fue-visitada-por-Ministro-de-Agriucltura-este-a\u00f1o.jpg","width":599,"height":400},{"@type":"BreadcrumbList","@id":"https:\/\/www.mundoagropecuario.cl\/new\/la-region-de-los-lagos-aumento-en-tres-anos-un-687-la-superficie-de-cultivos-frutales\/#breadcrumb","itemListElement":[{"@type":"ListItem","position":1,"name":"Portada","item":"https:\/\/www.mundoagropecuario.cl\/new\/"},{"@type":"ListItem","position":2,"name":"La regi\u00f3n de Los Lagos aument\u00f3 en tres a\u00f1os un 68,7% la superficie de cultivos frutales"}]},{"@type":"WebSite","@id":"https:\/\/www.mundoagropecuario.cl\/new\/#website","url":"https:\/\/www.mundoagropecuario.cl\/new\/","name":"Mundoagropecuario","description":"Mundo Agropecuario","publisher":{"@id":"https:\/\/www.mundoagropecuario.cl\/new\/#organization"},"potentialAction":[{"@type":"SearchAction","target":{"@type":"EntryPoint","urlTemplate":"https:\/\/www.mundoagropecuario.cl\/new\/?s={search_term_string}"},"query-input":{"@type":"PropertyValueSpecification","valueRequired":true,"valueName":"search_term_string"}}],"inLanguage":"es"},{"@type":"Organization","@id":"https:\/\/www.mundoagropecuario.cl\/new\/#organization","name":"Revista de Agricultura","url":"https:\/\/www.mundoagropecuario.cl\/new\/","logo":{"@type":"ImageObject","inLanguage":"es","@id":"https:\/\/www.mundoagropecuario.cl\/new\/#\/schema\/logo\/image\/","url":"https:\/\/www.mundoagropecuario.cl\/new\/wp-content\/uploads\/2020\/11\/PORTAL-1-1.png","contentUrl":"https:\/\/www.mundoagropecuario.cl\/new\/wp-content\/uploads\/2020\/11\/PORTAL-1-1.png","width":1026,"height":100,"caption":"Revista de Agricultura"},"image":{"@id":"https:\/\/www.mundoagropecuario.cl\/new\/#\/schema\/logo\/image\/"},"sameAs":["https:\/\/www.facebook.com\/mundo.agropecuario.3","https:\/\/x.com\/MundoAgropecuar","https:\/\/www.linkedin.com\/in\/mundo-agropecuario-934009201\/"]},{"@type":"Person","@id":"https:\/\/www.mundoagropecuario.cl\/new\/#\/schema\/person\/4e9f74a82a7dac260eb1c44b7eebeb18","name":"mundo","url":"https:\/\/www.mundoagropecuario.cl\/new\/author\/mundo\/"}]}},"_links":{"self":[{"href":"https:\/\/www.mundoagropecuario.cl\/new\/wp-json\/wp\/v2\/posts\/14072","targetHints":{"allow":["GET"]}}],"collection":[{"href":"https:\/\/www.mundoagropecuario.cl\/new\/wp-json\/wp\/v2\/posts"}],"about":[{"href":"https:\/\/www.mundoagropecuario.cl\/new\/wp-json\/wp\/v2\/types\/post"}],"author":[{"embeddable":true,"href":"https:\/\/www.mundoagropecuario.cl\/new\/wp-json\/wp\/v2\/users\/2"}],"replies":[{"embeddable":true,"href":"https:\/\/www.mundoagropecuario.cl\/new\/wp-json\/wp\/v2\/comments?post=14072"}],"version-history":[{"count":1,"href":"https:\/\/www.mundoagropecuario.cl\/new\/wp-json\/wp\/v2\/posts\/14072\/revisions"}],"predecessor-version":[{"id":14075,"href":"https:\/\/www.mundoagropecuario.cl\/new\/wp-json\/wp\/v2\/posts\/14072\/revisions\/14075"}],"wp:featuredmedia":[{"embeddable":true,"href":"https:\/\/www.mundoagropecuario.cl\/new\/wp-json\/wp\/v2\/media\/14073"}],"wp:attachment":[{"href":"https:\/\/www.mundoagropecuario.cl\/new\/wp-json\/wp\/v2\/media?parent=14072"}],"wp:term":[{"taxonomy":"category","embeddable":true,"href":"https:\/\/www.mundoagropecuario.cl\/new\/wp-json\/wp\/v2\/categories?post=14072"},{"taxonomy":"post_tag","embeddable":true,"href":"https:\/\/www.mundoagropecuario.cl\/new\/wp-json\/wp\/v2\/tags?post=14072"}],"curies":[{"name":"wp","href":"https:\/\/api.w.org\/{rel}","templated":true}]}}