{"id":14039,"date":"2019-09-25T09:46:29","date_gmt":"2019-09-25T12:46:29","guid":{"rendered":"http:\/\/www.mundoagropecuario.cl\/new\/?p=14039"},"modified":"2019-09-25T10:21:15","modified_gmt":"2019-09-25T13:21:15","slug":"seminario-abordara-la-importancia-de-los-humedales-en-la-region-de-los-lagos","status":"publish","type":"post","link":"https:\/\/www.mundoagropecuario.cl\/new\/seminario-abordara-la-importancia-de-los-humedales-en-la-region-de-los-lagos\/","title":{"rendered":"Seminario abordar\u00e1 la importancia de los humedales en la regi\u00f3n de Los Lagos"},"content":{"rendered":"\n<ul class=\"wp-block-gallery columns-0 is-cropped wp-block-gallery-1 is-layout-flex wp-block-gallery-is-layout-flex\"><\/ul>\n\n\n\n<p><\/p>\n\n\n\n<p class=\"has-medium-font-size\"><em>1 y 2 de octubre Aula Magna UACh, Los Pinos s\/n Balneario Pelluco, Puerto Montt (Mundo Agropecuario).<\/em><\/p>\n\n\n\n<p>El lV Seminario de la Mesa Humedales Llanquihue: Humedales, Cambio Clim\u00e1tico y Sustentabilidad que se realizar\u00e1 en dependencias del Aula Magna de la Universidad Austral de Chile, sede Puerto Montt, es un evento gratuito y abierto a todo p\u00fablico coordinado por la Serem\u00eda del Medio Ambiente de Los Lagos, en conjunto con la Mesa de Humedales Llanquihue, inscrito en la Agenda Ciudadana COPCHILE, la Cumbre Clim\u00e1tica m\u00e1s importante del mundo a efectuarse en nuestro pa\u00eds en el mes de diciembre pr\u00f3ximo.<\/p>\n\n\n\n<p>Por lo mismo, la actividad \u2013a realizarse entre los d\u00edas 1 y 2 de octubre- cuenta con un nutrido programa que contempla la participaci\u00f3n de expertos en el \u00e1rea, provenientes de diferentes zonas del pa\u00eds, con el fin de sensibilizar a la poblaci\u00f3n en lo que respecta a los efectos del Cambio Clim\u00e1tico en los humedales, acompa\u00f1ado de las estrategias propuestas para intervenir ante esta realidad.<\/p>\n\n\n\n<div class=\"wp-block-image\"><figure class=\"alignleft is-resized\"><img loading=\"lazy\" decoding=\"async\" src=\"https:\/\/www.mundoagropecuario.cl\/new\/wp-content\/uploads\/2019\/09\/Imagen-1-1024x564.jpeg\" alt=\"\" class=\"wp-image-14042\" width=\"420\" height=\"231\" srcset=\"https:\/\/www.mundoagropecuario.cl\/new\/wp-content\/uploads\/2019\/09\/Imagen-1-1024x564.jpeg 1024w, https:\/\/www.mundoagropecuario.cl\/new\/wp-content\/uploads\/2019\/09\/Imagen-1-586x323.jpeg 586w, https:\/\/www.mundoagropecuario.cl\/new\/wp-content\/uploads\/2019\/09\/Imagen-1-768x423.jpeg 768w, https:\/\/www.mundoagropecuario.cl\/new\/wp-content\/uploads\/2019\/09\/Imagen-1.jpeg 720w\" sizes=\"auto, (max-width: 420px) 100vw, 420px\" \/><\/figure><\/div>\n\n\n\n<p>En lo concreto, durante la primera jornada, los expositores analizar\u00e1n la proyecci\u00f3n del pa\u00eds en materia de humedales, adem\u00e1s de efectuar charlas en base al servicio ecosist\u00e9mico que brindan, lo que vendr\u00e1 acompa\u00f1ado de bloques con foros y experiencias abiertas a la participaci\u00f3n del p\u00fablico que, el d\u00eda 2 de octubre, podr\u00e1 ser part\u00edcipe de la visita en terreno a humedales de las comunas de Llanquihue y Puerto Varas.<\/p>\n\n\n\n<p>\u201cLo destacable de los seminarios es que transmiten muchos aspectos t\u00e9cnicos desarrollados por expertos y universidades, con informaci\u00f3n que pasa a la comunidad en general, entonces es tremendamente valioso, porque la comunidad entiende el problema que existe en el ecosistema y el fen\u00f3meno de Cambio Clim\u00e1tico asociado a los humedales. Por ello es que la invitaci\u00f3n es a la comunidad a que participen de estos eventos para ir aportando con un granito de arena en sus localidades, teniendo espacios bien conservados con estrategias adecuadas en su entorno\u201d indic\u00f3 la Seremi (s) del Medio Ambiente, Sol Bustamante.<\/p>\n\n\n\n<p>En consecuencia, se prev\u00e9 la positiva asistencia de un heterog\u00e9neo marco de p\u00fablico, compuesto por la comunidad local, ONG\u2019s, fundaciones, servicios p\u00fablicos, expertos en el \u00e1rea y otros, quienes podr\u00e1n ser parte de esta actividad, esperando as\u00ed que el seminario pueda cumplir a cabalidad con el objetivo de poner en relieve el importante valor de los humedales frente a la sociedad.<\/p>\n\n\n\n<p>Inscripci\u00f3n: 652562364 \u2013 e-mail: paburto@mma.gob.cl<\/p>\n\n\n\n<p>M\u00e1s informaci\u00f3n: extensioncientificapm@uach.cl<\/p>\n","protected":false},"excerpt":{"rendered":"<p>1 y 2 de octubre Aula Magna UACh, Los Pinos s\/n Balneario Pelluco, Puerto Montt (Mundo Agropecuario). El lV Seminario de la Mesa Humedales Llanquihue: Humedales, Cambio Clim\u00e1tico y Sustentabilidad&#8230;<\/p>\n","protected":false},"author":2,"featured_media":14043,"comment_status":"closed","ping_status":"closed","sticky":false,"template":"","format":"standard","meta":{"footnotes":""},"categories":[1949],"tags":[3127,4291,4290,578],"class_list":["post-14039","post","type-post","status-publish","format-standard","has-post-thumbnail","hentry","category-forestal","tag-agro","tag-aula-magna-uach","tag-humedales","tag-uach"],"yoast_head":"<!-- This site is optimized with the Yoast SEO plugin v26.6 - https:\/\/yoast.com\/wordpress\/plugins\/seo\/ -->\n<title>Seminario abordar\u00e1 la importancia de los humedales en la regi\u00f3n de Los Lagos - Mundoagropecuario<\/title>\n<meta name=\"robots\" content=\"index, follow, max-snippet:-1, max-image-preview:large, max-video-preview:-1\" \/>\n<link rel=\"canonical\" href=\"https:\/\/www.mundoagropecuario.cl\/new\/seminario-abordara-la-importancia-de-los-humedales-en-la-region-de-los-lagos\/\" \/>\n<meta property=\"og:locale\" content=\"es_ES\" \/>\n<meta property=\"og:type\" content=\"article\" \/>\n<meta property=\"og:title\" content=\"Seminario abordar\u00e1 la importancia de los humedales en la regi\u00f3n de Los Lagos - Mundoagropecuario\" \/>\n<meta property=\"og:description\" content=\"1 y 2 de octubre Aula Magna UACh, Los Pinos s\/n Balneario Pelluco, Puerto Montt (Mundo Agropecuario). El lV Seminario de la Mesa Humedales Llanquihue: Humedales, Cambio Clim\u00e1tico y Sustentabilidad...\" \/>\n<meta property=\"og:url\" content=\"https:\/\/www.mundoagropecuario.cl\/new\/seminario-abordara-la-importancia-de-los-humedales-en-la-region-de-los-lagos\/\" \/>\n<meta property=\"og:site_name\" content=\"Mundoagropecuario\" \/>\n<meta property=\"article:publisher\" content=\"https:\/\/www.facebook.com\/mundo.agropecuario.3\" \/>\n<meta property=\"article:published_time\" content=\"2019-09-25T12:46:29+00:00\" \/>\n<meta property=\"article:modified_time\" content=\"2019-09-25T13:21:15+00:00\" \/>\n<meta property=\"og:image\" content=\"https:\/\/www.mundoagropecuario.cl\/new\/wp-content\/uploads\/2019\/09\/Imagen-2.jpeg\" \/>\n\t<meta property=\"og:image:width\" content=\"1024\" \/>\n\t<meta property=\"og:image:height\" content=\"682\" \/>\n\t<meta property=\"og:image:type\" content=\"image\/jpeg\" \/>\n<meta name=\"author\" content=\"mundo\" \/>\n<meta name=\"twitter:card\" content=\"summary_large_image\" \/>\n<meta name=\"twitter:creator\" content=\"@MundoAgropecuar\" \/>\n<meta name=\"twitter:site\" content=\"@MundoAgropecuar\" \/>\n<meta name=\"twitter:label1\" content=\"Escrito por\" \/>\n\t<meta name=\"twitter:data1\" content=\"mundo\" \/>\n\t<meta name=\"twitter:label2\" content=\"Tiempo de lectura\" \/>\n\t<meta name=\"twitter:data2\" content=\"2 minutos\" \/>\n<script type=\"application\/ld+json\" class=\"yoast-schema-graph\">{\"@context\":\"https:\/\/schema.org\",\"@graph\":[{\"@type\":\"Article\",\"@id\":\"https:\/\/www.mundoagropecuario.cl\/new\/seminario-abordara-la-importancia-de-los-humedales-en-la-region-de-los-lagos\/#article\",\"isPartOf\":{\"@id\":\"https:\/\/www.mundoagropecuario.cl\/new\/seminario-abordara-la-importancia-de-los-humedales-en-la-region-de-los-lagos\/\"},\"author\":{\"name\":\"mundo\",\"@id\":\"https:\/\/www.mundoagropecuario.cl\/new\/#\/schema\/person\/4e9f74a82a7dac260eb1c44b7eebeb18\"},\"headline\":\"Seminario abordar\u00e1 la importancia de los humedales en la regi\u00f3n de Los Lagos\",\"datePublished\":\"2019-09-25T12:46:29+00:00\",\"dateModified\":\"2019-09-25T13:21:15+00:00\",\"mainEntityOfPage\":{\"@id\":\"https:\/\/www.mundoagropecuario.cl\/new\/seminario-abordara-la-importancia-de-los-humedales-en-la-region-de-los-lagos\/\"},\"wordCount\":447,\"publisher\":{\"@id\":\"https:\/\/www.mundoagropecuario.cl\/new\/#organization\"},\"image\":{\"@id\":\"https:\/\/www.mundoagropecuario.cl\/new\/seminario-abordara-la-importancia-de-los-humedales-en-la-region-de-los-lagos\/#primaryimage\"},\"thumbnailUrl\":\"https:\/\/www.mundoagropecuario.cl\/new\/wp-content\/uploads\/2019\/09\/Imagen-2.jpeg\",\"keywords\":[\"Agro\",\"Aula Magna UACh\",\"Humedales\",\"UACh\"],\"articleSection\":[\"Forestal\"],\"inLanguage\":\"es\"},{\"@type\":\"WebPage\",\"@id\":\"https:\/\/www.mundoagropecuario.cl\/new\/seminario-abordara-la-importancia-de-los-humedales-en-la-region-de-los-lagos\/\",\"url\":\"https:\/\/www.mundoagropecuario.cl\/new\/seminario-abordara-la-importancia-de-los-humedales-en-la-region-de-los-lagos\/\",\"name\":\"Seminario abordar\u00e1 la importancia de los humedales en la regi\u00f3n de Los Lagos - Mundoagropecuario\",\"isPartOf\":{\"@id\":\"https:\/\/www.mundoagropecuario.cl\/new\/#website\"},\"primaryImageOfPage\":{\"@id\":\"https:\/\/www.mundoagropecuario.cl\/new\/seminario-abordara-la-importancia-de-los-humedales-en-la-region-de-los-lagos\/#primaryimage\"},\"image\":{\"@id\":\"https:\/\/www.mundoagropecuario.cl\/new\/seminario-abordara-la-importancia-de-los-humedales-en-la-region-de-los-lagos\/#primaryimage\"},\"thumbnailUrl\":\"https:\/\/www.mundoagropecuario.cl\/new\/wp-content\/uploads\/2019\/09\/Imagen-2.jpeg\",\"datePublished\":\"2019-09-25T12:46:29+00:00\",\"dateModified\":\"2019-09-25T13:21:15+00:00\",\"breadcrumb\":{\"@id\":\"https:\/\/www.mundoagropecuario.cl\/new\/seminario-abordara-la-importancia-de-los-humedales-en-la-region-de-los-lagos\/#breadcrumb\"},\"inLanguage\":\"es\",\"potentialAction\":[{\"@type\":\"ReadAction\",\"target\":[\"https:\/\/www.mundoagropecuario.cl\/new\/seminario-abordara-la-importancia-de-los-humedales-en-la-region-de-los-lagos\/\"]}]},{\"@type\":\"ImageObject\",\"inLanguage\":\"es\",\"@id\":\"https:\/\/www.mundoagropecuario.cl\/new\/seminario-abordara-la-importancia-de-los-humedales-en-la-region-de-los-lagos\/#primaryimage\",\"url\":\"https:\/\/www.mundoagropecuario.cl\/new\/wp-content\/uploads\/2019\/09\/Imagen-2.jpeg\",\"contentUrl\":\"https:\/\/www.mundoagropecuario.cl\/new\/wp-content\/uploads\/2019\/09\/Imagen-2.jpeg\",\"width\":601,\"height\":400},{\"@type\":\"BreadcrumbList\",\"@id\":\"https:\/\/www.mundoagropecuario.cl\/new\/seminario-abordara-la-importancia-de-los-humedales-en-la-region-de-los-lagos\/#breadcrumb\",\"itemListElement\":[{\"@type\":\"ListItem\",\"position\":1,\"name\":\"Portada\",\"item\":\"https:\/\/www.mundoagropecuario.cl\/new\/\"},{\"@type\":\"ListItem\",\"position\":2,\"name\":\"Seminario abordar\u00e1 la importancia de los humedales en la regi\u00f3n de Los Lagos\"}]},{\"@type\":\"WebSite\",\"@id\":\"https:\/\/www.mundoagropecuario.cl\/new\/#website\",\"url\":\"https:\/\/www.mundoagropecuario.cl\/new\/\",\"name\":\"Mundoagropecuario\",\"description\":\"Mundo Agropecuario\",\"publisher\":{\"@id\":\"https:\/\/www.mundoagropecuario.cl\/new\/#organization\"},\"potentialAction\":[{\"@type\":\"SearchAction\",\"target\":{\"@type\":\"EntryPoint\",\"urlTemplate\":\"https:\/\/www.mundoagropecuario.cl\/new\/?s={search_term_string}\"},\"query-input\":{\"@type\":\"PropertyValueSpecification\",\"valueRequired\":true,\"valueName\":\"search_term_string\"}}],\"inLanguage\":\"es\"},{\"@type\":\"Organization\",\"@id\":\"https:\/\/www.mundoagropecuario.cl\/new\/#organization\",\"name\":\"Revista de Agricultura\",\"url\":\"https:\/\/www.mundoagropecuario.cl\/new\/\",\"logo\":{\"@type\":\"ImageObject\",\"inLanguage\":\"es\",\"@id\":\"https:\/\/www.mundoagropecuario.cl\/new\/#\/schema\/logo\/image\/\",\"url\":\"https:\/\/www.mundoagropecuario.cl\/new\/wp-content\/uploads\/2020\/11\/PORTAL-1-1.png\",\"contentUrl\":\"https:\/\/www.mundoagropecuario.cl\/new\/wp-content\/uploads\/2020\/11\/PORTAL-1-1.png\",\"width\":1026,\"height\":100,\"caption\":\"Revista de Agricultura\"},\"image\":{\"@id\":\"https:\/\/www.mundoagropecuario.cl\/new\/#\/schema\/logo\/image\/\"},\"sameAs\":[\"https:\/\/www.facebook.com\/mundo.agropecuario.3\",\"https:\/\/x.com\/MundoAgropecuar\",\"https:\/\/www.linkedin.com\/in\/mundo-agropecuario-934009201\/\"]},{\"@type\":\"Person\",\"@id\":\"https:\/\/www.mundoagropecuario.cl\/new\/#\/schema\/person\/4e9f74a82a7dac260eb1c44b7eebeb18\",\"name\":\"mundo\",\"url\":\"https:\/\/www.mundoagropecuario.cl\/new\/author\/mundo\/\"}]}<\/script>\n<!-- \/ Yoast SEO plugin. -->","yoast_head_json":{"title":"Seminario abordar\u00e1 la importancia de los humedales en la regi\u00f3n de Los Lagos - Mundoagropecuario","robots":{"index":"index","follow":"follow","max-snippet":"max-snippet:-1","max-image-preview":"max-image-preview:large","max-video-preview":"max-video-preview:-1"},"canonical":"https:\/\/www.mundoagropecuario.cl\/new\/seminario-abordara-la-importancia-de-los-humedales-en-la-region-de-los-lagos\/","og_locale":"es_ES","og_type":"article","og_title":"Seminario abordar\u00e1 la importancia de los humedales en la regi\u00f3n de Los Lagos - Mundoagropecuario","og_description":"1 y 2 de octubre Aula Magna UACh, Los Pinos s\/n Balneario Pelluco, Puerto Montt (Mundo Agropecuario). El lV Seminario de la Mesa Humedales Llanquihue: Humedales, Cambio Clim\u00e1tico y Sustentabilidad...","og_url":"https:\/\/www.mundoagropecuario.cl\/new\/seminario-abordara-la-importancia-de-los-humedales-en-la-region-de-los-lagos\/","og_site_name":"Mundoagropecuario","article_publisher":"https:\/\/www.facebook.com\/mundo.agropecuario.3","article_published_time":"2019-09-25T12:46:29+00:00","article_modified_time":"2019-09-25T13:21:15+00:00","og_image":[{"width":1024,"height":682,"url":"https:\/\/www.mundoagropecuario.cl\/new\/wp-content\/uploads\/2019\/09\/Imagen-2.jpeg","type":"image\/jpeg"}],"author":"mundo","twitter_card":"summary_large_image","twitter_creator":"@MundoAgropecuar","twitter_site":"@MundoAgropecuar","twitter_misc":{"Escrito por":"mundo","Tiempo de lectura":"2 minutos"},"schema":{"@context":"https:\/\/schema.org","@graph":[{"@type":"Article","@id":"https:\/\/www.mundoagropecuario.cl\/new\/seminario-abordara-la-importancia-de-los-humedales-en-la-region-de-los-lagos\/#article","isPartOf":{"@id":"https:\/\/www.mundoagropecuario.cl\/new\/seminario-abordara-la-importancia-de-los-humedales-en-la-region-de-los-lagos\/"},"author":{"name":"mundo","@id":"https:\/\/www.mundoagropecuario.cl\/new\/#\/schema\/person\/4e9f74a82a7dac260eb1c44b7eebeb18"},"headline":"Seminario abordar\u00e1 la importancia de los humedales en la regi\u00f3n de Los Lagos","datePublished":"2019-09-25T12:46:29+00:00","dateModified":"2019-09-25T13:21:15+00:00","mainEntityOfPage":{"@id":"https:\/\/www.mundoagropecuario.cl\/new\/seminario-abordara-la-importancia-de-los-humedales-en-la-region-de-los-lagos\/"},"wordCount":447,"publisher":{"@id":"https:\/\/www.mundoagropecuario.cl\/new\/#organization"},"image":{"@id":"https:\/\/www.mundoagropecuario.cl\/new\/seminario-abordara-la-importancia-de-los-humedales-en-la-region-de-los-lagos\/#primaryimage"},"thumbnailUrl":"https:\/\/www.mundoagropecuario.cl\/new\/wp-content\/uploads\/2019\/09\/Imagen-2.jpeg","keywords":["Agro","Aula Magna UACh","Humedales","UACh"],"articleSection":["Forestal"],"inLanguage":"es"},{"@type":"WebPage","@id":"https:\/\/www.mundoagropecuario.cl\/new\/seminario-abordara-la-importancia-de-los-humedales-en-la-region-de-los-lagos\/","url":"https:\/\/www.mundoagropecuario.cl\/new\/seminario-abordara-la-importancia-de-los-humedales-en-la-region-de-los-lagos\/","name":"Seminario abordar\u00e1 la importancia de los humedales en la regi\u00f3n de Los Lagos - Mundoagropecuario","isPartOf":{"@id":"https:\/\/www.mundoagropecuario.cl\/new\/#website"},"primaryImageOfPage":{"@id":"https:\/\/www.mundoagropecuario.cl\/new\/seminario-abordara-la-importancia-de-los-humedales-en-la-region-de-los-lagos\/#primaryimage"},"image":{"@id":"https:\/\/www.mundoagropecuario.cl\/new\/seminario-abordara-la-importancia-de-los-humedales-en-la-region-de-los-lagos\/#primaryimage"},"thumbnailUrl":"https:\/\/www.mundoagropecuario.cl\/new\/wp-content\/uploads\/2019\/09\/Imagen-2.jpeg","datePublished":"2019-09-25T12:46:29+00:00","dateModified":"2019-09-25T13:21:15+00:00","breadcrumb":{"@id":"https:\/\/www.mundoagropecuario.cl\/new\/seminario-abordara-la-importancia-de-los-humedales-en-la-region-de-los-lagos\/#breadcrumb"},"inLanguage":"es","potentialAction":[{"@type":"ReadAction","target":["https:\/\/www.mundoagropecuario.cl\/new\/seminario-abordara-la-importancia-de-los-humedales-en-la-region-de-los-lagos\/"]}]},{"@type":"ImageObject","inLanguage":"es","@id":"https:\/\/www.mundoagropecuario.cl\/new\/seminario-abordara-la-importancia-de-los-humedales-en-la-region-de-los-lagos\/#primaryimage","url":"https:\/\/www.mundoagropecuario.cl\/new\/wp-content\/uploads\/2019\/09\/Imagen-2.jpeg","contentUrl":"https:\/\/www.mundoagropecuario.cl\/new\/wp-content\/uploads\/2019\/09\/Imagen-2.jpeg","width":601,"height":400},{"@type":"BreadcrumbList","@id":"https:\/\/www.mundoagropecuario.cl\/new\/seminario-abordara-la-importancia-de-los-humedales-en-la-region-de-los-lagos\/#breadcrumb","itemListElement":[{"@type":"ListItem","position":1,"name":"Portada","item":"https:\/\/www.mundoagropecuario.cl\/new\/"},{"@type":"ListItem","position":2,"name":"Seminario abordar\u00e1 la importancia de los humedales en la regi\u00f3n de Los Lagos"}]},{"@type":"WebSite","@id":"https:\/\/www.mundoagropecuario.cl\/new\/#website","url":"https:\/\/www.mundoagropecuario.cl\/new\/","name":"Mundoagropecuario","description":"Mundo Agropecuario","publisher":{"@id":"https:\/\/www.mundoagropecuario.cl\/new\/#organization"},"potentialAction":[{"@type":"SearchAction","target":{"@type":"EntryPoint","urlTemplate":"https:\/\/www.mundoagropecuario.cl\/new\/?s={search_term_string}"},"query-input":{"@type":"PropertyValueSpecification","valueRequired":true,"valueName":"search_term_string"}}],"inLanguage":"es"},{"@type":"Organization","@id":"https:\/\/www.mundoagropecuario.cl\/new\/#organization","name":"Revista de Agricultura","url":"https:\/\/www.mundoagropecuario.cl\/new\/","logo":{"@type":"ImageObject","inLanguage":"es","@id":"https:\/\/www.mundoagropecuario.cl\/new\/#\/schema\/logo\/image\/","url":"https:\/\/www.mundoagropecuario.cl\/new\/wp-content\/uploads\/2020\/11\/PORTAL-1-1.png","contentUrl":"https:\/\/www.mundoagropecuario.cl\/new\/wp-content\/uploads\/2020\/11\/PORTAL-1-1.png","width":1026,"height":100,"caption":"Revista de Agricultura"},"image":{"@id":"https:\/\/www.mundoagropecuario.cl\/new\/#\/schema\/logo\/image\/"},"sameAs":["https:\/\/www.facebook.com\/mundo.agropecuario.3","https:\/\/x.com\/MundoAgropecuar","https:\/\/www.linkedin.com\/in\/mundo-agropecuario-934009201\/"]},{"@type":"Person","@id":"https:\/\/www.mundoagropecuario.cl\/new\/#\/schema\/person\/4e9f74a82a7dac260eb1c44b7eebeb18","name":"mundo","url":"https:\/\/www.mundoagropecuario.cl\/new\/author\/mundo\/"}]}},"_links":{"self":[{"href":"https:\/\/www.mundoagropecuario.cl\/new\/wp-json\/wp\/v2\/posts\/14039","targetHints":{"allow":["GET"]}}],"collection":[{"href":"https:\/\/www.mundoagropecuario.cl\/new\/wp-json\/wp\/v2\/posts"}],"about":[{"href":"https:\/\/www.mundoagropecuario.cl\/new\/wp-json\/wp\/v2\/types\/post"}],"author":[{"embeddable":true,"href":"https:\/\/www.mundoagropecuario.cl\/new\/wp-json\/wp\/v2\/users\/2"}],"replies":[{"embeddable":true,"href":"https:\/\/www.mundoagropecuario.cl\/new\/wp-json\/wp\/v2\/comments?post=14039"}],"version-history":[{"count":2,"href":"https:\/\/www.mundoagropecuario.cl\/new\/wp-json\/wp\/v2\/posts\/14039\/revisions"}],"predecessor-version":[{"id":14044,"href":"https:\/\/www.mundoagropecuario.cl\/new\/wp-json\/wp\/v2\/posts\/14039\/revisions\/14044"}],"wp:featuredmedia":[{"embeddable":true,"href":"https:\/\/www.mundoagropecuario.cl\/new\/wp-json\/wp\/v2\/media\/14043"}],"wp:attachment":[{"href":"https:\/\/www.mundoagropecuario.cl\/new\/wp-json\/wp\/v2\/media?parent=14039"}],"wp:term":[{"taxonomy":"category","embeddable":true,"href":"https:\/\/www.mundoagropecuario.cl\/new\/wp-json\/wp\/v2\/categories?post=14039"},{"taxonomy":"post_tag","embeddable":true,"href":"https:\/\/www.mundoagropecuario.cl\/new\/wp-json\/wp\/v2\/tags?post=14039"}],"curies":[{"name":"wp","href":"https:\/\/api.w.org\/{rel}","templated":true}]}}