{"id":13993,"date":"2019-09-23T11:14:52","date_gmt":"2019-09-23T14:14:52","guid":{"rendered":"http:\/\/www.mundoagropecuario.cl\/new\/?p=13993"},"modified":"2019-09-25T10:36:04","modified_gmt":"2019-09-25T13:36:04","slug":"tdlc-aclara-que-prolesur-tambien-debera-publicar-sus-pautas-de-precios","status":"publish","type":"post","link":"https:\/\/www.mundoagropecuario.cl\/new\/tdlc-aclara-que-prolesur-tambien-debera-publicar-sus-pautas-de-precios\/","title":{"rendered":"TDLC aclara que Prolesur tambi\u00e9n deber\u00e1 publicar sus pautas de precios"},"content":{"rendered":"\n<ul class=\"wp-block-gallery columns-0 is-cropped wp-block-gallery-1 is-layout-flex wp-block-gallery-is-layout-flex\"><\/ul>\n\n\n\n<p class=\"has-medium-font-size\"><em>La definici\u00f3n del Tribunal de Defensa de la Libre Compentencia se dio en respuesta a una solicitud de la Fiscal\u00eda Nacional Econ\u00f3mica (La Tercera).<\/em><\/p>\n\n\n\n<p>El Tribunal de Defensa de la Libre Competencia aclar\u00f3 que la resoluci\u00f3n emitida el 9 de septiembre pasado, en la que estableci\u00f3 que Watt\u2019s, Nestl\u00e9 y Soprole deber\u00e1n seguir publicando su pauta de precios al productor, tambi\u00e9n es extensiva a la Sociedad Procesadora de Leche del Sur (Prolesur).<\/p>\n\n\n\n<p>\u201cLa parte resolutiva de la resoluci\u00f3n 57\/2019 se aplica a la Sociedad Procesadora de Leche del Sur por cuanto esta forma parte del mismo grupo empresarial que Soprole\u201d, se\u00f1al\u00f3 el TDLC.<\/p>\n\n\n\n<p>La definici\u00f3n del TDLC se dio en respuesta a una solicitud de la Fiscal\u00eda Nacional Econ\u00f3mica la que pidi\u00f3 aclarar, rectificar o enmendar si la resoluci\u00f3n era extensiva a Prolesur, toda vez que en el a\u00f1o 2004, cuando se estableci\u00f3 la obligaci\u00f3n de informar los precios, la empresa era filial de Soprole por lo que tambi\u00e9n deb\u00eda cumplir con la medida, mientras que ahora ambas empresas son coligadas con un controlador com\u00fan.<\/p>\n\n\n\n<p>\u201cLuego de una reorganizaci\u00f3n societaria, actualmente son dos las empresas del Grupo Soprole que realizan la actividad de compra de leche fresca Soprole S.A Rut 76.101.812 (diferente de la sociedad del mismo nombre que exist\u00eda el a\u00f1o 2004), que opera la planta ubicada en la Regi\u00f3n Metropolitana; y Prolesur, que opera las plantas ubicadas en las regiones de Los R\u00edos y Los Lagos\u201d, se\u00f1ala la solicitud de la FNE.<\/p>\n\n\n\n<p>Por tanto, a\u00f1ade \u201cambas empresas son parte de un mismo grupo empresarial y son las que contin\u00faan las actividades realizadas por Soprole al a\u00f1o 2004\u201d.<\/p>\n\n\n\n<p>La FNE agreg\u00f3 que en su parte resolutiva la sentencia \u201cno indica expl\u00edcitamente si las medidas que establece son aplicables al Grupo Soprole, es decir, tanto a la actual Soprole como a Prolesur, s\u00f3lo a las primera de estas empresas\u201d.<\/p>\n\n\n\n<p><strong>El caso<\/strong><\/p>\n\n\n\n<p>El caso se origin\u00f3 en una consulta no contenciosa que ingres\u00f3 Watt\u2019s al TDLC en junio de 2018, en la que buscaba que el Tribunal se pronunciara respecto de las condiciones de recepci\u00f3n y compra de leche cruda, con especial \u00e9nfasis en la publicaci\u00f3n de la pauta de precios a productor.<\/p>\n\n\n\n<p>Esto, dado que Watt\u2019s, junto con Nestl\u00e9 y Soprole est\u00e1n obligadas a entregar esta informaci\u00f3n por la sentencia del propio TDLC de 2004.<\/p>\n\n\n\n<p>La consulta de Watt\u2019s buscaba que todas las empresas del sector -incluida Colun- dieran a conocer su pauta de precios, o bien, se extinguiera la obligaci\u00f3n para todas.<\/p>\n\n\n\n<p>Sin embargo, el lunes de la semana pasada el TDLC dio a conocer su resoluci\u00f3n en la que estim\u00f3 que las tres compa\u00f1\u00edas deber\u00e1n seguir cumpliendo con la medida argumentando que \u201cno se han presentado antecedentes en autos que nos lleven a concluir la necesidad de modificar por ahora las medidas adoptadas en la sentencia\u201d.<\/p>\n\n\n\n<p>\u201cLas pautas de precio siguen cumpliendo los objetivos que justificaron su imposici\u00f3n en la Sentencia, especialmente aquellos que dicen relaci\u00f3n con transparentar el proceso de recepci\u00f3n de leche fresca y uniformar sus condiciones\u201d, reafirm\u00f3 el tribunal.<\/p>\n\n\n\n<p>Adicionalmente, el TDLC descart\u00f3 que existan antecedentes que justifiquen extender a Colun la obligaci\u00f3n de publicar y utilizar pautas de precio. \u201cDada su estructura jur\u00eddica, (Colun) no participa en el mercado spot, en el cual las pautas de precio tienen relevancia\u201d, se\u00f1al\u00f3.<\/p>\n","protected":false},"excerpt":{"rendered":"<p>La definici\u00f3n del Tribunal de Defensa de la Libre Compentencia se dio en respuesta a una solicitud de la Fiscal\u00eda Nacional Econ\u00f3mica (La Tercera). El Tribunal de Defensa de la&#8230;<\/p>\n","protected":false},"author":2,"featured_media":13994,"comment_status":"closed","ping_status":"closed","sticky":false,"template":"","format":"standard","meta":{"footnotes":""},"categories":[1946],"tags":[4124,3127,2141,2051,2528,2087,4279,4252],"class_list":["post-13993","post","type-post","status-publish","format-standard","has-post-thumbnail","hentry","category-lacteos","tag-agricola","tag-agro","tag-lacteos","tag-leche","tag-prolesur","tag-tdlc","tag-valores-de-leche","tag-watt"],"yoast_head":"<!-- This site is optimized with the Yoast SEO plugin v26.6 - https:\/\/yoast.com\/wordpress\/plugins\/seo\/ -->\n<title>TDLC aclara que Prolesur tambi\u00e9n deber\u00e1 publicar sus pautas de precios - Mundoagropecuario<\/title>\n<meta name=\"robots\" content=\"index, follow, max-snippet:-1, max-image-preview:large, max-video-preview:-1\" \/>\n<link rel=\"canonical\" href=\"https:\/\/www.mundoagropecuario.cl\/new\/tdlc-aclara-que-prolesur-tambien-debera-publicar-sus-pautas-de-precios\/\" \/>\n<meta property=\"og:locale\" content=\"es_ES\" \/>\n<meta property=\"og:type\" content=\"article\" \/>\n<meta property=\"og:title\" content=\"TDLC aclara que Prolesur tambi\u00e9n deber\u00e1 publicar sus pautas de precios - Mundoagropecuario\" \/>\n<meta property=\"og:description\" content=\"La definici\u00f3n del Tribunal de Defensa de la Libre Compentencia se dio en respuesta a una solicitud de la Fiscal\u00eda Nacional Econ\u00f3mica (La Tercera). El Tribunal de Defensa de la...\" \/>\n<meta property=\"og:url\" content=\"https:\/\/www.mundoagropecuario.cl\/new\/tdlc-aclara-que-prolesur-tambien-debera-publicar-sus-pautas-de-precios\/\" \/>\n<meta property=\"og:site_name\" content=\"Mundoagropecuario\" \/>\n<meta property=\"article:publisher\" content=\"https:\/\/www.facebook.com\/mundo.agropecuario.3\" \/>\n<meta property=\"article:published_time\" content=\"2019-09-23T14:14:52+00:00\" \/>\n<meta property=\"article:modified_time\" content=\"2019-09-25T13:36:04+00:00\" \/>\n<meta property=\"og:image\" content=\"https:\/\/www.mundoagropecuario.cl\/new\/wp-content\/uploads\/2019\/09\/Prolesur.jpeg\" \/>\n\t<meta property=\"og:image:width\" content=\"768\" \/>\n\t<meta property=\"og:image:height\" content=\"512\" \/>\n\t<meta property=\"og:image:type\" content=\"image\/jpeg\" \/>\n<meta name=\"author\" content=\"mundo\" \/>\n<meta name=\"twitter:card\" content=\"summary_large_image\" \/>\n<meta name=\"twitter:creator\" content=\"@MundoAgropecuar\" \/>\n<meta name=\"twitter:site\" content=\"@MundoAgropecuar\" \/>\n<meta name=\"twitter:label1\" content=\"Escrito por\" \/>\n\t<meta name=\"twitter:data1\" content=\"mundo\" \/>\n\t<meta name=\"twitter:label2\" content=\"Tiempo de lectura\" \/>\n\t<meta name=\"twitter:data2\" content=\"3 minutos\" \/>\n<script type=\"application\/ld+json\" class=\"yoast-schema-graph\">{\"@context\":\"https:\/\/schema.org\",\"@graph\":[{\"@type\":\"Article\",\"@id\":\"https:\/\/www.mundoagropecuario.cl\/new\/tdlc-aclara-que-prolesur-tambien-debera-publicar-sus-pautas-de-precios\/#article\",\"isPartOf\":{\"@id\":\"https:\/\/www.mundoagropecuario.cl\/new\/tdlc-aclara-que-prolesur-tambien-debera-publicar-sus-pautas-de-precios\/\"},\"author\":{\"name\":\"mundo\",\"@id\":\"https:\/\/www.mundoagropecuario.cl\/new\/#\/schema\/person\/4e9f74a82a7dac260eb1c44b7eebeb18\"},\"headline\":\"TDLC aclara que Prolesur tambi\u00e9n deber\u00e1 publicar sus pautas de precios\",\"datePublished\":\"2019-09-23T14:14:52+00:00\",\"dateModified\":\"2019-09-25T13:36:04+00:00\",\"mainEntityOfPage\":{\"@id\":\"https:\/\/www.mundoagropecuario.cl\/new\/tdlc-aclara-que-prolesur-tambien-debera-publicar-sus-pautas-de-precios\/\"},\"wordCount\":597,\"publisher\":{\"@id\":\"https:\/\/www.mundoagropecuario.cl\/new\/#organization\"},\"image\":{\"@id\":\"https:\/\/www.mundoagropecuario.cl\/new\/tdlc-aclara-que-prolesur-tambien-debera-publicar-sus-pautas-de-precios\/#primaryimage\"},\"thumbnailUrl\":\"https:\/\/www.mundoagropecuario.cl\/new\/wp-content\/uploads\/2019\/09\/Prolesur.jpeg\",\"keywords\":[\"agricola\",\"Agro\",\"L\u00e1cteos\",\"Leche\",\"Prolesur\",\"TDLC\",\"valores de leche\",\"Watt\"],\"articleSection\":[\"L\u00e1cteos\"],\"inLanguage\":\"es\"},{\"@type\":\"WebPage\",\"@id\":\"https:\/\/www.mundoagropecuario.cl\/new\/tdlc-aclara-que-prolesur-tambien-debera-publicar-sus-pautas-de-precios\/\",\"url\":\"https:\/\/www.mundoagropecuario.cl\/new\/tdlc-aclara-que-prolesur-tambien-debera-publicar-sus-pautas-de-precios\/\",\"name\":\"TDLC aclara que Prolesur tambi\u00e9n deber\u00e1 publicar sus pautas de precios - Mundoagropecuario\",\"isPartOf\":{\"@id\":\"https:\/\/www.mundoagropecuario.cl\/new\/#website\"},\"primaryImageOfPage\":{\"@id\":\"https:\/\/www.mundoagropecuario.cl\/new\/tdlc-aclara-que-prolesur-tambien-debera-publicar-sus-pautas-de-precios\/#primaryimage\"},\"image\":{\"@id\":\"https:\/\/www.mundoagropecuario.cl\/new\/tdlc-aclara-que-prolesur-tambien-debera-publicar-sus-pautas-de-precios\/#primaryimage\"},\"thumbnailUrl\":\"https:\/\/www.mundoagropecuario.cl\/new\/wp-content\/uploads\/2019\/09\/Prolesur.jpeg\",\"datePublished\":\"2019-09-23T14:14:52+00:00\",\"dateModified\":\"2019-09-25T13:36:04+00:00\",\"breadcrumb\":{\"@id\":\"https:\/\/www.mundoagropecuario.cl\/new\/tdlc-aclara-que-prolesur-tambien-debera-publicar-sus-pautas-de-precios\/#breadcrumb\"},\"inLanguage\":\"es\",\"potentialAction\":[{\"@type\":\"ReadAction\",\"target\":[\"https:\/\/www.mundoagropecuario.cl\/new\/tdlc-aclara-que-prolesur-tambien-debera-publicar-sus-pautas-de-precios\/\"]}]},{\"@type\":\"ImageObject\",\"inLanguage\":\"es\",\"@id\":\"https:\/\/www.mundoagropecuario.cl\/new\/tdlc-aclara-que-prolesur-tambien-debera-publicar-sus-pautas-de-precios\/#primaryimage\",\"url\":\"https:\/\/www.mundoagropecuario.cl\/new\/wp-content\/uploads\/2019\/09\/Prolesur.jpeg\",\"contentUrl\":\"https:\/\/www.mundoagropecuario.cl\/new\/wp-content\/uploads\/2019\/09\/Prolesur.jpeg\",\"width\":600,\"height\":400},{\"@type\":\"BreadcrumbList\",\"@id\":\"https:\/\/www.mundoagropecuario.cl\/new\/tdlc-aclara-que-prolesur-tambien-debera-publicar-sus-pautas-de-precios\/#breadcrumb\",\"itemListElement\":[{\"@type\":\"ListItem\",\"position\":1,\"name\":\"Portada\",\"item\":\"https:\/\/www.mundoagropecuario.cl\/new\/\"},{\"@type\":\"ListItem\",\"position\":2,\"name\":\"TDLC aclara que Prolesur tambi\u00e9n deber\u00e1 publicar sus pautas de precios\"}]},{\"@type\":\"WebSite\",\"@id\":\"https:\/\/www.mundoagropecuario.cl\/new\/#website\",\"url\":\"https:\/\/www.mundoagropecuario.cl\/new\/\",\"name\":\"Mundoagropecuario\",\"description\":\"Mundo Agropecuario\",\"publisher\":{\"@id\":\"https:\/\/www.mundoagropecuario.cl\/new\/#organization\"},\"potentialAction\":[{\"@type\":\"SearchAction\",\"target\":{\"@type\":\"EntryPoint\",\"urlTemplate\":\"https:\/\/www.mundoagropecuario.cl\/new\/?s={search_term_string}\"},\"query-input\":{\"@type\":\"PropertyValueSpecification\",\"valueRequired\":true,\"valueName\":\"search_term_string\"}}],\"inLanguage\":\"es\"},{\"@type\":\"Organization\",\"@id\":\"https:\/\/www.mundoagropecuario.cl\/new\/#organization\",\"name\":\"Revista de Agricultura\",\"url\":\"https:\/\/www.mundoagropecuario.cl\/new\/\",\"logo\":{\"@type\":\"ImageObject\",\"inLanguage\":\"es\",\"@id\":\"https:\/\/www.mundoagropecuario.cl\/new\/#\/schema\/logo\/image\/\",\"url\":\"https:\/\/www.mundoagropecuario.cl\/new\/wp-content\/uploads\/2020\/11\/PORTAL-1-1.png\",\"contentUrl\":\"https:\/\/www.mundoagropecuario.cl\/new\/wp-content\/uploads\/2020\/11\/PORTAL-1-1.png\",\"width\":1026,\"height\":100,\"caption\":\"Revista de Agricultura\"},\"image\":{\"@id\":\"https:\/\/www.mundoagropecuario.cl\/new\/#\/schema\/logo\/image\/\"},\"sameAs\":[\"https:\/\/www.facebook.com\/mundo.agropecuario.3\",\"https:\/\/x.com\/MundoAgropecuar\",\"https:\/\/www.linkedin.com\/in\/mundo-agropecuario-934009201\/\"]},{\"@type\":\"Person\",\"@id\":\"https:\/\/www.mundoagropecuario.cl\/new\/#\/schema\/person\/4e9f74a82a7dac260eb1c44b7eebeb18\",\"name\":\"mundo\",\"url\":\"https:\/\/www.mundoagropecuario.cl\/new\/author\/mundo\/\"}]}<\/script>\n<!-- \/ Yoast SEO plugin. -->","yoast_head_json":{"title":"TDLC aclara que Prolesur tambi\u00e9n deber\u00e1 publicar sus pautas de precios - Mundoagropecuario","robots":{"index":"index","follow":"follow","max-snippet":"max-snippet:-1","max-image-preview":"max-image-preview:large","max-video-preview":"max-video-preview:-1"},"canonical":"https:\/\/www.mundoagropecuario.cl\/new\/tdlc-aclara-que-prolesur-tambien-debera-publicar-sus-pautas-de-precios\/","og_locale":"es_ES","og_type":"article","og_title":"TDLC aclara que Prolesur tambi\u00e9n deber\u00e1 publicar sus pautas de precios - Mundoagropecuario","og_description":"La definici\u00f3n del Tribunal de Defensa de la Libre Compentencia se dio en respuesta a una solicitud de la Fiscal\u00eda Nacional Econ\u00f3mica (La Tercera). El Tribunal de Defensa de la...","og_url":"https:\/\/www.mundoagropecuario.cl\/new\/tdlc-aclara-que-prolesur-tambien-debera-publicar-sus-pautas-de-precios\/","og_site_name":"Mundoagropecuario","article_publisher":"https:\/\/www.facebook.com\/mundo.agropecuario.3","article_published_time":"2019-09-23T14:14:52+00:00","article_modified_time":"2019-09-25T13:36:04+00:00","og_image":[{"width":768,"height":512,"url":"https:\/\/www.mundoagropecuario.cl\/new\/wp-content\/uploads\/2019\/09\/Prolesur.jpeg","type":"image\/jpeg"}],"author":"mundo","twitter_card":"summary_large_image","twitter_creator":"@MundoAgropecuar","twitter_site":"@MundoAgropecuar","twitter_misc":{"Escrito por":"mundo","Tiempo de lectura":"3 minutos"},"schema":{"@context":"https:\/\/schema.org","@graph":[{"@type":"Article","@id":"https:\/\/www.mundoagropecuario.cl\/new\/tdlc-aclara-que-prolesur-tambien-debera-publicar-sus-pautas-de-precios\/#article","isPartOf":{"@id":"https:\/\/www.mundoagropecuario.cl\/new\/tdlc-aclara-que-prolesur-tambien-debera-publicar-sus-pautas-de-precios\/"},"author":{"name":"mundo","@id":"https:\/\/www.mundoagropecuario.cl\/new\/#\/schema\/person\/4e9f74a82a7dac260eb1c44b7eebeb18"},"headline":"TDLC aclara que Prolesur tambi\u00e9n deber\u00e1 publicar sus pautas de precios","datePublished":"2019-09-23T14:14:52+00:00","dateModified":"2019-09-25T13:36:04+00:00","mainEntityOfPage":{"@id":"https:\/\/www.mundoagropecuario.cl\/new\/tdlc-aclara-que-prolesur-tambien-debera-publicar-sus-pautas-de-precios\/"},"wordCount":597,"publisher":{"@id":"https:\/\/www.mundoagropecuario.cl\/new\/#organization"},"image":{"@id":"https:\/\/www.mundoagropecuario.cl\/new\/tdlc-aclara-que-prolesur-tambien-debera-publicar-sus-pautas-de-precios\/#primaryimage"},"thumbnailUrl":"https:\/\/www.mundoagropecuario.cl\/new\/wp-content\/uploads\/2019\/09\/Prolesur.jpeg","keywords":["agricola","Agro","L\u00e1cteos","Leche","Prolesur","TDLC","valores de leche","Watt"],"articleSection":["L\u00e1cteos"],"inLanguage":"es"},{"@type":"WebPage","@id":"https:\/\/www.mundoagropecuario.cl\/new\/tdlc-aclara-que-prolesur-tambien-debera-publicar-sus-pautas-de-precios\/","url":"https:\/\/www.mundoagropecuario.cl\/new\/tdlc-aclara-que-prolesur-tambien-debera-publicar-sus-pautas-de-precios\/","name":"TDLC aclara que Prolesur tambi\u00e9n deber\u00e1 publicar sus pautas de precios - Mundoagropecuario","isPartOf":{"@id":"https:\/\/www.mundoagropecuario.cl\/new\/#website"},"primaryImageOfPage":{"@id":"https:\/\/www.mundoagropecuario.cl\/new\/tdlc-aclara-que-prolesur-tambien-debera-publicar-sus-pautas-de-precios\/#primaryimage"},"image":{"@id":"https:\/\/www.mundoagropecuario.cl\/new\/tdlc-aclara-que-prolesur-tambien-debera-publicar-sus-pautas-de-precios\/#primaryimage"},"thumbnailUrl":"https:\/\/www.mundoagropecuario.cl\/new\/wp-content\/uploads\/2019\/09\/Prolesur.jpeg","datePublished":"2019-09-23T14:14:52+00:00","dateModified":"2019-09-25T13:36:04+00:00","breadcrumb":{"@id":"https:\/\/www.mundoagropecuario.cl\/new\/tdlc-aclara-que-prolesur-tambien-debera-publicar-sus-pautas-de-precios\/#breadcrumb"},"inLanguage":"es","potentialAction":[{"@type":"ReadAction","target":["https:\/\/www.mundoagropecuario.cl\/new\/tdlc-aclara-que-prolesur-tambien-debera-publicar-sus-pautas-de-precios\/"]}]},{"@type":"ImageObject","inLanguage":"es","@id":"https:\/\/www.mundoagropecuario.cl\/new\/tdlc-aclara-que-prolesur-tambien-debera-publicar-sus-pautas-de-precios\/#primaryimage","url":"https:\/\/www.mundoagropecuario.cl\/new\/wp-content\/uploads\/2019\/09\/Prolesur.jpeg","contentUrl":"https:\/\/www.mundoagropecuario.cl\/new\/wp-content\/uploads\/2019\/09\/Prolesur.jpeg","width":600,"height":400},{"@type":"BreadcrumbList","@id":"https:\/\/www.mundoagropecuario.cl\/new\/tdlc-aclara-que-prolesur-tambien-debera-publicar-sus-pautas-de-precios\/#breadcrumb","itemListElement":[{"@type":"ListItem","position":1,"name":"Portada","item":"https:\/\/www.mundoagropecuario.cl\/new\/"},{"@type":"ListItem","position":2,"name":"TDLC aclara que Prolesur tambi\u00e9n deber\u00e1 publicar sus pautas de precios"}]},{"@type":"WebSite","@id":"https:\/\/www.mundoagropecuario.cl\/new\/#website","url":"https:\/\/www.mundoagropecuario.cl\/new\/","name":"Mundoagropecuario","description":"Mundo Agropecuario","publisher":{"@id":"https:\/\/www.mundoagropecuario.cl\/new\/#organization"},"potentialAction":[{"@type":"SearchAction","target":{"@type":"EntryPoint","urlTemplate":"https:\/\/www.mundoagropecuario.cl\/new\/?s={search_term_string}"},"query-input":{"@type":"PropertyValueSpecification","valueRequired":true,"valueName":"search_term_string"}}],"inLanguage":"es"},{"@type":"Organization","@id":"https:\/\/www.mundoagropecuario.cl\/new\/#organization","name":"Revista de Agricultura","url":"https:\/\/www.mundoagropecuario.cl\/new\/","logo":{"@type":"ImageObject","inLanguage":"es","@id":"https:\/\/www.mundoagropecuario.cl\/new\/#\/schema\/logo\/image\/","url":"https:\/\/www.mundoagropecuario.cl\/new\/wp-content\/uploads\/2020\/11\/PORTAL-1-1.png","contentUrl":"https:\/\/www.mundoagropecuario.cl\/new\/wp-content\/uploads\/2020\/11\/PORTAL-1-1.png","width":1026,"height":100,"caption":"Revista de Agricultura"},"image":{"@id":"https:\/\/www.mundoagropecuario.cl\/new\/#\/schema\/logo\/image\/"},"sameAs":["https:\/\/www.facebook.com\/mundo.agropecuario.3","https:\/\/x.com\/MundoAgropecuar","https:\/\/www.linkedin.com\/in\/mundo-agropecuario-934009201\/"]},{"@type":"Person","@id":"https:\/\/www.mundoagropecuario.cl\/new\/#\/schema\/person\/4e9f74a82a7dac260eb1c44b7eebeb18","name":"mundo","url":"https:\/\/www.mundoagropecuario.cl\/new\/author\/mundo\/"}]}},"_links":{"self":[{"href":"https:\/\/www.mundoagropecuario.cl\/new\/wp-json\/wp\/v2\/posts\/13993","targetHints":{"allow":["GET"]}}],"collection":[{"href":"https:\/\/www.mundoagropecuario.cl\/new\/wp-json\/wp\/v2\/posts"}],"about":[{"href":"https:\/\/www.mundoagropecuario.cl\/new\/wp-json\/wp\/v2\/types\/post"}],"author":[{"embeddable":true,"href":"https:\/\/www.mundoagropecuario.cl\/new\/wp-json\/wp\/v2\/users\/2"}],"replies":[{"embeddable":true,"href":"https:\/\/www.mundoagropecuario.cl\/new\/wp-json\/wp\/v2\/comments?post=13993"}],"version-history":[{"count":1,"href":"https:\/\/www.mundoagropecuario.cl\/new\/wp-json\/wp\/v2\/posts\/13993\/revisions"}],"predecessor-version":[{"id":13995,"href":"https:\/\/www.mundoagropecuario.cl\/new\/wp-json\/wp\/v2\/posts\/13993\/revisions\/13995"}],"wp:featuredmedia":[{"embeddable":true,"href":"https:\/\/www.mundoagropecuario.cl\/new\/wp-json\/wp\/v2\/media\/13994"}],"wp:attachment":[{"href":"https:\/\/www.mundoagropecuario.cl\/new\/wp-json\/wp\/v2\/media?parent=13993"}],"wp:term":[{"taxonomy":"category","embeddable":true,"href":"https:\/\/www.mundoagropecuario.cl\/new\/wp-json\/wp\/v2\/categories?post=13993"},{"taxonomy":"post_tag","embeddable":true,"href":"https:\/\/www.mundoagropecuario.cl\/new\/wp-json\/wp\/v2\/tags?post=13993"}],"curies":[{"name":"wp","href":"https:\/\/api.w.org\/{rel}","templated":true}]}}