{"id":13863,"date":"2019-09-12T09:56:13","date_gmt":"2019-09-12T12:56:13","guid":{"rendered":"http:\/\/www.mundoagropecuario.cl\/new\/?p=13863"},"modified":"2019-09-16T10:23:58","modified_gmt":"2019-09-16T13:23:58","slug":"anuncian-nuevo-calendario-cnr-con-inyeccion-de-recursos-para-riego","status":"publish","type":"post","link":"https:\/\/www.mundoagropecuario.cl\/new\/anuncian-nuevo-calendario-cnr-con-inyeccion-de-recursos-para-riego\/","title":{"rendered":"Anuncian nuevo calendario CNR con inyecci\u00f3n de recursos para riego"},"content":{"rendered":"\n<ul class=\"wp-block-gallery columns-0 is-cropped wp-block-gallery-1 is-layout-flex wp-block-gallery-is-layout-flex\"><\/ul>\n\n\n\n<p class=\"has-medium-font-size\"><em>El Ministro de Agricultura destac\u00f3 el aumento a m\u00e1s de $100 mil millones adicional anunciado por el Gobierno del Presidente Sebasti\u00e1n Pi\u00f1era, y explic\u00f3 que \u00e9stos son para mejorar la infraestructura y fortalecer la gesti\u00f3n de las Organizaciones de Usuarios de Agua (Mundo Agropecuario).<\/em><\/p>\n\n\n\n<p>El Ministro de Agricultura, Antonio Walker, anunci\u00f3 hoy que ya se encuentra disponible el nuevo Calendario de Concursos de la Ley N\u00b018.450, que es administrado por la Comisi\u00f3n Nacional de Riego (CNR). Ello, luego de que el Gobierno del Presidente Sebasti\u00e1n Pi\u00f1era decidiera aumentar el presupuesto del a\u00f1o 2019 destinado a obras de riego a m\u00e1s de $100.000 millones.<\/p>\n\n\n\n<p>\u201cGracias al aporte adicional, este a\u00f1o tenemos un presupuesto hist\u00f3rico de m\u00e1s de 100 mil millones de pesos para bonificar proyectos de riego. Esto es un 63% m\u00e1s que el presupuesto de 2018, y es parte del compromiso que tenemos con la agricultura, sus organizaciones y el cuidado del agua\u201d, enfatiz\u00f3 el Ministro Walker.<\/p>\n\n\n\n<p>Asimismo, afirm\u00f3 que los recursos ir\u00e1n directamente a aumentar los montos disponibles para las regiones m\u00e1s golpeadas por la sequ\u00eda, es decir, desde Coquimbo hasta el Maule.<\/p>\n\n\n\n<p>Sobre la actualizaci\u00f3n del Calendario de Concursos, el Secretario Ejecutivo de la CNR, Federico Err\u00e1zuriz, asegur\u00f3 que \u201clos agricultores de estas regiones podr\u00e1n presentar proyectos de tecnificaci\u00f3n (riegos por goteo, riegos por aspersi\u00f3n, pivotes) y obras civiles como acumulaci\u00f3n, profundizaci\u00f3n de pozos, y otros. En tanto, las organizaciones de usuarios de agua (OUA) podr\u00e1n presentar iniciativas que mejoren su gesti\u00f3n, revestimiento de canales y otras obras que permitan administrar de mejor manera este recurso tan valioso\u201d.<\/p>\n\n\n\n<p>Para dar una respuesta a la emergencia en el m\u00e1s breve plazo el Gobierno ha dispuesto que 21 mil millones sean destinados a proyectos que ya fueron aprobados t\u00e9cnicamente en concursos anteriores, pero que no alcanzaron a obtener financiamiento. \u201cEsto nos permitir\u00e1 reducir los tiempos y estar bonificando solo un mes despu\u00e9s del cierre de los concursos\u201d, explic\u00f3 Err\u00e1zuriz.<\/p>\n\n\n\n<p>Finalmente, el Ministro Walker agreg\u00f3 que \u201cla gesti\u00f3n del agua es un pilar fundamental del desaf\u00edo que tenemos como pa\u00eds, y hoy son las organizaciones de usuarios de agua quienes hacen esta tarea. Para apoyarlos decididamente, hemos incrementado el presupuesto de obras medianas a m\u00e1s de 36 mil millones anuales, m\u00e1s que duplicando lo que ten\u00edamos en 2018, los que podr\u00e1n ir a bonificar proyectos de telemetr\u00eda, compuertas autom\u00e1ticas y otras tecnolog\u00edas importantes para el cuidado del agua.<\/p>\n\n\n\n<p>Ver nuevo Calendario de Concursos en www.cnr.gob.cl<\/p>\n","protected":false},"excerpt":{"rendered":"<p>El Ministro de Agricultura destac\u00f3 el aumento a m\u00e1s de $100 mil millones adicional anunciado por el Gobierno del Presidente Sebasti\u00e1n Pi\u00f1era, y explic\u00f3 que \u00e9stos son para mejorar la&#8230;<\/p>\n","protected":false},"author":2,"featured_media":13864,"comment_status":"closed","ping_status":"closed","sticky":false,"template":"","format":"standard","meta":{"footnotes":""},"categories":[1945],"tags":[2090,3127,2084,2035,2293,3920,2148],"class_list":["post-13863","post","type-post","status-publish","format-standard","has-post-thumbnail","hentry","category-agricultura","tag-agricultura","tag-agro","tag-cnr","tag-minagri","tag-ministro-de-agricultura","tag-presidente-pinera","tag-sequia"],"yoast_head":"<!-- This site is optimized with the Yoast SEO plugin v26.6 - https:\/\/yoast.com\/wordpress\/plugins\/seo\/ -->\n<title>Anuncian nuevo calendario CNR con inyecci\u00f3n de recursos para riego - Mundoagropecuario<\/title>\n<meta name=\"robots\" content=\"index, follow, max-snippet:-1, max-image-preview:large, max-video-preview:-1\" \/>\n<link rel=\"canonical\" href=\"https:\/\/www.mundoagropecuario.cl\/new\/anuncian-nuevo-calendario-cnr-con-inyeccion-de-recursos-para-riego\/\" \/>\n<meta property=\"og:locale\" content=\"es_ES\" \/>\n<meta property=\"og:type\" content=\"article\" \/>\n<meta property=\"og:title\" content=\"Anuncian nuevo calendario CNR con inyecci\u00f3n de recursos para riego - Mundoagropecuario\" \/>\n<meta property=\"og:description\" content=\"El Ministro de Agricultura destac\u00f3 el aumento a m\u00e1s de $100 mil millones adicional anunciado por el Gobierno del Presidente Sebasti\u00e1n Pi\u00f1era, y explic\u00f3 que \u00e9stos son para mejorar la...\" \/>\n<meta property=\"og:url\" content=\"https:\/\/www.mundoagropecuario.cl\/new\/anuncian-nuevo-calendario-cnr-con-inyeccion-de-recursos-para-riego\/\" \/>\n<meta property=\"og:site_name\" content=\"Mundoagropecuario\" \/>\n<meta property=\"article:publisher\" content=\"https:\/\/www.facebook.com\/mundo.agropecuario.3\" \/>\n<meta property=\"article:published_time\" content=\"2019-09-12T12:56:13+00:00\" \/>\n<meta property=\"article:modified_time\" content=\"2019-09-16T13:23:58+00:00\" \/>\n<meta property=\"og:image\" content=\"https:\/\/www.mundoagropecuario.cl\/new\/wp-content\/uploads\/2019\/09\/Sequ\u00eda-emol-e1568293018354.jpg\" \/>\n\t<meta property=\"og:image:width\" content=\"592\" \/>\n\t<meta property=\"og:image:height\" content=\"394\" \/>\n\t<meta property=\"og:image:type\" content=\"image\/jpeg\" \/>\n<meta name=\"author\" content=\"mundo\" \/>\n<meta name=\"twitter:card\" content=\"summary_large_image\" \/>\n<meta name=\"twitter:creator\" content=\"@MundoAgropecuar\" \/>\n<meta name=\"twitter:site\" content=\"@MundoAgropecuar\" \/>\n<meta name=\"twitter:label1\" content=\"Escrito por\" \/>\n\t<meta name=\"twitter:data1\" content=\"mundo\" \/>\n\t<meta name=\"twitter:label2\" content=\"Tiempo de lectura\" \/>\n\t<meta name=\"twitter:data2\" content=\"2 minutos\" \/>\n<script type=\"application\/ld+json\" class=\"yoast-schema-graph\">{\"@context\":\"https:\/\/schema.org\",\"@graph\":[{\"@type\":\"Article\",\"@id\":\"https:\/\/www.mundoagropecuario.cl\/new\/anuncian-nuevo-calendario-cnr-con-inyeccion-de-recursos-para-riego\/#article\",\"isPartOf\":{\"@id\":\"https:\/\/www.mundoagropecuario.cl\/new\/anuncian-nuevo-calendario-cnr-con-inyeccion-de-recursos-para-riego\/\"},\"author\":{\"name\":\"mundo\",\"@id\":\"https:\/\/www.mundoagropecuario.cl\/new\/#\/schema\/person\/4e9f74a82a7dac260eb1c44b7eebeb18\"},\"headline\":\"Anuncian nuevo calendario CNR con inyecci\u00f3n de recursos para riego\",\"datePublished\":\"2019-09-12T12:56:13+00:00\",\"dateModified\":\"2019-09-16T13:23:58+00:00\",\"mainEntityOfPage\":{\"@id\":\"https:\/\/www.mundoagropecuario.cl\/new\/anuncian-nuevo-calendario-cnr-con-inyeccion-de-recursos-para-riego\/\"},\"wordCount\":448,\"publisher\":{\"@id\":\"https:\/\/www.mundoagropecuario.cl\/new\/#organization\"},\"image\":{\"@id\":\"https:\/\/www.mundoagropecuario.cl\/new\/anuncian-nuevo-calendario-cnr-con-inyeccion-de-recursos-para-riego\/#primaryimage\"},\"thumbnailUrl\":\"https:\/\/www.mundoagropecuario.cl\/new\/wp-content\/uploads\/2019\/09\/Sequ\u00eda-emol-e1568293018354.jpg\",\"keywords\":[\"Agricultura\",\"Agro\",\"CNR\",\"Minagri\",\"Ministro de Agricultura\",\"Presidente Pi\u00f1era\",\"Sequ\u00eda\"],\"articleSection\":[\"Agricultura\"],\"inLanguage\":\"es\"},{\"@type\":\"WebPage\",\"@id\":\"https:\/\/www.mundoagropecuario.cl\/new\/anuncian-nuevo-calendario-cnr-con-inyeccion-de-recursos-para-riego\/\",\"url\":\"https:\/\/www.mundoagropecuario.cl\/new\/anuncian-nuevo-calendario-cnr-con-inyeccion-de-recursos-para-riego\/\",\"name\":\"Anuncian nuevo calendario CNR con inyecci\u00f3n de recursos para riego - Mundoagropecuario\",\"isPartOf\":{\"@id\":\"https:\/\/www.mundoagropecuario.cl\/new\/#website\"},\"primaryImageOfPage\":{\"@id\":\"https:\/\/www.mundoagropecuario.cl\/new\/anuncian-nuevo-calendario-cnr-con-inyeccion-de-recursos-para-riego\/#primaryimage\"},\"image\":{\"@id\":\"https:\/\/www.mundoagropecuario.cl\/new\/anuncian-nuevo-calendario-cnr-con-inyeccion-de-recursos-para-riego\/#primaryimage\"},\"thumbnailUrl\":\"https:\/\/www.mundoagropecuario.cl\/new\/wp-content\/uploads\/2019\/09\/Sequ\u00eda-emol-e1568293018354.jpg\",\"datePublished\":\"2019-09-12T12:56:13+00:00\",\"dateModified\":\"2019-09-16T13:23:58+00:00\",\"breadcrumb\":{\"@id\":\"https:\/\/www.mundoagropecuario.cl\/new\/anuncian-nuevo-calendario-cnr-con-inyeccion-de-recursos-para-riego\/#breadcrumb\"},\"inLanguage\":\"es\",\"potentialAction\":[{\"@type\":\"ReadAction\",\"target\":[\"https:\/\/www.mundoagropecuario.cl\/new\/anuncian-nuevo-calendario-cnr-con-inyeccion-de-recursos-para-riego\/\"]}]},{\"@type\":\"ImageObject\",\"inLanguage\":\"es\",\"@id\":\"https:\/\/www.mundoagropecuario.cl\/new\/anuncian-nuevo-calendario-cnr-con-inyeccion-de-recursos-para-riego\/#primaryimage\",\"url\":\"https:\/\/www.mundoagropecuario.cl\/new\/wp-content\/uploads\/2019\/09\/Sequ\u00eda-emol-e1568293018354.jpg\",\"contentUrl\":\"https:\/\/www.mundoagropecuario.cl\/new\/wp-content\/uploads\/2019\/09\/Sequ\u00eda-emol-e1568293018354.jpg\",\"width\":592,\"height\":394},{\"@type\":\"BreadcrumbList\",\"@id\":\"https:\/\/www.mundoagropecuario.cl\/new\/anuncian-nuevo-calendario-cnr-con-inyeccion-de-recursos-para-riego\/#breadcrumb\",\"itemListElement\":[{\"@type\":\"ListItem\",\"position\":1,\"name\":\"Portada\",\"item\":\"https:\/\/www.mundoagropecuario.cl\/new\/\"},{\"@type\":\"ListItem\",\"position\":2,\"name\":\"Anuncian nuevo calendario CNR con inyecci\u00f3n de recursos para riego\"}]},{\"@type\":\"WebSite\",\"@id\":\"https:\/\/www.mundoagropecuario.cl\/new\/#website\",\"url\":\"https:\/\/www.mundoagropecuario.cl\/new\/\",\"name\":\"Mundoagropecuario\",\"description\":\"Mundo Agropecuario\",\"publisher\":{\"@id\":\"https:\/\/www.mundoagropecuario.cl\/new\/#organization\"},\"potentialAction\":[{\"@type\":\"SearchAction\",\"target\":{\"@type\":\"EntryPoint\",\"urlTemplate\":\"https:\/\/www.mundoagropecuario.cl\/new\/?s={search_term_string}\"},\"query-input\":{\"@type\":\"PropertyValueSpecification\",\"valueRequired\":true,\"valueName\":\"search_term_string\"}}],\"inLanguage\":\"es\"},{\"@type\":\"Organization\",\"@id\":\"https:\/\/www.mundoagropecuario.cl\/new\/#organization\",\"name\":\"Revista de Agricultura\",\"url\":\"https:\/\/www.mundoagropecuario.cl\/new\/\",\"logo\":{\"@type\":\"ImageObject\",\"inLanguage\":\"es\",\"@id\":\"https:\/\/www.mundoagropecuario.cl\/new\/#\/schema\/logo\/image\/\",\"url\":\"https:\/\/www.mundoagropecuario.cl\/new\/wp-content\/uploads\/2020\/11\/PORTAL-1-1.png\",\"contentUrl\":\"https:\/\/www.mundoagropecuario.cl\/new\/wp-content\/uploads\/2020\/11\/PORTAL-1-1.png\",\"width\":1026,\"height\":100,\"caption\":\"Revista de Agricultura\"},\"image\":{\"@id\":\"https:\/\/www.mundoagropecuario.cl\/new\/#\/schema\/logo\/image\/\"},\"sameAs\":[\"https:\/\/www.facebook.com\/mundo.agropecuario.3\",\"https:\/\/x.com\/MundoAgropecuar\",\"https:\/\/www.linkedin.com\/in\/mundo-agropecuario-934009201\/\"]},{\"@type\":\"Person\",\"@id\":\"https:\/\/www.mundoagropecuario.cl\/new\/#\/schema\/person\/4e9f74a82a7dac260eb1c44b7eebeb18\",\"name\":\"mundo\",\"url\":\"https:\/\/www.mundoagropecuario.cl\/new\/author\/mundo\/\"}]}<\/script>\n<!-- \/ Yoast SEO plugin. -->","yoast_head_json":{"title":"Anuncian nuevo calendario CNR con inyecci\u00f3n de recursos para riego - Mundoagropecuario","robots":{"index":"index","follow":"follow","max-snippet":"max-snippet:-1","max-image-preview":"max-image-preview:large","max-video-preview":"max-video-preview:-1"},"canonical":"https:\/\/www.mundoagropecuario.cl\/new\/anuncian-nuevo-calendario-cnr-con-inyeccion-de-recursos-para-riego\/","og_locale":"es_ES","og_type":"article","og_title":"Anuncian nuevo calendario CNR con inyecci\u00f3n de recursos para riego - Mundoagropecuario","og_description":"El Ministro de Agricultura destac\u00f3 el aumento a m\u00e1s de $100 mil millones adicional anunciado por el Gobierno del Presidente Sebasti\u00e1n Pi\u00f1era, y explic\u00f3 que \u00e9stos son para mejorar la...","og_url":"https:\/\/www.mundoagropecuario.cl\/new\/anuncian-nuevo-calendario-cnr-con-inyeccion-de-recursos-para-riego\/","og_site_name":"Mundoagropecuario","article_publisher":"https:\/\/www.facebook.com\/mundo.agropecuario.3","article_published_time":"2019-09-12T12:56:13+00:00","article_modified_time":"2019-09-16T13:23:58+00:00","og_image":[{"width":592,"height":394,"url":"https:\/\/www.mundoagropecuario.cl\/new\/wp-content\/uploads\/2019\/09\/Sequ\u00eda-emol-e1568293018354.jpg","type":"image\/jpeg"}],"author":"mundo","twitter_card":"summary_large_image","twitter_creator":"@MundoAgropecuar","twitter_site":"@MundoAgropecuar","twitter_misc":{"Escrito por":"mundo","Tiempo de lectura":"2 minutos"},"schema":{"@context":"https:\/\/schema.org","@graph":[{"@type":"Article","@id":"https:\/\/www.mundoagropecuario.cl\/new\/anuncian-nuevo-calendario-cnr-con-inyeccion-de-recursos-para-riego\/#article","isPartOf":{"@id":"https:\/\/www.mundoagropecuario.cl\/new\/anuncian-nuevo-calendario-cnr-con-inyeccion-de-recursos-para-riego\/"},"author":{"name":"mundo","@id":"https:\/\/www.mundoagropecuario.cl\/new\/#\/schema\/person\/4e9f74a82a7dac260eb1c44b7eebeb18"},"headline":"Anuncian nuevo calendario CNR con inyecci\u00f3n de recursos para riego","datePublished":"2019-09-12T12:56:13+00:00","dateModified":"2019-09-16T13:23:58+00:00","mainEntityOfPage":{"@id":"https:\/\/www.mundoagropecuario.cl\/new\/anuncian-nuevo-calendario-cnr-con-inyeccion-de-recursos-para-riego\/"},"wordCount":448,"publisher":{"@id":"https:\/\/www.mundoagropecuario.cl\/new\/#organization"},"image":{"@id":"https:\/\/www.mundoagropecuario.cl\/new\/anuncian-nuevo-calendario-cnr-con-inyeccion-de-recursos-para-riego\/#primaryimage"},"thumbnailUrl":"https:\/\/www.mundoagropecuario.cl\/new\/wp-content\/uploads\/2019\/09\/Sequ\u00eda-emol-e1568293018354.jpg","keywords":["Agricultura","Agro","CNR","Minagri","Ministro de Agricultura","Presidente Pi\u00f1era","Sequ\u00eda"],"articleSection":["Agricultura"],"inLanguage":"es"},{"@type":"WebPage","@id":"https:\/\/www.mundoagropecuario.cl\/new\/anuncian-nuevo-calendario-cnr-con-inyeccion-de-recursos-para-riego\/","url":"https:\/\/www.mundoagropecuario.cl\/new\/anuncian-nuevo-calendario-cnr-con-inyeccion-de-recursos-para-riego\/","name":"Anuncian nuevo calendario CNR con inyecci\u00f3n de recursos para riego - Mundoagropecuario","isPartOf":{"@id":"https:\/\/www.mundoagropecuario.cl\/new\/#website"},"primaryImageOfPage":{"@id":"https:\/\/www.mundoagropecuario.cl\/new\/anuncian-nuevo-calendario-cnr-con-inyeccion-de-recursos-para-riego\/#primaryimage"},"image":{"@id":"https:\/\/www.mundoagropecuario.cl\/new\/anuncian-nuevo-calendario-cnr-con-inyeccion-de-recursos-para-riego\/#primaryimage"},"thumbnailUrl":"https:\/\/www.mundoagropecuario.cl\/new\/wp-content\/uploads\/2019\/09\/Sequ\u00eda-emol-e1568293018354.jpg","datePublished":"2019-09-12T12:56:13+00:00","dateModified":"2019-09-16T13:23:58+00:00","breadcrumb":{"@id":"https:\/\/www.mundoagropecuario.cl\/new\/anuncian-nuevo-calendario-cnr-con-inyeccion-de-recursos-para-riego\/#breadcrumb"},"inLanguage":"es","potentialAction":[{"@type":"ReadAction","target":["https:\/\/www.mundoagropecuario.cl\/new\/anuncian-nuevo-calendario-cnr-con-inyeccion-de-recursos-para-riego\/"]}]},{"@type":"ImageObject","inLanguage":"es","@id":"https:\/\/www.mundoagropecuario.cl\/new\/anuncian-nuevo-calendario-cnr-con-inyeccion-de-recursos-para-riego\/#primaryimage","url":"https:\/\/www.mundoagropecuario.cl\/new\/wp-content\/uploads\/2019\/09\/Sequ\u00eda-emol-e1568293018354.jpg","contentUrl":"https:\/\/www.mundoagropecuario.cl\/new\/wp-content\/uploads\/2019\/09\/Sequ\u00eda-emol-e1568293018354.jpg","width":592,"height":394},{"@type":"BreadcrumbList","@id":"https:\/\/www.mundoagropecuario.cl\/new\/anuncian-nuevo-calendario-cnr-con-inyeccion-de-recursos-para-riego\/#breadcrumb","itemListElement":[{"@type":"ListItem","position":1,"name":"Portada","item":"https:\/\/www.mundoagropecuario.cl\/new\/"},{"@type":"ListItem","position":2,"name":"Anuncian nuevo calendario CNR con inyecci\u00f3n de recursos para riego"}]},{"@type":"WebSite","@id":"https:\/\/www.mundoagropecuario.cl\/new\/#website","url":"https:\/\/www.mundoagropecuario.cl\/new\/","name":"Mundoagropecuario","description":"Mundo Agropecuario","publisher":{"@id":"https:\/\/www.mundoagropecuario.cl\/new\/#organization"},"potentialAction":[{"@type":"SearchAction","target":{"@type":"EntryPoint","urlTemplate":"https:\/\/www.mundoagropecuario.cl\/new\/?s={search_term_string}"},"query-input":{"@type":"PropertyValueSpecification","valueRequired":true,"valueName":"search_term_string"}}],"inLanguage":"es"},{"@type":"Organization","@id":"https:\/\/www.mundoagropecuario.cl\/new\/#organization","name":"Revista de Agricultura","url":"https:\/\/www.mundoagropecuario.cl\/new\/","logo":{"@type":"ImageObject","inLanguage":"es","@id":"https:\/\/www.mundoagropecuario.cl\/new\/#\/schema\/logo\/image\/","url":"https:\/\/www.mundoagropecuario.cl\/new\/wp-content\/uploads\/2020\/11\/PORTAL-1-1.png","contentUrl":"https:\/\/www.mundoagropecuario.cl\/new\/wp-content\/uploads\/2020\/11\/PORTAL-1-1.png","width":1026,"height":100,"caption":"Revista de Agricultura"},"image":{"@id":"https:\/\/www.mundoagropecuario.cl\/new\/#\/schema\/logo\/image\/"},"sameAs":["https:\/\/www.facebook.com\/mundo.agropecuario.3","https:\/\/x.com\/MundoAgropecuar","https:\/\/www.linkedin.com\/in\/mundo-agropecuario-934009201\/"]},{"@type":"Person","@id":"https:\/\/www.mundoagropecuario.cl\/new\/#\/schema\/person\/4e9f74a82a7dac260eb1c44b7eebeb18","name":"mundo","url":"https:\/\/www.mundoagropecuario.cl\/new\/author\/mundo\/"}]}},"_links":{"self":[{"href":"https:\/\/www.mundoagropecuario.cl\/new\/wp-json\/wp\/v2\/posts\/13863","targetHints":{"allow":["GET"]}}],"collection":[{"href":"https:\/\/www.mundoagropecuario.cl\/new\/wp-json\/wp\/v2\/posts"}],"about":[{"href":"https:\/\/www.mundoagropecuario.cl\/new\/wp-json\/wp\/v2\/types\/post"}],"author":[{"embeddable":true,"href":"https:\/\/www.mundoagropecuario.cl\/new\/wp-json\/wp\/v2\/users\/2"}],"replies":[{"embeddable":true,"href":"https:\/\/www.mundoagropecuario.cl\/new\/wp-json\/wp\/v2\/comments?post=13863"}],"version-history":[{"count":1,"href":"https:\/\/www.mundoagropecuario.cl\/new\/wp-json\/wp\/v2\/posts\/13863\/revisions"}],"predecessor-version":[{"id":13865,"href":"https:\/\/www.mundoagropecuario.cl\/new\/wp-json\/wp\/v2\/posts\/13863\/revisions\/13865"}],"wp:featuredmedia":[{"embeddable":true,"href":"https:\/\/www.mundoagropecuario.cl\/new\/wp-json\/wp\/v2\/media\/13864"}],"wp:attachment":[{"href":"https:\/\/www.mundoagropecuario.cl\/new\/wp-json\/wp\/v2\/media?parent=13863"}],"wp:term":[{"taxonomy":"category","embeddable":true,"href":"https:\/\/www.mundoagropecuario.cl\/new\/wp-json\/wp\/v2\/categories?post=13863"},{"taxonomy":"post_tag","embeddable":true,"href":"https:\/\/www.mundoagropecuario.cl\/new\/wp-json\/wp\/v2\/tags?post=13863"}],"curies":[{"name":"wp","href":"https:\/\/api.w.org\/{rel}","templated":true}]}}