{"id":13825,"date":"2019-09-10T02:00:25","date_gmt":"2019-09-10T05:00:25","guid":{"rendered":"http:\/\/www.mundoagropecuario.cl\/new\/?p=13825"},"modified":"2019-09-12T10:41:39","modified_gmt":"2019-09-12T13:41:39","slug":"colun-gana-primer-capitulo-de-la-guerra-de-la-leche-tdlc-rechaza-solicitud-de-watts","status":"publish","type":"post","link":"https:\/\/www.mundoagropecuario.cl\/new\/colun-gana-primer-capitulo-de-la-guerra-de-la-leche-tdlc-rechaza-solicitud-de-watts\/","title":{"rendered":"Colun gana primer cap\u00edtulo de la guerra de la leche: TDLC rechaza solicitud de Watt\u2019s"},"content":{"rendered":"\n<ul class=\"wp-block-gallery columns-0 is-cropped wp-block-gallery-1 is-layout-flex wp-block-gallery-is-layout-flex\"><\/ul>\n\n\n\n<p class=\"has-medium-font-size\"><em>El Tribunal desestim\u00f3 el argumento de la compa\u00f1\u00eda que buscaba que Colun tambi\u00e9n publicara el precio pagado a productores. Adem\u00e1s, el organismo de libre competencia pidi\u00f3 a las empresas ajustar condiciones de sus contratos (la tercera.com).<\/em><\/p>\n\n\n\n<p>Un rev\u00e9s sufri\u00f3 Watt\u2019s ante el Tribunal de Defensa de la Libre Competencia (TDLC), en otro de los cap\u00edtulos de la denominada \u201cguerra de la leche\u201d.<\/p>\n\n\n\n<p>En junio de 2018, la compa\u00f1\u00eda interpuso una consulta no contenciosa ante el TDLC, en la que buscaba que el Tribunal se pronunciara respecto de las condiciones de recepci\u00f3n y compra de leche cruda, con especial \u00e9nfasis en la publicaci\u00f3n de la pauta de precios a productor.<\/p>\n\n\n\n<p>Esto, dado que Watt\u2019s, junto con Nestl\u00e9 y Soprole est\u00e1n obligadas a entregar esta informaci\u00f3n, por una sentencia del propio TDLC de 2004. En ella, el tribunal solicit\u00f3 a dichas empresas transparentar los precios y promociones que manten\u00edan con sus productores.<\/p>\n\n\n\n<p>La consulta de Watt\u2019s buscaba que todas las empresas del sector -incluida Colun- dieran a conocer su pauta de precios, o bien, se extinguiera la obligaci\u00f3n para todas. As\u00ed lo se\u00f1al\u00f3 el abogado de la firma, Benjam\u00edn Grebe, en diciembre de 2018, en el TDLC.<\/p>\n\n\n\n<p>En esa instancia, el abogado de Colun, Jos\u00e9 Manuel Bustamante, rechaz\u00f3 el argumento, enfatizando que Watt\u2019s buscaba atacar los principios del cooperativismo.<\/p>\n\n\n\n<div class=\"wp-block-image\"><figure class=\"alignleft is-resized\"><img loading=\"lazy\" decoding=\"async\" src=\"https:\/\/www.mundoagropecuario.cl\/new\/wp-content\/uploads\/2018\/08\/colun22.jpg\" alt=\"\" class=\"wp-image-8096\" width=\"387\" height=\"258\" srcset=\"https:\/\/www.mundoagropecuario.cl\/new\/wp-content\/uploads\/2018\/08\/colun22.jpg 601w, https:\/\/www.mundoagropecuario.cl\/new\/wp-content\/uploads\/2018\/08\/colun22-586x390.jpg 586w, https:\/\/www.mundoagropecuario.cl\/new\/wp-content\/uploads\/2018\/08\/colun22-768x511.jpg 768w\" sizes=\"auto, (max-width: 387px) 100vw, 387px\" \/><\/figure><\/div>\n\n\n\n<p>Finalmente este lunes, a poco m\u00e1s de un a\u00f1o de hecha la consulta, el TDLC estim\u00f3 que las tres compa\u00f1\u00edas deber\u00e1n seguir cumpliendo con la medida establecida en la sentencia de 2004, ya que \u201cno se han presentado antecedentes en autos que nos lleven a concluir la necesidad de modificar por ahora las medidas adoptadas en la Sentencia\u201d.<\/p>\n\n\n\n<p>\u201cLas pautas de precio siguen cumpliendo los objetivos que justificaron su imposici\u00f3n en la Sentencia, especialmente aquellos que dicen relaci\u00f3n con transparentar el proceso de recepci\u00f3n de leche fresca y uniformar sus condiciones\u201d, reafirm\u00f3 el tribunal.<\/p>\n\n\n\n<p>Adicionalmente, el TDLC descart\u00f3 que existan antecedentes que justifiquen extender a Colun la obligaci\u00f3n de publicar y utilizar pautas de precio. \u201cDada su estructura jur\u00eddica, (Colun) no participa en el mercado spot, en el cual las pautas de precio tienen relevancia\u201d, indic\u00f3 la resoluci\u00f3n a la que tuvo acceso PULSO.<\/p>\n\n\n\n<p><strong>Mayores exigencias<\/strong><\/p>\n\n\n\n<p>Adicional al rechazo, el TDLC en su resoluci\u00f3n solicit\u00f3 a Watt\u2019s, Nestl\u00e9 y Soprole excluir de sus contratos las cl\u00e1usulas que obstaculicen la movilidad a los proveedores, absteni\u00e9ndose de pactar premios retroactivos por crecimiento de vol\u00famenes anuales, entre otras acciones.<\/p>\n\n\n\n<p>Tambi\u00e9n pidi\u00f3 incluir en los mismos la posibilidad que los productores pongan t\u00e9rmino unilateral a los contratos. Finalmente, las empresas deber\u00e1n informar a Odepa la duraci\u00f3n de los contratos \u201cpara efectos de darle la debida publicidad\u201d, resolvi\u00f3 el TDLC.<\/p>\n\n\n\n<p>De todas maneras, la decisi\u00f3n del organismo puede ser reclamada por las partes ante la Corte Suprema.<\/p>\n","protected":false},"excerpt":{"rendered":"<p>El Tribunal desestim\u00f3 el argumento de la compa\u00f1\u00eda que buscaba que Colun tambi\u00e9n publicara el precio pagado a productores. Adem\u00e1s, el organismo de libre competencia pidi\u00f3 a las empresas ajustar&#8230;<\/p>\n","protected":false},"author":2,"featured_media":13826,"comment_status":"closed","ping_status":"closed","sticky":false,"template":"","format":"standard","meta":{"footnotes":""},"categories":[1946],"tags":[2034,2832,4145,2217,2087,4252],"class_list":["post-13825","post","type-post","status-publish","format-standard","has-post-thumbnail","hentry","category-lacteos","tag-colun","tag-guerra-de-la-leche","tag-lateos","tag-quesos","tag-tdlc","tag-watt"],"yoast_head":"<!-- This site is optimized with the Yoast SEO plugin v26.6 - https:\/\/yoast.com\/wordpress\/plugins\/seo\/ -->\n<title>Colun gana primer cap\u00edtulo de la guerra de la leche: TDLC rechaza solicitud de Watt\u2019s - Mundoagropecuario<\/title>\n<meta name=\"robots\" content=\"index, follow, max-snippet:-1, max-image-preview:large, max-video-preview:-1\" \/>\n<link rel=\"canonical\" href=\"https:\/\/www.mundoagropecuario.cl\/new\/colun-gana-primer-capitulo-de-la-guerra-de-la-leche-tdlc-rechaza-solicitud-de-watts\/\" \/>\n<meta property=\"og:locale\" content=\"es_ES\" \/>\n<meta property=\"og:type\" content=\"article\" \/>\n<meta property=\"og:title\" content=\"Colun gana primer cap\u00edtulo de la guerra de la leche: TDLC rechaza solicitud de Watt\u2019s - Mundoagropecuario\" \/>\n<meta property=\"og:description\" content=\"El Tribunal desestim\u00f3 el argumento de la compa\u00f1\u00eda que buscaba que Colun tambi\u00e9n publicara el precio pagado a productores. Adem\u00e1s, el organismo de libre competencia pidi\u00f3 a las empresas ajustar...\" \/>\n<meta property=\"og:url\" content=\"https:\/\/www.mundoagropecuario.cl\/new\/colun-gana-primer-capitulo-de-la-guerra-de-la-leche-tdlc-rechaza-solicitud-de-watts\/\" \/>\n<meta property=\"og:site_name\" content=\"Mundoagropecuario\" \/>\n<meta property=\"article:publisher\" content=\"https:\/\/www.facebook.com\/mundo.agropecuario.3\" \/>\n<meta property=\"article:published_time\" content=\"2019-09-10T05:00:25+00:00\" \/>\n<meta property=\"article:modified_time\" content=\"2019-09-12T13:41:39+00:00\" \/>\n<meta property=\"og:image\" content=\"https:\/\/www.mundoagropecuario.cl\/new\/wp-content\/uploads\/2019\/09\/WhatsApp-.jpg\" \/>\n\t<meta property=\"og:image:width\" content=\"858\" \/>\n\t<meta property=\"og:image:height\" content=\"600\" \/>\n\t<meta property=\"og:image:type\" content=\"image\/jpeg\" \/>\n<meta name=\"author\" content=\"mundo\" \/>\n<meta name=\"twitter:card\" content=\"summary_large_image\" \/>\n<meta name=\"twitter:creator\" content=\"@MundoAgropecuar\" \/>\n<meta name=\"twitter:site\" content=\"@MundoAgropecuar\" \/>\n<meta name=\"twitter:label1\" content=\"Escrito por\" \/>\n\t<meta name=\"twitter:data1\" content=\"mundo\" \/>\n\t<meta name=\"twitter:label2\" content=\"Tiempo de lectura\" \/>\n\t<meta name=\"twitter:data2\" content=\"2 minutos\" \/>\n<script type=\"application\/ld+json\" class=\"yoast-schema-graph\">{\"@context\":\"https:\/\/schema.org\",\"@graph\":[{\"@type\":\"Article\",\"@id\":\"https:\/\/www.mundoagropecuario.cl\/new\/colun-gana-primer-capitulo-de-la-guerra-de-la-leche-tdlc-rechaza-solicitud-de-watts\/#article\",\"isPartOf\":{\"@id\":\"https:\/\/www.mundoagropecuario.cl\/new\/colun-gana-primer-capitulo-de-la-guerra-de-la-leche-tdlc-rechaza-solicitud-de-watts\/\"},\"author\":{\"name\":\"mundo\",\"@id\":\"https:\/\/www.mundoagropecuario.cl\/new\/#\/schema\/person\/4e9f74a82a7dac260eb1c44b7eebeb18\"},\"headline\":\"Colun gana primer cap\u00edtulo de la guerra de la leche: TDLC rechaza solicitud de Watt\u2019s\",\"datePublished\":\"2019-09-10T05:00:25+00:00\",\"dateModified\":\"2019-09-12T13:41:39+00:00\",\"mainEntityOfPage\":{\"@id\":\"https:\/\/www.mundoagropecuario.cl\/new\/colun-gana-primer-capitulo-de-la-guerra-de-la-leche-tdlc-rechaza-solicitud-de-watts\/\"},\"wordCount\":511,\"publisher\":{\"@id\":\"https:\/\/www.mundoagropecuario.cl\/new\/#organization\"},\"image\":{\"@id\":\"https:\/\/www.mundoagropecuario.cl\/new\/colun-gana-primer-capitulo-de-la-guerra-de-la-leche-tdlc-rechaza-solicitud-de-watts\/#primaryimage\"},\"thumbnailUrl\":\"https:\/\/www.mundoagropecuario.cl\/new\/wp-content\/uploads\/2019\/09\/WhatsApp-.jpg\",\"keywords\":[\"Colun\",\"guerra de la leche\",\"L\u00e1teos\",\"Quesos\",\"TDLC\",\"Watt\"],\"articleSection\":[\"L\u00e1cteos\"],\"inLanguage\":\"es\"},{\"@type\":\"WebPage\",\"@id\":\"https:\/\/www.mundoagropecuario.cl\/new\/colun-gana-primer-capitulo-de-la-guerra-de-la-leche-tdlc-rechaza-solicitud-de-watts\/\",\"url\":\"https:\/\/www.mundoagropecuario.cl\/new\/colun-gana-primer-capitulo-de-la-guerra-de-la-leche-tdlc-rechaza-solicitud-de-watts\/\",\"name\":\"Colun gana primer cap\u00edtulo de la guerra de la leche: TDLC rechaza solicitud de Watt\u2019s - Mundoagropecuario\",\"isPartOf\":{\"@id\":\"https:\/\/www.mundoagropecuario.cl\/new\/#website\"},\"primaryImageOfPage\":{\"@id\":\"https:\/\/www.mundoagropecuario.cl\/new\/colun-gana-primer-capitulo-de-la-guerra-de-la-leche-tdlc-rechaza-solicitud-de-watts\/#primaryimage\"},\"image\":{\"@id\":\"https:\/\/www.mundoagropecuario.cl\/new\/colun-gana-primer-capitulo-de-la-guerra-de-la-leche-tdlc-rechaza-solicitud-de-watts\/#primaryimage\"},\"thumbnailUrl\":\"https:\/\/www.mundoagropecuario.cl\/new\/wp-content\/uploads\/2019\/09\/WhatsApp-.jpg\",\"datePublished\":\"2019-09-10T05:00:25+00:00\",\"dateModified\":\"2019-09-12T13:41:39+00:00\",\"breadcrumb\":{\"@id\":\"https:\/\/www.mundoagropecuario.cl\/new\/colun-gana-primer-capitulo-de-la-guerra-de-la-leche-tdlc-rechaza-solicitud-de-watts\/#breadcrumb\"},\"inLanguage\":\"es\",\"potentialAction\":[{\"@type\":\"ReadAction\",\"target\":[\"https:\/\/www.mundoagropecuario.cl\/new\/colun-gana-primer-capitulo-de-la-guerra-de-la-leche-tdlc-rechaza-solicitud-de-watts\/\"]}]},{\"@type\":\"ImageObject\",\"inLanguage\":\"es\",\"@id\":\"https:\/\/www.mundoagropecuario.cl\/new\/colun-gana-primer-capitulo-de-la-guerra-de-la-leche-tdlc-rechaza-solicitud-de-watts\/#primaryimage\",\"url\":\"https:\/\/www.mundoagropecuario.cl\/new\/wp-content\/uploads\/2019\/09\/WhatsApp-.jpg\",\"contentUrl\":\"https:\/\/www.mundoagropecuario.cl\/new\/wp-content\/uploads\/2019\/09\/WhatsApp-.jpg\",\"width\":572,\"height\":400},{\"@type\":\"BreadcrumbList\",\"@id\":\"https:\/\/www.mundoagropecuario.cl\/new\/colun-gana-primer-capitulo-de-la-guerra-de-la-leche-tdlc-rechaza-solicitud-de-watts\/#breadcrumb\",\"itemListElement\":[{\"@type\":\"ListItem\",\"position\":1,\"name\":\"Portada\",\"item\":\"https:\/\/www.mundoagropecuario.cl\/new\/\"},{\"@type\":\"ListItem\",\"position\":2,\"name\":\"Colun gana primer cap\u00edtulo de la guerra de la leche: TDLC rechaza solicitud de Watt\u2019s\"}]},{\"@type\":\"WebSite\",\"@id\":\"https:\/\/www.mundoagropecuario.cl\/new\/#website\",\"url\":\"https:\/\/www.mundoagropecuario.cl\/new\/\",\"name\":\"Mundoagropecuario\",\"description\":\"Mundo Agropecuario\",\"publisher\":{\"@id\":\"https:\/\/www.mundoagropecuario.cl\/new\/#organization\"},\"potentialAction\":[{\"@type\":\"SearchAction\",\"target\":{\"@type\":\"EntryPoint\",\"urlTemplate\":\"https:\/\/www.mundoagropecuario.cl\/new\/?s={search_term_string}\"},\"query-input\":{\"@type\":\"PropertyValueSpecification\",\"valueRequired\":true,\"valueName\":\"search_term_string\"}}],\"inLanguage\":\"es\"},{\"@type\":\"Organization\",\"@id\":\"https:\/\/www.mundoagropecuario.cl\/new\/#organization\",\"name\":\"Revista de Agricultura\",\"url\":\"https:\/\/www.mundoagropecuario.cl\/new\/\",\"logo\":{\"@type\":\"ImageObject\",\"inLanguage\":\"es\",\"@id\":\"https:\/\/www.mundoagropecuario.cl\/new\/#\/schema\/logo\/image\/\",\"url\":\"https:\/\/www.mundoagropecuario.cl\/new\/wp-content\/uploads\/2020\/11\/PORTAL-1-1.png\",\"contentUrl\":\"https:\/\/www.mundoagropecuario.cl\/new\/wp-content\/uploads\/2020\/11\/PORTAL-1-1.png\",\"width\":1026,\"height\":100,\"caption\":\"Revista de Agricultura\"},\"image\":{\"@id\":\"https:\/\/www.mundoagropecuario.cl\/new\/#\/schema\/logo\/image\/\"},\"sameAs\":[\"https:\/\/www.facebook.com\/mundo.agropecuario.3\",\"https:\/\/x.com\/MundoAgropecuar\",\"https:\/\/www.linkedin.com\/in\/mundo-agropecuario-934009201\/\"]},{\"@type\":\"Person\",\"@id\":\"https:\/\/www.mundoagropecuario.cl\/new\/#\/schema\/person\/4e9f74a82a7dac260eb1c44b7eebeb18\",\"name\":\"mundo\",\"url\":\"https:\/\/www.mundoagropecuario.cl\/new\/author\/mundo\/\"}]}<\/script>\n<!-- \/ Yoast SEO plugin. -->","yoast_head_json":{"title":"Colun gana primer cap\u00edtulo de la guerra de la leche: TDLC rechaza solicitud de Watt\u2019s - Mundoagropecuario","robots":{"index":"index","follow":"follow","max-snippet":"max-snippet:-1","max-image-preview":"max-image-preview:large","max-video-preview":"max-video-preview:-1"},"canonical":"https:\/\/www.mundoagropecuario.cl\/new\/colun-gana-primer-capitulo-de-la-guerra-de-la-leche-tdlc-rechaza-solicitud-de-watts\/","og_locale":"es_ES","og_type":"article","og_title":"Colun gana primer cap\u00edtulo de la guerra de la leche: TDLC rechaza solicitud de Watt\u2019s - Mundoagropecuario","og_description":"El Tribunal desestim\u00f3 el argumento de la compa\u00f1\u00eda que buscaba que Colun tambi\u00e9n publicara el precio pagado a productores. Adem\u00e1s, el organismo de libre competencia pidi\u00f3 a las empresas ajustar...","og_url":"https:\/\/www.mundoagropecuario.cl\/new\/colun-gana-primer-capitulo-de-la-guerra-de-la-leche-tdlc-rechaza-solicitud-de-watts\/","og_site_name":"Mundoagropecuario","article_publisher":"https:\/\/www.facebook.com\/mundo.agropecuario.3","article_published_time":"2019-09-10T05:00:25+00:00","article_modified_time":"2019-09-12T13:41:39+00:00","og_image":[{"width":858,"height":600,"url":"https:\/\/www.mundoagropecuario.cl\/new\/wp-content\/uploads\/2019\/09\/WhatsApp-.jpg","type":"image\/jpeg"}],"author":"mundo","twitter_card":"summary_large_image","twitter_creator":"@MundoAgropecuar","twitter_site":"@MundoAgropecuar","twitter_misc":{"Escrito por":"mundo","Tiempo de lectura":"2 minutos"},"schema":{"@context":"https:\/\/schema.org","@graph":[{"@type":"Article","@id":"https:\/\/www.mundoagropecuario.cl\/new\/colun-gana-primer-capitulo-de-la-guerra-de-la-leche-tdlc-rechaza-solicitud-de-watts\/#article","isPartOf":{"@id":"https:\/\/www.mundoagropecuario.cl\/new\/colun-gana-primer-capitulo-de-la-guerra-de-la-leche-tdlc-rechaza-solicitud-de-watts\/"},"author":{"name":"mundo","@id":"https:\/\/www.mundoagropecuario.cl\/new\/#\/schema\/person\/4e9f74a82a7dac260eb1c44b7eebeb18"},"headline":"Colun gana primer cap\u00edtulo de la guerra de la leche: TDLC rechaza solicitud de Watt\u2019s","datePublished":"2019-09-10T05:00:25+00:00","dateModified":"2019-09-12T13:41:39+00:00","mainEntityOfPage":{"@id":"https:\/\/www.mundoagropecuario.cl\/new\/colun-gana-primer-capitulo-de-la-guerra-de-la-leche-tdlc-rechaza-solicitud-de-watts\/"},"wordCount":511,"publisher":{"@id":"https:\/\/www.mundoagropecuario.cl\/new\/#organization"},"image":{"@id":"https:\/\/www.mundoagropecuario.cl\/new\/colun-gana-primer-capitulo-de-la-guerra-de-la-leche-tdlc-rechaza-solicitud-de-watts\/#primaryimage"},"thumbnailUrl":"https:\/\/www.mundoagropecuario.cl\/new\/wp-content\/uploads\/2019\/09\/WhatsApp-.jpg","keywords":["Colun","guerra de la leche","L\u00e1teos","Quesos","TDLC","Watt"],"articleSection":["L\u00e1cteos"],"inLanguage":"es"},{"@type":"WebPage","@id":"https:\/\/www.mundoagropecuario.cl\/new\/colun-gana-primer-capitulo-de-la-guerra-de-la-leche-tdlc-rechaza-solicitud-de-watts\/","url":"https:\/\/www.mundoagropecuario.cl\/new\/colun-gana-primer-capitulo-de-la-guerra-de-la-leche-tdlc-rechaza-solicitud-de-watts\/","name":"Colun gana primer cap\u00edtulo de la guerra de la leche: TDLC rechaza solicitud de Watt\u2019s - Mundoagropecuario","isPartOf":{"@id":"https:\/\/www.mundoagropecuario.cl\/new\/#website"},"primaryImageOfPage":{"@id":"https:\/\/www.mundoagropecuario.cl\/new\/colun-gana-primer-capitulo-de-la-guerra-de-la-leche-tdlc-rechaza-solicitud-de-watts\/#primaryimage"},"image":{"@id":"https:\/\/www.mundoagropecuario.cl\/new\/colun-gana-primer-capitulo-de-la-guerra-de-la-leche-tdlc-rechaza-solicitud-de-watts\/#primaryimage"},"thumbnailUrl":"https:\/\/www.mundoagropecuario.cl\/new\/wp-content\/uploads\/2019\/09\/WhatsApp-.jpg","datePublished":"2019-09-10T05:00:25+00:00","dateModified":"2019-09-12T13:41:39+00:00","breadcrumb":{"@id":"https:\/\/www.mundoagropecuario.cl\/new\/colun-gana-primer-capitulo-de-la-guerra-de-la-leche-tdlc-rechaza-solicitud-de-watts\/#breadcrumb"},"inLanguage":"es","potentialAction":[{"@type":"ReadAction","target":["https:\/\/www.mundoagropecuario.cl\/new\/colun-gana-primer-capitulo-de-la-guerra-de-la-leche-tdlc-rechaza-solicitud-de-watts\/"]}]},{"@type":"ImageObject","inLanguage":"es","@id":"https:\/\/www.mundoagropecuario.cl\/new\/colun-gana-primer-capitulo-de-la-guerra-de-la-leche-tdlc-rechaza-solicitud-de-watts\/#primaryimage","url":"https:\/\/www.mundoagropecuario.cl\/new\/wp-content\/uploads\/2019\/09\/WhatsApp-.jpg","contentUrl":"https:\/\/www.mundoagropecuario.cl\/new\/wp-content\/uploads\/2019\/09\/WhatsApp-.jpg","width":572,"height":400},{"@type":"BreadcrumbList","@id":"https:\/\/www.mundoagropecuario.cl\/new\/colun-gana-primer-capitulo-de-la-guerra-de-la-leche-tdlc-rechaza-solicitud-de-watts\/#breadcrumb","itemListElement":[{"@type":"ListItem","position":1,"name":"Portada","item":"https:\/\/www.mundoagropecuario.cl\/new\/"},{"@type":"ListItem","position":2,"name":"Colun gana primer cap\u00edtulo de la guerra de la leche: TDLC rechaza solicitud de Watt\u2019s"}]},{"@type":"WebSite","@id":"https:\/\/www.mundoagropecuario.cl\/new\/#website","url":"https:\/\/www.mundoagropecuario.cl\/new\/","name":"Mundoagropecuario","description":"Mundo Agropecuario","publisher":{"@id":"https:\/\/www.mundoagropecuario.cl\/new\/#organization"},"potentialAction":[{"@type":"SearchAction","target":{"@type":"EntryPoint","urlTemplate":"https:\/\/www.mundoagropecuario.cl\/new\/?s={search_term_string}"},"query-input":{"@type":"PropertyValueSpecification","valueRequired":true,"valueName":"search_term_string"}}],"inLanguage":"es"},{"@type":"Organization","@id":"https:\/\/www.mundoagropecuario.cl\/new\/#organization","name":"Revista de Agricultura","url":"https:\/\/www.mundoagropecuario.cl\/new\/","logo":{"@type":"ImageObject","inLanguage":"es","@id":"https:\/\/www.mundoagropecuario.cl\/new\/#\/schema\/logo\/image\/","url":"https:\/\/www.mundoagropecuario.cl\/new\/wp-content\/uploads\/2020\/11\/PORTAL-1-1.png","contentUrl":"https:\/\/www.mundoagropecuario.cl\/new\/wp-content\/uploads\/2020\/11\/PORTAL-1-1.png","width":1026,"height":100,"caption":"Revista de Agricultura"},"image":{"@id":"https:\/\/www.mundoagropecuario.cl\/new\/#\/schema\/logo\/image\/"},"sameAs":["https:\/\/www.facebook.com\/mundo.agropecuario.3","https:\/\/x.com\/MundoAgropecuar","https:\/\/www.linkedin.com\/in\/mundo-agropecuario-934009201\/"]},{"@type":"Person","@id":"https:\/\/www.mundoagropecuario.cl\/new\/#\/schema\/person\/4e9f74a82a7dac260eb1c44b7eebeb18","name":"mundo","url":"https:\/\/www.mundoagropecuario.cl\/new\/author\/mundo\/"}]}},"_links":{"self":[{"href":"https:\/\/www.mundoagropecuario.cl\/new\/wp-json\/wp\/v2\/posts\/13825","targetHints":{"allow":["GET"]}}],"collection":[{"href":"https:\/\/www.mundoagropecuario.cl\/new\/wp-json\/wp\/v2\/posts"}],"about":[{"href":"https:\/\/www.mundoagropecuario.cl\/new\/wp-json\/wp\/v2\/types\/post"}],"author":[{"embeddable":true,"href":"https:\/\/www.mundoagropecuario.cl\/new\/wp-json\/wp\/v2\/users\/2"}],"replies":[{"embeddable":true,"href":"https:\/\/www.mundoagropecuario.cl\/new\/wp-json\/wp\/v2\/comments?post=13825"}],"version-history":[{"count":1,"href":"https:\/\/www.mundoagropecuario.cl\/new\/wp-json\/wp\/v2\/posts\/13825\/revisions"}],"predecessor-version":[{"id":13827,"href":"https:\/\/www.mundoagropecuario.cl\/new\/wp-json\/wp\/v2\/posts\/13825\/revisions\/13827"}],"wp:featuredmedia":[{"embeddable":true,"href":"https:\/\/www.mundoagropecuario.cl\/new\/wp-json\/wp\/v2\/media\/13826"}],"wp:attachment":[{"href":"https:\/\/www.mundoagropecuario.cl\/new\/wp-json\/wp\/v2\/media?parent=13825"}],"wp:term":[{"taxonomy":"category","embeddable":true,"href":"https:\/\/www.mundoagropecuario.cl\/new\/wp-json\/wp\/v2\/categories?post=13825"},{"taxonomy":"post_tag","embeddable":true,"href":"https:\/\/www.mundoagropecuario.cl\/new\/wp-json\/wp\/v2\/tags?post=13825"}],"curies":[{"name":"wp","href":"https:\/\/api.w.org\/{rel}","templated":true}]}}