{"id":13806,"date":"2019-09-10T02:00:45","date_gmt":"2019-09-10T05:00:45","guid":{"rendered":"http:\/\/www.mundoagropecuario.cl\/new\/?p=13806"},"modified":"2019-09-12T10:43:11","modified_gmt":"2019-09-12T13:43:11","slug":"gobierno-impulsa-ciclo-de-seminarios-hablemos-de-riego","status":"publish","type":"post","link":"https:\/\/www.mundoagropecuario.cl\/new\/gobierno-impulsa-ciclo-de-seminarios-hablemos-de-riego\/","title":{"rendered":"Gobierno impulsa ciclo de seminarios:  \u201cHablemos de Riego\u201d"},"content":{"rendered":"\n<ul class=\"wp-block-gallery columns-0 is-cropped wp-block-gallery-1 is-layout-flex wp-block-gallery-is-layout-flex\"><\/ul>\n\n\n\n<p class=\"has-medium-font-size\"><em>Seremi de Agricultura en la RM reuni\u00f3 a representantes de INIA, CNR e Indap para capacitar a los agricultores en torno al uso eficiente del recurso h\u00eddrico (Mundo Agropecuario).<\/em><\/p>\n\n\n\n<p>\u201cHablemos de Riego\u201d es el nombre del ciclo de seminarios que est\u00e1 organizando el Seremi de Agricultura, Jos\u00e9 Pedro Guilisasti, en diferentes comunas rurales de la regi\u00f3n Metropolitana (RM), para abordar los efectos que est\u00e1 generando el cambio clim\u00e1tico en la disponibilidad del recurso h\u00eddrico y capacitar a los agricultores en el correcto uso de \u00e9ste, a trav\u00e9s del aporte de los representantes, tanto del sector p\u00fablico como privado.<\/p>\n\n\n\n<p>Al respecto, la autoridad regional dijo que este tipo de actividades cobra vital importancia en una zona declarada bajo emergencia agr\u00edcola. \u201cInvitamos a todos los agricultores a capacitarse, porque si no lo hacemos, regamos mal y si no tenemos un riego tecnificado, no vamos a tener una agricultura m\u00e1s sustentable. Por eso, los llamamos a que revisen los diferentes programas de fomento que tiene el Ministerio de Agricultura, a trav\u00e9s del Instituto de Desarrollo Agropecuario (Indap) y la Comisi\u00f3n Nacional de Riego (CNR), para tecnificar los sistemas de riego de la regi\u00f3n Metropolitana\u201d. El Seremi Guilisasti tambi\u00e9n inform\u00f3 la pronta conformaci\u00f3n de&nbsp;&nbsp;&nbsp;mesas de trabajo sectoriales, para enfrentar \u201cunidos\u201d el cambio clim\u00e1tico.<\/p>\n\n\n\n<p>En el \u00faltimo seminario, desarrollado en Paine, se expusieron temas relacionados a la Direcci\u00f3n General de Aguas (DGA), instrumentos financieros del Banco Estado para la peque\u00f1a agricultura, c\u00f3mo postular a la Ley de Riego 18.450 y recarga de acu\u00edferos. Asimismo, el INIA present\u00f3 el tema evaluaci\u00f3n de sistemas de riego presurizado en predios de peque\u00f1os agricultores de la RM. Anteriormente, la capacitaci\u00f3n se realiz\u00f3 en Melipilla con un marco de p\u00fablico que super\u00f3 las 200 personas, entre canalistas, agricultores, acad\u00e9micos y autoridades. El pr\u00f3ximo encuentro se realizar\u00e1 en Til Til, una de las comunas m\u00e1s afectadas por la sequ\u00eda, en una fecha y lugar por determinar.<\/p>\n\n\n\n<p>Cabe destacar que los encuentros provinciales \u201cHablemos de Riego\u201d cuentan con la especial colaboraci\u00f3n del Instituto de Investigaciones Agropecuarias (INIA), cuyo director regional, Emilio Ruz, se\u00f1al\u00f3 que en forma paralela a las charlas dictadas por especialistas del INIA, se ejecutan otras iniciativas para fortalecer la agricultura en la Regi\u00f3n Metropolitana. Una de ellas es el proyecto apoyado por el Gobierno Regional \u201cTransferencia de capacitaci\u00f3n, dise\u00f1o, mantenci\u00f3n y evaluaci\u00f3n de sistemas de riego\u201d, que espera beneficiar a m\u00e1s de 100 familias en la RM. A esa iniciativa, se agrega el impulso al riego tecnificado y al mejoramiento de las t\u00e9cnicas de aprovechamiento de agua, que transfiere el equipo de extensionistas del Centro Regional de Investigaci\u00f3n INIA \u2013 La Platina.<\/p>\n\n\n\n<p>Para obtener mayor informaci\u00f3n, sobre los sistemas de riego tecnificado visite la biblioteca digital de INIA: www.biblioteca.inia.cl<\/p>\n","protected":false},"excerpt":{"rendered":"<p>Seremi de Agricultura en la RM reuni\u00f3 a representantes de INIA, CNR e Indap para capacitar a los agricultores en torno al uso eficiente del recurso h\u00eddrico (Mundo Agropecuario). \u201cHablemos&#8230;<\/p>\n","protected":false},"author":2,"featured_media":13808,"comment_status":"closed","ping_status":"closed","sticky":false,"template":"","format":"standard","meta":{"footnotes":""},"categories":[1945],"tags":[2090,2035,2448,4247,2148],"class_list":["post-13806","post","type-post","status-publish","format-standard","has-post-thumbnail","hentry","category-agricultura","tag-agricultura","tag-minagri","tag-ministro-walker","tag-seminario-hablemos-de-riego","tag-sequia"],"yoast_head":"<!-- This site is optimized with the Yoast SEO plugin v26.6 - https:\/\/yoast.com\/wordpress\/plugins\/seo\/ -->\n<title>Gobierno impulsa ciclo de seminarios: \u201cHablemos de Riego\u201d - Mundoagropecuario<\/title>\n<meta name=\"robots\" content=\"index, follow, max-snippet:-1, max-image-preview:large, max-video-preview:-1\" \/>\n<link rel=\"canonical\" href=\"https:\/\/www.mundoagropecuario.cl\/new\/gobierno-impulsa-ciclo-de-seminarios-hablemos-de-riego\/\" \/>\n<meta property=\"og:locale\" content=\"es_ES\" \/>\n<meta property=\"og:type\" content=\"article\" \/>\n<meta property=\"og:title\" content=\"Gobierno impulsa ciclo de seminarios: \u201cHablemos de Riego\u201d - Mundoagropecuario\" \/>\n<meta property=\"og:description\" content=\"Seremi de Agricultura en la RM reuni\u00f3 a representantes de INIA, CNR e Indap para capacitar a los agricultores en torno al uso eficiente del recurso h\u00eddrico (Mundo Agropecuario). \u201cHablemos...\" \/>\n<meta property=\"og:url\" content=\"https:\/\/www.mundoagropecuario.cl\/new\/gobierno-impulsa-ciclo-de-seminarios-hablemos-de-riego\/\" \/>\n<meta property=\"og:site_name\" content=\"Mundoagropecuario\" \/>\n<meta property=\"article:publisher\" content=\"https:\/\/www.facebook.com\/mundo.agropecuario.3\" \/>\n<meta property=\"article:published_time\" content=\"2019-09-10T05:00:45+00:00\" \/>\n<meta property=\"article:modified_time\" content=\"2019-09-12T13:43:11+00:00\" \/>\n<meta property=\"og:image\" content=\"https:\/\/www.mundoagropecuario.cl\/new\/wp-content\/uploads\/2019\/09\/Aqua-1.jpeg\" \/>\n\t<meta property=\"og:image:width\" content=\"988\" \/>\n\t<meta property=\"og:image:height\" content=\"530\" \/>\n\t<meta property=\"og:image:type\" content=\"image\/jpeg\" \/>\n<meta name=\"author\" content=\"mundo\" \/>\n<meta name=\"twitter:card\" content=\"summary_large_image\" \/>\n<meta name=\"twitter:creator\" content=\"@MundoAgropecuar\" \/>\n<meta name=\"twitter:site\" content=\"@MundoAgropecuar\" \/>\n<meta name=\"twitter:label1\" content=\"Escrito por\" \/>\n\t<meta name=\"twitter:data1\" content=\"mundo\" \/>\n\t<meta name=\"twitter:label2\" content=\"Tiempo de lectura\" \/>\n\t<meta name=\"twitter:data2\" content=\"2 minutos\" \/>\n<script type=\"application\/ld+json\" class=\"yoast-schema-graph\">{\"@context\":\"https:\/\/schema.org\",\"@graph\":[{\"@type\":\"Article\",\"@id\":\"https:\/\/www.mundoagropecuario.cl\/new\/gobierno-impulsa-ciclo-de-seminarios-hablemos-de-riego\/#article\",\"isPartOf\":{\"@id\":\"https:\/\/www.mundoagropecuario.cl\/new\/gobierno-impulsa-ciclo-de-seminarios-hablemos-de-riego\/\"},\"author\":{\"name\":\"mundo\",\"@id\":\"https:\/\/www.mundoagropecuario.cl\/new\/#\/schema\/person\/4e9f74a82a7dac260eb1c44b7eebeb18\"},\"headline\":\"Gobierno impulsa ciclo de seminarios: \u201cHablemos de Riego\u201d\",\"datePublished\":\"2019-09-10T05:00:45+00:00\",\"dateModified\":\"2019-09-12T13:43:11+00:00\",\"mainEntityOfPage\":{\"@id\":\"https:\/\/www.mundoagropecuario.cl\/new\/gobierno-impulsa-ciclo-de-seminarios-hablemos-de-riego\/\"},\"wordCount\":498,\"publisher\":{\"@id\":\"https:\/\/www.mundoagropecuario.cl\/new\/#organization\"},\"image\":{\"@id\":\"https:\/\/www.mundoagropecuario.cl\/new\/gobierno-impulsa-ciclo-de-seminarios-hablemos-de-riego\/#primaryimage\"},\"thumbnailUrl\":\"https:\/\/www.mundoagropecuario.cl\/new\/wp-content\/uploads\/2019\/09\/Aqua-1.jpeg\",\"keywords\":[\"Agricultura\",\"Minagri\",\"Ministro Walker\",\"Seminario Hablemos de Riego\",\"Sequ\u00eda\"],\"articleSection\":[\"Agricultura\"],\"inLanguage\":\"es\"},{\"@type\":\"WebPage\",\"@id\":\"https:\/\/www.mundoagropecuario.cl\/new\/gobierno-impulsa-ciclo-de-seminarios-hablemos-de-riego\/\",\"url\":\"https:\/\/www.mundoagropecuario.cl\/new\/gobierno-impulsa-ciclo-de-seminarios-hablemos-de-riego\/\",\"name\":\"Gobierno impulsa ciclo de seminarios: \u201cHablemos de Riego\u201d - Mundoagropecuario\",\"isPartOf\":{\"@id\":\"https:\/\/www.mundoagropecuario.cl\/new\/#website\"},\"primaryImageOfPage\":{\"@id\":\"https:\/\/www.mundoagropecuario.cl\/new\/gobierno-impulsa-ciclo-de-seminarios-hablemos-de-riego\/#primaryimage\"},\"image\":{\"@id\":\"https:\/\/www.mundoagropecuario.cl\/new\/gobierno-impulsa-ciclo-de-seminarios-hablemos-de-riego\/#primaryimage\"},\"thumbnailUrl\":\"https:\/\/www.mundoagropecuario.cl\/new\/wp-content\/uploads\/2019\/09\/Aqua-1.jpeg\",\"datePublished\":\"2019-09-10T05:00:45+00:00\",\"dateModified\":\"2019-09-12T13:43:11+00:00\",\"breadcrumb\":{\"@id\":\"https:\/\/www.mundoagropecuario.cl\/new\/gobierno-impulsa-ciclo-de-seminarios-hablemos-de-riego\/#breadcrumb\"},\"inLanguage\":\"es\",\"potentialAction\":[{\"@type\":\"ReadAction\",\"target\":[\"https:\/\/www.mundoagropecuario.cl\/new\/gobierno-impulsa-ciclo-de-seminarios-hablemos-de-riego\/\"]}]},{\"@type\":\"ImageObject\",\"inLanguage\":\"es\",\"@id\":\"https:\/\/www.mundoagropecuario.cl\/new\/gobierno-impulsa-ciclo-de-seminarios-hablemos-de-riego\/#primaryimage\",\"url\":\"https:\/\/www.mundoagropecuario.cl\/new\/wp-content\/uploads\/2019\/09\/Aqua-1.jpeg\",\"contentUrl\":\"https:\/\/www.mundoagropecuario.cl\/new\/wp-content\/uploads\/2019\/09\/Aqua-1.jpeg\",\"width\":720,\"height\":386},{\"@type\":\"BreadcrumbList\",\"@id\":\"https:\/\/www.mundoagropecuario.cl\/new\/gobierno-impulsa-ciclo-de-seminarios-hablemos-de-riego\/#breadcrumb\",\"itemListElement\":[{\"@type\":\"ListItem\",\"position\":1,\"name\":\"Portada\",\"item\":\"https:\/\/www.mundoagropecuario.cl\/new\/\"},{\"@type\":\"ListItem\",\"position\":2,\"name\":\"Gobierno impulsa ciclo de seminarios: \u201cHablemos de Riego\u201d\"}]},{\"@type\":\"WebSite\",\"@id\":\"https:\/\/www.mundoagropecuario.cl\/new\/#website\",\"url\":\"https:\/\/www.mundoagropecuario.cl\/new\/\",\"name\":\"Mundoagropecuario\",\"description\":\"Mundo Agropecuario\",\"publisher\":{\"@id\":\"https:\/\/www.mundoagropecuario.cl\/new\/#organization\"},\"potentialAction\":[{\"@type\":\"SearchAction\",\"target\":{\"@type\":\"EntryPoint\",\"urlTemplate\":\"https:\/\/www.mundoagropecuario.cl\/new\/?s={search_term_string}\"},\"query-input\":{\"@type\":\"PropertyValueSpecification\",\"valueRequired\":true,\"valueName\":\"search_term_string\"}}],\"inLanguage\":\"es\"},{\"@type\":\"Organization\",\"@id\":\"https:\/\/www.mundoagropecuario.cl\/new\/#organization\",\"name\":\"Revista de Agricultura\",\"url\":\"https:\/\/www.mundoagropecuario.cl\/new\/\",\"logo\":{\"@type\":\"ImageObject\",\"inLanguage\":\"es\",\"@id\":\"https:\/\/www.mundoagropecuario.cl\/new\/#\/schema\/logo\/image\/\",\"url\":\"https:\/\/www.mundoagropecuario.cl\/new\/wp-content\/uploads\/2020\/11\/PORTAL-1-1.png\",\"contentUrl\":\"https:\/\/www.mundoagropecuario.cl\/new\/wp-content\/uploads\/2020\/11\/PORTAL-1-1.png\",\"width\":1026,\"height\":100,\"caption\":\"Revista de Agricultura\"},\"image\":{\"@id\":\"https:\/\/www.mundoagropecuario.cl\/new\/#\/schema\/logo\/image\/\"},\"sameAs\":[\"https:\/\/www.facebook.com\/mundo.agropecuario.3\",\"https:\/\/x.com\/MundoAgropecuar\",\"https:\/\/www.linkedin.com\/in\/mundo-agropecuario-934009201\/\"]},{\"@type\":\"Person\",\"@id\":\"https:\/\/www.mundoagropecuario.cl\/new\/#\/schema\/person\/4e9f74a82a7dac260eb1c44b7eebeb18\",\"name\":\"mundo\",\"url\":\"https:\/\/www.mundoagropecuario.cl\/new\/author\/mundo\/\"}]}<\/script>\n<!-- \/ Yoast SEO plugin. -->","yoast_head_json":{"title":"Gobierno impulsa ciclo de seminarios: \u201cHablemos de Riego\u201d - Mundoagropecuario","robots":{"index":"index","follow":"follow","max-snippet":"max-snippet:-1","max-image-preview":"max-image-preview:large","max-video-preview":"max-video-preview:-1"},"canonical":"https:\/\/www.mundoagropecuario.cl\/new\/gobierno-impulsa-ciclo-de-seminarios-hablemos-de-riego\/","og_locale":"es_ES","og_type":"article","og_title":"Gobierno impulsa ciclo de seminarios: \u201cHablemos de Riego\u201d - Mundoagropecuario","og_description":"Seremi de Agricultura en la RM reuni\u00f3 a representantes de INIA, CNR e Indap para capacitar a los agricultores en torno al uso eficiente del recurso h\u00eddrico (Mundo Agropecuario). \u201cHablemos...","og_url":"https:\/\/www.mundoagropecuario.cl\/new\/gobierno-impulsa-ciclo-de-seminarios-hablemos-de-riego\/","og_site_name":"Mundoagropecuario","article_publisher":"https:\/\/www.facebook.com\/mundo.agropecuario.3","article_published_time":"2019-09-10T05:00:45+00:00","article_modified_time":"2019-09-12T13:43:11+00:00","og_image":[{"width":988,"height":530,"url":"https:\/\/www.mundoagropecuario.cl\/new\/wp-content\/uploads\/2019\/09\/Aqua-1.jpeg","type":"image\/jpeg"}],"author":"mundo","twitter_card":"summary_large_image","twitter_creator":"@MundoAgropecuar","twitter_site":"@MundoAgropecuar","twitter_misc":{"Escrito por":"mundo","Tiempo de lectura":"2 minutos"},"schema":{"@context":"https:\/\/schema.org","@graph":[{"@type":"Article","@id":"https:\/\/www.mundoagropecuario.cl\/new\/gobierno-impulsa-ciclo-de-seminarios-hablemos-de-riego\/#article","isPartOf":{"@id":"https:\/\/www.mundoagropecuario.cl\/new\/gobierno-impulsa-ciclo-de-seminarios-hablemos-de-riego\/"},"author":{"name":"mundo","@id":"https:\/\/www.mundoagropecuario.cl\/new\/#\/schema\/person\/4e9f74a82a7dac260eb1c44b7eebeb18"},"headline":"Gobierno impulsa ciclo de seminarios: \u201cHablemos de Riego\u201d","datePublished":"2019-09-10T05:00:45+00:00","dateModified":"2019-09-12T13:43:11+00:00","mainEntityOfPage":{"@id":"https:\/\/www.mundoagropecuario.cl\/new\/gobierno-impulsa-ciclo-de-seminarios-hablemos-de-riego\/"},"wordCount":498,"publisher":{"@id":"https:\/\/www.mundoagropecuario.cl\/new\/#organization"},"image":{"@id":"https:\/\/www.mundoagropecuario.cl\/new\/gobierno-impulsa-ciclo-de-seminarios-hablemos-de-riego\/#primaryimage"},"thumbnailUrl":"https:\/\/www.mundoagropecuario.cl\/new\/wp-content\/uploads\/2019\/09\/Aqua-1.jpeg","keywords":["Agricultura","Minagri","Ministro Walker","Seminario Hablemos de Riego","Sequ\u00eda"],"articleSection":["Agricultura"],"inLanguage":"es"},{"@type":"WebPage","@id":"https:\/\/www.mundoagropecuario.cl\/new\/gobierno-impulsa-ciclo-de-seminarios-hablemos-de-riego\/","url":"https:\/\/www.mundoagropecuario.cl\/new\/gobierno-impulsa-ciclo-de-seminarios-hablemos-de-riego\/","name":"Gobierno impulsa ciclo de seminarios: \u201cHablemos de Riego\u201d - Mundoagropecuario","isPartOf":{"@id":"https:\/\/www.mundoagropecuario.cl\/new\/#website"},"primaryImageOfPage":{"@id":"https:\/\/www.mundoagropecuario.cl\/new\/gobierno-impulsa-ciclo-de-seminarios-hablemos-de-riego\/#primaryimage"},"image":{"@id":"https:\/\/www.mundoagropecuario.cl\/new\/gobierno-impulsa-ciclo-de-seminarios-hablemos-de-riego\/#primaryimage"},"thumbnailUrl":"https:\/\/www.mundoagropecuario.cl\/new\/wp-content\/uploads\/2019\/09\/Aqua-1.jpeg","datePublished":"2019-09-10T05:00:45+00:00","dateModified":"2019-09-12T13:43:11+00:00","breadcrumb":{"@id":"https:\/\/www.mundoagropecuario.cl\/new\/gobierno-impulsa-ciclo-de-seminarios-hablemos-de-riego\/#breadcrumb"},"inLanguage":"es","potentialAction":[{"@type":"ReadAction","target":["https:\/\/www.mundoagropecuario.cl\/new\/gobierno-impulsa-ciclo-de-seminarios-hablemos-de-riego\/"]}]},{"@type":"ImageObject","inLanguage":"es","@id":"https:\/\/www.mundoagropecuario.cl\/new\/gobierno-impulsa-ciclo-de-seminarios-hablemos-de-riego\/#primaryimage","url":"https:\/\/www.mundoagropecuario.cl\/new\/wp-content\/uploads\/2019\/09\/Aqua-1.jpeg","contentUrl":"https:\/\/www.mundoagropecuario.cl\/new\/wp-content\/uploads\/2019\/09\/Aqua-1.jpeg","width":720,"height":386},{"@type":"BreadcrumbList","@id":"https:\/\/www.mundoagropecuario.cl\/new\/gobierno-impulsa-ciclo-de-seminarios-hablemos-de-riego\/#breadcrumb","itemListElement":[{"@type":"ListItem","position":1,"name":"Portada","item":"https:\/\/www.mundoagropecuario.cl\/new\/"},{"@type":"ListItem","position":2,"name":"Gobierno impulsa ciclo de seminarios: \u201cHablemos de Riego\u201d"}]},{"@type":"WebSite","@id":"https:\/\/www.mundoagropecuario.cl\/new\/#website","url":"https:\/\/www.mundoagropecuario.cl\/new\/","name":"Mundoagropecuario","description":"Mundo Agropecuario","publisher":{"@id":"https:\/\/www.mundoagropecuario.cl\/new\/#organization"},"potentialAction":[{"@type":"SearchAction","target":{"@type":"EntryPoint","urlTemplate":"https:\/\/www.mundoagropecuario.cl\/new\/?s={search_term_string}"},"query-input":{"@type":"PropertyValueSpecification","valueRequired":true,"valueName":"search_term_string"}}],"inLanguage":"es"},{"@type":"Organization","@id":"https:\/\/www.mundoagropecuario.cl\/new\/#organization","name":"Revista de Agricultura","url":"https:\/\/www.mundoagropecuario.cl\/new\/","logo":{"@type":"ImageObject","inLanguage":"es","@id":"https:\/\/www.mundoagropecuario.cl\/new\/#\/schema\/logo\/image\/","url":"https:\/\/www.mundoagropecuario.cl\/new\/wp-content\/uploads\/2020\/11\/PORTAL-1-1.png","contentUrl":"https:\/\/www.mundoagropecuario.cl\/new\/wp-content\/uploads\/2020\/11\/PORTAL-1-1.png","width":1026,"height":100,"caption":"Revista de Agricultura"},"image":{"@id":"https:\/\/www.mundoagropecuario.cl\/new\/#\/schema\/logo\/image\/"},"sameAs":["https:\/\/www.facebook.com\/mundo.agropecuario.3","https:\/\/x.com\/MundoAgropecuar","https:\/\/www.linkedin.com\/in\/mundo-agropecuario-934009201\/"]},{"@type":"Person","@id":"https:\/\/www.mundoagropecuario.cl\/new\/#\/schema\/person\/4e9f74a82a7dac260eb1c44b7eebeb18","name":"mundo","url":"https:\/\/www.mundoagropecuario.cl\/new\/author\/mundo\/"}]}},"_links":{"self":[{"href":"https:\/\/www.mundoagropecuario.cl\/new\/wp-json\/wp\/v2\/posts\/13806","targetHints":{"allow":["GET"]}}],"collection":[{"href":"https:\/\/www.mundoagropecuario.cl\/new\/wp-json\/wp\/v2\/posts"}],"about":[{"href":"https:\/\/www.mundoagropecuario.cl\/new\/wp-json\/wp\/v2\/types\/post"}],"author":[{"embeddable":true,"href":"https:\/\/www.mundoagropecuario.cl\/new\/wp-json\/wp\/v2\/users\/2"}],"replies":[{"embeddable":true,"href":"https:\/\/www.mundoagropecuario.cl\/new\/wp-json\/wp\/v2\/comments?post=13806"}],"version-history":[{"count":1,"href":"https:\/\/www.mundoagropecuario.cl\/new\/wp-json\/wp\/v2\/posts\/13806\/revisions"}],"predecessor-version":[{"id":13809,"href":"https:\/\/www.mundoagropecuario.cl\/new\/wp-json\/wp\/v2\/posts\/13806\/revisions\/13809"}],"wp:featuredmedia":[{"embeddable":true,"href":"https:\/\/www.mundoagropecuario.cl\/new\/wp-json\/wp\/v2\/media\/13808"}],"wp:attachment":[{"href":"https:\/\/www.mundoagropecuario.cl\/new\/wp-json\/wp\/v2\/media?parent=13806"}],"wp:term":[{"taxonomy":"category","embeddable":true,"href":"https:\/\/www.mundoagropecuario.cl\/new\/wp-json\/wp\/v2\/categories?post=13806"},{"taxonomy":"post_tag","embeddable":true,"href":"https:\/\/www.mundoagropecuario.cl\/new\/wp-json\/wp\/v2\/tags?post=13806"}],"curies":[{"name":"wp","href":"https:\/\/api.w.org\/{rel}","templated":true}]}}