{"id":13724,"date":"2019-09-05T02:00:56","date_gmt":"2019-09-05T05:00:56","guid":{"rendered":"http:\/\/www.mundoagropecuario.cl\/new\/?p=13724"},"modified":"2019-09-05T11:17:58","modified_gmt":"2019-09-05T14:17:58","slug":"pequenos-ganaderos-de-san-pedro-provincia-de-melipilla-recibieron-forraje-para-animales","status":"publish","type":"post","link":"https:\/\/www.mundoagropecuario.cl\/new\/pequenos-ganaderos-de-san-pedro-provincia-de-melipilla-recibieron-forraje-para-animales\/","title":{"rendered":"Peque\u00f1os ganaderos de San Pedro, provincia de Melipilla recibieron forraje para animales"},"content":{"rendered":"\n<ul class=\"wp-block-gallery columns-0 is-cropped wp-block-gallery-1 is-layout-flex wp-block-gallery-is-layout-flex\"><\/ul>\n\n\n\n<p class=\"has-medium-font-size\"><em>145 peque\u00f1os agricultores de San Pedro, de la provincia de Melipilla en la regi\u00f3n metropolitana, dedicados a la crianza de ganado ovino y bovino, recibieron ayuda por parte de Indap para enfrentar la falta de forraje y alimentaci\u00f3n que enfrentan (Mundo Agropecuario).<\/em><\/p>\n\n\n\n<p>Hasta 20 fardos de pasto para alimentar al ganado bovino y ovino recibieron peque\u00f1os agricultores usuarios de INDAP que durante la jornada del lunes llegaron hasta la Medialuna del sector La Manga en la comuna de San Pedro. El grupo fue beneficiado con esta ayuda que les permitir\u00e1 enfrentar la falta de forraje que, entre otros inconvenientes provoca la escasez h\u00eddrica que afecta a parte importante del territorio nacional.<\/p>\n\n\n\n<div class=\"wp-block-image\"><figure class=\"alignleft is-resized\"><img loading=\"lazy\" decoding=\"async\" src=\"https:\/\/www.mundoagropecuario.cl\/new\/wp-content\/uploads\/2019\/09\/48668717367_278e1a2da1_o-1.jpg\" alt=\"\" class=\"wp-image-13716\" width=\"393\" height=\"261\" srcset=\"https:\/\/www.mundoagropecuario.cl\/new\/wp-content\/uploads\/2019\/09\/48668717367_278e1a2da1_o-1.jpg 600w, https:\/\/www.mundoagropecuario.cl\/new\/wp-content\/uploads\/2019\/09\/48668717367_278e1a2da1_o-1-586x391.jpg 586w, https:\/\/www.mundoagropecuario.cl\/new\/wp-content\/uploads\/2019\/09\/48668717367_278e1a2da1_o-1-768x512.jpg 768w\" sizes=\"auto, (max-width: 393px) 100vw, 393px\" \/><\/figure><\/div>\n\n\n\n<p>La entrega de forraje benefici\u00f3 directamente a 145 peque\u00f1os ganaderos de esta comuna de la provincia de Melipilla dedicados a la crianza de ganado bovino y ovino, afectados por el fen\u00f3meno de megasequ\u00eda presente en varias regiones del pa\u00eds. Esta acci\u00f3n es una de las primeras medidas implementadas luego de que se declarara zona de emergencia agr\u00edcola en 17 comunas de la regi\u00f3n Metropolitana el pasado 21 de agosto, ocasi\u00f3n en la que el ministerio de Agricultura anunci\u00f3 recursos extras por $733 millones para ir en ayuda de los peque\u00f1os productores agr\u00edcolas.<\/p>\n\n\n\n<p>La actividad en la que se entregaron cinco camiones de forraje por un monto que bordea los $24 millones, fue encabezada por el subdirector nacional de INDAP, Luis Bravo y por el Seremi Metropolitano de Agricultura, Jos\u00e9 Pedro Guilisasti; estuvieron acompa\u00f1ados por el director regional de INDAP, Onofre Sotomayor; el gobernador de la provincia de Melipilla, Javier Ram\u00edrez; el alcalde de San Pedro, Manuel Devia. Tambi\u00e9n participaron de esta entrega funcionarios de la agencia de \u00e1rea Melipilla de INDAP y del Programa de Desarrollo Local (Prodesal) que ejecutan conjuntamente el municipio y este servicio del agro.<\/p>\n\n\n\n<p>En la ocasi\u00f3n, el subdirector nacional de INDAP destac\u00f3 la importancia que para este servicio representa el estar junto a los peque\u00f1os productores afectados. \u201cEstamos conscientes de la situaci\u00f3n cr\u00edtica que est\u00e1 viviendo Chile. Pero, aqu\u00ed est\u00e1 INDAP apoyando, junto al Gobierno regional, con un plan de ayuda para mitigar en alguna medida el impacto de la sequ\u00eda. Nuestro compromiso es estar con ustedes, entregarles el apoyo que necesiten. Estamos contentos de poder hacer esto\u201d.<\/p>\n\n\n\n<div class=\"wp-block-image\"><figure class=\"alignright is-resized\"><img loading=\"lazy\" decoding=\"async\" src=\"https:\/\/www.mundoagropecuario.cl\/new\/wp-content\/uploads\/2019\/09\/48668718887_ebfdd24559_o-1024x683.jpg\" alt=\"\" class=\"wp-image-13725\" width=\"431\" height=\"287\" srcset=\"https:\/\/www.mundoagropecuario.cl\/new\/wp-content\/uploads\/2019\/09\/48668718887_ebfdd24559_o-1024x683.jpg 1024w, https:\/\/www.mundoagropecuario.cl\/new\/wp-content\/uploads\/2019\/09\/48668718887_ebfdd24559_o-586x391.jpg 586w, https:\/\/www.mundoagropecuario.cl\/new\/wp-content\/uploads\/2019\/09\/48668718887_ebfdd24559_o-768x512.jpg 768w, https:\/\/www.mundoagropecuario.cl\/new\/wp-content\/uploads\/2019\/09\/48668718887_ebfdd24559_o.jpg 600w\" sizes=\"auto, (max-width: 431px) 100vw, 431px\" \/><\/figure><\/div>\n\n\n\n<p>El director regional de INDAP, Onofre Sotomayor enfatiz\u00f3 que San Pedro es una de las comunas m\u00e1s devastada por la sequ\u00eda. Destac\u00f3 que la ayuda destinada para los peque\u00f1os agricultores corresponde a recursos de INDAP y del Gobierno Regional e invit\u00f3 a los usuarios a acercarse a la agencia de \u00e1rea. \u201cEl jefe de la unidad y los ejecutivos est\u00e1n en terreno y son el conducto para saber lo que est\u00e1 pasando en los predios. A trav\u00e9s de ellos deben canalizar sus inquietudes\u201d, se\u00f1al\u00f3.<\/p>\n\n\n\n<p>Adriana Alvarado es usuaria de INDAP, vive en el sector de Corneche de San Pedro y su rubro principal es la ganader\u00eda, llegando a tener cerca de 200 ovejas y 60 cabezas de bovinos. Relata que tanto el forraje natural como las praderas suplementarias se han visto afectados en su crecimiento producto de la falta de agua. \u201cCon esta ayuda vamos a tener como alimentarlos por un tiempo m\u00e1s; todo sirve la verdad\u201d, comenta a prop\u00f3sito de los 19 fardos que recibi\u00f3 en esta entrega.<\/p>\n","protected":false},"excerpt":{"rendered":"<p>145 peque\u00f1os agricultores de San Pedro, de la provincia de Melipilla en la regi\u00f3n metropolitana, dedicados a la crianza de ganado ovino y bovino, recibieron ayuda por parte de Indap&#8230;<\/p>\n","protected":false},"author":2,"featured_media":13725,"comment_status":"closed","ping_status":"closed","sticky":false,"template":"","format":"standard","meta":{"footnotes":""},"categories":[1945],"tags":[2090,3127,4229,2699,1992],"class_list":["post-13724","post","type-post","status-publish","format-standard","has-post-thumbnail","hentry","category-agricultura","tag-agricultura","tag-agro","tag-agrp","tag-forraje","tag-indap"],"yoast_head":"<!-- This site is optimized with the Yoast SEO plugin v26.6 - https:\/\/yoast.com\/wordpress\/plugins\/seo\/ -->\n<title>Peque\u00f1os ganaderos de San Pedro, provincia de Melipilla recibieron forraje para animales - Mundoagropecuario<\/title>\n<meta name=\"robots\" content=\"index, follow, max-snippet:-1, max-image-preview:large, max-video-preview:-1\" \/>\n<link rel=\"canonical\" href=\"https:\/\/www.mundoagropecuario.cl\/new\/pequenos-ganaderos-de-san-pedro-provincia-de-melipilla-recibieron-forraje-para-animales\/\" \/>\n<meta property=\"og:locale\" content=\"es_ES\" \/>\n<meta property=\"og:type\" content=\"article\" \/>\n<meta property=\"og:title\" content=\"Peque\u00f1os ganaderos de San Pedro, provincia de Melipilla recibieron forraje para animales - Mundoagropecuario\" \/>\n<meta property=\"og:description\" content=\"145 peque\u00f1os agricultores de San Pedro, de la provincia de Melipilla en la regi\u00f3n metropolitana, dedicados a la crianza de ganado ovino y bovino, recibieron ayuda por parte de Indap...\" \/>\n<meta property=\"og:url\" content=\"https:\/\/www.mundoagropecuario.cl\/new\/pequenos-ganaderos-de-san-pedro-provincia-de-melipilla-recibieron-forraje-para-animales\/\" \/>\n<meta property=\"og:site_name\" content=\"Mundoagropecuario\" \/>\n<meta property=\"article:publisher\" content=\"https:\/\/www.facebook.com\/mundo.agropecuario.3\" \/>\n<meta property=\"article:published_time\" content=\"2019-09-05T05:00:56+00:00\" \/>\n<meta property=\"article:modified_time\" content=\"2019-09-05T14:17:58+00:00\" \/>\n<meta property=\"og:image\" content=\"https:\/\/www.mundoagropecuario.cl\/new\/wp-content\/uploads\/2019\/09\/48668718887_ebfdd24559_o.jpg\" \/>\n\t<meta property=\"og:image:width\" content=\"1024\" \/>\n\t<meta property=\"og:image:height\" content=\"683\" \/>\n\t<meta property=\"og:image:type\" content=\"image\/jpeg\" \/>\n<meta name=\"author\" content=\"mundo\" \/>\n<meta name=\"twitter:card\" content=\"summary_large_image\" \/>\n<meta name=\"twitter:creator\" content=\"@MundoAgropecuar\" \/>\n<meta name=\"twitter:site\" content=\"@MundoAgropecuar\" \/>\n<meta name=\"twitter:label1\" content=\"Escrito por\" \/>\n\t<meta name=\"twitter:data1\" content=\"mundo\" \/>\n\t<meta name=\"twitter:label2\" content=\"Tiempo de lectura\" \/>\n\t<meta name=\"twitter:data2\" content=\"3 minutos\" \/>\n<script type=\"application\/ld+json\" class=\"yoast-schema-graph\">{\"@context\":\"https:\/\/schema.org\",\"@graph\":[{\"@type\":\"Article\",\"@id\":\"https:\/\/www.mundoagropecuario.cl\/new\/pequenos-ganaderos-de-san-pedro-provincia-de-melipilla-recibieron-forraje-para-animales\/#article\",\"isPartOf\":{\"@id\":\"https:\/\/www.mundoagropecuario.cl\/new\/pequenos-ganaderos-de-san-pedro-provincia-de-melipilla-recibieron-forraje-para-animales\/\"},\"author\":{\"name\":\"mundo\",\"@id\":\"https:\/\/www.mundoagropecuario.cl\/new\/#\/schema\/person\/4e9f74a82a7dac260eb1c44b7eebeb18\"},\"headline\":\"Peque\u00f1os ganaderos de San Pedro, provincia de Melipilla recibieron forraje para animales\",\"datePublished\":\"2019-09-05T05:00:56+00:00\",\"dateModified\":\"2019-09-05T14:17:58+00:00\",\"mainEntityOfPage\":{\"@id\":\"https:\/\/www.mundoagropecuario.cl\/new\/pequenos-ganaderos-de-san-pedro-provincia-de-melipilla-recibieron-forraje-para-animales\/\"},\"wordCount\":578,\"publisher\":{\"@id\":\"https:\/\/www.mundoagropecuario.cl\/new\/#organization\"},\"image\":{\"@id\":\"https:\/\/www.mundoagropecuario.cl\/new\/pequenos-ganaderos-de-san-pedro-provincia-de-melipilla-recibieron-forraje-para-animales\/#primaryimage\"},\"thumbnailUrl\":\"https:\/\/www.mundoagropecuario.cl\/new\/wp-content\/uploads\/2019\/09\/48668718887_ebfdd24559_o.jpg\",\"keywords\":[\"Agricultura\",\"Agro\",\"Agrp\",\"forraje\",\"Indap\"],\"articleSection\":[\"Agricultura\"],\"inLanguage\":\"es\"},{\"@type\":\"WebPage\",\"@id\":\"https:\/\/www.mundoagropecuario.cl\/new\/pequenos-ganaderos-de-san-pedro-provincia-de-melipilla-recibieron-forraje-para-animales\/\",\"url\":\"https:\/\/www.mundoagropecuario.cl\/new\/pequenos-ganaderos-de-san-pedro-provincia-de-melipilla-recibieron-forraje-para-animales\/\",\"name\":\"Peque\u00f1os ganaderos de San Pedro, provincia de Melipilla recibieron forraje para animales - Mundoagropecuario\",\"isPartOf\":{\"@id\":\"https:\/\/www.mundoagropecuario.cl\/new\/#website\"},\"primaryImageOfPage\":{\"@id\":\"https:\/\/www.mundoagropecuario.cl\/new\/pequenos-ganaderos-de-san-pedro-provincia-de-melipilla-recibieron-forraje-para-animales\/#primaryimage\"},\"image\":{\"@id\":\"https:\/\/www.mundoagropecuario.cl\/new\/pequenos-ganaderos-de-san-pedro-provincia-de-melipilla-recibieron-forraje-para-animales\/#primaryimage\"},\"thumbnailUrl\":\"https:\/\/www.mundoagropecuario.cl\/new\/wp-content\/uploads\/2019\/09\/48668718887_ebfdd24559_o.jpg\",\"datePublished\":\"2019-09-05T05:00:56+00:00\",\"dateModified\":\"2019-09-05T14:17:58+00:00\",\"breadcrumb\":{\"@id\":\"https:\/\/www.mundoagropecuario.cl\/new\/pequenos-ganaderos-de-san-pedro-provincia-de-melipilla-recibieron-forraje-para-animales\/#breadcrumb\"},\"inLanguage\":\"es\",\"potentialAction\":[{\"@type\":\"ReadAction\",\"target\":[\"https:\/\/www.mundoagropecuario.cl\/new\/pequenos-ganaderos-de-san-pedro-provincia-de-melipilla-recibieron-forraje-para-animales\/\"]}]},{\"@type\":\"ImageObject\",\"inLanguage\":\"es\",\"@id\":\"https:\/\/www.mundoagropecuario.cl\/new\/pequenos-ganaderos-de-san-pedro-provincia-de-melipilla-recibieron-forraje-para-animales\/#primaryimage\",\"url\":\"https:\/\/www.mundoagropecuario.cl\/new\/wp-content\/uploads\/2019\/09\/48668718887_ebfdd24559_o.jpg\",\"contentUrl\":\"https:\/\/www.mundoagropecuario.cl\/new\/wp-content\/uploads\/2019\/09\/48668718887_ebfdd24559_o.jpg\",\"width\":600,\"height\":400},{\"@type\":\"BreadcrumbList\",\"@id\":\"https:\/\/www.mundoagropecuario.cl\/new\/pequenos-ganaderos-de-san-pedro-provincia-de-melipilla-recibieron-forraje-para-animales\/#breadcrumb\",\"itemListElement\":[{\"@type\":\"ListItem\",\"position\":1,\"name\":\"Portada\",\"item\":\"https:\/\/www.mundoagropecuario.cl\/new\/\"},{\"@type\":\"ListItem\",\"position\":2,\"name\":\"Peque\u00f1os ganaderos de San Pedro, provincia de Melipilla recibieron forraje para animales\"}]},{\"@type\":\"WebSite\",\"@id\":\"https:\/\/www.mundoagropecuario.cl\/new\/#website\",\"url\":\"https:\/\/www.mundoagropecuario.cl\/new\/\",\"name\":\"Mundoagropecuario\",\"description\":\"Mundo Agropecuario\",\"publisher\":{\"@id\":\"https:\/\/www.mundoagropecuario.cl\/new\/#organization\"},\"potentialAction\":[{\"@type\":\"SearchAction\",\"target\":{\"@type\":\"EntryPoint\",\"urlTemplate\":\"https:\/\/www.mundoagropecuario.cl\/new\/?s={search_term_string}\"},\"query-input\":{\"@type\":\"PropertyValueSpecification\",\"valueRequired\":true,\"valueName\":\"search_term_string\"}}],\"inLanguage\":\"es\"},{\"@type\":\"Organization\",\"@id\":\"https:\/\/www.mundoagropecuario.cl\/new\/#organization\",\"name\":\"Revista de Agricultura\",\"url\":\"https:\/\/www.mundoagropecuario.cl\/new\/\",\"logo\":{\"@type\":\"ImageObject\",\"inLanguage\":\"es\",\"@id\":\"https:\/\/www.mundoagropecuario.cl\/new\/#\/schema\/logo\/image\/\",\"url\":\"https:\/\/www.mundoagropecuario.cl\/new\/wp-content\/uploads\/2020\/11\/PORTAL-1-1.png\",\"contentUrl\":\"https:\/\/www.mundoagropecuario.cl\/new\/wp-content\/uploads\/2020\/11\/PORTAL-1-1.png\",\"width\":1026,\"height\":100,\"caption\":\"Revista de Agricultura\"},\"image\":{\"@id\":\"https:\/\/www.mundoagropecuario.cl\/new\/#\/schema\/logo\/image\/\"},\"sameAs\":[\"https:\/\/www.facebook.com\/mundo.agropecuario.3\",\"https:\/\/x.com\/MundoAgropecuar\",\"https:\/\/www.linkedin.com\/in\/mundo-agropecuario-934009201\/\"]},{\"@type\":\"Person\",\"@id\":\"https:\/\/www.mundoagropecuario.cl\/new\/#\/schema\/person\/4e9f74a82a7dac260eb1c44b7eebeb18\",\"name\":\"mundo\",\"url\":\"https:\/\/www.mundoagropecuario.cl\/new\/author\/mundo\/\"}]}<\/script>\n<!-- \/ Yoast SEO plugin. -->","yoast_head_json":{"title":"Peque\u00f1os ganaderos de San Pedro, provincia de Melipilla recibieron forraje para animales - Mundoagropecuario","robots":{"index":"index","follow":"follow","max-snippet":"max-snippet:-1","max-image-preview":"max-image-preview:large","max-video-preview":"max-video-preview:-1"},"canonical":"https:\/\/www.mundoagropecuario.cl\/new\/pequenos-ganaderos-de-san-pedro-provincia-de-melipilla-recibieron-forraje-para-animales\/","og_locale":"es_ES","og_type":"article","og_title":"Peque\u00f1os ganaderos de San Pedro, provincia de Melipilla recibieron forraje para animales - Mundoagropecuario","og_description":"145 peque\u00f1os agricultores de San Pedro, de la provincia de Melipilla en la regi\u00f3n metropolitana, dedicados a la crianza de ganado ovino y bovino, recibieron ayuda por parte de Indap...","og_url":"https:\/\/www.mundoagropecuario.cl\/new\/pequenos-ganaderos-de-san-pedro-provincia-de-melipilla-recibieron-forraje-para-animales\/","og_site_name":"Mundoagropecuario","article_publisher":"https:\/\/www.facebook.com\/mundo.agropecuario.3","article_published_time":"2019-09-05T05:00:56+00:00","article_modified_time":"2019-09-05T14:17:58+00:00","og_image":[{"width":1024,"height":683,"url":"https:\/\/www.mundoagropecuario.cl\/new\/wp-content\/uploads\/2019\/09\/48668718887_ebfdd24559_o.jpg","type":"image\/jpeg"}],"author":"mundo","twitter_card":"summary_large_image","twitter_creator":"@MundoAgropecuar","twitter_site":"@MundoAgropecuar","twitter_misc":{"Escrito por":"mundo","Tiempo de lectura":"3 minutos"},"schema":{"@context":"https:\/\/schema.org","@graph":[{"@type":"Article","@id":"https:\/\/www.mundoagropecuario.cl\/new\/pequenos-ganaderos-de-san-pedro-provincia-de-melipilla-recibieron-forraje-para-animales\/#article","isPartOf":{"@id":"https:\/\/www.mundoagropecuario.cl\/new\/pequenos-ganaderos-de-san-pedro-provincia-de-melipilla-recibieron-forraje-para-animales\/"},"author":{"name":"mundo","@id":"https:\/\/www.mundoagropecuario.cl\/new\/#\/schema\/person\/4e9f74a82a7dac260eb1c44b7eebeb18"},"headline":"Peque\u00f1os ganaderos de San Pedro, provincia de Melipilla recibieron forraje para animales","datePublished":"2019-09-05T05:00:56+00:00","dateModified":"2019-09-05T14:17:58+00:00","mainEntityOfPage":{"@id":"https:\/\/www.mundoagropecuario.cl\/new\/pequenos-ganaderos-de-san-pedro-provincia-de-melipilla-recibieron-forraje-para-animales\/"},"wordCount":578,"publisher":{"@id":"https:\/\/www.mundoagropecuario.cl\/new\/#organization"},"image":{"@id":"https:\/\/www.mundoagropecuario.cl\/new\/pequenos-ganaderos-de-san-pedro-provincia-de-melipilla-recibieron-forraje-para-animales\/#primaryimage"},"thumbnailUrl":"https:\/\/www.mundoagropecuario.cl\/new\/wp-content\/uploads\/2019\/09\/48668718887_ebfdd24559_o.jpg","keywords":["Agricultura","Agro","Agrp","forraje","Indap"],"articleSection":["Agricultura"],"inLanguage":"es"},{"@type":"WebPage","@id":"https:\/\/www.mundoagropecuario.cl\/new\/pequenos-ganaderos-de-san-pedro-provincia-de-melipilla-recibieron-forraje-para-animales\/","url":"https:\/\/www.mundoagropecuario.cl\/new\/pequenos-ganaderos-de-san-pedro-provincia-de-melipilla-recibieron-forraje-para-animales\/","name":"Peque\u00f1os ganaderos de San Pedro, provincia de Melipilla recibieron forraje para animales - Mundoagropecuario","isPartOf":{"@id":"https:\/\/www.mundoagropecuario.cl\/new\/#website"},"primaryImageOfPage":{"@id":"https:\/\/www.mundoagropecuario.cl\/new\/pequenos-ganaderos-de-san-pedro-provincia-de-melipilla-recibieron-forraje-para-animales\/#primaryimage"},"image":{"@id":"https:\/\/www.mundoagropecuario.cl\/new\/pequenos-ganaderos-de-san-pedro-provincia-de-melipilla-recibieron-forraje-para-animales\/#primaryimage"},"thumbnailUrl":"https:\/\/www.mundoagropecuario.cl\/new\/wp-content\/uploads\/2019\/09\/48668718887_ebfdd24559_o.jpg","datePublished":"2019-09-05T05:00:56+00:00","dateModified":"2019-09-05T14:17:58+00:00","breadcrumb":{"@id":"https:\/\/www.mundoagropecuario.cl\/new\/pequenos-ganaderos-de-san-pedro-provincia-de-melipilla-recibieron-forraje-para-animales\/#breadcrumb"},"inLanguage":"es","potentialAction":[{"@type":"ReadAction","target":["https:\/\/www.mundoagropecuario.cl\/new\/pequenos-ganaderos-de-san-pedro-provincia-de-melipilla-recibieron-forraje-para-animales\/"]}]},{"@type":"ImageObject","inLanguage":"es","@id":"https:\/\/www.mundoagropecuario.cl\/new\/pequenos-ganaderos-de-san-pedro-provincia-de-melipilla-recibieron-forraje-para-animales\/#primaryimage","url":"https:\/\/www.mundoagropecuario.cl\/new\/wp-content\/uploads\/2019\/09\/48668718887_ebfdd24559_o.jpg","contentUrl":"https:\/\/www.mundoagropecuario.cl\/new\/wp-content\/uploads\/2019\/09\/48668718887_ebfdd24559_o.jpg","width":600,"height":400},{"@type":"BreadcrumbList","@id":"https:\/\/www.mundoagropecuario.cl\/new\/pequenos-ganaderos-de-san-pedro-provincia-de-melipilla-recibieron-forraje-para-animales\/#breadcrumb","itemListElement":[{"@type":"ListItem","position":1,"name":"Portada","item":"https:\/\/www.mundoagropecuario.cl\/new\/"},{"@type":"ListItem","position":2,"name":"Peque\u00f1os ganaderos de San Pedro, provincia de Melipilla recibieron forraje para animales"}]},{"@type":"WebSite","@id":"https:\/\/www.mundoagropecuario.cl\/new\/#website","url":"https:\/\/www.mundoagropecuario.cl\/new\/","name":"Mundoagropecuario","description":"Mundo Agropecuario","publisher":{"@id":"https:\/\/www.mundoagropecuario.cl\/new\/#organization"},"potentialAction":[{"@type":"SearchAction","target":{"@type":"EntryPoint","urlTemplate":"https:\/\/www.mundoagropecuario.cl\/new\/?s={search_term_string}"},"query-input":{"@type":"PropertyValueSpecification","valueRequired":true,"valueName":"search_term_string"}}],"inLanguage":"es"},{"@type":"Organization","@id":"https:\/\/www.mundoagropecuario.cl\/new\/#organization","name":"Revista de Agricultura","url":"https:\/\/www.mundoagropecuario.cl\/new\/","logo":{"@type":"ImageObject","inLanguage":"es","@id":"https:\/\/www.mundoagropecuario.cl\/new\/#\/schema\/logo\/image\/","url":"https:\/\/www.mundoagropecuario.cl\/new\/wp-content\/uploads\/2020\/11\/PORTAL-1-1.png","contentUrl":"https:\/\/www.mundoagropecuario.cl\/new\/wp-content\/uploads\/2020\/11\/PORTAL-1-1.png","width":1026,"height":100,"caption":"Revista de Agricultura"},"image":{"@id":"https:\/\/www.mundoagropecuario.cl\/new\/#\/schema\/logo\/image\/"},"sameAs":["https:\/\/www.facebook.com\/mundo.agropecuario.3","https:\/\/x.com\/MundoAgropecuar","https:\/\/www.linkedin.com\/in\/mundo-agropecuario-934009201\/"]},{"@type":"Person","@id":"https:\/\/www.mundoagropecuario.cl\/new\/#\/schema\/person\/4e9f74a82a7dac260eb1c44b7eebeb18","name":"mundo","url":"https:\/\/www.mundoagropecuario.cl\/new\/author\/mundo\/"}]}},"_links":{"self":[{"href":"https:\/\/www.mundoagropecuario.cl\/new\/wp-json\/wp\/v2\/posts\/13724","targetHints":{"allow":["GET"]}}],"collection":[{"href":"https:\/\/www.mundoagropecuario.cl\/new\/wp-json\/wp\/v2\/posts"}],"about":[{"href":"https:\/\/www.mundoagropecuario.cl\/new\/wp-json\/wp\/v2\/types\/post"}],"author":[{"embeddable":true,"href":"https:\/\/www.mundoagropecuario.cl\/new\/wp-json\/wp\/v2\/users\/2"}],"replies":[{"embeddable":true,"href":"https:\/\/www.mundoagropecuario.cl\/new\/wp-json\/wp\/v2\/comments?post=13724"}],"version-history":[{"count":1,"href":"https:\/\/www.mundoagropecuario.cl\/new\/wp-json\/wp\/v2\/posts\/13724\/revisions"}],"predecessor-version":[{"id":13726,"href":"https:\/\/www.mundoagropecuario.cl\/new\/wp-json\/wp\/v2\/posts\/13724\/revisions\/13726"}],"wp:featuredmedia":[{"embeddable":true,"href":"https:\/\/www.mundoagropecuario.cl\/new\/wp-json\/wp\/v2\/media\/13725"}],"wp:attachment":[{"href":"https:\/\/www.mundoagropecuario.cl\/new\/wp-json\/wp\/v2\/media?parent=13724"}],"wp:term":[{"taxonomy":"category","embeddable":true,"href":"https:\/\/www.mundoagropecuario.cl\/new\/wp-json\/wp\/v2\/categories?post=13724"},{"taxonomy":"post_tag","embeddable":true,"href":"https:\/\/www.mundoagropecuario.cl\/new\/wp-json\/wp\/v2\/tags?post=13724"}],"curies":[{"name":"wp","href":"https:\/\/api.w.org\/{rel}","templated":true}]}}