{"id":13689,"date":"2019-09-04T02:00:07","date_gmt":"2019-09-04T05:00:07","guid":{"rendered":"http:\/\/www.mundoagropecuario.cl\/new\/?p=13689"},"modified":"2019-09-05T11:42:57","modified_gmt":"2019-09-05T14:42:57","slug":"ministro-walker-anuncio-apertura-de-india-para-paltas-nueces-y-arandanos-chilenos","status":"publish","type":"post","link":"https:\/\/www.mundoagropecuario.cl\/new\/ministro-walker-anuncio-apertura-de-india-para-paltas-nueces-y-arandanos-chilenos\/","title":{"rendered":"Ministro Walker anunci\u00f3 apertura de India para paltas, nueces y ar\u00e1ndanos chilenos"},"content":{"rendered":"\n<ul class=\"wp-block-gallery columns-0 is-cropped wp-block-gallery-1 is-layout-flex wp-block-gallery-is-layout-flex\"><\/ul>\n\n\n\n<p class=\"has-medium-font-size\"><em>Actualmente Chile exporta a India cerca de US$ 180 millones, muy por debajo de lo que enviamos a China (Mundo Agropecuario)<\/em><\/p>\n\n\n\n<p>En el cierre de la quinta versi\u00f3n de la ChileWeek en China, el Ministro de Agricultura, Antonio Walker, anunci\u00f3 que el mercado de la India desbloque\u00f3 el ingreso de paltas, nueces y ar\u00e1ndanos chilenos, esto tras siete a\u00f1os de intensas negociaciones. El secretario de Estado explic\u00f3 que India elimin\u00f3 la obligaci\u00f3n de fumigar con bromuro de metilo la fruta chilena, lo que permitir\u00e1 que los productos exportados desde nuestro pa\u00eds no se vean da\u00f1ados producto de este proceso.<\/p>\n\n\n\n<div class=\"wp-block-image\"><figure class=\"alignright is-resized\"><img loading=\"lazy\" decoding=\"async\" src=\"https:\/\/www.mundoagropecuario.cl\/new\/wp-content\/uploads\/2019\/09\/Walker-ar\u00e1ndanos-India-3-1024x682.jpeg\" alt=\"\" class=\"wp-image-13691\" width=\"410\" height=\"273\" srcset=\"https:\/\/www.mundoagropecuario.cl\/new\/wp-content\/uploads\/2019\/09\/Walker-ar\u00e1ndanos-India-3-1024x682.jpeg 1024w, https:\/\/www.mundoagropecuario.cl\/new\/wp-content\/uploads\/2019\/09\/Walker-ar\u00e1ndanos-India-3-586x391.jpeg 586w, https:\/\/www.mundoagropecuario.cl\/new\/wp-content\/uploads\/2019\/09\/Walker-ar\u00e1ndanos-India-3-768x512.jpeg 768w, https:\/\/www.mundoagropecuario.cl\/new\/wp-content\/uploads\/2019\/09\/Walker-ar\u00e1ndanos-India-3.jpeg 601w\" sizes=\"auto, (max-width: 410px) 100vw, 410px\" \/><\/figure><\/div>\n\n\n\n<p>\u201cEsto es una muy buena noticia para los productores chilenos, nosotros pens\u00e1bamos que este tr\u00e1mite durar\u00eda mucho tiempo m\u00e1s, pero dejando de lado el bromuro de metilo podemos alcanzar este mercado utilizando la cadena de frio y la fosfina que es mucho m\u00e1s amigable con el medio ambiente. Nuestro objetivo es seguir ampliando la oferta exportadora de nuestro pa\u00eds para que de esta forma la agricultura chilena siga creciendo y cada d\u00eda se sumen m\u00e1s exportadores a los mercados internacionales. Queremos hacer de la India lo que hemos hecho en China\u201d, explic\u00f3 el Ministro Walker.<\/p>\n\n\n\n<p>Actualmente Chile exporta a India cerca de US$ 180 millones, muy por debajo de lo que enviamos a China, \u201cpensando que es un destino de m\u00e1s de 1.200 millones de habitantes\u201d, agreg\u00f3 el Ministro Walker.<\/p>\n","protected":false},"excerpt":{"rendered":"<p>Actualmente Chile exporta a India cerca de US$ 180 millones, muy por debajo de lo que enviamos a China (Mundo Agropecuario) En el cierre de la quinta versi\u00f3n de la&#8230;<\/p>\n","protected":false},"author":2,"featured_media":13690,"comment_status":"closed","ping_status":"closed","sticky":false,"template":"","format":"standard","meta":{"footnotes":""},"categories":[1986],"tags":[4218,3127,2245,2448,4217,2178],"class_list":["post-13689","post","type-post","status-publish","format-standard","has-post-thumbnail","hentry","category-frutas","tag-agriculturas","tag-agro","tag-frutas","tag-ministro-walker","tag-nueces-y-arandanos-chilenos","tag-paltas"],"yoast_head":"<!-- This site is optimized with the Yoast SEO plugin v26.6 - https:\/\/yoast.com\/wordpress\/plugins\/seo\/ -->\n<title>Ministro Walker anunci\u00f3 apertura de India para paltas, nueces y ar\u00e1ndanos chilenos - Mundoagropecuario<\/title>\n<meta name=\"robots\" content=\"index, follow, max-snippet:-1, max-image-preview:large, max-video-preview:-1\" \/>\n<link rel=\"canonical\" href=\"https:\/\/www.mundoagropecuario.cl\/new\/ministro-walker-anuncio-apertura-de-india-para-paltas-nueces-y-arandanos-chilenos\/\" \/>\n<meta property=\"og:locale\" content=\"es_ES\" \/>\n<meta property=\"og:type\" content=\"article\" \/>\n<meta property=\"og:title\" content=\"Ministro Walker anunci\u00f3 apertura de India para paltas, nueces y ar\u00e1ndanos chilenos - Mundoagropecuario\" \/>\n<meta property=\"og:description\" content=\"Actualmente Chile exporta a India cerca de US$ 180 millones, muy por debajo de lo que enviamos a China (Mundo Agropecuario) En el cierre de la quinta versi\u00f3n de la...\" \/>\n<meta property=\"og:url\" content=\"https:\/\/www.mundoagropecuario.cl\/new\/ministro-walker-anuncio-apertura-de-india-para-paltas-nueces-y-arandanos-chilenos\/\" \/>\n<meta property=\"og:site_name\" content=\"Mundoagropecuario\" \/>\n<meta property=\"article:publisher\" content=\"https:\/\/www.facebook.com\/mundo.agropecuario.3\" \/>\n<meta property=\"article:published_time\" content=\"2019-09-04T05:00:07+00:00\" \/>\n<meta property=\"article:modified_time\" content=\"2019-09-05T14:42:57+00:00\" \/>\n<meta property=\"og:image\" content=\"https:\/\/www.mundoagropecuario.cl\/new\/wp-content\/uploads\/2019\/09\/Walker-ar\u00e1ndanos-India-1-1.jpeg\" \/>\n\t<meta property=\"og:image:width\" content=\"1024\" \/>\n\t<meta property=\"og:image:height\" content=\"734\" \/>\n\t<meta property=\"og:image:type\" content=\"image\/jpeg\" \/>\n<meta name=\"author\" content=\"mundo\" \/>\n<meta name=\"twitter:card\" content=\"summary_large_image\" \/>\n<meta name=\"twitter:creator\" content=\"@MundoAgropecuar\" \/>\n<meta name=\"twitter:site\" content=\"@MundoAgropecuar\" \/>\n<meta name=\"twitter:label1\" content=\"Escrito por\" \/>\n\t<meta name=\"twitter:data1\" content=\"mundo\" \/>\n\t<meta name=\"twitter:label2\" content=\"Tiempo de lectura\" \/>\n\t<meta name=\"twitter:data2\" content=\"1 minuto\" \/>\n<script type=\"application\/ld+json\" class=\"yoast-schema-graph\">{\"@context\":\"https:\/\/schema.org\",\"@graph\":[{\"@type\":\"Article\",\"@id\":\"https:\/\/www.mundoagropecuario.cl\/new\/ministro-walker-anuncio-apertura-de-india-para-paltas-nueces-y-arandanos-chilenos\/#article\",\"isPartOf\":{\"@id\":\"https:\/\/www.mundoagropecuario.cl\/new\/ministro-walker-anuncio-apertura-de-india-para-paltas-nueces-y-arandanos-chilenos\/\"},\"author\":{\"name\":\"mundo\",\"@id\":\"https:\/\/www.mundoagropecuario.cl\/new\/#\/schema\/person\/4e9f74a82a7dac260eb1c44b7eebeb18\"},\"headline\":\"Ministro Walker anunci\u00f3 apertura de India para paltas, nueces y ar\u00e1ndanos chilenos\",\"datePublished\":\"2019-09-04T05:00:07+00:00\",\"dateModified\":\"2019-09-05T14:42:57+00:00\",\"mainEntityOfPage\":{\"@id\":\"https:\/\/www.mundoagropecuario.cl\/new\/ministro-walker-anuncio-apertura-de-india-para-paltas-nueces-y-arandanos-chilenos\/\"},\"wordCount\":254,\"publisher\":{\"@id\":\"https:\/\/www.mundoagropecuario.cl\/new\/#organization\"},\"image\":{\"@id\":\"https:\/\/www.mundoagropecuario.cl\/new\/ministro-walker-anuncio-apertura-de-india-para-paltas-nueces-y-arandanos-chilenos\/#primaryimage\"},\"thumbnailUrl\":\"https:\/\/www.mundoagropecuario.cl\/new\/wp-content\/uploads\/2019\/09\/Walker-ar\u00e1ndanos-India-1-1.jpeg\",\"keywords\":[\"Agriculturas\",\"Agro\",\"Frutas\",\"Ministro Walker\",\"nueces y ar\u00e1ndanos chilenos\",\"Paltas\"],\"articleSection\":[\"Frutas\"],\"inLanguage\":\"es\"},{\"@type\":\"WebPage\",\"@id\":\"https:\/\/www.mundoagropecuario.cl\/new\/ministro-walker-anuncio-apertura-de-india-para-paltas-nueces-y-arandanos-chilenos\/\",\"url\":\"https:\/\/www.mundoagropecuario.cl\/new\/ministro-walker-anuncio-apertura-de-india-para-paltas-nueces-y-arandanos-chilenos\/\",\"name\":\"Ministro Walker anunci\u00f3 apertura de India para paltas, nueces y ar\u00e1ndanos chilenos - Mundoagropecuario\",\"isPartOf\":{\"@id\":\"https:\/\/www.mundoagropecuario.cl\/new\/#website\"},\"primaryImageOfPage\":{\"@id\":\"https:\/\/www.mundoagropecuario.cl\/new\/ministro-walker-anuncio-apertura-de-india-para-paltas-nueces-y-arandanos-chilenos\/#primaryimage\"},\"image\":{\"@id\":\"https:\/\/www.mundoagropecuario.cl\/new\/ministro-walker-anuncio-apertura-de-india-para-paltas-nueces-y-arandanos-chilenos\/#primaryimage\"},\"thumbnailUrl\":\"https:\/\/www.mundoagropecuario.cl\/new\/wp-content\/uploads\/2019\/09\/Walker-ar\u00e1ndanos-India-1-1.jpeg\",\"datePublished\":\"2019-09-04T05:00:07+00:00\",\"dateModified\":\"2019-09-05T14:42:57+00:00\",\"breadcrumb\":{\"@id\":\"https:\/\/www.mundoagropecuario.cl\/new\/ministro-walker-anuncio-apertura-de-india-para-paltas-nueces-y-arandanos-chilenos\/#breadcrumb\"},\"inLanguage\":\"es\",\"potentialAction\":[{\"@type\":\"ReadAction\",\"target\":[\"https:\/\/www.mundoagropecuario.cl\/new\/ministro-walker-anuncio-apertura-de-india-para-paltas-nueces-y-arandanos-chilenos\/\"]}]},{\"@type\":\"ImageObject\",\"inLanguage\":\"es\",\"@id\":\"https:\/\/www.mundoagropecuario.cl\/new\/ministro-walker-anuncio-apertura-de-india-para-paltas-nueces-y-arandanos-chilenos\/#primaryimage\",\"url\":\"https:\/\/www.mundoagropecuario.cl\/new\/wp-content\/uploads\/2019\/09\/Walker-ar\u00e1ndanos-India-1-1.jpeg\",\"contentUrl\":\"https:\/\/www.mundoagropecuario.cl\/new\/wp-content\/uploads\/2019\/09\/Walker-ar\u00e1ndanos-India-1-1.jpeg\",\"width\":558,\"height\":400},{\"@type\":\"BreadcrumbList\",\"@id\":\"https:\/\/www.mundoagropecuario.cl\/new\/ministro-walker-anuncio-apertura-de-india-para-paltas-nueces-y-arandanos-chilenos\/#breadcrumb\",\"itemListElement\":[{\"@type\":\"ListItem\",\"position\":1,\"name\":\"Portada\",\"item\":\"https:\/\/www.mundoagropecuario.cl\/new\/\"},{\"@type\":\"ListItem\",\"position\":2,\"name\":\"Ministro Walker anunci\u00f3 apertura de India para paltas, nueces y ar\u00e1ndanos chilenos\"}]},{\"@type\":\"WebSite\",\"@id\":\"https:\/\/www.mundoagropecuario.cl\/new\/#website\",\"url\":\"https:\/\/www.mundoagropecuario.cl\/new\/\",\"name\":\"Mundoagropecuario\",\"description\":\"Mundo Agropecuario\",\"publisher\":{\"@id\":\"https:\/\/www.mundoagropecuario.cl\/new\/#organization\"},\"potentialAction\":[{\"@type\":\"SearchAction\",\"target\":{\"@type\":\"EntryPoint\",\"urlTemplate\":\"https:\/\/www.mundoagropecuario.cl\/new\/?s={search_term_string}\"},\"query-input\":{\"@type\":\"PropertyValueSpecification\",\"valueRequired\":true,\"valueName\":\"search_term_string\"}}],\"inLanguage\":\"es\"},{\"@type\":\"Organization\",\"@id\":\"https:\/\/www.mundoagropecuario.cl\/new\/#organization\",\"name\":\"Revista de Agricultura\",\"url\":\"https:\/\/www.mundoagropecuario.cl\/new\/\",\"logo\":{\"@type\":\"ImageObject\",\"inLanguage\":\"es\",\"@id\":\"https:\/\/www.mundoagropecuario.cl\/new\/#\/schema\/logo\/image\/\",\"url\":\"https:\/\/www.mundoagropecuario.cl\/new\/wp-content\/uploads\/2020\/11\/PORTAL-1-1.png\",\"contentUrl\":\"https:\/\/www.mundoagropecuario.cl\/new\/wp-content\/uploads\/2020\/11\/PORTAL-1-1.png\",\"width\":1026,\"height\":100,\"caption\":\"Revista de Agricultura\"},\"image\":{\"@id\":\"https:\/\/www.mundoagropecuario.cl\/new\/#\/schema\/logo\/image\/\"},\"sameAs\":[\"https:\/\/www.facebook.com\/mundo.agropecuario.3\",\"https:\/\/x.com\/MundoAgropecuar\",\"https:\/\/www.linkedin.com\/in\/mundo-agropecuario-934009201\/\"]},{\"@type\":\"Person\",\"@id\":\"https:\/\/www.mundoagropecuario.cl\/new\/#\/schema\/person\/4e9f74a82a7dac260eb1c44b7eebeb18\",\"name\":\"mundo\",\"url\":\"https:\/\/www.mundoagropecuario.cl\/new\/author\/mundo\/\"}]}<\/script>\n<!-- \/ Yoast SEO plugin. -->","yoast_head_json":{"title":"Ministro Walker anunci\u00f3 apertura de India para paltas, nueces y ar\u00e1ndanos chilenos - Mundoagropecuario","robots":{"index":"index","follow":"follow","max-snippet":"max-snippet:-1","max-image-preview":"max-image-preview:large","max-video-preview":"max-video-preview:-1"},"canonical":"https:\/\/www.mundoagropecuario.cl\/new\/ministro-walker-anuncio-apertura-de-india-para-paltas-nueces-y-arandanos-chilenos\/","og_locale":"es_ES","og_type":"article","og_title":"Ministro Walker anunci\u00f3 apertura de India para paltas, nueces y ar\u00e1ndanos chilenos - Mundoagropecuario","og_description":"Actualmente Chile exporta a India cerca de US$ 180 millones, muy por debajo de lo que enviamos a China (Mundo Agropecuario) En el cierre de la quinta versi\u00f3n de la...","og_url":"https:\/\/www.mundoagropecuario.cl\/new\/ministro-walker-anuncio-apertura-de-india-para-paltas-nueces-y-arandanos-chilenos\/","og_site_name":"Mundoagropecuario","article_publisher":"https:\/\/www.facebook.com\/mundo.agropecuario.3","article_published_time":"2019-09-04T05:00:07+00:00","article_modified_time":"2019-09-05T14:42:57+00:00","og_image":[{"width":1024,"height":734,"url":"https:\/\/www.mundoagropecuario.cl\/new\/wp-content\/uploads\/2019\/09\/Walker-ar\u00e1ndanos-India-1-1.jpeg","type":"image\/jpeg"}],"author":"mundo","twitter_card":"summary_large_image","twitter_creator":"@MundoAgropecuar","twitter_site":"@MundoAgropecuar","twitter_misc":{"Escrito por":"mundo","Tiempo de lectura":"1 minuto"},"schema":{"@context":"https:\/\/schema.org","@graph":[{"@type":"Article","@id":"https:\/\/www.mundoagropecuario.cl\/new\/ministro-walker-anuncio-apertura-de-india-para-paltas-nueces-y-arandanos-chilenos\/#article","isPartOf":{"@id":"https:\/\/www.mundoagropecuario.cl\/new\/ministro-walker-anuncio-apertura-de-india-para-paltas-nueces-y-arandanos-chilenos\/"},"author":{"name":"mundo","@id":"https:\/\/www.mundoagropecuario.cl\/new\/#\/schema\/person\/4e9f74a82a7dac260eb1c44b7eebeb18"},"headline":"Ministro Walker anunci\u00f3 apertura de India para paltas, nueces y ar\u00e1ndanos chilenos","datePublished":"2019-09-04T05:00:07+00:00","dateModified":"2019-09-05T14:42:57+00:00","mainEntityOfPage":{"@id":"https:\/\/www.mundoagropecuario.cl\/new\/ministro-walker-anuncio-apertura-de-india-para-paltas-nueces-y-arandanos-chilenos\/"},"wordCount":254,"publisher":{"@id":"https:\/\/www.mundoagropecuario.cl\/new\/#organization"},"image":{"@id":"https:\/\/www.mundoagropecuario.cl\/new\/ministro-walker-anuncio-apertura-de-india-para-paltas-nueces-y-arandanos-chilenos\/#primaryimage"},"thumbnailUrl":"https:\/\/www.mundoagropecuario.cl\/new\/wp-content\/uploads\/2019\/09\/Walker-ar\u00e1ndanos-India-1-1.jpeg","keywords":["Agriculturas","Agro","Frutas","Ministro Walker","nueces y ar\u00e1ndanos chilenos","Paltas"],"articleSection":["Frutas"],"inLanguage":"es"},{"@type":"WebPage","@id":"https:\/\/www.mundoagropecuario.cl\/new\/ministro-walker-anuncio-apertura-de-india-para-paltas-nueces-y-arandanos-chilenos\/","url":"https:\/\/www.mundoagropecuario.cl\/new\/ministro-walker-anuncio-apertura-de-india-para-paltas-nueces-y-arandanos-chilenos\/","name":"Ministro Walker anunci\u00f3 apertura de India para paltas, nueces y ar\u00e1ndanos chilenos - Mundoagropecuario","isPartOf":{"@id":"https:\/\/www.mundoagropecuario.cl\/new\/#website"},"primaryImageOfPage":{"@id":"https:\/\/www.mundoagropecuario.cl\/new\/ministro-walker-anuncio-apertura-de-india-para-paltas-nueces-y-arandanos-chilenos\/#primaryimage"},"image":{"@id":"https:\/\/www.mundoagropecuario.cl\/new\/ministro-walker-anuncio-apertura-de-india-para-paltas-nueces-y-arandanos-chilenos\/#primaryimage"},"thumbnailUrl":"https:\/\/www.mundoagropecuario.cl\/new\/wp-content\/uploads\/2019\/09\/Walker-ar\u00e1ndanos-India-1-1.jpeg","datePublished":"2019-09-04T05:00:07+00:00","dateModified":"2019-09-05T14:42:57+00:00","breadcrumb":{"@id":"https:\/\/www.mundoagropecuario.cl\/new\/ministro-walker-anuncio-apertura-de-india-para-paltas-nueces-y-arandanos-chilenos\/#breadcrumb"},"inLanguage":"es","potentialAction":[{"@type":"ReadAction","target":["https:\/\/www.mundoagropecuario.cl\/new\/ministro-walker-anuncio-apertura-de-india-para-paltas-nueces-y-arandanos-chilenos\/"]}]},{"@type":"ImageObject","inLanguage":"es","@id":"https:\/\/www.mundoagropecuario.cl\/new\/ministro-walker-anuncio-apertura-de-india-para-paltas-nueces-y-arandanos-chilenos\/#primaryimage","url":"https:\/\/www.mundoagropecuario.cl\/new\/wp-content\/uploads\/2019\/09\/Walker-ar\u00e1ndanos-India-1-1.jpeg","contentUrl":"https:\/\/www.mundoagropecuario.cl\/new\/wp-content\/uploads\/2019\/09\/Walker-ar\u00e1ndanos-India-1-1.jpeg","width":558,"height":400},{"@type":"BreadcrumbList","@id":"https:\/\/www.mundoagropecuario.cl\/new\/ministro-walker-anuncio-apertura-de-india-para-paltas-nueces-y-arandanos-chilenos\/#breadcrumb","itemListElement":[{"@type":"ListItem","position":1,"name":"Portada","item":"https:\/\/www.mundoagropecuario.cl\/new\/"},{"@type":"ListItem","position":2,"name":"Ministro Walker anunci\u00f3 apertura de India para paltas, nueces y ar\u00e1ndanos chilenos"}]},{"@type":"WebSite","@id":"https:\/\/www.mundoagropecuario.cl\/new\/#website","url":"https:\/\/www.mundoagropecuario.cl\/new\/","name":"Mundoagropecuario","description":"Mundo Agropecuario","publisher":{"@id":"https:\/\/www.mundoagropecuario.cl\/new\/#organization"},"potentialAction":[{"@type":"SearchAction","target":{"@type":"EntryPoint","urlTemplate":"https:\/\/www.mundoagropecuario.cl\/new\/?s={search_term_string}"},"query-input":{"@type":"PropertyValueSpecification","valueRequired":true,"valueName":"search_term_string"}}],"inLanguage":"es"},{"@type":"Organization","@id":"https:\/\/www.mundoagropecuario.cl\/new\/#organization","name":"Revista de Agricultura","url":"https:\/\/www.mundoagropecuario.cl\/new\/","logo":{"@type":"ImageObject","inLanguage":"es","@id":"https:\/\/www.mundoagropecuario.cl\/new\/#\/schema\/logo\/image\/","url":"https:\/\/www.mundoagropecuario.cl\/new\/wp-content\/uploads\/2020\/11\/PORTAL-1-1.png","contentUrl":"https:\/\/www.mundoagropecuario.cl\/new\/wp-content\/uploads\/2020\/11\/PORTAL-1-1.png","width":1026,"height":100,"caption":"Revista de Agricultura"},"image":{"@id":"https:\/\/www.mundoagropecuario.cl\/new\/#\/schema\/logo\/image\/"},"sameAs":["https:\/\/www.facebook.com\/mundo.agropecuario.3","https:\/\/x.com\/MundoAgropecuar","https:\/\/www.linkedin.com\/in\/mundo-agropecuario-934009201\/"]},{"@type":"Person","@id":"https:\/\/www.mundoagropecuario.cl\/new\/#\/schema\/person\/4e9f74a82a7dac260eb1c44b7eebeb18","name":"mundo","url":"https:\/\/www.mundoagropecuario.cl\/new\/author\/mundo\/"}]}},"_links":{"self":[{"href":"https:\/\/www.mundoagropecuario.cl\/new\/wp-json\/wp\/v2\/posts\/13689","targetHints":{"allow":["GET"]}}],"collection":[{"href":"https:\/\/www.mundoagropecuario.cl\/new\/wp-json\/wp\/v2\/posts"}],"about":[{"href":"https:\/\/www.mundoagropecuario.cl\/new\/wp-json\/wp\/v2\/types\/post"}],"author":[{"embeddable":true,"href":"https:\/\/www.mundoagropecuario.cl\/new\/wp-json\/wp\/v2\/users\/2"}],"replies":[{"embeddable":true,"href":"https:\/\/www.mundoagropecuario.cl\/new\/wp-json\/wp\/v2\/comments?post=13689"}],"version-history":[{"count":1,"href":"https:\/\/www.mundoagropecuario.cl\/new\/wp-json\/wp\/v2\/posts\/13689\/revisions"}],"predecessor-version":[{"id":13692,"href":"https:\/\/www.mundoagropecuario.cl\/new\/wp-json\/wp\/v2\/posts\/13689\/revisions\/13692"}],"wp:featuredmedia":[{"embeddable":true,"href":"https:\/\/www.mundoagropecuario.cl\/new\/wp-json\/wp\/v2\/media\/13690"}],"wp:attachment":[{"href":"https:\/\/www.mundoagropecuario.cl\/new\/wp-json\/wp\/v2\/media?parent=13689"}],"wp:term":[{"taxonomy":"category","embeddable":true,"href":"https:\/\/www.mundoagropecuario.cl\/new\/wp-json\/wp\/v2\/categories?post=13689"},{"taxonomy":"post_tag","embeddable":true,"href":"https:\/\/www.mundoagropecuario.cl\/new\/wp-json\/wp\/v2\/tags?post=13689"}],"curies":[{"name":"wp","href":"https:\/\/api.w.org\/{rel}","templated":true}]}}