{"id":13635,"date":"2019-09-02T02:00:59","date_gmt":"2019-09-02T05:00:59","guid":{"rendered":"http:\/\/www.mundoagropecuario.cl\/new\/?p=13635"},"modified":"2019-09-03T11:23:44","modified_gmt":"2019-09-03T14:23:44","slug":"estudian-intervencion-de-nubes-para-transformar-granizo-en-agua","status":"publish","type":"post","link":"https:\/\/www.mundoagropecuario.cl\/new\/estudian-intervencion-de-nubes-para-transformar-granizo-en-agua\/","title":{"rendered":"Estudian intervenci\u00f3n de nubes para transformar granizo en agua"},"content":{"rendered":"\n<ul class=\"wp-block-gallery columns-0 is-cropped wp-block-gallery-1 is-layout-flex wp-block-gallery-is-layout-flex\"><\/ul>\n\n\n\n<p><\/p>\n\n\n\n<p class=\"has-medium-font-size\"><em>El Ministro Walker visit\u00f3 el centro de bombardeo de nubes del distrito de Jizhou, en esta visita se reuni\u00f3 con la encargada de la Administraci\u00f3n Meteorol\u00f3gica de China, Liu Yaming, de quien recogi\u00f3 los aspectos t\u00e9cnicos de esta medida (Mundo Agropecuario). <\/em><\/p>\n\n\n\n<p>Una importante visita a la estaci\u00f3n meteorol\u00f3gica de manejo de lluvia artificial del distrito de Jizhou realiz\u00f3 el Ministro de Agricultura, Antonio Walker, en el marco de las actividades de Chile Week 2019 que se realiza en China. El Secretario de Estado constat\u00f3 en terreno el trabajo que realiza la Administraci\u00f3n Meteorol\u00f3gica de China para el manejo de la lluvia artificial mediante el lanzamiento de ca\u00f1ones que propician las condiciones para la generaci\u00f3n de lluvia y granizo. Esto como un instrumento de apoyo para influenciar el clima artificial sobre las condiciones meteorol\u00f3gicas locales.<\/p>\n\n\n\n<div class=\"wp-block-image\"><figure class=\"alignleft is-resized\"><img loading=\"lazy\" decoding=\"async\" src=\"https:\/\/www.mundoagropecuario.cl\/new\/wp-content\/uploads\/2019\/09\/Ministro-Walker-Chile-Week-2-1024x768.jpeg\" alt=\"\" class=\"wp-image-13637\" width=\"431\" height=\"323\" srcset=\"https:\/\/www.mundoagropecuario.cl\/new\/wp-content\/uploads\/2019\/09\/Ministro-Walker-Chile-Week-2-1024x768.jpeg 1024w, https:\/\/www.mundoagropecuario.cl\/new\/wp-content\/uploads\/2019\/09\/Ministro-Walker-Chile-Week-2-586x440.jpeg 586w, https:\/\/www.mundoagropecuario.cl\/new\/wp-content\/uploads\/2019\/09\/Ministro-Walker-Chile-Week-2-768x576.jpeg 768w, https:\/\/www.mundoagropecuario.cl\/new\/wp-content\/uploads\/2019\/09\/Ministro-Walker-Chile-Week-2.jpeg 533w\" sizes=\"auto, (max-width: 431px) 100vw, 431px\" \/><\/figure><\/div>\n\n\n\n<p>\u201cEstamos preocupados de los efectos que tiene el cambio clim\u00e1tico sobre el mundo y en particular en nuestro pa\u00eds. Los efectos del calentamiento global tienen un impacto negativo sobre el desarrollo de la agricultura y por eso estamos ac\u00e1, viendo el terreno tecnolog\u00edas que nos permitan replicar en Chile medidas que vayan en ayuda de los agricultores que se han visto afectados por esta situaci\u00f3n. El bombardeo de nubes es una t\u00e9cnica que nos permitir\u00eda&nbsp;aprovechar las condiciones clim\u00e1ticas para aumentar las probabilidades de lluvia en algunas zonas de nuestro pa\u00eds\u201d, se\u00f1al\u00f3 el Ministro Walker.&nbsp;<\/p>\n\n\n\n<p>Durante la visita, el Ministro Walker tambi\u00e9n sostuvo una reuni\u00f3n con la Administradora de la Administraci\u00f3n Meteorol\u00f3gica de China, Liu Yaming, oportunidad en la que se analizaron los antecedentes t\u00e9cnicos relacionados a la influencia de clima artificial a trav\u00e9s de formulaci\u00f3n de pol\u00edticas y marcos legales, junto con estrategias de desarrollo de los servicios meteorol\u00f3gicos. Tal como explic\u00f3 el Ministro Walker, la idea es gestionar actividades de cooperaci\u00f3n internacional en aspectos de meteorolog\u00eda a trav\u00e9s de la Organizaci\u00f3n Meteorol\u00f3gica Mundial y establecer medidas con instituciones meteorol\u00f3gicas de otros pa\u00edses y regiones de china.<\/p>\n\n\n\n<p>Tambi\u00e9n como parte de la preocupaci\u00f3n que ha generado la sequ\u00eda, el Ministro Walker&nbsp;&nbsp;se reuni\u00f3 con el Ministro de la Administraci\u00f3n Nacional de Bosques y Praderas de China (NFGA), Zhang Jianlong, para conocer la experiencia de China en la prevenci\u00f3n, manejo de incendios y reforestaci\u00f3n. Tal como explic\u00f3 Walker la idea es conocer las estrategias y pol\u00edticas que tiene China en el \u00e1mbito de prevenci\u00f3n y manejo de incendios junto con la oferta de productos retardantes chinos para el control de incendios forestales.<\/p>\n\n\n\n<figure class=\"wp-block-image\"><img loading=\"lazy\" decoding=\"async\" width=\"768\" height=\"1024\" src=\"https:\/\/www.mundoagropecuario.cl\/new\/wp-content\/uploads\/2019\/09\/Ministro-Walker-Chile-Week-1-768x1024.jpeg\" alt=\"\" class=\"wp-image-13636\" srcset=\"https:\/\/www.mundoagropecuario.cl\/new\/wp-content\/uploads\/2019\/09\/Ministro-Walker-Chile-Week-1-768x1024.jpeg 768w, https:\/\/www.mundoagropecuario.cl\/new\/wp-content\/uploads\/2019\/09\/Ministro-Walker-Chile-Week-1-368x490.jpeg 368w, https:\/\/www.mundoagropecuario.cl\/new\/wp-content\/uploads\/2019\/09\/Ministro-Walker-Chile-Week-1.jpeg 300w\" sizes=\"auto, (max-width: 768px) 100vw, 768px\" \/><\/figure>\n\n\n\n<p><\/p>\n\n\n\n<p><\/p>\n\n\n\n<p><\/p>\n\n\n\n<p><\/p>\n","protected":false},"excerpt":{"rendered":"<p>El Ministro Walker visit\u00f3 el centro de bombardeo de nubes del distrito de Jizhou, en esta visita se reuni\u00f3 con la encargada de la Administraci\u00f3n Meteorol\u00f3gica de China, Liu Yaming,&#8230;<\/p>\n","protected":false},"author":2,"featured_media":13638,"comment_status":"closed","ping_status":"closed","sticky":false,"template":"","format":"standard","meta":{"footnotes":""},"categories":[1945],"tags":[2090,542,2448],"class_list":["post-13635","post","type-post","status-publish","format-standard","has-post-thumbnail","hentry","category-agricultura","tag-agricultura","tag-cambio-climatico","tag-ministro-walker"],"yoast_head":"<!-- This site is optimized with the Yoast SEO plugin v26.6 - https:\/\/yoast.com\/wordpress\/plugins\/seo\/ -->\n<title>Estudian intervenci\u00f3n de nubes para transformar granizo en agua - Mundoagropecuario<\/title>\n<meta name=\"robots\" content=\"index, follow, max-snippet:-1, max-image-preview:large, max-video-preview:-1\" \/>\n<link rel=\"canonical\" href=\"https:\/\/www.mundoagropecuario.cl\/new\/estudian-intervencion-de-nubes-para-transformar-granizo-en-agua\/\" \/>\n<meta property=\"og:locale\" content=\"es_ES\" \/>\n<meta property=\"og:type\" content=\"article\" \/>\n<meta property=\"og:title\" content=\"Estudian intervenci\u00f3n de nubes para transformar granizo en agua - Mundoagropecuario\" \/>\n<meta property=\"og:description\" content=\"El Ministro Walker visit\u00f3 el centro de bombardeo de nubes del distrito de Jizhou, en esta visita se reuni\u00f3 con la encargada de la Administraci\u00f3n Meteorol\u00f3gica de China, Liu Yaming,...\" \/>\n<meta property=\"og:url\" content=\"https:\/\/www.mundoagropecuario.cl\/new\/estudian-intervencion-de-nubes-para-transformar-granizo-en-agua\/\" \/>\n<meta property=\"og:site_name\" content=\"Mundoagropecuario\" \/>\n<meta property=\"article:publisher\" content=\"https:\/\/www.facebook.com\/mundo.agropecuario.3\" \/>\n<meta property=\"article:published_time\" content=\"2019-09-02T05:00:59+00:00\" \/>\n<meta property=\"article:modified_time\" content=\"2019-09-03T14:23:44+00:00\" \/>\n<meta property=\"og:image\" content=\"https:\/\/www.mundoagropecuario.cl\/new\/wp-content\/uploads\/2019\/09\/Ministro-Walker-Chile-Week-3.jpeg\" \/>\n\t<meta property=\"og:image:width\" content=\"1024\" \/>\n\t<meta property=\"og:image:height\" content=\"768\" \/>\n\t<meta property=\"og:image:type\" content=\"image\/jpeg\" \/>\n<meta name=\"author\" content=\"mundo\" \/>\n<meta name=\"twitter:card\" content=\"summary_large_image\" \/>\n<meta name=\"twitter:creator\" content=\"@MundoAgropecuar\" \/>\n<meta name=\"twitter:site\" content=\"@MundoAgropecuar\" \/>\n<meta name=\"twitter:label1\" content=\"Escrito por\" \/>\n\t<meta name=\"twitter:data1\" content=\"mundo\" \/>\n\t<meta name=\"twitter:label2\" content=\"Tiempo de lectura\" \/>\n\t<meta name=\"twitter:data2\" content=\"2 minutos\" \/>\n<script type=\"application\/ld+json\" class=\"yoast-schema-graph\">{\"@context\":\"https:\/\/schema.org\",\"@graph\":[{\"@type\":\"Article\",\"@id\":\"https:\/\/www.mundoagropecuario.cl\/new\/estudian-intervencion-de-nubes-para-transformar-granizo-en-agua\/#article\",\"isPartOf\":{\"@id\":\"https:\/\/www.mundoagropecuario.cl\/new\/estudian-intervencion-de-nubes-para-transformar-granizo-en-agua\/\"},\"author\":{\"name\":\"mundo\",\"@id\":\"https:\/\/www.mundoagropecuario.cl\/new\/#\/schema\/person\/4e9f74a82a7dac260eb1c44b7eebeb18\"},\"headline\":\"Estudian intervenci\u00f3n de nubes para transformar granizo en agua\",\"datePublished\":\"2019-09-02T05:00:59+00:00\",\"dateModified\":\"2019-09-03T14:23:44+00:00\",\"mainEntityOfPage\":{\"@id\":\"https:\/\/www.mundoagropecuario.cl\/new\/estudian-intervencion-de-nubes-para-transformar-granizo-en-agua\/\"},\"wordCount\":462,\"publisher\":{\"@id\":\"https:\/\/www.mundoagropecuario.cl\/new\/#organization\"},\"image\":{\"@id\":\"https:\/\/www.mundoagropecuario.cl\/new\/estudian-intervencion-de-nubes-para-transformar-granizo-en-agua\/#primaryimage\"},\"thumbnailUrl\":\"https:\/\/www.mundoagropecuario.cl\/new\/wp-content\/uploads\/2019\/09\/Ministro-Walker-Chile-Week-3.jpeg\",\"keywords\":[\"Agricultura\",\"Cambio clim\u00e1tico\",\"Ministro Walker\"],\"articleSection\":[\"Agricultura\"],\"inLanguage\":\"es\"},{\"@type\":\"WebPage\",\"@id\":\"https:\/\/www.mundoagropecuario.cl\/new\/estudian-intervencion-de-nubes-para-transformar-granizo-en-agua\/\",\"url\":\"https:\/\/www.mundoagropecuario.cl\/new\/estudian-intervencion-de-nubes-para-transformar-granizo-en-agua\/\",\"name\":\"Estudian intervenci\u00f3n de nubes para transformar granizo en agua - Mundoagropecuario\",\"isPartOf\":{\"@id\":\"https:\/\/www.mundoagropecuario.cl\/new\/#website\"},\"primaryImageOfPage\":{\"@id\":\"https:\/\/www.mundoagropecuario.cl\/new\/estudian-intervencion-de-nubes-para-transformar-granizo-en-agua\/#primaryimage\"},\"image\":{\"@id\":\"https:\/\/www.mundoagropecuario.cl\/new\/estudian-intervencion-de-nubes-para-transformar-granizo-en-agua\/#primaryimage\"},\"thumbnailUrl\":\"https:\/\/www.mundoagropecuario.cl\/new\/wp-content\/uploads\/2019\/09\/Ministro-Walker-Chile-Week-3.jpeg\",\"datePublished\":\"2019-09-02T05:00:59+00:00\",\"dateModified\":\"2019-09-03T14:23:44+00:00\",\"breadcrumb\":{\"@id\":\"https:\/\/www.mundoagropecuario.cl\/new\/estudian-intervencion-de-nubes-para-transformar-granizo-en-agua\/#breadcrumb\"},\"inLanguage\":\"es\",\"potentialAction\":[{\"@type\":\"ReadAction\",\"target\":[\"https:\/\/www.mundoagropecuario.cl\/new\/estudian-intervencion-de-nubes-para-transformar-granizo-en-agua\/\"]}]},{\"@type\":\"ImageObject\",\"inLanguage\":\"es\",\"@id\":\"https:\/\/www.mundoagropecuario.cl\/new\/estudian-intervencion-de-nubes-para-transformar-granizo-en-agua\/#primaryimage\",\"url\":\"https:\/\/www.mundoagropecuario.cl\/new\/wp-content\/uploads\/2019\/09\/Ministro-Walker-Chile-Week-3.jpeg\",\"contentUrl\":\"https:\/\/www.mundoagropecuario.cl\/new\/wp-content\/uploads\/2019\/09\/Ministro-Walker-Chile-Week-3.jpeg\",\"width\":533,\"height\":400},{\"@type\":\"BreadcrumbList\",\"@id\":\"https:\/\/www.mundoagropecuario.cl\/new\/estudian-intervencion-de-nubes-para-transformar-granizo-en-agua\/#breadcrumb\",\"itemListElement\":[{\"@type\":\"ListItem\",\"position\":1,\"name\":\"Portada\",\"item\":\"https:\/\/www.mundoagropecuario.cl\/new\/\"},{\"@type\":\"ListItem\",\"position\":2,\"name\":\"Estudian intervenci\u00f3n de nubes para transformar granizo en agua\"}]},{\"@type\":\"WebSite\",\"@id\":\"https:\/\/www.mundoagropecuario.cl\/new\/#website\",\"url\":\"https:\/\/www.mundoagropecuario.cl\/new\/\",\"name\":\"Mundoagropecuario\",\"description\":\"Mundo Agropecuario\",\"publisher\":{\"@id\":\"https:\/\/www.mundoagropecuario.cl\/new\/#organization\"},\"potentialAction\":[{\"@type\":\"SearchAction\",\"target\":{\"@type\":\"EntryPoint\",\"urlTemplate\":\"https:\/\/www.mundoagropecuario.cl\/new\/?s={search_term_string}\"},\"query-input\":{\"@type\":\"PropertyValueSpecification\",\"valueRequired\":true,\"valueName\":\"search_term_string\"}}],\"inLanguage\":\"es\"},{\"@type\":\"Organization\",\"@id\":\"https:\/\/www.mundoagropecuario.cl\/new\/#organization\",\"name\":\"Revista de Agricultura\",\"url\":\"https:\/\/www.mundoagropecuario.cl\/new\/\",\"logo\":{\"@type\":\"ImageObject\",\"inLanguage\":\"es\",\"@id\":\"https:\/\/www.mundoagropecuario.cl\/new\/#\/schema\/logo\/image\/\",\"url\":\"https:\/\/www.mundoagropecuario.cl\/new\/wp-content\/uploads\/2020\/11\/PORTAL-1-1.png\",\"contentUrl\":\"https:\/\/www.mundoagropecuario.cl\/new\/wp-content\/uploads\/2020\/11\/PORTAL-1-1.png\",\"width\":1026,\"height\":100,\"caption\":\"Revista de Agricultura\"},\"image\":{\"@id\":\"https:\/\/www.mundoagropecuario.cl\/new\/#\/schema\/logo\/image\/\"},\"sameAs\":[\"https:\/\/www.facebook.com\/mundo.agropecuario.3\",\"https:\/\/x.com\/MundoAgropecuar\",\"https:\/\/www.linkedin.com\/in\/mundo-agropecuario-934009201\/\"]},{\"@type\":\"Person\",\"@id\":\"https:\/\/www.mundoagropecuario.cl\/new\/#\/schema\/person\/4e9f74a82a7dac260eb1c44b7eebeb18\",\"name\":\"mundo\",\"url\":\"https:\/\/www.mundoagropecuario.cl\/new\/author\/mundo\/\"}]}<\/script>\n<!-- \/ Yoast SEO plugin. -->","yoast_head_json":{"title":"Estudian intervenci\u00f3n de nubes para transformar granizo en agua - Mundoagropecuario","robots":{"index":"index","follow":"follow","max-snippet":"max-snippet:-1","max-image-preview":"max-image-preview:large","max-video-preview":"max-video-preview:-1"},"canonical":"https:\/\/www.mundoagropecuario.cl\/new\/estudian-intervencion-de-nubes-para-transformar-granizo-en-agua\/","og_locale":"es_ES","og_type":"article","og_title":"Estudian intervenci\u00f3n de nubes para transformar granizo en agua - Mundoagropecuario","og_description":"El Ministro Walker visit\u00f3 el centro de bombardeo de nubes del distrito de Jizhou, en esta visita se reuni\u00f3 con la encargada de la Administraci\u00f3n Meteorol\u00f3gica de China, Liu Yaming,...","og_url":"https:\/\/www.mundoagropecuario.cl\/new\/estudian-intervencion-de-nubes-para-transformar-granizo-en-agua\/","og_site_name":"Mundoagropecuario","article_publisher":"https:\/\/www.facebook.com\/mundo.agropecuario.3","article_published_time":"2019-09-02T05:00:59+00:00","article_modified_time":"2019-09-03T14:23:44+00:00","og_image":[{"width":1024,"height":768,"url":"https:\/\/www.mundoagropecuario.cl\/new\/wp-content\/uploads\/2019\/09\/Ministro-Walker-Chile-Week-3.jpeg","type":"image\/jpeg"}],"author":"mundo","twitter_card":"summary_large_image","twitter_creator":"@MundoAgropecuar","twitter_site":"@MundoAgropecuar","twitter_misc":{"Escrito por":"mundo","Tiempo de lectura":"2 minutos"},"schema":{"@context":"https:\/\/schema.org","@graph":[{"@type":"Article","@id":"https:\/\/www.mundoagropecuario.cl\/new\/estudian-intervencion-de-nubes-para-transformar-granizo-en-agua\/#article","isPartOf":{"@id":"https:\/\/www.mundoagropecuario.cl\/new\/estudian-intervencion-de-nubes-para-transformar-granizo-en-agua\/"},"author":{"name":"mundo","@id":"https:\/\/www.mundoagropecuario.cl\/new\/#\/schema\/person\/4e9f74a82a7dac260eb1c44b7eebeb18"},"headline":"Estudian intervenci\u00f3n de nubes para transformar granizo en agua","datePublished":"2019-09-02T05:00:59+00:00","dateModified":"2019-09-03T14:23:44+00:00","mainEntityOfPage":{"@id":"https:\/\/www.mundoagropecuario.cl\/new\/estudian-intervencion-de-nubes-para-transformar-granizo-en-agua\/"},"wordCount":462,"publisher":{"@id":"https:\/\/www.mundoagropecuario.cl\/new\/#organization"},"image":{"@id":"https:\/\/www.mundoagropecuario.cl\/new\/estudian-intervencion-de-nubes-para-transformar-granizo-en-agua\/#primaryimage"},"thumbnailUrl":"https:\/\/www.mundoagropecuario.cl\/new\/wp-content\/uploads\/2019\/09\/Ministro-Walker-Chile-Week-3.jpeg","keywords":["Agricultura","Cambio clim\u00e1tico","Ministro Walker"],"articleSection":["Agricultura"],"inLanguage":"es"},{"@type":"WebPage","@id":"https:\/\/www.mundoagropecuario.cl\/new\/estudian-intervencion-de-nubes-para-transformar-granizo-en-agua\/","url":"https:\/\/www.mundoagropecuario.cl\/new\/estudian-intervencion-de-nubes-para-transformar-granizo-en-agua\/","name":"Estudian intervenci\u00f3n de nubes para transformar granizo en agua - Mundoagropecuario","isPartOf":{"@id":"https:\/\/www.mundoagropecuario.cl\/new\/#website"},"primaryImageOfPage":{"@id":"https:\/\/www.mundoagropecuario.cl\/new\/estudian-intervencion-de-nubes-para-transformar-granizo-en-agua\/#primaryimage"},"image":{"@id":"https:\/\/www.mundoagropecuario.cl\/new\/estudian-intervencion-de-nubes-para-transformar-granizo-en-agua\/#primaryimage"},"thumbnailUrl":"https:\/\/www.mundoagropecuario.cl\/new\/wp-content\/uploads\/2019\/09\/Ministro-Walker-Chile-Week-3.jpeg","datePublished":"2019-09-02T05:00:59+00:00","dateModified":"2019-09-03T14:23:44+00:00","breadcrumb":{"@id":"https:\/\/www.mundoagropecuario.cl\/new\/estudian-intervencion-de-nubes-para-transformar-granizo-en-agua\/#breadcrumb"},"inLanguage":"es","potentialAction":[{"@type":"ReadAction","target":["https:\/\/www.mundoagropecuario.cl\/new\/estudian-intervencion-de-nubes-para-transformar-granizo-en-agua\/"]}]},{"@type":"ImageObject","inLanguage":"es","@id":"https:\/\/www.mundoagropecuario.cl\/new\/estudian-intervencion-de-nubes-para-transformar-granizo-en-agua\/#primaryimage","url":"https:\/\/www.mundoagropecuario.cl\/new\/wp-content\/uploads\/2019\/09\/Ministro-Walker-Chile-Week-3.jpeg","contentUrl":"https:\/\/www.mundoagropecuario.cl\/new\/wp-content\/uploads\/2019\/09\/Ministro-Walker-Chile-Week-3.jpeg","width":533,"height":400},{"@type":"BreadcrumbList","@id":"https:\/\/www.mundoagropecuario.cl\/new\/estudian-intervencion-de-nubes-para-transformar-granizo-en-agua\/#breadcrumb","itemListElement":[{"@type":"ListItem","position":1,"name":"Portada","item":"https:\/\/www.mundoagropecuario.cl\/new\/"},{"@type":"ListItem","position":2,"name":"Estudian intervenci\u00f3n de nubes para transformar granizo en agua"}]},{"@type":"WebSite","@id":"https:\/\/www.mundoagropecuario.cl\/new\/#website","url":"https:\/\/www.mundoagropecuario.cl\/new\/","name":"Mundoagropecuario","description":"Mundo Agropecuario","publisher":{"@id":"https:\/\/www.mundoagropecuario.cl\/new\/#organization"},"potentialAction":[{"@type":"SearchAction","target":{"@type":"EntryPoint","urlTemplate":"https:\/\/www.mundoagropecuario.cl\/new\/?s={search_term_string}"},"query-input":{"@type":"PropertyValueSpecification","valueRequired":true,"valueName":"search_term_string"}}],"inLanguage":"es"},{"@type":"Organization","@id":"https:\/\/www.mundoagropecuario.cl\/new\/#organization","name":"Revista de Agricultura","url":"https:\/\/www.mundoagropecuario.cl\/new\/","logo":{"@type":"ImageObject","inLanguage":"es","@id":"https:\/\/www.mundoagropecuario.cl\/new\/#\/schema\/logo\/image\/","url":"https:\/\/www.mundoagropecuario.cl\/new\/wp-content\/uploads\/2020\/11\/PORTAL-1-1.png","contentUrl":"https:\/\/www.mundoagropecuario.cl\/new\/wp-content\/uploads\/2020\/11\/PORTAL-1-1.png","width":1026,"height":100,"caption":"Revista de Agricultura"},"image":{"@id":"https:\/\/www.mundoagropecuario.cl\/new\/#\/schema\/logo\/image\/"},"sameAs":["https:\/\/www.facebook.com\/mundo.agropecuario.3","https:\/\/x.com\/MundoAgropecuar","https:\/\/www.linkedin.com\/in\/mundo-agropecuario-934009201\/"]},{"@type":"Person","@id":"https:\/\/www.mundoagropecuario.cl\/new\/#\/schema\/person\/4e9f74a82a7dac260eb1c44b7eebeb18","name":"mundo","url":"https:\/\/www.mundoagropecuario.cl\/new\/author\/mundo\/"}]}},"_links":{"self":[{"href":"https:\/\/www.mundoagropecuario.cl\/new\/wp-json\/wp\/v2\/posts\/13635","targetHints":{"allow":["GET"]}}],"collection":[{"href":"https:\/\/www.mundoagropecuario.cl\/new\/wp-json\/wp\/v2\/posts"}],"about":[{"href":"https:\/\/www.mundoagropecuario.cl\/new\/wp-json\/wp\/v2\/types\/post"}],"author":[{"embeddable":true,"href":"https:\/\/www.mundoagropecuario.cl\/new\/wp-json\/wp\/v2\/users\/2"}],"replies":[{"embeddable":true,"href":"https:\/\/www.mundoagropecuario.cl\/new\/wp-json\/wp\/v2\/comments?post=13635"}],"version-history":[{"count":2,"href":"https:\/\/www.mundoagropecuario.cl\/new\/wp-json\/wp\/v2\/posts\/13635\/revisions"}],"predecessor-version":[{"id":13680,"href":"https:\/\/www.mundoagropecuario.cl\/new\/wp-json\/wp\/v2\/posts\/13635\/revisions\/13680"}],"wp:featuredmedia":[{"embeddable":true,"href":"https:\/\/www.mundoagropecuario.cl\/new\/wp-json\/wp\/v2\/media\/13638"}],"wp:attachment":[{"href":"https:\/\/www.mundoagropecuario.cl\/new\/wp-json\/wp\/v2\/media?parent=13635"}],"wp:term":[{"taxonomy":"category","embeddable":true,"href":"https:\/\/www.mundoagropecuario.cl\/new\/wp-json\/wp\/v2\/categories?post=13635"},{"taxonomy":"post_tag","embeddable":true,"href":"https:\/\/www.mundoagropecuario.cl\/new\/wp-json\/wp\/v2\/tags?post=13635"}],"curies":[{"name":"wp","href":"https:\/\/api.w.org\/{rel}","templated":true}]}}