{"id":13459,"date":"2019-08-23T11:25:12","date_gmt":"2019-08-23T14:25:12","guid":{"rendered":"http:\/\/www.mundoagropecuario.cl\/new\/?p=13459"},"modified":"2019-08-26T11:42:00","modified_gmt":"2019-08-26T14:42:00","slug":"cooprinsem-presente-en-feria-agroexpo-2019","status":"publish","type":"post","link":"https:\/\/www.mundoagropecuario.cl\/new\/cooprinsem-presente-en-feria-agroexpo-2019\/","title":{"rendered":"Cooprinsem presente en feria Agroexpo 2019"},"content":{"rendered":"\n<ul class=\"wp-block-gallery columns-0 is-cropped wp-block-gallery-1 is-layout-flex wp-block-gallery-is-layout-flex\"><\/ul>\n\n\n\n<p><\/p>\n\n\n\n<p class=\"has-medium-font-size\"><em>Profesional de la Cooperativa fue invitado a juzgar diferentes categor\u00edas de la raza Montbeliarde, representadas por sesenta ejemplares entre machos y hembras (Mundo Agropecuario).<\/em><\/p>\n\n\n\n<p>El M\u00e9dico Veterinario del Departamento de Reproducci\u00f3n e Inseminaci\u00f3n Artificial de Cooprinsem, Julio Guerra, tuvo una destacada participaci\u00f3n como Juez Internacional de la Raza Montbeliarde, en la Feria Agroexpo 2019, desarrollada en la ciudad de Bogot\u00e1, Colombia.<\/p>\n\n\n\n<div class=\"wp-block-image\"><figure class=\"alignleft is-resized\"><img loading=\"lazy\" decoding=\"async\" src=\"https:\/\/www.mundoagropecuario.cl\/new\/wp-content\/uploads\/2019\/08\/Feria-AgroExpo-Colombia-Cooprinsem-3-1024x683.jpg\" alt=\"\" class=\"wp-image-13461\" width=\"381\" height=\"253\" srcset=\"https:\/\/www.mundoagropecuario.cl\/new\/wp-content\/uploads\/2019\/08\/Feria-AgroExpo-Colombia-Cooprinsem-3-1024x683.jpg 1024w, https:\/\/www.mundoagropecuario.cl\/new\/wp-content\/uploads\/2019\/08\/Feria-AgroExpo-Colombia-Cooprinsem-3-586x391.jpg 586w, https:\/\/www.mundoagropecuario.cl\/new\/wp-content\/uploads\/2019\/08\/Feria-AgroExpo-Colombia-Cooprinsem-3-768x512.jpg 768w, https:\/\/www.mundoagropecuario.cl\/new\/wp-content\/uploads\/2019\/08\/Feria-AgroExpo-Colombia-Cooprinsem-3.jpg 600w\" sizes=\"auto, (max-width: 381px) 100vw, 381px\" \/><\/figure><\/div>\n\n\n\n<p>El profesional asisti\u00f3 a esta cita invitado por la Cooperativa de Exportaci\u00f3n de Gen\u00e9tica Montbeliarde de Francia (Coopex-Montbeliarde) y la Asociaci\u00f3n Colombiana de Criadores de Ganado Montbeliarde y sus Cruzas (Asomontbeliarde), en reconocimiento a su destacada trayectoria y conocimiento para juzgar ejemplares en este tipo de cert\u00e1menes.<\/p>\n\n\n\n<p>A su llegada, el Doctor Guerra fue recibido por Xavier Aveline, Export Manager de CoopexMontbeliarde para Latino Am\u00e9rica; Luis Alfonso Gonz\u00e1lez, Gerente General de Inseminar Gs C\u00eda. Ltda. (distribuidor de Coopex-Montbeliarde en Colombia). De igual forma, el experto de Cooprinsem comparti\u00f3 labores con Directivos de la Asociaci\u00f3n Colombiana de Criadores de Ganado Montbeliarde y sus Cruces (Asomontbeliarde) Olbany Mu\u00f1oz (Presidente), Rafael Chac\u00f3n (Vicepresidente) y David Hidalgo (Director Ejecutivo), con quienes particip\u00f3 junto a los ganaderos expositores en distintas actividades, siendo la principal misi\u00f3n tener que juzgar las diferentes categor\u00edas de la raza, representadas por sesenta ejemplares entre machos y hembras.<\/p>\n\n\n\n<p>Sobre la Agroexpo 2019, el Doctor Guerra destac\u00f3 la sobresaliente calidad del ganado expuesto y la excelente preparaci\u00f3n y presentaci\u00f3n de los mismos.<\/p>\n\n\n\n<p>Agroexpo<\/p>\n\n\n\n<p>Agroexpo es la feria que ha reunido al sector agropecuario a lo largo de 42 a\u00f1os, logrando consolidarse como la m\u00e1s representativa en Centroam\u00e9rica y el Caribe. Cada 2 a\u00f1os se abren las puertas del recinto de Corferias, en la capital colombiana, para el desarrollo de esta muestra que promueve la generaci\u00f3n de negocios y contactos comerciales que fortalecen las redes de networking del sector agropecuario.<\/p>\n\n\n\n<p>Este a\u00f1o, la XXII edici\u00f3n de Agroexpo se realiz\u00f3 entre el 11 y 21 de julio, y reuni\u00f3 a 500 expositores distribuidos en 23 pabellones. Participaron delegaciones y empresas de Austria, Brasil, China, Corea del Sur, Cuba, Ecuador, Estados Unidos, Francia, Italia, Espa\u00f1a, Polonia, Portugal, Taiw\u00e1n y Turqu\u00eda, y 200.000 personas visitaron la feria durante los dos d\u00edas de exposici\u00f3n.<\/p>\n\n\n\n<p>En el \u00e1mbito pecuario, participan todas asociaciones de criadores de Colombia a trav\u00e9s de la exhibici\u00f3n de m\u00e1s de 4.500 animales de diferentes especies. Adem\u00e1s de equinos, ovinos, caprinos, se exhiben principalmente ejemplares bovinos de razas de leche y carne, tales como Holstein, Montbeliarde, Jersey, Gyr, Ceb\u00fa, Brahman, Nelore, Simmental, Simbrah, Charolais, Limousin, Blond\u2019Aquitaine, y razas criollas como Blanco Ojinegro, Romosinuamo, Hart\u00f3n del Valle, Casanare\u00f1o, Vel\u00e1squez, entre otras.<\/p>\n\n\n\n<div class=\"wp-block-image\"><figure class=\"aligncenter\"><img loading=\"lazy\" decoding=\"async\" width=\"1024\" height=\"768\" src=\"https:\/\/www.mundoagropecuario.cl\/new\/wp-content\/uploads\/2019\/08\/Feria-AgroExpo-Colombia-Cooprinsem-2-1024x768.jpg\" alt=\"\" class=\"wp-image-13460\" srcset=\"https:\/\/www.mundoagropecuario.cl\/new\/wp-content\/uploads\/2019\/08\/Feria-AgroExpo-Colombia-Cooprinsem-2-1024x768.jpg 1024w, https:\/\/www.mundoagropecuario.cl\/new\/wp-content\/uploads\/2019\/08\/Feria-AgroExpo-Colombia-Cooprinsem-2-586x440.jpg 586w, https:\/\/www.mundoagropecuario.cl\/new\/wp-content\/uploads\/2019\/08\/Feria-AgroExpo-Colombia-Cooprinsem-2-768x576.jpg 768w, https:\/\/www.mundoagropecuario.cl\/new\/wp-content\/uploads\/2019\/08\/Feria-AgroExpo-Colombia-Cooprinsem-2.jpg 533w\" sizes=\"auto, (max-width: 1024px) 100vw, 1024px\" \/><\/figure><\/div>\n\n\n\n<p>En esta versi\u00f3n, adem\u00e1s de los animales de raza pura, se expusieron ejemplares cruzados de Montbeliarde con razas como Holstein, y tambi\u00e9n con las CebuinasGyr, Red Sindi, adem\u00e1s con razas criollas como la Hart\u00f3n del Valle, originaria del Valle del Cauca.&nbsp;<\/p>\n\n\n\n<p>Cabe mencionar que en Colombia la Montbeliarde, tanto en raza pura como en cruce, ha mostrado gran rusticidad y adaptaci\u00f3n a diferentes condiciones agroclim\u00e1ticas (altura, altas temperaturas y humedad), as\u00ed como una buena resistencia a ectopar\u00e1sitos. Estos factores, sumados a su calidad lechera con alto contenido de s\u00f3lidos, y a la valoraci\u00f3n c\u00e1rnica de sus machos, explican el fuerte desarrollo que la raza Montbeliarde experimenta en el pa\u00eds caribe\u00f1o.<\/p>\n","protected":false},"excerpt":{"rendered":"<p>Profesional de la Cooperativa fue invitado a juzgar diferentes categor\u00edas de la raza Montbeliarde, representadas por sesenta ejemplares entre machos y hembras (Mundo Agropecuario). El M\u00e9dico Veterinario del Departamento de&#8230;<\/p>\n","protected":false},"author":2,"featured_media":13462,"comment_status":"closed","ping_status":"closed","sticky":false,"template":"","format":"standard","meta":{"footnotes":""},"categories":[1945],"tags":[2090,4137,2261,2187,4138,4135],"class_list":["post-13459","post","type-post","status-publish","format-standard","has-post-thumbnail","hentry","category-agricultura","tag-agricultura","tag-agroexpo-2019","tag-cooprinsem","tag-ganaderia","tag-julio-guerra","tag-lacteo"],"yoast_head":"<!-- This site is optimized with the Yoast SEO plugin v26.6 - https:\/\/yoast.com\/wordpress\/plugins\/seo\/ -->\n<title>Cooprinsem presente en feria Agroexpo 2019 - Mundoagropecuario<\/title>\n<meta name=\"robots\" content=\"index, follow, max-snippet:-1, max-image-preview:large, max-video-preview:-1\" \/>\n<link rel=\"canonical\" href=\"https:\/\/www.mundoagropecuario.cl\/new\/cooprinsem-presente-en-feria-agroexpo-2019\/\" \/>\n<meta property=\"og:locale\" content=\"es_ES\" \/>\n<meta property=\"og:type\" content=\"article\" \/>\n<meta property=\"og:title\" content=\"Cooprinsem presente en feria Agroexpo 2019 - Mundoagropecuario\" \/>\n<meta property=\"og:description\" content=\"Profesional de la Cooperativa fue invitado a juzgar diferentes categor\u00edas de la raza Montbeliarde, representadas por sesenta ejemplares entre machos y hembras (Mundo Agropecuario). El M\u00e9dico Veterinario del Departamento de...\" \/>\n<meta property=\"og:url\" content=\"https:\/\/www.mundoagropecuario.cl\/new\/cooprinsem-presente-en-feria-agroexpo-2019\/\" \/>\n<meta property=\"og:site_name\" content=\"Mundoagropecuario\" \/>\n<meta property=\"article:publisher\" content=\"https:\/\/www.facebook.com\/mundo.agropecuario.3\" \/>\n<meta property=\"article:published_time\" content=\"2019-08-23T14:25:12+00:00\" \/>\n<meta property=\"article:modified_time\" content=\"2019-08-26T14:42:00+00:00\" \/>\n<meta property=\"og:image\" content=\"https:\/\/www.mundoagropecuario.cl\/new\/wp-content\/uploads\/2019\/08\/Feria-AgroExpo-Colombia-Cooprinsem-4.jpg\" \/>\n\t<meta property=\"og:image:width\" content=\"1024\" \/>\n\t<meta property=\"og:image:height\" content=\"683\" \/>\n\t<meta property=\"og:image:type\" content=\"image\/jpeg\" \/>\n<meta name=\"author\" content=\"mundo\" \/>\n<meta name=\"twitter:card\" content=\"summary_large_image\" \/>\n<meta name=\"twitter:creator\" content=\"@MundoAgropecuar\" \/>\n<meta name=\"twitter:site\" content=\"@MundoAgropecuar\" \/>\n<meta name=\"twitter:label1\" content=\"Escrito por\" \/>\n\t<meta name=\"twitter:data1\" content=\"mundo\" \/>\n\t<meta name=\"twitter:label2\" content=\"Tiempo de lectura\" \/>\n\t<meta name=\"twitter:data2\" content=\"3 minutos\" \/>\n<script type=\"application\/ld+json\" class=\"yoast-schema-graph\">{\"@context\":\"https:\/\/schema.org\",\"@graph\":[{\"@type\":\"Article\",\"@id\":\"https:\/\/www.mundoagropecuario.cl\/new\/cooprinsem-presente-en-feria-agroexpo-2019\/#article\",\"isPartOf\":{\"@id\":\"https:\/\/www.mundoagropecuario.cl\/new\/cooprinsem-presente-en-feria-agroexpo-2019\/\"},\"author\":{\"name\":\"mundo\",\"@id\":\"https:\/\/www.mundoagropecuario.cl\/new\/#\/schema\/person\/4e9f74a82a7dac260eb1c44b7eebeb18\"},\"headline\":\"Cooprinsem presente en feria Agroexpo 2019\",\"datePublished\":\"2019-08-23T14:25:12+00:00\",\"dateModified\":\"2019-08-26T14:42:00+00:00\",\"mainEntityOfPage\":{\"@id\":\"https:\/\/www.mundoagropecuario.cl\/new\/cooprinsem-presente-en-feria-agroexpo-2019\/\"},\"wordCount\":584,\"publisher\":{\"@id\":\"https:\/\/www.mundoagropecuario.cl\/new\/#organization\"},\"image\":{\"@id\":\"https:\/\/www.mundoagropecuario.cl\/new\/cooprinsem-presente-en-feria-agroexpo-2019\/#primaryimage\"},\"thumbnailUrl\":\"https:\/\/www.mundoagropecuario.cl\/new\/wp-content\/uploads\/2019\/08\/Feria-AgroExpo-Colombia-Cooprinsem-4.jpg\",\"keywords\":[\"Agricultura\",\"Agroexpo 2019\",\"Cooprinsem\",\"Ganader\u00eda\",\"Julio Guerra\",\"Lacteo\"],\"articleSection\":[\"Agricultura\"],\"inLanguage\":\"es\"},{\"@type\":\"WebPage\",\"@id\":\"https:\/\/www.mundoagropecuario.cl\/new\/cooprinsem-presente-en-feria-agroexpo-2019\/\",\"url\":\"https:\/\/www.mundoagropecuario.cl\/new\/cooprinsem-presente-en-feria-agroexpo-2019\/\",\"name\":\"Cooprinsem presente en feria Agroexpo 2019 - Mundoagropecuario\",\"isPartOf\":{\"@id\":\"https:\/\/www.mundoagropecuario.cl\/new\/#website\"},\"primaryImageOfPage\":{\"@id\":\"https:\/\/www.mundoagropecuario.cl\/new\/cooprinsem-presente-en-feria-agroexpo-2019\/#primaryimage\"},\"image\":{\"@id\":\"https:\/\/www.mundoagropecuario.cl\/new\/cooprinsem-presente-en-feria-agroexpo-2019\/#primaryimage\"},\"thumbnailUrl\":\"https:\/\/www.mundoagropecuario.cl\/new\/wp-content\/uploads\/2019\/08\/Feria-AgroExpo-Colombia-Cooprinsem-4.jpg\",\"datePublished\":\"2019-08-23T14:25:12+00:00\",\"dateModified\":\"2019-08-26T14:42:00+00:00\",\"breadcrumb\":{\"@id\":\"https:\/\/www.mundoagropecuario.cl\/new\/cooprinsem-presente-en-feria-agroexpo-2019\/#breadcrumb\"},\"inLanguage\":\"es\",\"potentialAction\":[{\"@type\":\"ReadAction\",\"target\":[\"https:\/\/www.mundoagropecuario.cl\/new\/cooprinsem-presente-en-feria-agroexpo-2019\/\"]}]},{\"@type\":\"ImageObject\",\"inLanguage\":\"es\",\"@id\":\"https:\/\/www.mundoagropecuario.cl\/new\/cooprinsem-presente-en-feria-agroexpo-2019\/#primaryimage\",\"url\":\"https:\/\/www.mundoagropecuario.cl\/new\/wp-content\/uploads\/2019\/08\/Feria-AgroExpo-Colombia-Cooprinsem-4.jpg\",\"contentUrl\":\"https:\/\/www.mundoagropecuario.cl\/new\/wp-content\/uploads\/2019\/08\/Feria-AgroExpo-Colombia-Cooprinsem-4.jpg\",\"width\":600,\"height\":400},{\"@type\":\"BreadcrumbList\",\"@id\":\"https:\/\/www.mundoagropecuario.cl\/new\/cooprinsem-presente-en-feria-agroexpo-2019\/#breadcrumb\",\"itemListElement\":[{\"@type\":\"ListItem\",\"position\":1,\"name\":\"Portada\",\"item\":\"https:\/\/www.mundoagropecuario.cl\/new\/\"},{\"@type\":\"ListItem\",\"position\":2,\"name\":\"Cooprinsem presente en feria Agroexpo 2019\"}]},{\"@type\":\"WebSite\",\"@id\":\"https:\/\/www.mundoagropecuario.cl\/new\/#website\",\"url\":\"https:\/\/www.mundoagropecuario.cl\/new\/\",\"name\":\"Mundoagropecuario\",\"description\":\"Mundo Agropecuario\",\"publisher\":{\"@id\":\"https:\/\/www.mundoagropecuario.cl\/new\/#organization\"},\"potentialAction\":[{\"@type\":\"SearchAction\",\"target\":{\"@type\":\"EntryPoint\",\"urlTemplate\":\"https:\/\/www.mundoagropecuario.cl\/new\/?s={search_term_string}\"},\"query-input\":{\"@type\":\"PropertyValueSpecification\",\"valueRequired\":true,\"valueName\":\"search_term_string\"}}],\"inLanguage\":\"es\"},{\"@type\":\"Organization\",\"@id\":\"https:\/\/www.mundoagropecuario.cl\/new\/#organization\",\"name\":\"Revista de Agricultura\",\"url\":\"https:\/\/www.mundoagropecuario.cl\/new\/\",\"logo\":{\"@type\":\"ImageObject\",\"inLanguage\":\"es\",\"@id\":\"https:\/\/www.mundoagropecuario.cl\/new\/#\/schema\/logo\/image\/\",\"url\":\"https:\/\/www.mundoagropecuario.cl\/new\/wp-content\/uploads\/2020\/11\/PORTAL-1-1.png\",\"contentUrl\":\"https:\/\/www.mundoagropecuario.cl\/new\/wp-content\/uploads\/2020\/11\/PORTAL-1-1.png\",\"width\":1026,\"height\":100,\"caption\":\"Revista de Agricultura\"},\"image\":{\"@id\":\"https:\/\/www.mundoagropecuario.cl\/new\/#\/schema\/logo\/image\/\"},\"sameAs\":[\"https:\/\/www.facebook.com\/mundo.agropecuario.3\",\"https:\/\/x.com\/MundoAgropecuar\",\"https:\/\/www.linkedin.com\/in\/mundo-agropecuario-934009201\/\"]},{\"@type\":\"Person\",\"@id\":\"https:\/\/www.mundoagropecuario.cl\/new\/#\/schema\/person\/4e9f74a82a7dac260eb1c44b7eebeb18\",\"name\":\"mundo\",\"url\":\"https:\/\/www.mundoagropecuario.cl\/new\/author\/mundo\/\"}]}<\/script>\n<!-- \/ Yoast SEO plugin. -->","yoast_head_json":{"title":"Cooprinsem presente en feria Agroexpo 2019 - Mundoagropecuario","robots":{"index":"index","follow":"follow","max-snippet":"max-snippet:-1","max-image-preview":"max-image-preview:large","max-video-preview":"max-video-preview:-1"},"canonical":"https:\/\/www.mundoagropecuario.cl\/new\/cooprinsem-presente-en-feria-agroexpo-2019\/","og_locale":"es_ES","og_type":"article","og_title":"Cooprinsem presente en feria Agroexpo 2019 - Mundoagropecuario","og_description":"Profesional de la Cooperativa fue invitado a juzgar diferentes categor\u00edas de la raza Montbeliarde, representadas por sesenta ejemplares entre machos y hembras (Mundo Agropecuario). El M\u00e9dico Veterinario del Departamento de...","og_url":"https:\/\/www.mundoagropecuario.cl\/new\/cooprinsem-presente-en-feria-agroexpo-2019\/","og_site_name":"Mundoagropecuario","article_publisher":"https:\/\/www.facebook.com\/mundo.agropecuario.3","article_published_time":"2019-08-23T14:25:12+00:00","article_modified_time":"2019-08-26T14:42:00+00:00","og_image":[{"width":1024,"height":683,"url":"https:\/\/www.mundoagropecuario.cl\/new\/wp-content\/uploads\/2019\/08\/Feria-AgroExpo-Colombia-Cooprinsem-4.jpg","type":"image\/jpeg"}],"author":"mundo","twitter_card":"summary_large_image","twitter_creator":"@MundoAgropecuar","twitter_site":"@MundoAgropecuar","twitter_misc":{"Escrito por":"mundo","Tiempo de lectura":"3 minutos"},"schema":{"@context":"https:\/\/schema.org","@graph":[{"@type":"Article","@id":"https:\/\/www.mundoagropecuario.cl\/new\/cooprinsem-presente-en-feria-agroexpo-2019\/#article","isPartOf":{"@id":"https:\/\/www.mundoagropecuario.cl\/new\/cooprinsem-presente-en-feria-agroexpo-2019\/"},"author":{"name":"mundo","@id":"https:\/\/www.mundoagropecuario.cl\/new\/#\/schema\/person\/4e9f74a82a7dac260eb1c44b7eebeb18"},"headline":"Cooprinsem presente en feria Agroexpo 2019","datePublished":"2019-08-23T14:25:12+00:00","dateModified":"2019-08-26T14:42:00+00:00","mainEntityOfPage":{"@id":"https:\/\/www.mundoagropecuario.cl\/new\/cooprinsem-presente-en-feria-agroexpo-2019\/"},"wordCount":584,"publisher":{"@id":"https:\/\/www.mundoagropecuario.cl\/new\/#organization"},"image":{"@id":"https:\/\/www.mundoagropecuario.cl\/new\/cooprinsem-presente-en-feria-agroexpo-2019\/#primaryimage"},"thumbnailUrl":"https:\/\/www.mundoagropecuario.cl\/new\/wp-content\/uploads\/2019\/08\/Feria-AgroExpo-Colombia-Cooprinsem-4.jpg","keywords":["Agricultura","Agroexpo 2019","Cooprinsem","Ganader\u00eda","Julio Guerra","Lacteo"],"articleSection":["Agricultura"],"inLanguage":"es"},{"@type":"WebPage","@id":"https:\/\/www.mundoagropecuario.cl\/new\/cooprinsem-presente-en-feria-agroexpo-2019\/","url":"https:\/\/www.mundoagropecuario.cl\/new\/cooprinsem-presente-en-feria-agroexpo-2019\/","name":"Cooprinsem presente en feria Agroexpo 2019 - Mundoagropecuario","isPartOf":{"@id":"https:\/\/www.mundoagropecuario.cl\/new\/#website"},"primaryImageOfPage":{"@id":"https:\/\/www.mundoagropecuario.cl\/new\/cooprinsem-presente-en-feria-agroexpo-2019\/#primaryimage"},"image":{"@id":"https:\/\/www.mundoagropecuario.cl\/new\/cooprinsem-presente-en-feria-agroexpo-2019\/#primaryimage"},"thumbnailUrl":"https:\/\/www.mundoagropecuario.cl\/new\/wp-content\/uploads\/2019\/08\/Feria-AgroExpo-Colombia-Cooprinsem-4.jpg","datePublished":"2019-08-23T14:25:12+00:00","dateModified":"2019-08-26T14:42:00+00:00","breadcrumb":{"@id":"https:\/\/www.mundoagropecuario.cl\/new\/cooprinsem-presente-en-feria-agroexpo-2019\/#breadcrumb"},"inLanguage":"es","potentialAction":[{"@type":"ReadAction","target":["https:\/\/www.mundoagropecuario.cl\/new\/cooprinsem-presente-en-feria-agroexpo-2019\/"]}]},{"@type":"ImageObject","inLanguage":"es","@id":"https:\/\/www.mundoagropecuario.cl\/new\/cooprinsem-presente-en-feria-agroexpo-2019\/#primaryimage","url":"https:\/\/www.mundoagropecuario.cl\/new\/wp-content\/uploads\/2019\/08\/Feria-AgroExpo-Colombia-Cooprinsem-4.jpg","contentUrl":"https:\/\/www.mundoagropecuario.cl\/new\/wp-content\/uploads\/2019\/08\/Feria-AgroExpo-Colombia-Cooprinsem-4.jpg","width":600,"height":400},{"@type":"BreadcrumbList","@id":"https:\/\/www.mundoagropecuario.cl\/new\/cooprinsem-presente-en-feria-agroexpo-2019\/#breadcrumb","itemListElement":[{"@type":"ListItem","position":1,"name":"Portada","item":"https:\/\/www.mundoagropecuario.cl\/new\/"},{"@type":"ListItem","position":2,"name":"Cooprinsem presente en feria Agroexpo 2019"}]},{"@type":"WebSite","@id":"https:\/\/www.mundoagropecuario.cl\/new\/#website","url":"https:\/\/www.mundoagropecuario.cl\/new\/","name":"Mundoagropecuario","description":"Mundo Agropecuario","publisher":{"@id":"https:\/\/www.mundoagropecuario.cl\/new\/#organization"},"potentialAction":[{"@type":"SearchAction","target":{"@type":"EntryPoint","urlTemplate":"https:\/\/www.mundoagropecuario.cl\/new\/?s={search_term_string}"},"query-input":{"@type":"PropertyValueSpecification","valueRequired":true,"valueName":"search_term_string"}}],"inLanguage":"es"},{"@type":"Organization","@id":"https:\/\/www.mundoagropecuario.cl\/new\/#organization","name":"Revista de Agricultura","url":"https:\/\/www.mundoagropecuario.cl\/new\/","logo":{"@type":"ImageObject","inLanguage":"es","@id":"https:\/\/www.mundoagropecuario.cl\/new\/#\/schema\/logo\/image\/","url":"https:\/\/www.mundoagropecuario.cl\/new\/wp-content\/uploads\/2020\/11\/PORTAL-1-1.png","contentUrl":"https:\/\/www.mundoagropecuario.cl\/new\/wp-content\/uploads\/2020\/11\/PORTAL-1-1.png","width":1026,"height":100,"caption":"Revista de Agricultura"},"image":{"@id":"https:\/\/www.mundoagropecuario.cl\/new\/#\/schema\/logo\/image\/"},"sameAs":["https:\/\/www.facebook.com\/mundo.agropecuario.3","https:\/\/x.com\/MundoAgropecuar","https:\/\/www.linkedin.com\/in\/mundo-agropecuario-934009201\/"]},{"@type":"Person","@id":"https:\/\/www.mundoagropecuario.cl\/new\/#\/schema\/person\/4e9f74a82a7dac260eb1c44b7eebeb18","name":"mundo","url":"https:\/\/www.mundoagropecuario.cl\/new\/author\/mundo\/"}]}},"_links":{"self":[{"href":"https:\/\/www.mundoagropecuario.cl\/new\/wp-json\/wp\/v2\/posts\/13459","targetHints":{"allow":["GET"]}}],"collection":[{"href":"https:\/\/www.mundoagropecuario.cl\/new\/wp-json\/wp\/v2\/posts"}],"about":[{"href":"https:\/\/www.mundoagropecuario.cl\/new\/wp-json\/wp\/v2\/types\/post"}],"author":[{"embeddable":true,"href":"https:\/\/www.mundoagropecuario.cl\/new\/wp-json\/wp\/v2\/users\/2"}],"replies":[{"embeddable":true,"href":"https:\/\/www.mundoagropecuario.cl\/new\/wp-json\/wp\/v2\/comments?post=13459"}],"version-history":[{"count":1,"href":"https:\/\/www.mundoagropecuario.cl\/new\/wp-json\/wp\/v2\/posts\/13459\/revisions"}],"predecessor-version":[{"id":13463,"href":"https:\/\/www.mundoagropecuario.cl\/new\/wp-json\/wp\/v2\/posts\/13459\/revisions\/13463"}],"wp:featuredmedia":[{"embeddable":true,"href":"https:\/\/www.mundoagropecuario.cl\/new\/wp-json\/wp\/v2\/media\/13462"}],"wp:attachment":[{"href":"https:\/\/www.mundoagropecuario.cl\/new\/wp-json\/wp\/v2\/media?parent=13459"}],"wp:term":[{"taxonomy":"category","embeddable":true,"href":"https:\/\/www.mundoagropecuario.cl\/new\/wp-json\/wp\/v2\/categories?post=13459"},{"taxonomy":"post_tag","embeddable":true,"href":"https:\/\/www.mundoagropecuario.cl\/new\/wp-json\/wp\/v2\/tags?post=13459"}],"curies":[{"name":"wp","href":"https:\/\/api.w.org\/{rel}","templated":true}]}}