{"id":13449,"date":"2019-08-22T11:58:00","date_gmt":"2019-08-22T14:58:00","guid":{"rendered":"http:\/\/www.mundoagropecuario.cl\/new\/?p=13449"},"modified":"2019-08-22T11:58:04","modified_gmt":"2019-08-22T14:58:04","slug":"segundo-llamado-para-postular-a-brigadista-en-la-region-de-los-lagos","status":"publish","type":"post","link":"https:\/\/www.mundoagropecuario.cl\/new\/segundo-llamado-para-postular-a-brigadista-en-la-region-de-los-lagos\/","title":{"rendered":"Segundo llamado para postular a brigadista en la regi\u00f3n de Los Lagos"},"content":{"rendered":"\n<ul class=\"wp-block-gallery columns-0 is-cropped wp-block-gallery-1 is-layout-flex wp-block-gallery-is-layout-flex\"><\/ul>\n\n\n\n<p class=\"has-medium-font-size\"><em>La Corporaci\u00f3n Nacional Forestal hace un llamado a postular a los diferentes cargos para el trabajo en el Departamento de Protecci\u00f3n contra incendios forestales en forma transitoria, para las temporadas 2019-2020 (Mundo Agropecuario).<\/em><\/p>\n\n\n\n<p>La Corporaci\u00f3n Nacional Forestal Regi\u00f3n de Los Lagos hace un segundo llamado a postular a los diferentes cargos para el trabajo en el Departamento de Protecci\u00f3n contra incendios forestales en forma transitoria, para las temporadas 2019-2020. En este contexto, el llamando a postular es a mayores de 18 de a\u00f1os.<\/p>\n\n\n\n<p>Los cargos a postular:<\/p>\n\n\n\n<p>\u2022 Brigadista Forestal para el Combate de Incendios<\/p>\n\n\n\n<p>\u2022 Brigadista Operador\/a de Motobomba<\/p>\n\n\n\n<p>\u2022 Brigadista Operador\/a de Motosierra<\/p>\n\n\n\n<p>\u2022 Jefe\/a de Cuadrilla<\/p>\n\n\n\n<p>\u2022 Jefe\/a de Brigada<\/p>\n\n\n\n<p>\u2022 Brigadista Asistente de Primeros Auxilios<\/p>\n\n\n\n<p>\u2022 Manipulador\/a de Alimentos<\/p>\n\n\n\n<p>\u2022 Operador\/a de Torres \/ Puestos de Observaci\u00f3n<\/p>\n\n\n\n<p>\u2022 Auxiliar para Central Regional en la ciudad de Puerto Montt<\/p>\n\n\n\n<p>\u2022 Despachador\/a de Central Regional en la ciudad de Puerto Montt<\/p>\n\n\n\n<p>\u2022 Asistente\/a de Operaciones<\/p>\n\n\n\n<p>\u2022 Asistente\/a de Prevenci\u00f3n de Incendios Forestales.<\/p>\n\n\n\n<p>\u2022 Asistente\/a de Log\u00edstica con sede laboral en la ciudad de Puerto Montt<\/p>\n\n\n\n<p>\u2022 Asistentes\/as administrativos\/as provinciales (Osorno, Chilo\u00e9, Palena, Provincia de Llanquihue con sede laboral en Puerto Montt)<\/p>\n\n\n\n<p>\u2022 Conductor\/a Puesto de Mando en la ciudad de Puerto Montt<\/p>\n\n\n\n<p>\u2022 Asistente en Prevenci\u00f3n de Riesgos con sede laboral en la ciudad de Puerto Montt.<\/p>\n\n\n\n<p><strong>Requisitos Generales:<\/strong><\/p>\n\n\n\n<p>\u2022 Mayor de 18 a\u00f1os<\/p>\n\n\n\n<p>\u2022 Salud f\u00edsica acorde con el trabajo al que postula<\/p>\n\n\n\n<p>\u2022 Encontrarse habilitado para prestar servicios en el Estado<\/p>\n\n\n\n<p>Lugares de recepci\u00f3n y entrega de antecedentes:<\/p>\n\n\n\n<p>-Oficina Regional de CONAF, ubicada en calle Ochagav\u00eda 458, tel\u00e9fono 652486115 Puerto Montt y Central Regional de Incendios Forestales ubicada en calle Avenida Austral N\u00b0 1723 Jard\u00edn Oriente, Puerto Montt, tel\u00e9fono 652-486800.<\/p>\n\n\n\n<p>-Provincia de Osorno, Oficina Provincial, ubicada en calle Mart\u00ednez de Rosas N\u00b0 430, tel\u00e9fono 652 221304 Osorno.<\/p>\n\n\n\n<p>-Provincia de Chilo\u00e9. Oficina Provincial, ubicada en calle Gamboa N\u00b0 424 Castro, tel\u00e9fono 652 532501 y Oficina de \u00c1rea CONAF ubicada en Calle Err\u00e1zuriz N\u00b0 317, tel\u00e9fono 652-627521 Ancud.<\/p>\n\n\n\n<p>-Provincia de Palena: Oficina Provincial CONAF, ubicada en calle Juan Todesco N\u00b0 67, tel\u00e9fono 652 731662 Chait\u00e9n y Oficina de \u00c1rea CONAF ubicada en calle Manuel Rodr\u00edguez N\u00b0 390 de Futaleuf\u00fa.<\/p>\n\n\n\n<p>Cabe consignar, que en los lugares de postulaci\u00f3n se indicar\u00e1n la documentaci\u00f3n que deben presentar los postulantes a los cargos que se requiera postular.<\/p>\n\n\n\n<p>Fecha de entrega y recepci\u00f3n de antecedentes: Desde el 19 de Agosto y hasta el 30 de agosto de 2019.<\/p>\n","protected":false},"excerpt":{"rendered":"<p>La Corporaci\u00f3n Nacional Forestal hace un llamado a postular a los diferentes cargos para el trabajo en el Departamento de Protecci\u00f3n contra incendios forestales en forma transitoria, para las temporadas&#8230;<\/p>\n","protected":false},"author":2,"featured_media":13450,"comment_status":"closed","ping_status":"closed","sticky":false,"template":"","format":"standard","meta":{"footnotes":""},"categories":[1949],"tags":[4132,876,4133],"class_list":["post-13449","post","type-post","status-publish","format-standard","has-post-thumbnail","hentry","category-forestal","tag-brigadistas","tag-conaf","tag-postular-a-brigadista"],"yoast_head":"<!-- This site is optimized with the Yoast SEO plugin v26.6 - https:\/\/yoast.com\/wordpress\/plugins\/seo\/ -->\n<title>Segundo llamado para postular a brigadista en la regi\u00f3n de Los Lagos - Mundoagropecuario<\/title>\n<meta name=\"robots\" content=\"index, follow, max-snippet:-1, max-image-preview:large, max-video-preview:-1\" \/>\n<link rel=\"canonical\" href=\"https:\/\/www.mundoagropecuario.cl\/new\/segundo-llamado-para-postular-a-brigadista-en-la-region-de-los-lagos\/\" \/>\n<meta property=\"og:locale\" content=\"es_ES\" \/>\n<meta property=\"og:type\" content=\"article\" \/>\n<meta property=\"og:title\" content=\"Segundo llamado para postular a brigadista en la regi\u00f3n de Los Lagos - Mundoagropecuario\" \/>\n<meta property=\"og:description\" content=\"La Corporaci\u00f3n Nacional Forestal hace un llamado a postular a los diferentes cargos para el trabajo en el Departamento de Protecci\u00f3n contra incendios forestales en forma transitoria, para las temporadas...\" \/>\n<meta property=\"og:url\" content=\"https:\/\/www.mundoagropecuario.cl\/new\/segundo-llamado-para-postular-a-brigadista-en-la-region-de-los-lagos\/\" \/>\n<meta property=\"og:site_name\" content=\"Mundoagropecuario\" \/>\n<meta property=\"article:publisher\" content=\"https:\/\/www.facebook.com\/mundo.agropecuario.3\" \/>\n<meta property=\"article:published_time\" content=\"2019-08-22T14:58:00+00:00\" \/>\n<meta property=\"article:modified_time\" content=\"2019-08-22T14:58:04+00:00\" \/>\n<meta property=\"og:image\" content=\"https:\/\/www.mundoagropecuario.cl\/new\/wp-content\/uploads\/2019\/08\/brigadistas.jpg\" \/>\n\t<meta property=\"og:image:width\" content=\"649\" \/>\n\t<meta property=\"og:image:height\" content=\"365\" \/>\n\t<meta property=\"og:image:type\" content=\"image\/jpeg\" \/>\n<meta name=\"author\" content=\"mundo\" \/>\n<meta name=\"twitter:card\" content=\"summary_large_image\" \/>\n<meta name=\"twitter:creator\" content=\"@MundoAgropecuar\" \/>\n<meta name=\"twitter:site\" content=\"@MundoAgropecuar\" \/>\n<meta name=\"twitter:label1\" content=\"Escrito por\" \/>\n\t<meta name=\"twitter:data1\" content=\"mundo\" \/>\n\t<meta name=\"twitter:label2\" content=\"Tiempo de lectura\" \/>\n\t<meta name=\"twitter:data2\" content=\"2 minutos\" \/>\n<script type=\"application\/ld+json\" class=\"yoast-schema-graph\">{\"@context\":\"https:\/\/schema.org\",\"@graph\":[{\"@type\":\"Article\",\"@id\":\"https:\/\/www.mundoagropecuario.cl\/new\/segundo-llamado-para-postular-a-brigadista-en-la-region-de-los-lagos\/#article\",\"isPartOf\":{\"@id\":\"https:\/\/www.mundoagropecuario.cl\/new\/segundo-llamado-para-postular-a-brigadista-en-la-region-de-los-lagos\/\"},\"author\":{\"name\":\"mundo\",\"@id\":\"https:\/\/www.mundoagropecuario.cl\/new\/#\/schema\/person\/4e9f74a82a7dac260eb1c44b7eebeb18\"},\"headline\":\"Segundo llamado para postular a brigadista en la regi\u00f3n de Los Lagos\",\"datePublished\":\"2019-08-22T14:58:00+00:00\",\"dateModified\":\"2019-08-22T14:58:04+00:00\",\"mainEntityOfPage\":{\"@id\":\"https:\/\/www.mundoagropecuario.cl\/new\/segundo-llamado-para-postular-a-brigadista-en-la-region-de-los-lagos\/\"},\"wordCount\":421,\"publisher\":{\"@id\":\"https:\/\/www.mundoagropecuario.cl\/new\/#organization\"},\"image\":{\"@id\":\"https:\/\/www.mundoagropecuario.cl\/new\/segundo-llamado-para-postular-a-brigadista-en-la-region-de-los-lagos\/#primaryimage\"},\"thumbnailUrl\":\"https:\/\/www.mundoagropecuario.cl\/new\/wp-content\/uploads\/2019\/08\/brigadistas.jpg\",\"keywords\":[\"Brigadistas\",\"Conaf\",\"postular a brigadista\"],\"articleSection\":[\"Forestal\"],\"inLanguage\":\"es\"},{\"@type\":\"WebPage\",\"@id\":\"https:\/\/www.mundoagropecuario.cl\/new\/segundo-llamado-para-postular-a-brigadista-en-la-region-de-los-lagos\/\",\"url\":\"https:\/\/www.mundoagropecuario.cl\/new\/segundo-llamado-para-postular-a-brigadista-en-la-region-de-los-lagos\/\",\"name\":\"Segundo llamado para postular a brigadista en la regi\u00f3n de Los Lagos - Mundoagropecuario\",\"isPartOf\":{\"@id\":\"https:\/\/www.mundoagropecuario.cl\/new\/#website\"},\"primaryImageOfPage\":{\"@id\":\"https:\/\/www.mundoagropecuario.cl\/new\/segundo-llamado-para-postular-a-brigadista-en-la-region-de-los-lagos\/#primaryimage\"},\"image\":{\"@id\":\"https:\/\/www.mundoagropecuario.cl\/new\/segundo-llamado-para-postular-a-brigadista-en-la-region-de-los-lagos\/#primaryimage\"},\"thumbnailUrl\":\"https:\/\/www.mundoagropecuario.cl\/new\/wp-content\/uploads\/2019\/08\/brigadistas.jpg\",\"datePublished\":\"2019-08-22T14:58:00+00:00\",\"dateModified\":\"2019-08-22T14:58:04+00:00\",\"breadcrumb\":{\"@id\":\"https:\/\/www.mundoagropecuario.cl\/new\/segundo-llamado-para-postular-a-brigadista-en-la-region-de-los-lagos\/#breadcrumb\"},\"inLanguage\":\"es\",\"potentialAction\":[{\"@type\":\"ReadAction\",\"target\":[\"https:\/\/www.mundoagropecuario.cl\/new\/segundo-llamado-para-postular-a-brigadista-en-la-region-de-los-lagos\/\"]}]},{\"@type\":\"ImageObject\",\"inLanguage\":\"es\",\"@id\":\"https:\/\/www.mundoagropecuario.cl\/new\/segundo-llamado-para-postular-a-brigadista-en-la-region-de-los-lagos\/#primaryimage\",\"url\":\"https:\/\/www.mundoagropecuario.cl\/new\/wp-content\/uploads\/2019\/08\/brigadistas.jpg\",\"contentUrl\":\"https:\/\/www.mundoagropecuario.cl\/new\/wp-content\/uploads\/2019\/08\/brigadistas.jpg\",\"width\":649,\"height\":365},{\"@type\":\"BreadcrumbList\",\"@id\":\"https:\/\/www.mundoagropecuario.cl\/new\/segundo-llamado-para-postular-a-brigadista-en-la-region-de-los-lagos\/#breadcrumb\",\"itemListElement\":[{\"@type\":\"ListItem\",\"position\":1,\"name\":\"Portada\",\"item\":\"https:\/\/www.mundoagropecuario.cl\/new\/\"},{\"@type\":\"ListItem\",\"position\":2,\"name\":\"Segundo llamado para postular a brigadista en la regi\u00f3n de Los Lagos\"}]},{\"@type\":\"WebSite\",\"@id\":\"https:\/\/www.mundoagropecuario.cl\/new\/#website\",\"url\":\"https:\/\/www.mundoagropecuario.cl\/new\/\",\"name\":\"Mundoagropecuario\",\"description\":\"Mundo Agropecuario\",\"publisher\":{\"@id\":\"https:\/\/www.mundoagropecuario.cl\/new\/#organization\"},\"potentialAction\":[{\"@type\":\"SearchAction\",\"target\":{\"@type\":\"EntryPoint\",\"urlTemplate\":\"https:\/\/www.mundoagropecuario.cl\/new\/?s={search_term_string}\"},\"query-input\":{\"@type\":\"PropertyValueSpecification\",\"valueRequired\":true,\"valueName\":\"search_term_string\"}}],\"inLanguage\":\"es\"},{\"@type\":\"Organization\",\"@id\":\"https:\/\/www.mundoagropecuario.cl\/new\/#organization\",\"name\":\"Revista de Agricultura\",\"url\":\"https:\/\/www.mundoagropecuario.cl\/new\/\",\"logo\":{\"@type\":\"ImageObject\",\"inLanguage\":\"es\",\"@id\":\"https:\/\/www.mundoagropecuario.cl\/new\/#\/schema\/logo\/image\/\",\"url\":\"https:\/\/www.mundoagropecuario.cl\/new\/wp-content\/uploads\/2020\/11\/PORTAL-1-1.png\",\"contentUrl\":\"https:\/\/www.mundoagropecuario.cl\/new\/wp-content\/uploads\/2020\/11\/PORTAL-1-1.png\",\"width\":1026,\"height\":100,\"caption\":\"Revista de Agricultura\"},\"image\":{\"@id\":\"https:\/\/www.mundoagropecuario.cl\/new\/#\/schema\/logo\/image\/\"},\"sameAs\":[\"https:\/\/www.facebook.com\/mundo.agropecuario.3\",\"https:\/\/x.com\/MundoAgropecuar\",\"https:\/\/www.linkedin.com\/in\/mundo-agropecuario-934009201\/\"]},{\"@type\":\"Person\",\"@id\":\"https:\/\/www.mundoagropecuario.cl\/new\/#\/schema\/person\/4e9f74a82a7dac260eb1c44b7eebeb18\",\"name\":\"mundo\",\"url\":\"https:\/\/www.mundoagropecuario.cl\/new\/author\/mundo\/\"}]}<\/script>\n<!-- \/ Yoast SEO plugin. -->","yoast_head_json":{"title":"Segundo llamado para postular a brigadista en la regi\u00f3n de Los Lagos - Mundoagropecuario","robots":{"index":"index","follow":"follow","max-snippet":"max-snippet:-1","max-image-preview":"max-image-preview:large","max-video-preview":"max-video-preview:-1"},"canonical":"https:\/\/www.mundoagropecuario.cl\/new\/segundo-llamado-para-postular-a-brigadista-en-la-region-de-los-lagos\/","og_locale":"es_ES","og_type":"article","og_title":"Segundo llamado para postular a brigadista en la regi\u00f3n de Los Lagos - Mundoagropecuario","og_description":"La Corporaci\u00f3n Nacional Forestal hace un llamado a postular a los diferentes cargos para el trabajo en el Departamento de Protecci\u00f3n contra incendios forestales en forma transitoria, para las temporadas...","og_url":"https:\/\/www.mundoagropecuario.cl\/new\/segundo-llamado-para-postular-a-brigadista-en-la-region-de-los-lagos\/","og_site_name":"Mundoagropecuario","article_publisher":"https:\/\/www.facebook.com\/mundo.agropecuario.3","article_published_time":"2019-08-22T14:58:00+00:00","article_modified_time":"2019-08-22T14:58:04+00:00","og_image":[{"width":649,"height":365,"url":"https:\/\/www.mundoagropecuario.cl\/new\/wp-content\/uploads\/2019\/08\/brigadistas.jpg","type":"image\/jpeg"}],"author":"mundo","twitter_card":"summary_large_image","twitter_creator":"@MundoAgropecuar","twitter_site":"@MundoAgropecuar","twitter_misc":{"Escrito por":"mundo","Tiempo de lectura":"2 minutos"},"schema":{"@context":"https:\/\/schema.org","@graph":[{"@type":"Article","@id":"https:\/\/www.mundoagropecuario.cl\/new\/segundo-llamado-para-postular-a-brigadista-en-la-region-de-los-lagos\/#article","isPartOf":{"@id":"https:\/\/www.mundoagropecuario.cl\/new\/segundo-llamado-para-postular-a-brigadista-en-la-region-de-los-lagos\/"},"author":{"name":"mundo","@id":"https:\/\/www.mundoagropecuario.cl\/new\/#\/schema\/person\/4e9f74a82a7dac260eb1c44b7eebeb18"},"headline":"Segundo llamado para postular a brigadista en la regi\u00f3n de Los Lagos","datePublished":"2019-08-22T14:58:00+00:00","dateModified":"2019-08-22T14:58:04+00:00","mainEntityOfPage":{"@id":"https:\/\/www.mundoagropecuario.cl\/new\/segundo-llamado-para-postular-a-brigadista-en-la-region-de-los-lagos\/"},"wordCount":421,"publisher":{"@id":"https:\/\/www.mundoagropecuario.cl\/new\/#organization"},"image":{"@id":"https:\/\/www.mundoagropecuario.cl\/new\/segundo-llamado-para-postular-a-brigadista-en-la-region-de-los-lagos\/#primaryimage"},"thumbnailUrl":"https:\/\/www.mundoagropecuario.cl\/new\/wp-content\/uploads\/2019\/08\/brigadistas.jpg","keywords":["Brigadistas","Conaf","postular a brigadista"],"articleSection":["Forestal"],"inLanguage":"es"},{"@type":"WebPage","@id":"https:\/\/www.mundoagropecuario.cl\/new\/segundo-llamado-para-postular-a-brigadista-en-la-region-de-los-lagos\/","url":"https:\/\/www.mundoagropecuario.cl\/new\/segundo-llamado-para-postular-a-brigadista-en-la-region-de-los-lagos\/","name":"Segundo llamado para postular a brigadista en la regi\u00f3n de Los Lagos - Mundoagropecuario","isPartOf":{"@id":"https:\/\/www.mundoagropecuario.cl\/new\/#website"},"primaryImageOfPage":{"@id":"https:\/\/www.mundoagropecuario.cl\/new\/segundo-llamado-para-postular-a-brigadista-en-la-region-de-los-lagos\/#primaryimage"},"image":{"@id":"https:\/\/www.mundoagropecuario.cl\/new\/segundo-llamado-para-postular-a-brigadista-en-la-region-de-los-lagos\/#primaryimage"},"thumbnailUrl":"https:\/\/www.mundoagropecuario.cl\/new\/wp-content\/uploads\/2019\/08\/brigadistas.jpg","datePublished":"2019-08-22T14:58:00+00:00","dateModified":"2019-08-22T14:58:04+00:00","breadcrumb":{"@id":"https:\/\/www.mundoagropecuario.cl\/new\/segundo-llamado-para-postular-a-brigadista-en-la-region-de-los-lagos\/#breadcrumb"},"inLanguage":"es","potentialAction":[{"@type":"ReadAction","target":["https:\/\/www.mundoagropecuario.cl\/new\/segundo-llamado-para-postular-a-brigadista-en-la-region-de-los-lagos\/"]}]},{"@type":"ImageObject","inLanguage":"es","@id":"https:\/\/www.mundoagropecuario.cl\/new\/segundo-llamado-para-postular-a-brigadista-en-la-region-de-los-lagos\/#primaryimage","url":"https:\/\/www.mundoagropecuario.cl\/new\/wp-content\/uploads\/2019\/08\/brigadistas.jpg","contentUrl":"https:\/\/www.mundoagropecuario.cl\/new\/wp-content\/uploads\/2019\/08\/brigadistas.jpg","width":649,"height":365},{"@type":"BreadcrumbList","@id":"https:\/\/www.mundoagropecuario.cl\/new\/segundo-llamado-para-postular-a-brigadista-en-la-region-de-los-lagos\/#breadcrumb","itemListElement":[{"@type":"ListItem","position":1,"name":"Portada","item":"https:\/\/www.mundoagropecuario.cl\/new\/"},{"@type":"ListItem","position":2,"name":"Segundo llamado para postular a brigadista en la regi\u00f3n de Los Lagos"}]},{"@type":"WebSite","@id":"https:\/\/www.mundoagropecuario.cl\/new\/#website","url":"https:\/\/www.mundoagropecuario.cl\/new\/","name":"Mundoagropecuario","description":"Mundo Agropecuario","publisher":{"@id":"https:\/\/www.mundoagropecuario.cl\/new\/#organization"},"potentialAction":[{"@type":"SearchAction","target":{"@type":"EntryPoint","urlTemplate":"https:\/\/www.mundoagropecuario.cl\/new\/?s={search_term_string}"},"query-input":{"@type":"PropertyValueSpecification","valueRequired":true,"valueName":"search_term_string"}}],"inLanguage":"es"},{"@type":"Organization","@id":"https:\/\/www.mundoagropecuario.cl\/new\/#organization","name":"Revista de Agricultura","url":"https:\/\/www.mundoagropecuario.cl\/new\/","logo":{"@type":"ImageObject","inLanguage":"es","@id":"https:\/\/www.mundoagropecuario.cl\/new\/#\/schema\/logo\/image\/","url":"https:\/\/www.mundoagropecuario.cl\/new\/wp-content\/uploads\/2020\/11\/PORTAL-1-1.png","contentUrl":"https:\/\/www.mundoagropecuario.cl\/new\/wp-content\/uploads\/2020\/11\/PORTAL-1-1.png","width":1026,"height":100,"caption":"Revista de Agricultura"},"image":{"@id":"https:\/\/www.mundoagropecuario.cl\/new\/#\/schema\/logo\/image\/"},"sameAs":["https:\/\/www.facebook.com\/mundo.agropecuario.3","https:\/\/x.com\/MundoAgropecuar","https:\/\/www.linkedin.com\/in\/mundo-agropecuario-934009201\/"]},{"@type":"Person","@id":"https:\/\/www.mundoagropecuario.cl\/new\/#\/schema\/person\/4e9f74a82a7dac260eb1c44b7eebeb18","name":"mundo","url":"https:\/\/www.mundoagropecuario.cl\/new\/author\/mundo\/"}]}},"_links":{"self":[{"href":"https:\/\/www.mundoagropecuario.cl\/new\/wp-json\/wp\/v2\/posts\/13449","targetHints":{"allow":["GET"]}}],"collection":[{"href":"https:\/\/www.mundoagropecuario.cl\/new\/wp-json\/wp\/v2\/posts"}],"about":[{"href":"https:\/\/www.mundoagropecuario.cl\/new\/wp-json\/wp\/v2\/types\/post"}],"author":[{"embeddable":true,"href":"https:\/\/www.mundoagropecuario.cl\/new\/wp-json\/wp\/v2\/users\/2"}],"replies":[{"embeddable":true,"href":"https:\/\/www.mundoagropecuario.cl\/new\/wp-json\/wp\/v2\/comments?post=13449"}],"version-history":[{"count":1,"href":"https:\/\/www.mundoagropecuario.cl\/new\/wp-json\/wp\/v2\/posts\/13449\/revisions"}],"predecessor-version":[{"id":13451,"href":"https:\/\/www.mundoagropecuario.cl\/new\/wp-json\/wp\/v2\/posts\/13449\/revisions\/13451"}],"wp:featuredmedia":[{"embeddable":true,"href":"https:\/\/www.mundoagropecuario.cl\/new\/wp-json\/wp\/v2\/media\/13450"}],"wp:attachment":[{"href":"https:\/\/www.mundoagropecuario.cl\/new\/wp-json\/wp\/v2\/media?parent=13449"}],"wp:term":[{"taxonomy":"category","embeddable":true,"href":"https:\/\/www.mundoagropecuario.cl\/new\/wp-json\/wp\/v2\/categories?post=13449"},{"taxonomy":"post_tag","embeddable":true,"href":"https:\/\/www.mundoagropecuario.cl\/new\/wp-json\/wp\/v2\/tags?post=13449"}],"curies":[{"name":"wp","href":"https:\/\/api.w.org\/{rel}","templated":true}]}}