{"id":13381,"date":"2019-08-20T02:00:36","date_gmt":"2019-08-20T05:00:36","guid":{"rendered":"http:\/\/www.mundoagropecuario.cl\/new\/?p=13381"},"modified":"2019-08-22T12:46:49","modified_gmt":"2019-08-22T15:46:49","slug":"seminario-de-adaptacion-y-mitigacion-de-los-sistemas-de-produccion-de-leche-al-cambio-climatico","status":"publish","type":"post","link":"https:\/\/www.mundoagropecuario.cl\/new\/seminario-de-adaptacion-y-mitigacion-de-los-sistemas-de-produccion-de-leche-al-cambio-climatico\/","title":{"rendered":"Seminario de \u201cAdaptaci\u00f3n y mitigaci\u00f3n de los sistemas de producci\u00f3n de leche al cambio clim\u00e1tico\u201d"},"content":{"rendered":"\n<ul class=\"wp-block-gallery columns-0 is-cropped wp-block-gallery-1 is-layout-flex wp-block-gallery-is-layout-flex\"><\/ul>\n\n\n\n<p class=\"has-medium-font-size\"><em>La Actividad est\u00e1 relacionada con la agenda de la Conferencia de las Naciones Unidas sobre el Cambio Clim\u00e1tico de 2019, a realizarse en Chile en diciembre pr\u00f3ximo (Mundo Agropecuario).<\/em><\/p>\n\n\n\n<p>El Director Nacional del Instituto de Investigaciones Agropecuarias (INIA), Pedro Bustos, hizo una invitaci\u00f3n a participar en el seminario \u201cAdaptaci\u00f3n y mitigaci\u00f3n de los sistemas de producci\u00f3n de leche al cambio clim\u00e1tico\u201d, a realizarse el pr\u00f3ximo 22 de agosto, a partir de las 9:00 horas, en las dependencias del Centro Regional de Investigaci\u00f3n INIA Remehue, ubicado en las cercan\u00edas de Osorno. La autoridad inform\u00f3 que este tema es parte de la agenda de la Conferencia de las Naciones Unidas sobre el Cambio Clim\u00e1tico de 2019, que se llevar\u00e1 a cabo entre el 2 y 13 de diciembre en Chile. Asimismo, destac\u00f3 la importancia de la sustentabilidad de la actividad ganadera y tambi\u00e9n el rol del pasto y el suelo en la captura de carbono.<\/p>\n\n\n\n<p>El encuentro se iniciar\u00e1 con una visi\u00f3n regional del tema a\ncargo del Director de INIA Remehue, Sergio Iraira. Posteriormente, habr\u00e1 un\nprimer bloque dedicado al clima, con el tema \u201cVariabilidad clim\u00e1tica para la\nproducci\u00f3n de las praderas en el sur de Chile\u201d.<\/p>\n\n\n\n<p>En el segundo bloque, orientado a suelo y mitigaci\u00f3n, se\nabordar\u00e1 el tema de los suelos y su rol frente al cambio clim\u00e1tico, as\u00ed como\nlas emisiones y mitigaci\u00f3n de gases con efecto invernadero por la aplicaci\u00f3n de\nfertilizantes y purines en sistemas lecheros.<\/p>\n\n\n\n<p>Durante el resto de la jornada se tratar\u00e1n temas\nrelacionados con el trabajo en praderas mejor adaptadas a las condiciones\nproducidas por el cambio clim\u00e1tico, manejo para incrementar la relaci\u00f3n\ncarbohidrato\/prote\u00edna en ballica perenne, la utilizaci\u00f3n de sensores para una\ngesti\u00f3n eficiente del riego en la producci\u00f3n de praderas, estr\u00e9s cal\u00f3rico en la\nzona sur y su impacto y mitigaci\u00f3n, entre otras tem\u00e1ticas. <\/p>\n\n\n\n<p>M\u00e1s Informaciones e inscripciones: Iris Cifuentes. Fono (64)\n2334832 e-mail: icifuentes@inia.cl Cupos limitados.<\/p>\n","protected":false},"excerpt":{"rendered":"<p>La Actividad est\u00e1 relacionada con la agenda de la Conferencia de las Naciones Unidas sobre el Cambio Clim\u00e1tico de 2019, a realizarse en Chile en diciembre pr\u00f3ximo (Mundo Agropecuario). El&#8230;<\/p>\n","protected":false},"author":2,"featured_media":13382,"comment_status":"closed","ping_status":"closed","sticky":false,"template":"","format":"gallery","meta":{"footnotes":""},"categories":[1948],"tags":[4096,2253,4094,4095],"class_list":["post-13381","post","type-post","status-publish","format-gallery","has-post-thumbnail","hentry","category-sustentabilidad","tag-el-director-nacional-del-instituto-de-investigaciones-agropecuarias-inia","tag-pedro-bustos","tag-seminario-de-adaptacion-y-mitigacion","tag-sistemas-de-produccion-de-leche-al-cambio-climatico","post_format-post-format-gallery"],"yoast_head":"<!-- This site is optimized with the Yoast SEO plugin v26.6 - https:\/\/yoast.com\/wordpress\/plugins\/seo\/ -->\n<title>Seminario de \u201cAdaptaci\u00f3n y mitigaci\u00f3n de los sistemas de producci\u00f3n de leche al cambio clim\u00e1tico\u201d - Mundoagropecuario<\/title>\n<meta name=\"robots\" content=\"index, follow, max-snippet:-1, max-image-preview:large, max-video-preview:-1\" \/>\n<link rel=\"canonical\" href=\"https:\/\/www.mundoagropecuario.cl\/new\/seminario-de-adaptacion-y-mitigacion-de-los-sistemas-de-produccion-de-leche-al-cambio-climatico\/\" \/>\n<meta property=\"og:locale\" content=\"es_ES\" \/>\n<meta property=\"og:type\" content=\"article\" \/>\n<meta property=\"og:title\" content=\"Seminario de \u201cAdaptaci\u00f3n y mitigaci\u00f3n de los sistemas de producci\u00f3n de leche al cambio clim\u00e1tico\u201d - Mundoagropecuario\" \/>\n<meta property=\"og:description\" content=\"La Actividad est\u00e1 relacionada con la agenda de la Conferencia de las Naciones Unidas sobre el Cambio Clim\u00e1tico de 2019, a realizarse en Chile en diciembre pr\u00f3ximo (Mundo Agropecuario). El...\" \/>\n<meta property=\"og:url\" content=\"https:\/\/www.mundoagropecuario.cl\/new\/seminario-de-adaptacion-y-mitigacion-de-los-sistemas-de-produccion-de-leche-al-cambio-climatico\/\" \/>\n<meta property=\"og:site_name\" content=\"Mundoagropecuario\" \/>\n<meta property=\"article:publisher\" content=\"https:\/\/www.facebook.com\/mundo.agropecuario.3\" \/>\n<meta property=\"article:published_time\" content=\"2019-08-20T05:00:36+00:00\" \/>\n<meta property=\"article:modified_time\" content=\"2019-08-22T15:46:49+00:00\" \/>\n<meta property=\"og:image\" content=\"https:\/\/www.mundoagropecuario.cl\/new\/wp-content\/uploads\/2019\/08\/lecheri\u0301a2.jpg\" \/>\n\t<meta property=\"og:image:width\" content=\"1024\" \/>\n\t<meta property=\"og:image:height\" content=\"576\" \/>\n\t<meta property=\"og:image:type\" content=\"image\/jpeg\" \/>\n<meta name=\"author\" content=\"mundo\" \/>\n<meta name=\"twitter:card\" content=\"summary_large_image\" \/>\n<meta name=\"twitter:creator\" content=\"@MundoAgropecuar\" \/>\n<meta name=\"twitter:site\" content=\"@MundoAgropecuar\" \/>\n<meta name=\"twitter:label1\" content=\"Escrito por\" \/>\n\t<meta name=\"twitter:data1\" content=\"mundo\" \/>\n\t<meta name=\"twitter:label2\" content=\"Tiempo de lectura\" \/>\n\t<meta name=\"twitter:data2\" content=\"2 minutos\" \/>\n<script type=\"application\/ld+json\" class=\"yoast-schema-graph\">{\"@context\":\"https:\/\/schema.org\",\"@graph\":[{\"@type\":\"Article\",\"@id\":\"https:\/\/www.mundoagropecuario.cl\/new\/seminario-de-adaptacion-y-mitigacion-de-los-sistemas-de-produccion-de-leche-al-cambio-climatico\/#article\",\"isPartOf\":{\"@id\":\"https:\/\/www.mundoagropecuario.cl\/new\/seminario-de-adaptacion-y-mitigacion-de-los-sistemas-de-produccion-de-leche-al-cambio-climatico\/\"},\"author\":{\"name\":\"mundo\",\"@id\":\"https:\/\/www.mundoagropecuario.cl\/new\/#\/schema\/person\/4e9f74a82a7dac260eb1c44b7eebeb18\"},\"headline\":\"Seminario de \u201cAdaptaci\u00f3n y mitigaci\u00f3n de los sistemas de producci\u00f3n de leche al cambio clim\u00e1tico\u201d\",\"datePublished\":\"2019-08-20T05:00:36+00:00\",\"dateModified\":\"2019-08-22T15:46:49+00:00\",\"mainEntityOfPage\":{\"@id\":\"https:\/\/www.mundoagropecuario.cl\/new\/seminario-de-adaptacion-y-mitigacion-de-los-sistemas-de-produccion-de-leche-al-cambio-climatico\/\"},\"wordCount\":361,\"publisher\":{\"@id\":\"https:\/\/www.mundoagropecuario.cl\/new\/#organization\"},\"image\":{\"@id\":\"https:\/\/www.mundoagropecuario.cl\/new\/seminario-de-adaptacion-y-mitigacion-de-los-sistemas-de-produccion-de-leche-al-cambio-climatico\/#primaryimage\"},\"thumbnailUrl\":\"https:\/\/www.mundoagropecuario.cl\/new\/wp-content\/uploads\/2019\/08\/lecheri\u0301a2.jpg\",\"keywords\":[\"El Director Nacional del Instituto de Investigaciones Agropecuarias (INIA)\",\"Pedro Bustos\",\"Seminario de \u201cAdaptaci\u00f3n y mitigaci\u00f3n\",\"sistemas de producci\u00f3n de leche al cambio clim\u00e1tico\u201d\"],\"articleSection\":[\"Sustentabilidad\"],\"inLanguage\":\"es\"},{\"@type\":\"WebPage\",\"@id\":\"https:\/\/www.mundoagropecuario.cl\/new\/seminario-de-adaptacion-y-mitigacion-de-los-sistemas-de-produccion-de-leche-al-cambio-climatico\/\",\"url\":\"https:\/\/www.mundoagropecuario.cl\/new\/seminario-de-adaptacion-y-mitigacion-de-los-sistemas-de-produccion-de-leche-al-cambio-climatico\/\",\"name\":\"Seminario de \u201cAdaptaci\u00f3n y mitigaci\u00f3n de los sistemas de producci\u00f3n de leche al cambio clim\u00e1tico\u201d - Mundoagropecuario\",\"isPartOf\":{\"@id\":\"https:\/\/www.mundoagropecuario.cl\/new\/#website\"},\"primaryImageOfPage\":{\"@id\":\"https:\/\/www.mundoagropecuario.cl\/new\/seminario-de-adaptacion-y-mitigacion-de-los-sistemas-de-produccion-de-leche-al-cambio-climatico\/#primaryimage\"},\"image\":{\"@id\":\"https:\/\/www.mundoagropecuario.cl\/new\/seminario-de-adaptacion-y-mitigacion-de-los-sistemas-de-produccion-de-leche-al-cambio-climatico\/#primaryimage\"},\"thumbnailUrl\":\"https:\/\/www.mundoagropecuario.cl\/new\/wp-content\/uploads\/2019\/08\/lecheri\u0301a2.jpg\",\"datePublished\":\"2019-08-20T05:00:36+00:00\",\"dateModified\":\"2019-08-22T15:46:49+00:00\",\"breadcrumb\":{\"@id\":\"https:\/\/www.mundoagropecuario.cl\/new\/seminario-de-adaptacion-y-mitigacion-de-los-sistemas-de-produccion-de-leche-al-cambio-climatico\/#breadcrumb\"},\"inLanguage\":\"es\",\"potentialAction\":[{\"@type\":\"ReadAction\",\"target\":[\"https:\/\/www.mundoagropecuario.cl\/new\/seminario-de-adaptacion-y-mitigacion-de-los-sistemas-de-produccion-de-leche-al-cambio-climatico\/\"]}]},{\"@type\":\"ImageObject\",\"inLanguage\":\"es\",\"@id\":\"https:\/\/www.mundoagropecuario.cl\/new\/seminario-de-adaptacion-y-mitigacion-de-los-sistemas-de-produccion-de-leche-al-cambio-climatico\/#primaryimage\",\"url\":\"https:\/\/www.mundoagropecuario.cl\/new\/wp-content\/uploads\/2019\/08\/lecheri\u0301a2.jpg\",\"contentUrl\":\"https:\/\/www.mundoagropecuario.cl\/new\/wp-content\/uploads\/2019\/08\/lecheri\u0301a2.jpg\",\"width\":711,\"height\":400},{\"@type\":\"BreadcrumbList\",\"@id\":\"https:\/\/www.mundoagropecuario.cl\/new\/seminario-de-adaptacion-y-mitigacion-de-los-sistemas-de-produccion-de-leche-al-cambio-climatico\/#breadcrumb\",\"itemListElement\":[{\"@type\":\"ListItem\",\"position\":1,\"name\":\"Portada\",\"item\":\"https:\/\/www.mundoagropecuario.cl\/new\/\"},{\"@type\":\"ListItem\",\"position\":2,\"name\":\"Seminario de \u201cAdaptaci\u00f3n y mitigaci\u00f3n de los sistemas de producci\u00f3n de leche al cambio clim\u00e1tico\u201d\"}]},{\"@type\":\"WebSite\",\"@id\":\"https:\/\/www.mundoagropecuario.cl\/new\/#website\",\"url\":\"https:\/\/www.mundoagropecuario.cl\/new\/\",\"name\":\"Mundoagropecuario\",\"description\":\"Mundo Agropecuario\",\"publisher\":{\"@id\":\"https:\/\/www.mundoagropecuario.cl\/new\/#organization\"},\"potentialAction\":[{\"@type\":\"SearchAction\",\"target\":{\"@type\":\"EntryPoint\",\"urlTemplate\":\"https:\/\/www.mundoagropecuario.cl\/new\/?s={search_term_string}\"},\"query-input\":{\"@type\":\"PropertyValueSpecification\",\"valueRequired\":true,\"valueName\":\"search_term_string\"}}],\"inLanguage\":\"es\"},{\"@type\":\"Organization\",\"@id\":\"https:\/\/www.mundoagropecuario.cl\/new\/#organization\",\"name\":\"Revista de Agricultura\",\"url\":\"https:\/\/www.mundoagropecuario.cl\/new\/\",\"logo\":{\"@type\":\"ImageObject\",\"inLanguage\":\"es\",\"@id\":\"https:\/\/www.mundoagropecuario.cl\/new\/#\/schema\/logo\/image\/\",\"url\":\"https:\/\/www.mundoagropecuario.cl\/new\/wp-content\/uploads\/2020\/11\/PORTAL-1-1.png\",\"contentUrl\":\"https:\/\/www.mundoagropecuario.cl\/new\/wp-content\/uploads\/2020\/11\/PORTAL-1-1.png\",\"width\":1026,\"height\":100,\"caption\":\"Revista de Agricultura\"},\"image\":{\"@id\":\"https:\/\/www.mundoagropecuario.cl\/new\/#\/schema\/logo\/image\/\"},\"sameAs\":[\"https:\/\/www.facebook.com\/mundo.agropecuario.3\",\"https:\/\/x.com\/MundoAgropecuar\",\"https:\/\/www.linkedin.com\/in\/mundo-agropecuario-934009201\/\"]},{\"@type\":\"Person\",\"@id\":\"https:\/\/www.mundoagropecuario.cl\/new\/#\/schema\/person\/4e9f74a82a7dac260eb1c44b7eebeb18\",\"name\":\"mundo\",\"url\":\"https:\/\/www.mundoagropecuario.cl\/new\/author\/mundo\/\"}]}<\/script>\n<!-- \/ Yoast SEO plugin. -->","yoast_head_json":{"title":"Seminario de \u201cAdaptaci\u00f3n y mitigaci\u00f3n de los sistemas de producci\u00f3n de leche al cambio clim\u00e1tico\u201d - Mundoagropecuario","robots":{"index":"index","follow":"follow","max-snippet":"max-snippet:-1","max-image-preview":"max-image-preview:large","max-video-preview":"max-video-preview:-1"},"canonical":"https:\/\/www.mundoagropecuario.cl\/new\/seminario-de-adaptacion-y-mitigacion-de-los-sistemas-de-produccion-de-leche-al-cambio-climatico\/","og_locale":"es_ES","og_type":"article","og_title":"Seminario de \u201cAdaptaci\u00f3n y mitigaci\u00f3n de los sistemas de producci\u00f3n de leche al cambio clim\u00e1tico\u201d - Mundoagropecuario","og_description":"La Actividad est\u00e1 relacionada con la agenda de la Conferencia de las Naciones Unidas sobre el Cambio Clim\u00e1tico de 2019, a realizarse en Chile en diciembre pr\u00f3ximo (Mundo Agropecuario). El...","og_url":"https:\/\/www.mundoagropecuario.cl\/new\/seminario-de-adaptacion-y-mitigacion-de-los-sistemas-de-produccion-de-leche-al-cambio-climatico\/","og_site_name":"Mundoagropecuario","article_publisher":"https:\/\/www.facebook.com\/mundo.agropecuario.3","article_published_time":"2019-08-20T05:00:36+00:00","article_modified_time":"2019-08-22T15:46:49+00:00","og_image":[{"width":1024,"height":576,"url":"https:\/\/www.mundoagropecuario.cl\/new\/wp-content\/uploads\/2019\/08\/lecheri\u0301a2.jpg","type":"image\/jpeg"}],"author":"mundo","twitter_card":"summary_large_image","twitter_creator":"@MundoAgropecuar","twitter_site":"@MundoAgropecuar","twitter_misc":{"Escrito por":"mundo","Tiempo de lectura":"2 minutos"},"schema":{"@context":"https:\/\/schema.org","@graph":[{"@type":"Article","@id":"https:\/\/www.mundoagropecuario.cl\/new\/seminario-de-adaptacion-y-mitigacion-de-los-sistemas-de-produccion-de-leche-al-cambio-climatico\/#article","isPartOf":{"@id":"https:\/\/www.mundoagropecuario.cl\/new\/seminario-de-adaptacion-y-mitigacion-de-los-sistemas-de-produccion-de-leche-al-cambio-climatico\/"},"author":{"name":"mundo","@id":"https:\/\/www.mundoagropecuario.cl\/new\/#\/schema\/person\/4e9f74a82a7dac260eb1c44b7eebeb18"},"headline":"Seminario de \u201cAdaptaci\u00f3n y mitigaci\u00f3n de los sistemas de producci\u00f3n de leche al cambio clim\u00e1tico\u201d","datePublished":"2019-08-20T05:00:36+00:00","dateModified":"2019-08-22T15:46:49+00:00","mainEntityOfPage":{"@id":"https:\/\/www.mundoagropecuario.cl\/new\/seminario-de-adaptacion-y-mitigacion-de-los-sistemas-de-produccion-de-leche-al-cambio-climatico\/"},"wordCount":361,"publisher":{"@id":"https:\/\/www.mundoagropecuario.cl\/new\/#organization"},"image":{"@id":"https:\/\/www.mundoagropecuario.cl\/new\/seminario-de-adaptacion-y-mitigacion-de-los-sistemas-de-produccion-de-leche-al-cambio-climatico\/#primaryimage"},"thumbnailUrl":"https:\/\/www.mundoagropecuario.cl\/new\/wp-content\/uploads\/2019\/08\/lecheri\u0301a2.jpg","keywords":["El Director Nacional del Instituto de Investigaciones Agropecuarias (INIA)","Pedro Bustos","Seminario de \u201cAdaptaci\u00f3n y mitigaci\u00f3n","sistemas de producci\u00f3n de leche al cambio clim\u00e1tico\u201d"],"articleSection":["Sustentabilidad"],"inLanguage":"es"},{"@type":"WebPage","@id":"https:\/\/www.mundoagropecuario.cl\/new\/seminario-de-adaptacion-y-mitigacion-de-los-sistemas-de-produccion-de-leche-al-cambio-climatico\/","url":"https:\/\/www.mundoagropecuario.cl\/new\/seminario-de-adaptacion-y-mitigacion-de-los-sistemas-de-produccion-de-leche-al-cambio-climatico\/","name":"Seminario de \u201cAdaptaci\u00f3n y mitigaci\u00f3n de los sistemas de producci\u00f3n de leche al cambio clim\u00e1tico\u201d - Mundoagropecuario","isPartOf":{"@id":"https:\/\/www.mundoagropecuario.cl\/new\/#website"},"primaryImageOfPage":{"@id":"https:\/\/www.mundoagropecuario.cl\/new\/seminario-de-adaptacion-y-mitigacion-de-los-sistemas-de-produccion-de-leche-al-cambio-climatico\/#primaryimage"},"image":{"@id":"https:\/\/www.mundoagropecuario.cl\/new\/seminario-de-adaptacion-y-mitigacion-de-los-sistemas-de-produccion-de-leche-al-cambio-climatico\/#primaryimage"},"thumbnailUrl":"https:\/\/www.mundoagropecuario.cl\/new\/wp-content\/uploads\/2019\/08\/lecheri\u0301a2.jpg","datePublished":"2019-08-20T05:00:36+00:00","dateModified":"2019-08-22T15:46:49+00:00","breadcrumb":{"@id":"https:\/\/www.mundoagropecuario.cl\/new\/seminario-de-adaptacion-y-mitigacion-de-los-sistemas-de-produccion-de-leche-al-cambio-climatico\/#breadcrumb"},"inLanguage":"es","potentialAction":[{"@type":"ReadAction","target":["https:\/\/www.mundoagropecuario.cl\/new\/seminario-de-adaptacion-y-mitigacion-de-los-sistemas-de-produccion-de-leche-al-cambio-climatico\/"]}]},{"@type":"ImageObject","inLanguage":"es","@id":"https:\/\/www.mundoagropecuario.cl\/new\/seminario-de-adaptacion-y-mitigacion-de-los-sistemas-de-produccion-de-leche-al-cambio-climatico\/#primaryimage","url":"https:\/\/www.mundoagropecuario.cl\/new\/wp-content\/uploads\/2019\/08\/lecheri\u0301a2.jpg","contentUrl":"https:\/\/www.mundoagropecuario.cl\/new\/wp-content\/uploads\/2019\/08\/lecheri\u0301a2.jpg","width":711,"height":400},{"@type":"BreadcrumbList","@id":"https:\/\/www.mundoagropecuario.cl\/new\/seminario-de-adaptacion-y-mitigacion-de-los-sistemas-de-produccion-de-leche-al-cambio-climatico\/#breadcrumb","itemListElement":[{"@type":"ListItem","position":1,"name":"Portada","item":"https:\/\/www.mundoagropecuario.cl\/new\/"},{"@type":"ListItem","position":2,"name":"Seminario de \u201cAdaptaci\u00f3n y mitigaci\u00f3n de los sistemas de producci\u00f3n de leche al cambio clim\u00e1tico\u201d"}]},{"@type":"WebSite","@id":"https:\/\/www.mundoagropecuario.cl\/new\/#website","url":"https:\/\/www.mundoagropecuario.cl\/new\/","name":"Mundoagropecuario","description":"Mundo Agropecuario","publisher":{"@id":"https:\/\/www.mundoagropecuario.cl\/new\/#organization"},"potentialAction":[{"@type":"SearchAction","target":{"@type":"EntryPoint","urlTemplate":"https:\/\/www.mundoagropecuario.cl\/new\/?s={search_term_string}"},"query-input":{"@type":"PropertyValueSpecification","valueRequired":true,"valueName":"search_term_string"}}],"inLanguage":"es"},{"@type":"Organization","@id":"https:\/\/www.mundoagropecuario.cl\/new\/#organization","name":"Revista de Agricultura","url":"https:\/\/www.mundoagropecuario.cl\/new\/","logo":{"@type":"ImageObject","inLanguage":"es","@id":"https:\/\/www.mundoagropecuario.cl\/new\/#\/schema\/logo\/image\/","url":"https:\/\/www.mundoagropecuario.cl\/new\/wp-content\/uploads\/2020\/11\/PORTAL-1-1.png","contentUrl":"https:\/\/www.mundoagropecuario.cl\/new\/wp-content\/uploads\/2020\/11\/PORTAL-1-1.png","width":1026,"height":100,"caption":"Revista de Agricultura"},"image":{"@id":"https:\/\/www.mundoagropecuario.cl\/new\/#\/schema\/logo\/image\/"},"sameAs":["https:\/\/www.facebook.com\/mundo.agropecuario.3","https:\/\/x.com\/MundoAgropecuar","https:\/\/www.linkedin.com\/in\/mundo-agropecuario-934009201\/"]},{"@type":"Person","@id":"https:\/\/www.mundoagropecuario.cl\/new\/#\/schema\/person\/4e9f74a82a7dac260eb1c44b7eebeb18","name":"mundo","url":"https:\/\/www.mundoagropecuario.cl\/new\/author\/mundo\/"}]}},"_links":{"self":[{"href":"https:\/\/www.mundoagropecuario.cl\/new\/wp-json\/wp\/v2\/posts\/13381","targetHints":{"allow":["GET"]}}],"collection":[{"href":"https:\/\/www.mundoagropecuario.cl\/new\/wp-json\/wp\/v2\/posts"}],"about":[{"href":"https:\/\/www.mundoagropecuario.cl\/new\/wp-json\/wp\/v2\/types\/post"}],"author":[{"embeddable":true,"href":"https:\/\/www.mundoagropecuario.cl\/new\/wp-json\/wp\/v2\/users\/2"}],"replies":[{"embeddable":true,"href":"https:\/\/www.mundoagropecuario.cl\/new\/wp-json\/wp\/v2\/comments?post=13381"}],"version-history":[{"count":1,"href":"https:\/\/www.mundoagropecuario.cl\/new\/wp-json\/wp\/v2\/posts\/13381\/revisions"}],"predecessor-version":[{"id":13383,"href":"https:\/\/www.mundoagropecuario.cl\/new\/wp-json\/wp\/v2\/posts\/13381\/revisions\/13383"}],"wp:featuredmedia":[{"embeddable":true,"href":"https:\/\/www.mundoagropecuario.cl\/new\/wp-json\/wp\/v2\/media\/13382"}],"wp:attachment":[{"href":"https:\/\/www.mundoagropecuario.cl\/new\/wp-json\/wp\/v2\/media?parent=13381"}],"wp:term":[{"taxonomy":"category","embeddable":true,"href":"https:\/\/www.mundoagropecuario.cl\/new\/wp-json\/wp\/v2\/categories?post=13381"},{"taxonomy":"post_tag","embeddable":true,"href":"https:\/\/www.mundoagropecuario.cl\/new\/wp-json\/wp\/v2\/tags?post=13381"}],"curies":[{"name":"wp","href":"https:\/\/api.w.org\/{rel}","templated":true}]}}