{"id":13347,"date":"2019-08-19T11:49:46","date_gmt":"2019-08-19T14:49:46","guid":{"rendered":"http:\/\/www.mundoagropecuario.cl\/new\/?p=13347"},"modified":"2019-08-19T11:49:51","modified_gmt":"2019-08-19T14:49:51","slug":"inia-carillanca-adjudica-3-giras-nacionales-para-la-pequena-agricultura","status":"publish","type":"post","link":"https:\/\/www.mundoagropecuario.cl\/new\/inia-carillanca-adjudica-3-giras-nacionales-para-la-pequena-agricultura\/","title":{"rendered":"INIA Carillanca adjudica 3 Giras Nacionales para la Peque\u00f1a Agricultura"},"content":{"rendered":"\n<ul class=\"wp-block-gallery columns-0 is-cropped wp-block-gallery-1 is-layout-flex wp-block-gallery-is-layout-flex\"><\/ul>\n\n\n\n<p class=\"has-medium-font-size\"><em>En esta instancia participar\u00e1n 10 agricultores dedicados a la producci\u00f3n de papa en la comuna de Saavedra, integrantes del GTT Papa Pehuenche, adem\u00e1s de profesionales del municipio e INDAP y del coordinador de INIA (Mundo Agropecuario).<\/em><\/p>\n\n\n\n<p>Tres giras nacionales se adjudic\u00f3 el Centro de Investigaci\u00f3n INIA Carillanca, en el contexto de concursos convocados por la Fundaci\u00f3n Para la Innovaci\u00f3n Agraria (FIA) y que permitir\u00e1 potenciar el trabajo de la peque\u00f1a agricultura de la Regi\u00f3n de La Araucan\u00eda, particularmente los grupos GTT que lidera el Centro de Investigaci\u00f3n, las que se llevar\u00e1n a cabo entre los meses de agosto y septiembre.<\/p>\n\n\n\n<p>La primera de ellas es una gira t\u00e9cnica de innovaci\u00f3n para vincular a productores del GTT Papas Pur\u00e9n con empresas productoras y proveedoras de semilla certificada en las regiones de Los Lagos y Los R\u00edos, con el fin de mejorar la producci\u00f3n y calidad de papa consumo. En esta participar\u00e1n 9 agricultores de Pur\u00e9n dedicados al rubro e integrantes del GTT, m\u00e1s profesionales del municipio e INDAP de la comuna indicada. \u201cRealizaremos una visita t\u00e9cnica a empresas productoras de semilla de papa, particularmente a la Estaci\u00f3n Experimental Roc\u00edo enla comuna de Purranque;&nbsp;Semillas SZ, en Frutillar; Agr\u00edcola y Flor\u00edcola Willem Bierma, en Maull\u00edn; Estaci\u00f3n Experimental Puerto Octay; Centro Regional de Investigaci\u00f3n&nbsp;INIA Remehue y&nbsp;Agr\u00edcola Avil\u00e9s Limitada&nbsp;&nbsp;en La Uni\u00f3n. El objetivo es conocer las variedades de papa que all\u00ed se multiplican, las tecnolog\u00edas de producci\u00f3n y generar los contactos para el abastecimiento de semilla de alta calidad\u201d, coment\u00f3 Juan Inostroza, profesional transferencista de INIA y coordinador de la gira.&nbsp;&nbsp;&nbsp;<\/p>\n\n\n\n<p>La segunda gira, tambi\u00e9n liderada por Inostroza,&nbsp;&nbsp;est\u00e1 orientada a productores de Saavedra, quienes pretenden conocer experiencias nacionales sobre estructuras organizativas formales para&nbsp;el desarrollo de emprendimientos y comercializaci\u00f3n de papa y otros productos agr\u00edcolas. \u201cEsta gira considera a los miembros del GTT&nbsp;Papa Pehuenche de dicha comuna costera, quienes est\u00e1n en proceso de organizaci\u00f3n formal&nbsp;&nbsp;y que les permitir\u00e1 escalar hacia la producci\u00f3n de semilla para uso propio y ofrecer al territorio Araucan\u00eda Costera; particularmente en variedades de papa temprana. Si bien al asociarse como GTT han accedido al conocimiento existente en los Centros de Investigaci\u00f3n, para escalar en la cadena productiva necesitan desarrollar capacidades empresariales, que les permitan mejorar la comercializaci\u00f3n y hacer uso eficiente de&nbsp;&nbsp;los programas de fomento existentes\u201d, comenta Inostroza.&nbsp;&nbsp;<\/p>\n\n\n\n<div class=\"wp-block-image\"><figure class=\"alignleft is-resized\"><img loading=\"lazy\" decoding=\"async\" src=\"https:\/\/www.mundoagropecuario.cl\/new\/wp-content\/uploads\/2019\/08\/GRUPO-GTT-DE-PUR\u00c8N.jpg\" alt=\"\" class=\"wp-image-13348\" width=\"352\" height=\"270\" srcset=\"https:\/\/www.mundoagropecuario.cl\/new\/wp-content\/uploads\/2019\/08\/GRUPO-GTT-DE-PUR\u00c8N.jpg 520w, https:\/\/www.mundoagropecuario.cl\/new\/wp-content\/uploads\/2019\/08\/GRUPO-GTT-DE-PUR\u00c8N-586x451.jpg 586w\" sizes=\"auto, (max-width: 352px) 100vw, 352px\" \/><\/figure><\/div>\n\n\n\n<p>En esta instancia participar\u00e1n 10 agricultores dedicados a la producci\u00f3n de papa en la comuna de Saavedra, integrantes del GTT Papa Pehuenche, adem\u00e1s de profesionales del municipio e INDAP y del coordinador de INIA. Las visitas se realizar\u00e1n a las empresas comercializadoras&nbsp;Cooperativa Coopeumo Ltda., en Pichidehua, provincia de Cachapoal;&nbsp;Cooperativa Campesina de Huentelauqu\u00e9n, en la Regi\u00f3n de Coquimbo;&nbsp;Sociedad Agr\u00edcola Los Cinco Valles S.A. de Melipilla; Agrofrutillas San Pedro S.A, San Pedro en Melipilla,&nbsp;Agr\u00edcola Lago Budi Ltda., en Puerto Dom\u00ednguez;&nbsp;Cooperativa hort\u00edcola \u201dFilk\u00fcn\u201d, sector El Natre en la comuna de Vilc\u00fan y Cooperativa Campesina Llollinco Ltda., en Teodoro Schmidt. Estas 3 \u00faltimas ubicadas en la Regi\u00f3n de La Araucan\u00eda.<\/p>\n\n\n\n<p><strong>Productores de aceite de oliva<\/strong><\/p>\n\n\n\n<p>La tercera gira considera la participaci\u00f3n de productores de Los Sauces. Una comuna que&nbsp;&nbsp;presenta condiciones clim\u00e1ticas para el desarrollo de una amplia gama de frutales y donde se han ejecutado varias iniciativas tendientes a fomentar el cultivo del olivo. Actualmente existen aproximadamente 12 hect\u00e1reas de olivos plantados con 7 productores, 2 de los cuales producen aceite envasado para venta.<\/p>\n\n\n\n<p>\u201cEn este sentido, la gira tiene como objetivo mostrar a productores de aceite de oliva de la comuna de Los Sauces y t\u00e9cnicos de los equipos de extensi\u00f3n, experiencias en investigaci\u00f3n, producci\u00f3n y asociatividad para la producci\u00f3n de aceite en las regiones de Atacama y Coquimbo para su posible aplicaci\u00f3n en la provincia de Malleco. Por lo tanto, se visitar\u00e1 la producci\u00f3n aceitera y de aceituna de mesa que realizan productores en Huasco, adem\u00e1s de los centros de investigaci\u00f3n de INIA. La idea es conocer la producci\u00f3n org\u00e1nica de aceite y alamazaras m\u00f3viles, como parte de un proyecto apoyado por el Gobierno Regional. De igual forma se visitar\u00e1 un huerto de alta densidad con riego tecnificado en pleno desierto.&nbsp;La gira permitir\u00e1 a los productores conocer y capitalizar las experiencias que han tenido empresas ya&nbsp;formalizadas&nbsp;&nbsp;y otras que tienen una amplia trayectoria como organizaci\u00f3n.&nbsp;De esta forma, con posterioridad a la gira, el grupo podr\u00e1 incorporar nuevas herramientas en su proceso organizacional de cada una de las experiencias observadas\u201d, coment\u00f3 finalmente Manuel Vial, coordinador de esta gira.&nbsp;<\/p>\n\n\n\n<p>Luego de las giras los agricultores involucrados desarrollar\u00e1n jornadas de difusi\u00f3n en sus respectivas comunas para informar a sus pares de la experiencia y nuevos conocimientos adquiridos.<\/p>\n","protected":false},"excerpt":{"rendered":"<p>En esta instancia participar\u00e1n 10 agricultores dedicados a la producci\u00f3n de papa en la comuna de Saavedra, integrantes del GTT Papa Pehuenche, adem\u00e1s de profesionales del municipio e INDAP y&#8230;<\/p>\n","protected":false},"author":2,"featured_media":13349,"comment_status":"closed","ping_status":"closed","sticky":false,"template":"","format":"standard","meta":{"footnotes":""},"categories":[398],"tags":[4065,2404,4067],"class_list":["post-13347","post","type-post","status-publish","format-standard","has-post-thumbnail","hentry","category-titular-1","tag-gtt-papa-pehuenche","tag-inia-carillanca","tag-integrantes-del-gtt-papa-pehuenche"],"yoast_head":"<!-- This site is optimized with the Yoast SEO plugin v26.6 - https:\/\/yoast.com\/wordpress\/plugins\/seo\/ -->\n<title>INIA Carillanca adjudica 3 Giras Nacionales para la Peque\u00f1a Agricultura - Mundoagropecuario<\/title>\n<meta name=\"robots\" content=\"index, follow, max-snippet:-1, max-image-preview:large, max-video-preview:-1\" \/>\n<link rel=\"canonical\" href=\"https:\/\/www.mundoagropecuario.cl\/new\/inia-carillanca-adjudica-3-giras-nacionales-para-la-pequena-agricultura\/\" \/>\n<meta property=\"og:locale\" content=\"es_ES\" \/>\n<meta property=\"og:type\" content=\"article\" \/>\n<meta property=\"og:title\" content=\"INIA Carillanca adjudica 3 Giras Nacionales para la Peque\u00f1a Agricultura - Mundoagropecuario\" \/>\n<meta property=\"og:description\" content=\"En esta instancia participar\u00e1n 10 agricultores dedicados a la producci\u00f3n de papa en la comuna de Saavedra, integrantes del GTT Papa Pehuenche, adem\u00e1s de profesionales del municipio e INDAP y...\" \/>\n<meta property=\"og:url\" content=\"https:\/\/www.mundoagropecuario.cl\/new\/inia-carillanca-adjudica-3-giras-nacionales-para-la-pequena-agricultura\/\" \/>\n<meta property=\"og:site_name\" content=\"Mundoagropecuario\" \/>\n<meta property=\"article:publisher\" content=\"https:\/\/www.facebook.com\/mundo.agropecuario.3\" \/>\n<meta property=\"article:published_time\" content=\"2019-08-19T14:49:46+00:00\" \/>\n<meta property=\"article:modified_time\" content=\"2019-08-19T14:49:51+00:00\" \/>\n<meta property=\"og:image\" content=\"https:\/\/www.mundoagropecuario.cl\/new\/wp-content\/uploads\/2019\/08\/GTT-PAPA-PEHUENCHE-DE-SAAVEDRA.jpg\" \/>\n\t<meta property=\"og:image:width\" content=\"922\" \/>\n\t<meta property=\"og:image:height\" content=\"691\" \/>\n\t<meta property=\"og:image:type\" content=\"image\/jpeg\" \/>\n<meta name=\"author\" content=\"mundo\" \/>\n<meta name=\"twitter:card\" content=\"summary_large_image\" \/>\n<meta name=\"twitter:creator\" content=\"@MundoAgropecuar\" \/>\n<meta name=\"twitter:site\" content=\"@MundoAgropecuar\" \/>\n<meta name=\"twitter:label1\" content=\"Escrito por\" \/>\n\t<meta name=\"twitter:data1\" content=\"mundo\" \/>\n\t<meta name=\"twitter:label2\" content=\"Tiempo de lectura\" \/>\n\t<meta name=\"twitter:data2\" content=\"4 minutos\" \/>\n<script type=\"application\/ld+json\" class=\"yoast-schema-graph\">{\"@context\":\"https:\/\/schema.org\",\"@graph\":[{\"@type\":\"Article\",\"@id\":\"https:\/\/www.mundoagropecuario.cl\/new\/inia-carillanca-adjudica-3-giras-nacionales-para-la-pequena-agricultura\/#article\",\"isPartOf\":{\"@id\":\"https:\/\/www.mundoagropecuario.cl\/new\/inia-carillanca-adjudica-3-giras-nacionales-para-la-pequena-agricultura\/\"},\"author\":{\"name\":\"mundo\",\"@id\":\"https:\/\/www.mundoagropecuario.cl\/new\/#\/schema\/person\/4e9f74a82a7dac260eb1c44b7eebeb18\"},\"headline\":\"INIA Carillanca adjudica 3 Giras Nacionales para la Peque\u00f1a Agricultura\",\"datePublished\":\"2019-08-19T14:49:46+00:00\",\"dateModified\":\"2019-08-19T14:49:51+00:00\",\"mainEntityOfPage\":{\"@id\":\"https:\/\/www.mundoagropecuario.cl\/new\/inia-carillanca-adjudica-3-giras-nacionales-para-la-pequena-agricultura\/\"},\"wordCount\":875,\"publisher\":{\"@id\":\"https:\/\/www.mundoagropecuario.cl\/new\/#organization\"},\"image\":{\"@id\":\"https:\/\/www.mundoagropecuario.cl\/new\/inia-carillanca-adjudica-3-giras-nacionales-para-la-pequena-agricultura\/#primaryimage\"},\"thumbnailUrl\":\"https:\/\/www.mundoagropecuario.cl\/new\/wp-content\/uploads\/2019\/08\/GTT-PAPA-PEHUENCHE-DE-SAAVEDRA.jpg\",\"keywords\":[\"GTT Papa Pehuenche\",\"INIA Carillanca\",\"integrantes del GTT Papa Pehuenche\"],\"articleSection\":[\"Titular 1\"],\"inLanguage\":\"es\"},{\"@type\":\"WebPage\",\"@id\":\"https:\/\/www.mundoagropecuario.cl\/new\/inia-carillanca-adjudica-3-giras-nacionales-para-la-pequena-agricultura\/\",\"url\":\"https:\/\/www.mundoagropecuario.cl\/new\/inia-carillanca-adjudica-3-giras-nacionales-para-la-pequena-agricultura\/\",\"name\":\"INIA Carillanca adjudica 3 Giras Nacionales para la Peque\u00f1a Agricultura - Mundoagropecuario\",\"isPartOf\":{\"@id\":\"https:\/\/www.mundoagropecuario.cl\/new\/#website\"},\"primaryImageOfPage\":{\"@id\":\"https:\/\/www.mundoagropecuario.cl\/new\/inia-carillanca-adjudica-3-giras-nacionales-para-la-pequena-agricultura\/#primaryimage\"},\"image\":{\"@id\":\"https:\/\/www.mundoagropecuario.cl\/new\/inia-carillanca-adjudica-3-giras-nacionales-para-la-pequena-agricultura\/#primaryimage\"},\"thumbnailUrl\":\"https:\/\/www.mundoagropecuario.cl\/new\/wp-content\/uploads\/2019\/08\/GTT-PAPA-PEHUENCHE-DE-SAAVEDRA.jpg\",\"datePublished\":\"2019-08-19T14:49:46+00:00\",\"dateModified\":\"2019-08-19T14:49:51+00:00\",\"breadcrumb\":{\"@id\":\"https:\/\/www.mundoagropecuario.cl\/new\/inia-carillanca-adjudica-3-giras-nacionales-para-la-pequena-agricultura\/#breadcrumb\"},\"inLanguage\":\"es\",\"potentialAction\":[{\"@type\":\"ReadAction\",\"target\":[\"https:\/\/www.mundoagropecuario.cl\/new\/inia-carillanca-adjudica-3-giras-nacionales-para-la-pequena-agricultura\/\"]}]},{\"@type\":\"ImageObject\",\"inLanguage\":\"es\",\"@id\":\"https:\/\/www.mundoagropecuario.cl\/new\/inia-carillanca-adjudica-3-giras-nacionales-para-la-pequena-agricultura\/#primaryimage\",\"url\":\"https:\/\/www.mundoagropecuario.cl\/new\/wp-content\/uploads\/2019\/08\/GTT-PAPA-PEHUENCHE-DE-SAAVEDRA.jpg\",\"contentUrl\":\"https:\/\/www.mundoagropecuario.cl\/new\/wp-content\/uploads\/2019\/08\/GTT-PAPA-PEHUENCHE-DE-SAAVEDRA.jpg\",\"width\":534,\"height\":400},{\"@type\":\"BreadcrumbList\",\"@id\":\"https:\/\/www.mundoagropecuario.cl\/new\/inia-carillanca-adjudica-3-giras-nacionales-para-la-pequena-agricultura\/#breadcrumb\",\"itemListElement\":[{\"@type\":\"ListItem\",\"position\":1,\"name\":\"Portada\",\"item\":\"https:\/\/www.mundoagropecuario.cl\/new\/\"},{\"@type\":\"ListItem\",\"position\":2,\"name\":\"INIA Carillanca adjudica 3 Giras Nacionales para la Peque\u00f1a Agricultura\"}]},{\"@type\":\"WebSite\",\"@id\":\"https:\/\/www.mundoagropecuario.cl\/new\/#website\",\"url\":\"https:\/\/www.mundoagropecuario.cl\/new\/\",\"name\":\"Mundoagropecuario\",\"description\":\"Mundo Agropecuario\",\"publisher\":{\"@id\":\"https:\/\/www.mundoagropecuario.cl\/new\/#organization\"},\"potentialAction\":[{\"@type\":\"SearchAction\",\"target\":{\"@type\":\"EntryPoint\",\"urlTemplate\":\"https:\/\/www.mundoagropecuario.cl\/new\/?s={search_term_string}\"},\"query-input\":{\"@type\":\"PropertyValueSpecification\",\"valueRequired\":true,\"valueName\":\"search_term_string\"}}],\"inLanguage\":\"es\"},{\"@type\":\"Organization\",\"@id\":\"https:\/\/www.mundoagropecuario.cl\/new\/#organization\",\"name\":\"Revista de Agricultura\",\"url\":\"https:\/\/www.mundoagropecuario.cl\/new\/\",\"logo\":{\"@type\":\"ImageObject\",\"inLanguage\":\"es\",\"@id\":\"https:\/\/www.mundoagropecuario.cl\/new\/#\/schema\/logo\/image\/\",\"url\":\"https:\/\/www.mundoagropecuario.cl\/new\/wp-content\/uploads\/2020\/11\/PORTAL-1-1.png\",\"contentUrl\":\"https:\/\/www.mundoagropecuario.cl\/new\/wp-content\/uploads\/2020\/11\/PORTAL-1-1.png\",\"width\":1026,\"height\":100,\"caption\":\"Revista de Agricultura\"},\"image\":{\"@id\":\"https:\/\/www.mundoagropecuario.cl\/new\/#\/schema\/logo\/image\/\"},\"sameAs\":[\"https:\/\/www.facebook.com\/mundo.agropecuario.3\",\"https:\/\/x.com\/MundoAgropecuar\",\"https:\/\/www.linkedin.com\/in\/mundo-agropecuario-934009201\/\"]},{\"@type\":\"Person\",\"@id\":\"https:\/\/www.mundoagropecuario.cl\/new\/#\/schema\/person\/4e9f74a82a7dac260eb1c44b7eebeb18\",\"name\":\"mundo\",\"url\":\"https:\/\/www.mundoagropecuario.cl\/new\/author\/mundo\/\"}]}<\/script>\n<!-- \/ Yoast SEO plugin. -->","yoast_head_json":{"title":"INIA Carillanca adjudica 3 Giras Nacionales para la Peque\u00f1a Agricultura - Mundoagropecuario","robots":{"index":"index","follow":"follow","max-snippet":"max-snippet:-1","max-image-preview":"max-image-preview:large","max-video-preview":"max-video-preview:-1"},"canonical":"https:\/\/www.mundoagropecuario.cl\/new\/inia-carillanca-adjudica-3-giras-nacionales-para-la-pequena-agricultura\/","og_locale":"es_ES","og_type":"article","og_title":"INIA Carillanca adjudica 3 Giras Nacionales para la Peque\u00f1a Agricultura - Mundoagropecuario","og_description":"En esta instancia participar\u00e1n 10 agricultores dedicados a la producci\u00f3n de papa en la comuna de Saavedra, integrantes del GTT Papa Pehuenche, adem\u00e1s de profesionales del municipio e INDAP y...","og_url":"https:\/\/www.mundoagropecuario.cl\/new\/inia-carillanca-adjudica-3-giras-nacionales-para-la-pequena-agricultura\/","og_site_name":"Mundoagropecuario","article_publisher":"https:\/\/www.facebook.com\/mundo.agropecuario.3","article_published_time":"2019-08-19T14:49:46+00:00","article_modified_time":"2019-08-19T14:49:51+00:00","og_image":[{"width":922,"height":691,"url":"https:\/\/www.mundoagropecuario.cl\/new\/wp-content\/uploads\/2019\/08\/GTT-PAPA-PEHUENCHE-DE-SAAVEDRA.jpg","type":"image\/jpeg"}],"author":"mundo","twitter_card":"summary_large_image","twitter_creator":"@MundoAgropecuar","twitter_site":"@MundoAgropecuar","twitter_misc":{"Escrito por":"mundo","Tiempo de lectura":"4 minutos"},"schema":{"@context":"https:\/\/schema.org","@graph":[{"@type":"Article","@id":"https:\/\/www.mundoagropecuario.cl\/new\/inia-carillanca-adjudica-3-giras-nacionales-para-la-pequena-agricultura\/#article","isPartOf":{"@id":"https:\/\/www.mundoagropecuario.cl\/new\/inia-carillanca-adjudica-3-giras-nacionales-para-la-pequena-agricultura\/"},"author":{"name":"mundo","@id":"https:\/\/www.mundoagropecuario.cl\/new\/#\/schema\/person\/4e9f74a82a7dac260eb1c44b7eebeb18"},"headline":"INIA Carillanca adjudica 3 Giras Nacionales para la Peque\u00f1a Agricultura","datePublished":"2019-08-19T14:49:46+00:00","dateModified":"2019-08-19T14:49:51+00:00","mainEntityOfPage":{"@id":"https:\/\/www.mundoagropecuario.cl\/new\/inia-carillanca-adjudica-3-giras-nacionales-para-la-pequena-agricultura\/"},"wordCount":875,"publisher":{"@id":"https:\/\/www.mundoagropecuario.cl\/new\/#organization"},"image":{"@id":"https:\/\/www.mundoagropecuario.cl\/new\/inia-carillanca-adjudica-3-giras-nacionales-para-la-pequena-agricultura\/#primaryimage"},"thumbnailUrl":"https:\/\/www.mundoagropecuario.cl\/new\/wp-content\/uploads\/2019\/08\/GTT-PAPA-PEHUENCHE-DE-SAAVEDRA.jpg","keywords":["GTT Papa Pehuenche","INIA Carillanca","integrantes del GTT Papa Pehuenche"],"articleSection":["Titular 1"],"inLanguage":"es"},{"@type":"WebPage","@id":"https:\/\/www.mundoagropecuario.cl\/new\/inia-carillanca-adjudica-3-giras-nacionales-para-la-pequena-agricultura\/","url":"https:\/\/www.mundoagropecuario.cl\/new\/inia-carillanca-adjudica-3-giras-nacionales-para-la-pequena-agricultura\/","name":"INIA Carillanca adjudica 3 Giras Nacionales para la Peque\u00f1a Agricultura - Mundoagropecuario","isPartOf":{"@id":"https:\/\/www.mundoagropecuario.cl\/new\/#website"},"primaryImageOfPage":{"@id":"https:\/\/www.mundoagropecuario.cl\/new\/inia-carillanca-adjudica-3-giras-nacionales-para-la-pequena-agricultura\/#primaryimage"},"image":{"@id":"https:\/\/www.mundoagropecuario.cl\/new\/inia-carillanca-adjudica-3-giras-nacionales-para-la-pequena-agricultura\/#primaryimage"},"thumbnailUrl":"https:\/\/www.mundoagropecuario.cl\/new\/wp-content\/uploads\/2019\/08\/GTT-PAPA-PEHUENCHE-DE-SAAVEDRA.jpg","datePublished":"2019-08-19T14:49:46+00:00","dateModified":"2019-08-19T14:49:51+00:00","breadcrumb":{"@id":"https:\/\/www.mundoagropecuario.cl\/new\/inia-carillanca-adjudica-3-giras-nacionales-para-la-pequena-agricultura\/#breadcrumb"},"inLanguage":"es","potentialAction":[{"@type":"ReadAction","target":["https:\/\/www.mundoagropecuario.cl\/new\/inia-carillanca-adjudica-3-giras-nacionales-para-la-pequena-agricultura\/"]}]},{"@type":"ImageObject","inLanguage":"es","@id":"https:\/\/www.mundoagropecuario.cl\/new\/inia-carillanca-adjudica-3-giras-nacionales-para-la-pequena-agricultura\/#primaryimage","url":"https:\/\/www.mundoagropecuario.cl\/new\/wp-content\/uploads\/2019\/08\/GTT-PAPA-PEHUENCHE-DE-SAAVEDRA.jpg","contentUrl":"https:\/\/www.mundoagropecuario.cl\/new\/wp-content\/uploads\/2019\/08\/GTT-PAPA-PEHUENCHE-DE-SAAVEDRA.jpg","width":534,"height":400},{"@type":"BreadcrumbList","@id":"https:\/\/www.mundoagropecuario.cl\/new\/inia-carillanca-adjudica-3-giras-nacionales-para-la-pequena-agricultura\/#breadcrumb","itemListElement":[{"@type":"ListItem","position":1,"name":"Portada","item":"https:\/\/www.mundoagropecuario.cl\/new\/"},{"@type":"ListItem","position":2,"name":"INIA Carillanca adjudica 3 Giras Nacionales para la Peque\u00f1a Agricultura"}]},{"@type":"WebSite","@id":"https:\/\/www.mundoagropecuario.cl\/new\/#website","url":"https:\/\/www.mundoagropecuario.cl\/new\/","name":"Mundoagropecuario","description":"Mundo Agropecuario","publisher":{"@id":"https:\/\/www.mundoagropecuario.cl\/new\/#organization"},"potentialAction":[{"@type":"SearchAction","target":{"@type":"EntryPoint","urlTemplate":"https:\/\/www.mundoagropecuario.cl\/new\/?s={search_term_string}"},"query-input":{"@type":"PropertyValueSpecification","valueRequired":true,"valueName":"search_term_string"}}],"inLanguage":"es"},{"@type":"Organization","@id":"https:\/\/www.mundoagropecuario.cl\/new\/#organization","name":"Revista de Agricultura","url":"https:\/\/www.mundoagropecuario.cl\/new\/","logo":{"@type":"ImageObject","inLanguage":"es","@id":"https:\/\/www.mundoagropecuario.cl\/new\/#\/schema\/logo\/image\/","url":"https:\/\/www.mundoagropecuario.cl\/new\/wp-content\/uploads\/2020\/11\/PORTAL-1-1.png","contentUrl":"https:\/\/www.mundoagropecuario.cl\/new\/wp-content\/uploads\/2020\/11\/PORTAL-1-1.png","width":1026,"height":100,"caption":"Revista de Agricultura"},"image":{"@id":"https:\/\/www.mundoagropecuario.cl\/new\/#\/schema\/logo\/image\/"},"sameAs":["https:\/\/www.facebook.com\/mundo.agropecuario.3","https:\/\/x.com\/MundoAgropecuar","https:\/\/www.linkedin.com\/in\/mundo-agropecuario-934009201\/"]},{"@type":"Person","@id":"https:\/\/www.mundoagropecuario.cl\/new\/#\/schema\/person\/4e9f74a82a7dac260eb1c44b7eebeb18","name":"mundo","url":"https:\/\/www.mundoagropecuario.cl\/new\/author\/mundo\/"}]}},"_links":{"self":[{"href":"https:\/\/www.mundoagropecuario.cl\/new\/wp-json\/wp\/v2\/posts\/13347","targetHints":{"allow":["GET"]}}],"collection":[{"href":"https:\/\/www.mundoagropecuario.cl\/new\/wp-json\/wp\/v2\/posts"}],"about":[{"href":"https:\/\/www.mundoagropecuario.cl\/new\/wp-json\/wp\/v2\/types\/post"}],"author":[{"embeddable":true,"href":"https:\/\/www.mundoagropecuario.cl\/new\/wp-json\/wp\/v2\/users\/2"}],"replies":[{"embeddable":true,"href":"https:\/\/www.mundoagropecuario.cl\/new\/wp-json\/wp\/v2\/comments?post=13347"}],"version-history":[{"count":1,"href":"https:\/\/www.mundoagropecuario.cl\/new\/wp-json\/wp\/v2\/posts\/13347\/revisions"}],"predecessor-version":[{"id":13350,"href":"https:\/\/www.mundoagropecuario.cl\/new\/wp-json\/wp\/v2\/posts\/13347\/revisions\/13350"}],"wp:featuredmedia":[{"embeddable":true,"href":"https:\/\/www.mundoagropecuario.cl\/new\/wp-json\/wp\/v2\/media\/13349"}],"wp:attachment":[{"href":"https:\/\/www.mundoagropecuario.cl\/new\/wp-json\/wp\/v2\/media?parent=13347"}],"wp:term":[{"taxonomy":"category","embeddable":true,"href":"https:\/\/www.mundoagropecuario.cl\/new\/wp-json\/wp\/v2\/categories?post=13347"},{"taxonomy":"post_tag","embeddable":true,"href":"https:\/\/www.mundoagropecuario.cl\/new\/wp-json\/wp\/v2\/tags?post=13347"}],"curies":[{"name":"wp","href":"https:\/\/api.w.org\/{rel}","templated":true}]}}