{"id":13264,"date":"2019-08-09T11:29:29","date_gmt":"2019-08-09T14:29:29","guid":{"rendered":"http:\/\/www.mundoagropecuario.cl\/new\/?p=13264"},"modified":"2019-08-09T11:29:31","modified_gmt":"2019-08-09T14:29:31","slug":"empresa-de-control-de-plagas-aviar-es-apoyada-por-centro-de-negocios-sercotec","status":"publish","type":"post","link":"https:\/\/www.mundoagropecuario.cl\/new\/empresa-de-control-de-plagas-aviar-es-apoyada-por-centro-de-negocios-sercotec\/","title":{"rendered":"Empresa de control de plagas aviar es apoyada por centro de negocios SERCOTEC"},"content":{"rendered":"\n<ul class=\"wp-block-gallery columns-0 is-cropped wp-block-gallery-1 is-layout-flex wp-block-gallery-is-layout-flex\"><\/ul>\n\n\n\n<p><\/p>\n\n\n\n<p><em>El due\u00f1o de Rapaces Nahuelbuta lleg\u00f3 al Centro de Negocios de Angol el a\u00f1o 2016 donde recibi\u00f3 apoyo en orientaci\u00f3n de proyectos Sercotec, asesor\u00eda en formalizaci\u00f3n de empresas, apoyo en imagen corporativa, asesor\u00edas en Plan de Negocios Canvas y discurso comercial (Mundo Agropecuario).<\/em><\/p>\n\n\n\n<p>Rapaces Nahuelbuta es una empresa ubicada en la comuna de Angol, especializada en la disuasi\u00f3n de plagas aviarias, mediante el empleo de aves rapaces adiestradas, utilizando un m\u00e9todo 100% natural y amigable con el medio ambiente. Es la 1ra en su tipo en prestar este servicio para el sur de Chile, particularmente a empresas frut\u00edcolas e industriales dedicadas a molienda de cereales, trigo y avena. Actualmente cuentan con 11 aves importadas desde Per\u00fa, pa\u00eds&nbsp;&nbsp;pionero a nivel sudamericano en control biol\u00f3gico aviar. El costo de cada ave asciende a $1.400.000, con una esperanza de vida de 24 a\u00f1os.&nbsp;<\/p>\n\n\n\n<p>Hoy en Chile hay un nicho&nbsp;importante&nbsp;&nbsp;que no tiene soluci\u00f3n efectiva, como es la disuasi\u00f3n aviar en la industria y el sector&nbsp;&nbsp;frut\u00edcola. En este sentido, Rapaces Nahuelbuta viene a solucionar un problema puntual, como es mejorar la rentabilidad del productor cerecero, donde es posible recuperar entre un 90 a un 95% de la producci\u00f3n que antiguamente mermaba por picaje de aves o mermas en general, cumpliendo las normas internacionales que deben cumplirse para el procesamiento de alimentos.<\/p>\n\n\n\n<p>En Angol, Agr\u00edcola Los Tatas, predio frut\u00edcola, ha estado recibiendo la asesor\u00eda de Rapaces Nahuelbuta. \u201cLa producci\u00f3n de cerezos en Malleco hoy es muy fuerte, somos como un mini Curic\u00f3, con fruta que sale desde el 20 de diciembre en adelante y en sectores m\u00e1s altos, como la cordillera de la costa estamos saliendo con fruta hacia fines de enero. Hemos manejado la lluvia con algunas variedades, pero el da\u00f1o de los p\u00e1jaros ha sido un problema. Desde que partimos con el control biol\u00f3gico aviar hemos visto un aumento del 15% de nuestra fruta por control de da\u00f1o de p\u00e1jaros. Adem\u00e1s mejoramos la trazabilidad de nuestros productos, sin la utilizaci\u00f3n de productos qu\u00edmicos\u201d, se\u00f1ala Francisco Medina, propietario del predio<\/p>\n\n\n\n<p><strong>Asesorado por del Centro de Negocios Sercotec Angol<\/strong><\/p>\n\n\n\n<p>El due\u00f1o de Rapaces Nahuelbuta lleg\u00f3 al Centro de Negocios de Angol el a\u00f1o 2016 donde recibi\u00f3 apoyo en orientaci\u00f3n de proyectos Sercotec, asesor\u00eda en formalizaci\u00f3n de empresas, apoyo en imagen corporativa, asesor\u00edas en Plan de Negocios Canvas y discurso comercial. Recientemente recibi\u00f3 el apoyo en la&nbsp;&nbsp;elaboraci\u00f3n de un Pitch&nbsp;&nbsp;televisivo para presentarse en el Programa \u201cNada te detiene\u201d de TVN.<\/p>\n\n\n\n<p>Gracias al apoyo, esta empresa tiene ventas crecientes para un mercado agr\u00edcola dedicado a la producci\u00f3n de cerezas y manzanas, como tambi\u00e9n a empresas de elaboraci\u00f3n de alimentos, tales como molinos. Rapaces Nahuelbuta&nbsp;&nbsp;entrega un servicio ecol\u00f3gico, sin contaminaci\u00f3n ac\u00fastica, ni provoca da\u00f1os ambientales. En uno de sus \u00e1mbitos de acci\u00f3n, como es el rubro frut\u00edcola, Rapaces Nahuelbuta se convierte en una real, novedosa y limpia alternativa para el cultivo de cerezas, partiendo por Malleco y el resto de la regi\u00f3n, lo cual se transforma en una herramienta estrat\u00e9gica desde la mirada del Plan Impulso Araucan\u00eda.<\/p>\n\n\n\n<p>Mayores antecedentes www.rapacesnahuelbuta.cl<\/p>\n","protected":false},"excerpt":{"rendered":"<p>El due\u00f1o de Rapaces Nahuelbuta lleg\u00f3 al Centro de Negocios de Angol el a\u00f1o 2016 donde recibi\u00f3 apoyo en orientaci\u00f3n de proyectos Sercotec, asesor\u00eda en formalizaci\u00f3n de empresas, apoyo en&#8230;<\/p>\n","protected":false},"author":2,"featured_media":13265,"comment_status":"closed","ping_status":"closed","sticky":false,"template":"","format":"standard","meta":{"footnotes":""},"categories":[1950],"tags":[4008,4007],"class_list":["post-13264","post","type-post","status-publish","format-standard","has-post-thumbnail","hentry","category-empresa","tag-control-de-plagas","tag-rapaces-nahuelbuta"],"yoast_head":"<!-- This site is optimized with the Yoast SEO plugin v26.6 - https:\/\/yoast.com\/wordpress\/plugins\/seo\/ -->\n<title>Empresa de control de plagas aviar es apoyada por centro de negocios SERCOTEC - Mundoagropecuario<\/title>\n<meta name=\"robots\" content=\"index, follow, max-snippet:-1, max-image-preview:large, max-video-preview:-1\" \/>\n<link rel=\"canonical\" href=\"https:\/\/www.mundoagropecuario.cl\/new\/empresa-de-control-de-plagas-aviar-es-apoyada-por-centro-de-negocios-sercotec\/\" \/>\n<meta property=\"og:locale\" content=\"es_ES\" \/>\n<meta property=\"og:type\" content=\"article\" \/>\n<meta property=\"og:title\" content=\"Empresa de control de plagas aviar es apoyada por centro de negocios SERCOTEC - Mundoagropecuario\" \/>\n<meta property=\"og:description\" content=\"El due\u00f1o de Rapaces Nahuelbuta lleg\u00f3 al Centro de Negocios de Angol el a\u00f1o 2016 donde recibi\u00f3 apoyo en orientaci\u00f3n de proyectos Sercotec, asesor\u00eda en formalizaci\u00f3n de empresas, apoyo en...\" \/>\n<meta property=\"og:url\" content=\"https:\/\/www.mundoagropecuario.cl\/new\/empresa-de-control-de-plagas-aviar-es-apoyada-por-centro-de-negocios-sercotec\/\" \/>\n<meta property=\"og:site_name\" content=\"Mundoagropecuario\" \/>\n<meta property=\"article:publisher\" content=\"https:\/\/www.facebook.com\/mundo.agropecuario.3\" \/>\n<meta property=\"article:published_time\" content=\"2019-08-09T14:29:29+00:00\" \/>\n<meta property=\"article:modified_time\" content=\"2019-08-09T14:29:31+00:00\" \/>\n<meta property=\"og:image\" content=\"https:\/\/www.mundoagropecuario.cl\/new\/wp-content\/uploads\/2019\/08\/Emprendimiento-.jpg\" \/>\n\t<meta property=\"og:image:width\" content=\"922\" \/>\n\t<meta property=\"og:image:height\" content=\"691\" \/>\n\t<meta property=\"og:image:type\" content=\"image\/jpeg\" \/>\n<meta name=\"author\" content=\"mundo\" \/>\n<meta name=\"twitter:card\" content=\"summary_large_image\" \/>\n<meta name=\"twitter:creator\" content=\"@MundoAgropecuar\" \/>\n<meta name=\"twitter:site\" content=\"@MundoAgropecuar\" \/>\n<meta name=\"twitter:label1\" content=\"Escrito por\" \/>\n\t<meta name=\"twitter:data1\" content=\"mundo\" \/>\n\t<meta name=\"twitter:label2\" content=\"Tiempo de lectura\" \/>\n\t<meta name=\"twitter:data2\" content=\"3 minutos\" \/>\n<script type=\"application\/ld+json\" class=\"yoast-schema-graph\">{\"@context\":\"https:\/\/schema.org\",\"@graph\":[{\"@type\":\"Article\",\"@id\":\"https:\/\/www.mundoagropecuario.cl\/new\/empresa-de-control-de-plagas-aviar-es-apoyada-por-centro-de-negocios-sercotec\/#article\",\"isPartOf\":{\"@id\":\"https:\/\/www.mundoagropecuario.cl\/new\/empresa-de-control-de-plagas-aviar-es-apoyada-por-centro-de-negocios-sercotec\/\"},\"author\":{\"name\":\"mundo\",\"@id\":\"https:\/\/www.mundoagropecuario.cl\/new\/#\/schema\/person\/4e9f74a82a7dac260eb1c44b7eebeb18\"},\"headline\":\"Empresa de control de plagas aviar es apoyada por centro de negocios SERCOTEC\",\"datePublished\":\"2019-08-09T14:29:29+00:00\",\"dateModified\":\"2019-08-09T14:29:31+00:00\",\"mainEntityOfPage\":{\"@id\":\"https:\/\/www.mundoagropecuario.cl\/new\/empresa-de-control-de-plagas-aviar-es-apoyada-por-centro-de-negocios-sercotec\/\"},\"wordCount\":577,\"publisher\":{\"@id\":\"https:\/\/www.mundoagropecuario.cl\/new\/#organization\"},\"image\":{\"@id\":\"https:\/\/www.mundoagropecuario.cl\/new\/empresa-de-control-de-plagas-aviar-es-apoyada-por-centro-de-negocios-sercotec\/#primaryimage\"},\"thumbnailUrl\":\"https:\/\/www.mundoagropecuario.cl\/new\/wp-content\/uploads\/2019\/08\/Emprendimiento-.jpg\",\"keywords\":[\"control de plagas\",\"Rapaces Nahuelbuta\"],\"articleSection\":[\"Empresa\"],\"inLanguage\":\"es\"},{\"@type\":\"WebPage\",\"@id\":\"https:\/\/www.mundoagropecuario.cl\/new\/empresa-de-control-de-plagas-aviar-es-apoyada-por-centro-de-negocios-sercotec\/\",\"url\":\"https:\/\/www.mundoagropecuario.cl\/new\/empresa-de-control-de-plagas-aviar-es-apoyada-por-centro-de-negocios-sercotec\/\",\"name\":\"Empresa de control de plagas aviar es apoyada por centro de negocios SERCOTEC - Mundoagropecuario\",\"isPartOf\":{\"@id\":\"https:\/\/www.mundoagropecuario.cl\/new\/#website\"},\"primaryImageOfPage\":{\"@id\":\"https:\/\/www.mundoagropecuario.cl\/new\/empresa-de-control-de-plagas-aviar-es-apoyada-por-centro-de-negocios-sercotec\/#primaryimage\"},\"image\":{\"@id\":\"https:\/\/www.mundoagropecuario.cl\/new\/empresa-de-control-de-plagas-aviar-es-apoyada-por-centro-de-negocios-sercotec\/#primaryimage\"},\"thumbnailUrl\":\"https:\/\/www.mundoagropecuario.cl\/new\/wp-content\/uploads\/2019\/08\/Emprendimiento-.jpg\",\"datePublished\":\"2019-08-09T14:29:29+00:00\",\"dateModified\":\"2019-08-09T14:29:31+00:00\",\"breadcrumb\":{\"@id\":\"https:\/\/www.mundoagropecuario.cl\/new\/empresa-de-control-de-plagas-aviar-es-apoyada-por-centro-de-negocios-sercotec\/#breadcrumb\"},\"inLanguage\":\"es\",\"potentialAction\":[{\"@type\":\"ReadAction\",\"target\":[\"https:\/\/www.mundoagropecuario.cl\/new\/empresa-de-control-de-plagas-aviar-es-apoyada-por-centro-de-negocios-sercotec\/\"]}]},{\"@type\":\"ImageObject\",\"inLanguage\":\"es\",\"@id\":\"https:\/\/www.mundoagropecuario.cl\/new\/empresa-de-control-de-plagas-aviar-es-apoyada-por-centro-de-negocios-sercotec\/#primaryimage\",\"url\":\"https:\/\/www.mundoagropecuario.cl\/new\/wp-content\/uploads\/2019\/08\/Emprendimiento-.jpg\",\"contentUrl\":\"https:\/\/www.mundoagropecuario.cl\/new\/wp-content\/uploads\/2019\/08\/Emprendimiento-.jpg\",\"width\":534,\"height\":400},{\"@type\":\"BreadcrumbList\",\"@id\":\"https:\/\/www.mundoagropecuario.cl\/new\/empresa-de-control-de-plagas-aviar-es-apoyada-por-centro-de-negocios-sercotec\/#breadcrumb\",\"itemListElement\":[{\"@type\":\"ListItem\",\"position\":1,\"name\":\"Portada\",\"item\":\"https:\/\/www.mundoagropecuario.cl\/new\/\"},{\"@type\":\"ListItem\",\"position\":2,\"name\":\"Empresa de control de plagas aviar es apoyada por centro de negocios SERCOTEC\"}]},{\"@type\":\"WebSite\",\"@id\":\"https:\/\/www.mundoagropecuario.cl\/new\/#website\",\"url\":\"https:\/\/www.mundoagropecuario.cl\/new\/\",\"name\":\"Mundoagropecuario\",\"description\":\"Mundo Agropecuario\",\"publisher\":{\"@id\":\"https:\/\/www.mundoagropecuario.cl\/new\/#organization\"},\"potentialAction\":[{\"@type\":\"SearchAction\",\"target\":{\"@type\":\"EntryPoint\",\"urlTemplate\":\"https:\/\/www.mundoagropecuario.cl\/new\/?s={search_term_string}\"},\"query-input\":{\"@type\":\"PropertyValueSpecification\",\"valueRequired\":true,\"valueName\":\"search_term_string\"}}],\"inLanguage\":\"es\"},{\"@type\":\"Organization\",\"@id\":\"https:\/\/www.mundoagropecuario.cl\/new\/#organization\",\"name\":\"Revista de Agricultura\",\"url\":\"https:\/\/www.mundoagropecuario.cl\/new\/\",\"logo\":{\"@type\":\"ImageObject\",\"inLanguage\":\"es\",\"@id\":\"https:\/\/www.mundoagropecuario.cl\/new\/#\/schema\/logo\/image\/\",\"url\":\"https:\/\/www.mundoagropecuario.cl\/new\/wp-content\/uploads\/2020\/11\/PORTAL-1-1.png\",\"contentUrl\":\"https:\/\/www.mundoagropecuario.cl\/new\/wp-content\/uploads\/2020\/11\/PORTAL-1-1.png\",\"width\":1026,\"height\":100,\"caption\":\"Revista de Agricultura\"},\"image\":{\"@id\":\"https:\/\/www.mundoagropecuario.cl\/new\/#\/schema\/logo\/image\/\"},\"sameAs\":[\"https:\/\/www.facebook.com\/mundo.agropecuario.3\",\"https:\/\/x.com\/MundoAgropecuar\",\"https:\/\/www.linkedin.com\/in\/mundo-agropecuario-934009201\/\"]},{\"@type\":\"Person\",\"@id\":\"https:\/\/www.mundoagropecuario.cl\/new\/#\/schema\/person\/4e9f74a82a7dac260eb1c44b7eebeb18\",\"name\":\"mundo\",\"url\":\"https:\/\/www.mundoagropecuario.cl\/new\/author\/mundo\/\"}]}<\/script>\n<!-- \/ Yoast SEO plugin. -->","yoast_head_json":{"title":"Empresa de control de plagas aviar es apoyada por centro de negocios SERCOTEC - Mundoagropecuario","robots":{"index":"index","follow":"follow","max-snippet":"max-snippet:-1","max-image-preview":"max-image-preview:large","max-video-preview":"max-video-preview:-1"},"canonical":"https:\/\/www.mundoagropecuario.cl\/new\/empresa-de-control-de-plagas-aviar-es-apoyada-por-centro-de-negocios-sercotec\/","og_locale":"es_ES","og_type":"article","og_title":"Empresa de control de plagas aviar es apoyada por centro de negocios SERCOTEC - Mundoagropecuario","og_description":"El due\u00f1o de Rapaces Nahuelbuta lleg\u00f3 al Centro de Negocios de Angol el a\u00f1o 2016 donde recibi\u00f3 apoyo en orientaci\u00f3n de proyectos Sercotec, asesor\u00eda en formalizaci\u00f3n de empresas, apoyo en...","og_url":"https:\/\/www.mundoagropecuario.cl\/new\/empresa-de-control-de-plagas-aviar-es-apoyada-por-centro-de-negocios-sercotec\/","og_site_name":"Mundoagropecuario","article_publisher":"https:\/\/www.facebook.com\/mundo.agropecuario.3","article_published_time":"2019-08-09T14:29:29+00:00","article_modified_time":"2019-08-09T14:29:31+00:00","og_image":[{"width":922,"height":691,"url":"https:\/\/www.mundoagropecuario.cl\/new\/wp-content\/uploads\/2019\/08\/Emprendimiento-.jpg","type":"image\/jpeg"}],"author":"mundo","twitter_card":"summary_large_image","twitter_creator":"@MundoAgropecuar","twitter_site":"@MundoAgropecuar","twitter_misc":{"Escrito por":"mundo","Tiempo de lectura":"3 minutos"},"schema":{"@context":"https:\/\/schema.org","@graph":[{"@type":"Article","@id":"https:\/\/www.mundoagropecuario.cl\/new\/empresa-de-control-de-plagas-aviar-es-apoyada-por-centro-de-negocios-sercotec\/#article","isPartOf":{"@id":"https:\/\/www.mundoagropecuario.cl\/new\/empresa-de-control-de-plagas-aviar-es-apoyada-por-centro-de-negocios-sercotec\/"},"author":{"name":"mundo","@id":"https:\/\/www.mundoagropecuario.cl\/new\/#\/schema\/person\/4e9f74a82a7dac260eb1c44b7eebeb18"},"headline":"Empresa de control de plagas aviar es apoyada por centro de negocios SERCOTEC","datePublished":"2019-08-09T14:29:29+00:00","dateModified":"2019-08-09T14:29:31+00:00","mainEntityOfPage":{"@id":"https:\/\/www.mundoagropecuario.cl\/new\/empresa-de-control-de-plagas-aviar-es-apoyada-por-centro-de-negocios-sercotec\/"},"wordCount":577,"publisher":{"@id":"https:\/\/www.mundoagropecuario.cl\/new\/#organization"},"image":{"@id":"https:\/\/www.mundoagropecuario.cl\/new\/empresa-de-control-de-plagas-aviar-es-apoyada-por-centro-de-negocios-sercotec\/#primaryimage"},"thumbnailUrl":"https:\/\/www.mundoagropecuario.cl\/new\/wp-content\/uploads\/2019\/08\/Emprendimiento-.jpg","keywords":["control de plagas","Rapaces Nahuelbuta"],"articleSection":["Empresa"],"inLanguage":"es"},{"@type":"WebPage","@id":"https:\/\/www.mundoagropecuario.cl\/new\/empresa-de-control-de-plagas-aviar-es-apoyada-por-centro-de-negocios-sercotec\/","url":"https:\/\/www.mundoagropecuario.cl\/new\/empresa-de-control-de-plagas-aviar-es-apoyada-por-centro-de-negocios-sercotec\/","name":"Empresa de control de plagas aviar es apoyada por centro de negocios SERCOTEC - Mundoagropecuario","isPartOf":{"@id":"https:\/\/www.mundoagropecuario.cl\/new\/#website"},"primaryImageOfPage":{"@id":"https:\/\/www.mundoagropecuario.cl\/new\/empresa-de-control-de-plagas-aviar-es-apoyada-por-centro-de-negocios-sercotec\/#primaryimage"},"image":{"@id":"https:\/\/www.mundoagropecuario.cl\/new\/empresa-de-control-de-plagas-aviar-es-apoyada-por-centro-de-negocios-sercotec\/#primaryimage"},"thumbnailUrl":"https:\/\/www.mundoagropecuario.cl\/new\/wp-content\/uploads\/2019\/08\/Emprendimiento-.jpg","datePublished":"2019-08-09T14:29:29+00:00","dateModified":"2019-08-09T14:29:31+00:00","breadcrumb":{"@id":"https:\/\/www.mundoagropecuario.cl\/new\/empresa-de-control-de-plagas-aviar-es-apoyada-por-centro-de-negocios-sercotec\/#breadcrumb"},"inLanguage":"es","potentialAction":[{"@type":"ReadAction","target":["https:\/\/www.mundoagropecuario.cl\/new\/empresa-de-control-de-plagas-aviar-es-apoyada-por-centro-de-negocios-sercotec\/"]}]},{"@type":"ImageObject","inLanguage":"es","@id":"https:\/\/www.mundoagropecuario.cl\/new\/empresa-de-control-de-plagas-aviar-es-apoyada-por-centro-de-negocios-sercotec\/#primaryimage","url":"https:\/\/www.mundoagropecuario.cl\/new\/wp-content\/uploads\/2019\/08\/Emprendimiento-.jpg","contentUrl":"https:\/\/www.mundoagropecuario.cl\/new\/wp-content\/uploads\/2019\/08\/Emprendimiento-.jpg","width":534,"height":400},{"@type":"BreadcrumbList","@id":"https:\/\/www.mundoagropecuario.cl\/new\/empresa-de-control-de-plagas-aviar-es-apoyada-por-centro-de-negocios-sercotec\/#breadcrumb","itemListElement":[{"@type":"ListItem","position":1,"name":"Portada","item":"https:\/\/www.mundoagropecuario.cl\/new\/"},{"@type":"ListItem","position":2,"name":"Empresa de control de plagas aviar es apoyada por centro de negocios SERCOTEC"}]},{"@type":"WebSite","@id":"https:\/\/www.mundoagropecuario.cl\/new\/#website","url":"https:\/\/www.mundoagropecuario.cl\/new\/","name":"Mundoagropecuario","description":"Mundo Agropecuario","publisher":{"@id":"https:\/\/www.mundoagropecuario.cl\/new\/#organization"},"potentialAction":[{"@type":"SearchAction","target":{"@type":"EntryPoint","urlTemplate":"https:\/\/www.mundoagropecuario.cl\/new\/?s={search_term_string}"},"query-input":{"@type":"PropertyValueSpecification","valueRequired":true,"valueName":"search_term_string"}}],"inLanguage":"es"},{"@type":"Organization","@id":"https:\/\/www.mundoagropecuario.cl\/new\/#organization","name":"Revista de Agricultura","url":"https:\/\/www.mundoagropecuario.cl\/new\/","logo":{"@type":"ImageObject","inLanguage":"es","@id":"https:\/\/www.mundoagropecuario.cl\/new\/#\/schema\/logo\/image\/","url":"https:\/\/www.mundoagropecuario.cl\/new\/wp-content\/uploads\/2020\/11\/PORTAL-1-1.png","contentUrl":"https:\/\/www.mundoagropecuario.cl\/new\/wp-content\/uploads\/2020\/11\/PORTAL-1-1.png","width":1026,"height":100,"caption":"Revista de Agricultura"},"image":{"@id":"https:\/\/www.mundoagropecuario.cl\/new\/#\/schema\/logo\/image\/"},"sameAs":["https:\/\/www.facebook.com\/mundo.agropecuario.3","https:\/\/x.com\/MundoAgropecuar","https:\/\/www.linkedin.com\/in\/mundo-agropecuario-934009201\/"]},{"@type":"Person","@id":"https:\/\/www.mundoagropecuario.cl\/new\/#\/schema\/person\/4e9f74a82a7dac260eb1c44b7eebeb18","name":"mundo","url":"https:\/\/www.mundoagropecuario.cl\/new\/author\/mundo\/"}]}},"_links":{"self":[{"href":"https:\/\/www.mundoagropecuario.cl\/new\/wp-json\/wp\/v2\/posts\/13264","targetHints":{"allow":["GET"]}}],"collection":[{"href":"https:\/\/www.mundoagropecuario.cl\/new\/wp-json\/wp\/v2\/posts"}],"about":[{"href":"https:\/\/www.mundoagropecuario.cl\/new\/wp-json\/wp\/v2\/types\/post"}],"author":[{"embeddable":true,"href":"https:\/\/www.mundoagropecuario.cl\/new\/wp-json\/wp\/v2\/users\/2"}],"replies":[{"embeddable":true,"href":"https:\/\/www.mundoagropecuario.cl\/new\/wp-json\/wp\/v2\/comments?post=13264"}],"version-history":[{"count":1,"href":"https:\/\/www.mundoagropecuario.cl\/new\/wp-json\/wp\/v2\/posts\/13264\/revisions"}],"predecessor-version":[{"id":13266,"href":"https:\/\/www.mundoagropecuario.cl\/new\/wp-json\/wp\/v2\/posts\/13264\/revisions\/13266"}],"wp:featuredmedia":[{"embeddable":true,"href":"https:\/\/www.mundoagropecuario.cl\/new\/wp-json\/wp\/v2\/media\/13265"}],"wp:attachment":[{"href":"https:\/\/www.mundoagropecuario.cl\/new\/wp-json\/wp\/v2\/media?parent=13264"}],"wp:term":[{"taxonomy":"category","embeddable":true,"href":"https:\/\/www.mundoagropecuario.cl\/new\/wp-json\/wp\/v2\/categories?post=13264"},{"taxonomy":"post_tag","embeddable":true,"href":"https:\/\/www.mundoagropecuario.cl\/new\/wp-json\/wp\/v2\/tags?post=13264"}],"curies":[{"name":"wp","href":"https:\/\/api.w.org\/{rel}","templated":true}]}}