{"id":13200,"date":"2019-08-07T11:40:32","date_gmt":"2019-08-07T14:40:32","guid":{"rendered":"http:\/\/www.mundoagropecuario.cl\/new\/?p=13200"},"modified":"2019-08-07T11:46:52","modified_gmt":"2019-08-07T14:46:52","slug":"agricultores-abordaron-desafios-del-cambio-climatico-deficit-hidrico-y-oportunidades-para-la-region-de-valparaiso","status":"publish","type":"post","link":"https:\/\/www.mundoagropecuario.cl\/new\/agricultores-abordaron-desafios-del-cambio-climatico-deficit-hidrico-y-oportunidades-para-la-region-de-valparaiso\/","title":{"rendered":"Agricultores abordaron desaf\u00edos del cambio clim\u00e1tico, d\u00e9ficit h\u00eddrico y oportunidades para la Regi\u00f3n de Valpara\u00edso"},"content":{"rendered":"\n<ul class=\"wp-block-gallery columns-0 is-cropped wp-block-gallery-1 is-layout-flex wp-block-gallery-is-layout-flex\"><\/ul>\n\n\n\n<p><\/p>\n\n\n\n<p><em>Participantes abogaron por implementar una pol\u00edtica h\u00eddrica urgente para invertir en una mayor infraestructura para la cuenca del R\u00edo Aconcagua (Mundo Agropecuario).<\/em><\/p>\n\n\n\n<p>Viveros de Chile realiz\u00f3 su 2\u00b0 encuentro\nAgro Planttrade en Quillota donde asistieron y participaron activamente los\nprincipales actores de la industria frut\u00edcola de la regi\u00f3n de Valpara\u00edso.<\/p>\n\n\n\n<div class=\"wp-block-image\"><figure class=\"aligncenter\"><img loading=\"lazy\" decoding=\"async\" width=\"599\" height=\"400\" src=\"https:\/\/www.mundoagropecuario.cl\/new\/wp-content\/uploads\/2019\/08\/Agricultores-GV2.jpg\" alt=\"\" class=\"wp-image-13202\" srcset=\"https:\/\/www.mundoagropecuario.cl\/new\/wp-content\/uploads\/2019\/08\/Agricultores-GV2.jpg 599w, https:\/\/www.mundoagropecuario.cl\/new\/wp-content\/uploads\/2019\/08\/Agricultores-GV2-586x391.jpg 586w, https:\/\/www.mundoagropecuario.cl\/new\/wp-content\/uploads\/2019\/08\/Agricultores-GV2-768x513.jpg 768w\" sizes=\"auto, (max-width: 599px) 100vw, 599px\" \/><\/figure><\/div>\n\n\n\n<p>Esta actividad fue realizada en la\nEscuela de Caballer\u00eda de San Isidro, Quillota, y cont\u00f3 con la participaci\u00f3n de\nproductores, exportadores, asesores, acad\u00e9micos y viveristas, con el fin de\nanalizar desde distintos puntos de vista, la industria de c\u00edtricos y paltos,\nabordando tem\u00e1ticas como cambio clim\u00e1tico, d\u00e9ficit h\u00eddrico, nutrici\u00f3n y\ndesaf\u00edos y oportunidades de la regi\u00f3n. Entre las autoridades presentes,\nestuvieron el subdirector del SAG, Domingo Rojas y el Jefe de Protecci\u00f3n\nAgricola, Rodrigo Astete.<\/p>\n\n\n\n<p>El encuentro, estuvo marcado por la\nsituaci\u00f3n h\u00eddrica, donde Santiago Matta, Gerente de la Junta de Vigilancia de\nla Tercera Secci\u00f3n del R\u00edo Aconcagua, expuso sobre la situaci\u00f3n del agua en la\nzona y remarc\u00f3 con fuerza que \u201cla cuenca del Aconcagua sin obras no tiene\nfuturo agr\u00edcola\u201d. En ese sentido, el profesional coment\u00f3 que existe \u201cuna enorme\npreocupaci\u00f3n por la temporada que se viene, ya que la mayor\u00eda de los\npron\u00f3sticos clim\u00e1ticos no prev\u00e9 acumulaci\u00f3n de nieve\u201d. Tambi\u00e9n present\u00f3 un\nan\u00e1lisis sobre las temporadas de riego y el per\u00edodo 2018-2019, que estuvo\ndentro de los 5 peores a\u00f1os de riego de los \u00faltimos 35. \u201cLos per\u00edodos de\nescasez h\u00eddrica en la zona, si bien son c\u00edclicos, se han venido repitiendo con\nmayor frecuencia en el \u00faltimo tiempo, generando esta situaci\u00f3n actualmente\ncr\u00edtica\u201d, sostuvo.<\/p>\n\n\n\n<p>\u00bfSoluciones? Matta plante\u00f3 la necesidad\nde instaurar una pol\u00edtica p\u00fablica que aborde esta problem\u00e1tica. \u201cEsta pol\u00edtica\nh\u00eddirica que requerimos es urgente, las soluciones para nuestra zona pueden\nprovenir del mar con la instalaci\u00f3n de plantras desalinizadoras\u201d, coment\u00f3\nSantiago Matta. \u201cEl costo de producci\u00f3n de este tipo de planta es mucho m\u00e1s\nbarato y accesible que la implementaci\u00f3n de una carretera h\u00eddrica y sus riesgos\nasociados\u201d, agreg\u00f3.<\/p>\n\n\n\n<p>En la misma l\u00ednea, Fernando Santiba\u00f1ez,\nacad\u00e9mico de la Universidad de Chile, analiz\u00f3 las condiciones clim\u00e1ticas de la\ntemporada y control de heladas en la zona, las cuales no preven cambios\nsignificativos en las condiciones de acumulaci\u00f3n de nieve en las partes altas\nde la regi\u00f3n.<\/p>\n\n\n\n<p>En el encuentro se abordaron tambi\u00e9n\notros temas relevantes para la fruticultura y horticultura de la zona, tales\ncomo las nuevas herramientas para el control de plagas de suelo en frutales,\nlas oportunidades que genera el e-commerce para el sector, los aspectos claves\na considerar sobre calidad de plantas de paltos clonales, nutrici\u00f3n frutal\nintegrada y se analiz\u00f3 el mercado de los c\u00edtricos. <\/p>\n\n\n\n<p>Ricardo Caut\u00edn, Director de la Escuela de\nAgronom\u00eda de la Pontificia Universidad Cat\u00f3lica de Valpara\u00edso, coincide con la\nrelevancia de los temas tratados: \u201cSe requieren estrategias para ser m\u00e1s\neficientes con el uso del agua, porque la escasez lleg\u00f3 para quedarse en la\nregi\u00f3n. La tecnolog\u00eda podr\u00eda hacer m\u00e1s efectivo su uso, como la telemetr\u00eda que\npuede medir exactamente el agua que cada planta necesita o el uso de drones,\nque con sistemas de irradiaci\u00f3n pueden medir si los frutales est\u00e1n bien\nhidratados o no\u201d, coment\u00f3. <\/p>\n\n\n\n<p>Entre los asistentes, Lisardo Alvarez,\nproductor de c\u00edtricos y paltos y asesor especialista en estas materias, destac\u00f3\nque el seminario realizado por Viveros de Chile trat\u00f3 temas atingentes y de\npreocupaci\u00f3n para los productores locales. \u201cNo solamente se trataron tem\u00e1ticas\nde especies del mundo frutal, sino que tambien sobre el contexto en el que est\u00e1\ninmersa esta actividad\u201d. \u201cEl an\u00e1lisis del recurso h\u00eddrico de la cuenca del\nAconcagua es un factor relevante a destacar como tambi\u00e9n sobre los modelos de\nventas hacia el exterior a trav\u00e9s de plataformas como el e-commerce\u201d,\npuntualiz\u00f3.<\/p>\n\n\n\n<p>Finalmente, la gerente general de Viveros\nde Chile, Maritrini Lapuente, valor\u00f3 la masiva participaci\u00f3n en la actividad.\n\u201cDestaco el inter\u00e9s de los productores de la zona de Quillota y de la regi\u00f3n en\ngeneral, que est\u00e1n muy preocupados por la situaci\u00f3n h\u00eddrica\u201d, afirm\u00f3 Lapuente.\n\u201cPor lo mismo, este evento busc\u00f3 generar conciencia sobre el tema y a su vez\nacercar a los productores con asesores y especialistas de primer nivel para\noptimizar y rentabilizar su actividad bajo este escenario de grandes desaf\u00edos\n\u201d, finaliz\u00f3. <\/p>\n\n\n\n<p>Sobre Viveros de Chile<\/p>\n\n\n\n<p>La Asociaci\u00f3n de Viveros de Chile, AGV,\nactualmente incluye a viveros de hortalizas, ornamentales, forestales y\nfrutales y cuenta con 46 socios que se estima producen cerca del 90% de las\nplantas frutales 80% de plantines de hortalizas, ornamentales y casi el 100% de\nlas variedades protegidascomercializadas en Chile.<\/p>\n\n\n\n<p>Por su alta representatividad dentro del\nsector viver\u00edstico, la AGV ha visto la oportunidad de generar alianzas, tanto\ndentro del gremio como de la industria hortofrut\u00edcola, as\u00ed como tambi\u00e9n el\nacercamiento con autoridades relacionadas, permitiendo la conformaci\u00f3n de mesas\nde trabajo con el Ministerio de Agricultura y Medioambiente, adem\u00e1s de ser\nparte de los consejos directivos de Fedefruta y SNA, destac\u00e1ndose por buscar\nintegrar y representar los intereses de la industria viver\u00edstica nacional en\ngeneral y por posicionar a Chile como plataforma gen\u00e9tica frutal para el mundo.<\/p>\n","protected":false},"excerpt":{"rendered":"<p>Participantes abogaron por implementar una pol\u00edtica h\u00eddrica urgente para invertir en una mayor infraestructura para la cuenca del R\u00edo Aconcagua (Mundo Agropecuario). Viveros de Chile realiz\u00f3 su 2\u00b0 encuentro Agro&#8230;<\/p>\n","protected":false},"author":2,"featured_media":13201,"comment_status":"closed","ping_status":"closed","sticky":false,"template":"","format":"standard","meta":{"footnotes":""},"categories":[1945],"tags":[542,3966,3967,2727],"class_list":["post-13200","post","type-post","status-publish","format-standard","has-post-thumbnail","hentry","category-agricultura","tag-cambio-climatico","tag-deficit-hidrico","tag-fedefruta-y-sna","tag-viveros-de-chile"],"yoast_head":"<!-- This site is optimized with the Yoast SEO plugin v26.6 - https:\/\/yoast.com\/wordpress\/plugins\/seo\/ -->\n<title>Agricultores abordaron desaf\u00edos del cambio clim\u00e1tico, d\u00e9ficit h\u00eddrico y oportunidades para la Regi\u00f3n de Valpara\u00edso - Mundoagropecuario<\/title>\n<meta name=\"robots\" content=\"index, follow, max-snippet:-1, max-image-preview:large, max-video-preview:-1\" \/>\n<link rel=\"canonical\" href=\"https:\/\/www.mundoagropecuario.cl\/new\/agricultores-abordaron-desafios-del-cambio-climatico-deficit-hidrico-y-oportunidades-para-la-region-de-valparaiso\/\" \/>\n<meta property=\"og:locale\" content=\"es_ES\" \/>\n<meta property=\"og:type\" content=\"article\" \/>\n<meta property=\"og:title\" content=\"Agricultores abordaron desaf\u00edos del cambio clim\u00e1tico, d\u00e9ficit h\u00eddrico y oportunidades para la Regi\u00f3n de Valpara\u00edso - Mundoagropecuario\" \/>\n<meta property=\"og:description\" content=\"Participantes abogaron por implementar una pol\u00edtica h\u00eddrica urgente para invertir en una mayor infraestructura para la cuenca del R\u00edo Aconcagua (Mundo Agropecuario). Viveros de Chile realiz\u00f3 su 2\u00b0 encuentro Agro...\" \/>\n<meta property=\"og:url\" content=\"https:\/\/www.mundoagropecuario.cl\/new\/agricultores-abordaron-desafios-del-cambio-climatico-deficit-hidrico-y-oportunidades-para-la-region-de-valparaiso\/\" \/>\n<meta property=\"og:site_name\" content=\"Mundoagropecuario\" \/>\n<meta property=\"article:publisher\" content=\"https:\/\/www.facebook.com\/mundo.agropecuario.3\" \/>\n<meta property=\"article:published_time\" content=\"2019-08-07T14:40:32+00:00\" \/>\n<meta property=\"article:modified_time\" content=\"2019-08-07T14:46:52+00:00\" \/>\n<meta property=\"og:image\" content=\"https:\/\/www.mundoagropecuario.cl\/new\/wp-content\/uploads\/2019\/08\/Agricultores-AGV1.jpg\" \/>\n\t<meta property=\"og:image:width\" content=\"1000\" \/>\n\t<meta property=\"og:image:height\" content=\"665\" \/>\n\t<meta property=\"og:image:type\" content=\"image\/jpeg\" \/>\n<meta name=\"author\" content=\"mundo\" \/>\n<meta name=\"twitter:card\" content=\"summary_large_image\" \/>\n<meta name=\"twitter:creator\" content=\"@MundoAgropecuar\" \/>\n<meta name=\"twitter:site\" content=\"@MundoAgropecuar\" \/>\n<meta name=\"twitter:label1\" content=\"Escrito por\" \/>\n\t<meta name=\"twitter:data1\" content=\"mundo\" \/>\n\t<meta name=\"twitter:label2\" content=\"Tiempo de lectura\" \/>\n\t<meta name=\"twitter:data2\" content=\"5 minutos\" \/>\n<script type=\"application\/ld+json\" class=\"yoast-schema-graph\">{\"@context\":\"https:\/\/schema.org\",\"@graph\":[{\"@type\":\"Article\",\"@id\":\"https:\/\/www.mundoagropecuario.cl\/new\/agricultores-abordaron-desafios-del-cambio-climatico-deficit-hidrico-y-oportunidades-para-la-region-de-valparaiso\/#article\",\"isPartOf\":{\"@id\":\"https:\/\/www.mundoagropecuario.cl\/new\/agricultores-abordaron-desafios-del-cambio-climatico-deficit-hidrico-y-oportunidades-para-la-region-de-valparaiso\/\"},\"author\":{\"name\":\"mundo\",\"@id\":\"https:\/\/www.mundoagropecuario.cl\/new\/#\/schema\/person\/4e9f74a82a7dac260eb1c44b7eebeb18\"},\"headline\":\"Agricultores abordaron desaf\u00edos del cambio clim\u00e1tico, d\u00e9ficit h\u00eddrico y oportunidades para la Regi\u00f3n de Valpara\u00edso\",\"datePublished\":\"2019-08-07T14:40:32+00:00\",\"dateModified\":\"2019-08-07T14:46:52+00:00\",\"mainEntityOfPage\":{\"@id\":\"https:\/\/www.mundoagropecuario.cl\/new\/agricultores-abordaron-desafios-del-cambio-climatico-deficit-hidrico-y-oportunidades-para-la-region-de-valparaiso\/\"},\"wordCount\":941,\"publisher\":{\"@id\":\"https:\/\/www.mundoagropecuario.cl\/new\/#organization\"},\"image\":{\"@id\":\"https:\/\/www.mundoagropecuario.cl\/new\/agricultores-abordaron-desafios-del-cambio-climatico-deficit-hidrico-y-oportunidades-para-la-region-de-valparaiso\/#primaryimage\"},\"thumbnailUrl\":\"https:\/\/www.mundoagropecuario.cl\/new\/wp-content\/uploads\/2019\/08\/Agricultores-AGV1.jpg\",\"keywords\":[\"Cambio clim\u00e1tico\",\"d\u00e9ficit h\u00eddrico\",\"Fedefruta y SNA\",\"Viveros de Chile\"],\"articleSection\":[\"Agricultura\"],\"inLanguage\":\"es\"},{\"@type\":\"WebPage\",\"@id\":\"https:\/\/www.mundoagropecuario.cl\/new\/agricultores-abordaron-desafios-del-cambio-climatico-deficit-hidrico-y-oportunidades-para-la-region-de-valparaiso\/\",\"url\":\"https:\/\/www.mundoagropecuario.cl\/new\/agricultores-abordaron-desafios-del-cambio-climatico-deficit-hidrico-y-oportunidades-para-la-region-de-valparaiso\/\",\"name\":\"Agricultores abordaron desaf\u00edos del cambio clim\u00e1tico, d\u00e9ficit h\u00eddrico y oportunidades para la Regi\u00f3n de Valpara\u00edso - Mundoagropecuario\",\"isPartOf\":{\"@id\":\"https:\/\/www.mundoagropecuario.cl\/new\/#website\"},\"primaryImageOfPage\":{\"@id\":\"https:\/\/www.mundoagropecuario.cl\/new\/agricultores-abordaron-desafios-del-cambio-climatico-deficit-hidrico-y-oportunidades-para-la-region-de-valparaiso\/#primaryimage\"},\"image\":{\"@id\":\"https:\/\/www.mundoagropecuario.cl\/new\/agricultores-abordaron-desafios-del-cambio-climatico-deficit-hidrico-y-oportunidades-para-la-region-de-valparaiso\/#primaryimage\"},\"thumbnailUrl\":\"https:\/\/www.mundoagropecuario.cl\/new\/wp-content\/uploads\/2019\/08\/Agricultores-AGV1.jpg\",\"datePublished\":\"2019-08-07T14:40:32+00:00\",\"dateModified\":\"2019-08-07T14:46:52+00:00\",\"breadcrumb\":{\"@id\":\"https:\/\/www.mundoagropecuario.cl\/new\/agricultores-abordaron-desafios-del-cambio-climatico-deficit-hidrico-y-oportunidades-para-la-region-de-valparaiso\/#breadcrumb\"},\"inLanguage\":\"es\",\"potentialAction\":[{\"@type\":\"ReadAction\",\"target\":[\"https:\/\/www.mundoagropecuario.cl\/new\/agricultores-abordaron-desafios-del-cambio-climatico-deficit-hidrico-y-oportunidades-para-la-region-de-valparaiso\/\"]}]},{\"@type\":\"ImageObject\",\"inLanguage\":\"es\",\"@id\":\"https:\/\/www.mundoagropecuario.cl\/new\/agricultores-abordaron-desafios-del-cambio-climatico-deficit-hidrico-y-oportunidades-para-la-region-de-valparaiso\/#primaryimage\",\"url\":\"https:\/\/www.mundoagropecuario.cl\/new\/wp-content\/uploads\/2019\/08\/Agricultores-AGV1.jpg\",\"contentUrl\":\"https:\/\/www.mundoagropecuario.cl\/new\/wp-content\/uploads\/2019\/08\/Agricultores-AGV1.jpg\",\"width\":602,\"height\":400},{\"@type\":\"BreadcrumbList\",\"@id\":\"https:\/\/www.mundoagropecuario.cl\/new\/agricultores-abordaron-desafios-del-cambio-climatico-deficit-hidrico-y-oportunidades-para-la-region-de-valparaiso\/#breadcrumb\",\"itemListElement\":[{\"@type\":\"ListItem\",\"position\":1,\"name\":\"Portada\",\"item\":\"https:\/\/www.mundoagropecuario.cl\/new\/\"},{\"@type\":\"ListItem\",\"position\":2,\"name\":\"Agricultores abordaron desaf\u00edos del cambio clim\u00e1tico, d\u00e9ficit h\u00eddrico y oportunidades para la Regi\u00f3n de Valpara\u00edso\"}]},{\"@type\":\"WebSite\",\"@id\":\"https:\/\/www.mundoagropecuario.cl\/new\/#website\",\"url\":\"https:\/\/www.mundoagropecuario.cl\/new\/\",\"name\":\"Mundoagropecuario\",\"description\":\"Mundo Agropecuario\",\"publisher\":{\"@id\":\"https:\/\/www.mundoagropecuario.cl\/new\/#organization\"},\"potentialAction\":[{\"@type\":\"SearchAction\",\"target\":{\"@type\":\"EntryPoint\",\"urlTemplate\":\"https:\/\/www.mundoagropecuario.cl\/new\/?s={search_term_string}\"},\"query-input\":{\"@type\":\"PropertyValueSpecification\",\"valueRequired\":true,\"valueName\":\"search_term_string\"}}],\"inLanguage\":\"es\"},{\"@type\":\"Organization\",\"@id\":\"https:\/\/www.mundoagropecuario.cl\/new\/#organization\",\"name\":\"Revista de Agricultura\",\"url\":\"https:\/\/www.mundoagropecuario.cl\/new\/\",\"logo\":{\"@type\":\"ImageObject\",\"inLanguage\":\"es\",\"@id\":\"https:\/\/www.mundoagropecuario.cl\/new\/#\/schema\/logo\/image\/\",\"url\":\"https:\/\/www.mundoagropecuario.cl\/new\/wp-content\/uploads\/2020\/11\/PORTAL-1-1.png\",\"contentUrl\":\"https:\/\/www.mundoagropecuario.cl\/new\/wp-content\/uploads\/2020\/11\/PORTAL-1-1.png\",\"width\":1026,\"height\":100,\"caption\":\"Revista de Agricultura\"},\"image\":{\"@id\":\"https:\/\/www.mundoagropecuario.cl\/new\/#\/schema\/logo\/image\/\"},\"sameAs\":[\"https:\/\/www.facebook.com\/mundo.agropecuario.3\",\"https:\/\/x.com\/MundoAgropecuar\",\"https:\/\/www.linkedin.com\/in\/mundo-agropecuario-934009201\/\"]},{\"@type\":\"Person\",\"@id\":\"https:\/\/www.mundoagropecuario.cl\/new\/#\/schema\/person\/4e9f74a82a7dac260eb1c44b7eebeb18\",\"name\":\"mundo\",\"url\":\"https:\/\/www.mundoagropecuario.cl\/new\/author\/mundo\/\"}]}<\/script>\n<!-- \/ Yoast SEO plugin. -->","yoast_head_json":{"title":"Agricultores abordaron desaf\u00edos del cambio clim\u00e1tico, d\u00e9ficit h\u00eddrico y oportunidades para la Regi\u00f3n de Valpara\u00edso - Mundoagropecuario","robots":{"index":"index","follow":"follow","max-snippet":"max-snippet:-1","max-image-preview":"max-image-preview:large","max-video-preview":"max-video-preview:-1"},"canonical":"https:\/\/www.mundoagropecuario.cl\/new\/agricultores-abordaron-desafios-del-cambio-climatico-deficit-hidrico-y-oportunidades-para-la-region-de-valparaiso\/","og_locale":"es_ES","og_type":"article","og_title":"Agricultores abordaron desaf\u00edos del cambio clim\u00e1tico, d\u00e9ficit h\u00eddrico y oportunidades para la Regi\u00f3n de Valpara\u00edso - Mundoagropecuario","og_description":"Participantes abogaron por implementar una pol\u00edtica h\u00eddrica urgente para invertir en una mayor infraestructura para la cuenca del R\u00edo Aconcagua (Mundo Agropecuario). Viveros de Chile realiz\u00f3 su 2\u00b0 encuentro Agro...","og_url":"https:\/\/www.mundoagropecuario.cl\/new\/agricultores-abordaron-desafios-del-cambio-climatico-deficit-hidrico-y-oportunidades-para-la-region-de-valparaiso\/","og_site_name":"Mundoagropecuario","article_publisher":"https:\/\/www.facebook.com\/mundo.agropecuario.3","article_published_time":"2019-08-07T14:40:32+00:00","article_modified_time":"2019-08-07T14:46:52+00:00","og_image":[{"width":1000,"height":665,"url":"https:\/\/www.mundoagropecuario.cl\/new\/wp-content\/uploads\/2019\/08\/Agricultores-AGV1.jpg","type":"image\/jpeg"}],"author":"mundo","twitter_card":"summary_large_image","twitter_creator":"@MundoAgropecuar","twitter_site":"@MundoAgropecuar","twitter_misc":{"Escrito por":"mundo","Tiempo de lectura":"5 minutos"},"schema":{"@context":"https:\/\/schema.org","@graph":[{"@type":"Article","@id":"https:\/\/www.mundoagropecuario.cl\/new\/agricultores-abordaron-desafios-del-cambio-climatico-deficit-hidrico-y-oportunidades-para-la-region-de-valparaiso\/#article","isPartOf":{"@id":"https:\/\/www.mundoagropecuario.cl\/new\/agricultores-abordaron-desafios-del-cambio-climatico-deficit-hidrico-y-oportunidades-para-la-region-de-valparaiso\/"},"author":{"name":"mundo","@id":"https:\/\/www.mundoagropecuario.cl\/new\/#\/schema\/person\/4e9f74a82a7dac260eb1c44b7eebeb18"},"headline":"Agricultores abordaron desaf\u00edos del cambio clim\u00e1tico, d\u00e9ficit h\u00eddrico y oportunidades para la Regi\u00f3n de Valpara\u00edso","datePublished":"2019-08-07T14:40:32+00:00","dateModified":"2019-08-07T14:46:52+00:00","mainEntityOfPage":{"@id":"https:\/\/www.mundoagropecuario.cl\/new\/agricultores-abordaron-desafios-del-cambio-climatico-deficit-hidrico-y-oportunidades-para-la-region-de-valparaiso\/"},"wordCount":941,"publisher":{"@id":"https:\/\/www.mundoagropecuario.cl\/new\/#organization"},"image":{"@id":"https:\/\/www.mundoagropecuario.cl\/new\/agricultores-abordaron-desafios-del-cambio-climatico-deficit-hidrico-y-oportunidades-para-la-region-de-valparaiso\/#primaryimage"},"thumbnailUrl":"https:\/\/www.mundoagropecuario.cl\/new\/wp-content\/uploads\/2019\/08\/Agricultores-AGV1.jpg","keywords":["Cambio clim\u00e1tico","d\u00e9ficit h\u00eddrico","Fedefruta y SNA","Viveros de Chile"],"articleSection":["Agricultura"],"inLanguage":"es"},{"@type":"WebPage","@id":"https:\/\/www.mundoagropecuario.cl\/new\/agricultores-abordaron-desafios-del-cambio-climatico-deficit-hidrico-y-oportunidades-para-la-region-de-valparaiso\/","url":"https:\/\/www.mundoagropecuario.cl\/new\/agricultores-abordaron-desafios-del-cambio-climatico-deficit-hidrico-y-oportunidades-para-la-region-de-valparaiso\/","name":"Agricultores abordaron desaf\u00edos del cambio clim\u00e1tico, d\u00e9ficit h\u00eddrico y oportunidades para la Regi\u00f3n de Valpara\u00edso - Mundoagropecuario","isPartOf":{"@id":"https:\/\/www.mundoagropecuario.cl\/new\/#website"},"primaryImageOfPage":{"@id":"https:\/\/www.mundoagropecuario.cl\/new\/agricultores-abordaron-desafios-del-cambio-climatico-deficit-hidrico-y-oportunidades-para-la-region-de-valparaiso\/#primaryimage"},"image":{"@id":"https:\/\/www.mundoagropecuario.cl\/new\/agricultores-abordaron-desafios-del-cambio-climatico-deficit-hidrico-y-oportunidades-para-la-region-de-valparaiso\/#primaryimage"},"thumbnailUrl":"https:\/\/www.mundoagropecuario.cl\/new\/wp-content\/uploads\/2019\/08\/Agricultores-AGV1.jpg","datePublished":"2019-08-07T14:40:32+00:00","dateModified":"2019-08-07T14:46:52+00:00","breadcrumb":{"@id":"https:\/\/www.mundoagropecuario.cl\/new\/agricultores-abordaron-desafios-del-cambio-climatico-deficit-hidrico-y-oportunidades-para-la-region-de-valparaiso\/#breadcrumb"},"inLanguage":"es","potentialAction":[{"@type":"ReadAction","target":["https:\/\/www.mundoagropecuario.cl\/new\/agricultores-abordaron-desafios-del-cambio-climatico-deficit-hidrico-y-oportunidades-para-la-region-de-valparaiso\/"]}]},{"@type":"ImageObject","inLanguage":"es","@id":"https:\/\/www.mundoagropecuario.cl\/new\/agricultores-abordaron-desafios-del-cambio-climatico-deficit-hidrico-y-oportunidades-para-la-region-de-valparaiso\/#primaryimage","url":"https:\/\/www.mundoagropecuario.cl\/new\/wp-content\/uploads\/2019\/08\/Agricultores-AGV1.jpg","contentUrl":"https:\/\/www.mundoagropecuario.cl\/new\/wp-content\/uploads\/2019\/08\/Agricultores-AGV1.jpg","width":602,"height":400},{"@type":"BreadcrumbList","@id":"https:\/\/www.mundoagropecuario.cl\/new\/agricultores-abordaron-desafios-del-cambio-climatico-deficit-hidrico-y-oportunidades-para-la-region-de-valparaiso\/#breadcrumb","itemListElement":[{"@type":"ListItem","position":1,"name":"Portada","item":"https:\/\/www.mundoagropecuario.cl\/new\/"},{"@type":"ListItem","position":2,"name":"Agricultores abordaron desaf\u00edos del cambio clim\u00e1tico, d\u00e9ficit h\u00eddrico y oportunidades para la Regi\u00f3n de Valpara\u00edso"}]},{"@type":"WebSite","@id":"https:\/\/www.mundoagropecuario.cl\/new\/#website","url":"https:\/\/www.mundoagropecuario.cl\/new\/","name":"Mundoagropecuario","description":"Mundo Agropecuario","publisher":{"@id":"https:\/\/www.mundoagropecuario.cl\/new\/#organization"},"potentialAction":[{"@type":"SearchAction","target":{"@type":"EntryPoint","urlTemplate":"https:\/\/www.mundoagropecuario.cl\/new\/?s={search_term_string}"},"query-input":{"@type":"PropertyValueSpecification","valueRequired":true,"valueName":"search_term_string"}}],"inLanguage":"es"},{"@type":"Organization","@id":"https:\/\/www.mundoagropecuario.cl\/new\/#organization","name":"Revista de Agricultura","url":"https:\/\/www.mundoagropecuario.cl\/new\/","logo":{"@type":"ImageObject","inLanguage":"es","@id":"https:\/\/www.mundoagropecuario.cl\/new\/#\/schema\/logo\/image\/","url":"https:\/\/www.mundoagropecuario.cl\/new\/wp-content\/uploads\/2020\/11\/PORTAL-1-1.png","contentUrl":"https:\/\/www.mundoagropecuario.cl\/new\/wp-content\/uploads\/2020\/11\/PORTAL-1-1.png","width":1026,"height":100,"caption":"Revista de Agricultura"},"image":{"@id":"https:\/\/www.mundoagropecuario.cl\/new\/#\/schema\/logo\/image\/"},"sameAs":["https:\/\/www.facebook.com\/mundo.agropecuario.3","https:\/\/x.com\/MundoAgropecuar","https:\/\/www.linkedin.com\/in\/mundo-agropecuario-934009201\/"]},{"@type":"Person","@id":"https:\/\/www.mundoagropecuario.cl\/new\/#\/schema\/person\/4e9f74a82a7dac260eb1c44b7eebeb18","name":"mundo","url":"https:\/\/www.mundoagropecuario.cl\/new\/author\/mundo\/"}]}},"_links":{"self":[{"href":"https:\/\/www.mundoagropecuario.cl\/new\/wp-json\/wp\/v2\/posts\/13200","targetHints":{"allow":["GET"]}}],"collection":[{"href":"https:\/\/www.mundoagropecuario.cl\/new\/wp-json\/wp\/v2\/posts"}],"about":[{"href":"https:\/\/www.mundoagropecuario.cl\/new\/wp-json\/wp\/v2\/types\/post"}],"author":[{"embeddable":true,"href":"https:\/\/www.mundoagropecuario.cl\/new\/wp-json\/wp\/v2\/users\/2"}],"replies":[{"embeddable":true,"href":"https:\/\/www.mundoagropecuario.cl\/new\/wp-json\/wp\/v2\/comments?post=13200"}],"version-history":[{"count":1,"href":"https:\/\/www.mundoagropecuario.cl\/new\/wp-json\/wp\/v2\/posts\/13200\/revisions"}],"predecessor-version":[{"id":13203,"href":"https:\/\/www.mundoagropecuario.cl\/new\/wp-json\/wp\/v2\/posts\/13200\/revisions\/13203"}],"wp:featuredmedia":[{"embeddable":true,"href":"https:\/\/www.mundoagropecuario.cl\/new\/wp-json\/wp\/v2\/media\/13201"}],"wp:attachment":[{"href":"https:\/\/www.mundoagropecuario.cl\/new\/wp-json\/wp\/v2\/media?parent=13200"}],"wp:term":[{"taxonomy":"category","embeddable":true,"href":"https:\/\/www.mundoagropecuario.cl\/new\/wp-json\/wp\/v2\/categories?post=13200"},{"taxonomy":"post_tag","embeddable":true,"href":"https:\/\/www.mundoagropecuario.cl\/new\/wp-json\/wp\/v2\/tags?post=13200"}],"curies":[{"name":"wp","href":"https:\/\/api.w.org\/{rel}","templated":true}]}}