{"id":13167,"date":"2019-08-06T10:52:48","date_gmt":"2019-08-06T13:52:48","guid":{"rendered":"http:\/\/www.mundoagropecuario.cl\/new\/?p=13167"},"modified":"2019-08-07T12:20:37","modified_gmt":"2019-08-07T15:20:37","slug":"director-inia-estamos-trabajando-por-posicionar-a-chile-como-un-motor-del-desarrollo-rural","status":"publish","type":"post","link":"https:\/\/www.mundoagropecuario.cl\/new\/director-inia-estamos-trabajando-por-posicionar-a-chile-como-un-motor-del-desarrollo-rural\/","title":{"rendered":"Director INIA: \u201cEstamos trabajando por posicionar a Chile como un motor del desarrollo rural\u201d"},"content":{"rendered":"\n<ul class=\"wp-block-gallery columns-0 is-cropped wp-block-gallery-1 is-layout-flex wp-block-gallery-is-layout-flex\"><\/ul>\n\n\n\n<p><\/p>\n\n\n\n<p><em>En el marco del seminario \u201cInnovaci\u00f3n y Productividad en la Fruticultura Chilena\u201d, organizado por la Universidad de Talca y Cieplan, la m\u00e1xima autoridad del Instituto de Investigaciones Agropecuarias (INIA) expuso sobre el rol de la Investigaci\u00f3n, Desarrollo e Innovaci\u00f3n (I+D+i) para potenciar el sector agr\u00edcola nacional, en un escenario de descentralizaci\u00f3n (Mundo Agropecuario).&nbsp;<\/em><\/p>\n\n\n\n<p>La Universidad de Talca junto a la Corporaci\u00f3n de Estudios para Latinoam\u00e9rica (Cieplan), convocaron a agricultores, empresarios frut\u00edcolas y diversos actores p\u00fablicos y privados, para analizar y debatir acerca de la descentralizaci\u00f3n y desarrollo productivo territorial, en el seminario \u201cInnovaci\u00f3n y Productividad en la Fruticultura Chilena\u201d.<\/p>\n\n\n\n<p>El encuentro, realizado en el Hotel Casino Talca, cont\u00f3 con la participaci\u00f3n del Director Nacional de INIA, Pedro Bustos, quien durante su exposici\u00f3n plante\u00f3 que \u201cla agricultura enfrenta desaf\u00edos gigantes, que son de escala global, por lo que debemos anticiparnos para aprovechar las oportunidades que tenemos por delante\u201d.<\/p>\n\n\n\n<p>Frente a interrogantes como qu\u00e9 ha pasado con la innovaci\u00f3n y la productividad en la fruticultura de exportaci\u00f3n chilena, Bustos indic\u00f3 que \u201cestamos trabajando por posicionar a Chile como proveedor de alimentos de calidad y sustentables, y como un motor del desarrollo rural y de las ciudades del pa\u00eds\u201d; destacando casos de \u00e9xito del trabajo de I+D+i de INIA como Mayl\u00e9n, primera variedad comercial de uva de mesa chilena que naci\u00f3 despu\u00e9s de 30 a\u00f1os de investigaci\u00f3n y que, gracias a una alianza p\u00fablico privada, ya est\u00e1 impactando en mercados internacionales como China, Reino Unido, Estados Unidos, Corea y Jap\u00f3n.<\/p>\n\n\n\n<p>Otros ejemplos son Ke\u00f3ken, el vino m\u00e1s austral del mundo, desarrollado y producido por el Instituto en la latitud 46\u00b032\u2032 Sur, demostrando con ello la factibilidad t\u00e9cnica de crear y elaborar un vino en la zona de microclima de Chile Chico, ampliando la frontera vitivin\u00edcola nacional. O los avances de sus Programas de Mejoramiento Gen\u00e9tico de Cereza y Manzana, pr\u00f3ximos a presentar las primeras variedades chilenas de estos frutos, con alto potencial comercial; lo que representa oportunidades \u00fanicas para los productores del pa\u00eds.<\/p>\n\n\n\n<p>La jornada cont\u00f3 tambi\u00e9n con las exposiciones de Mar\u00eda Emilia Undurraga, Directora Nacional de Odepa, Ronald Bown, presidente de Asoex, Ramiro Soffia, Gerente General de Hortifrut, y de los senadores por la regi\u00f3n del Maule, Ximena Rinc\u00f3n y Rodrigo Galilea, entre otros, quienes acordaron que la innovaci\u00f3n y la productividad son clave para potenciar la fruticultura de exportaci\u00f3n chilena, en un mundo cada vez m\u00e1s competitivo.<\/p>\n","protected":false},"excerpt":{"rendered":"<p>En el marco del seminario \u201cInnovaci\u00f3n y Productividad en la Fruticultura Chilena\u201d, organizado por la Universidad de Talca y Cieplan, la m\u00e1xima autoridad del Instituto de Investigaciones Agropecuarias (INIA) expuso&#8230;<\/p>\n","protected":false},"author":2,"featured_media":13168,"comment_status":"closed","ping_status":"closed","sticky":false,"template":"","format":"standard","meta":{"footnotes":""},"categories":[1987],"tags":[3942,3945,3947,2052,3944,2253,3946,3943,2715],"class_list":["post-13167","post","type-post","status-publish","format-standard","has-post-thumbnail","hentry","category-instituciones","tag-director-nacional-del-inia","tag-directora-nacional-de-odepa","tag-gerente-general-de-hortifrut","tag-inia","tag-maria-emilia-undurraga","tag-pedro-bustos","tag-presidente-de-asoex","tag-ramiro-soffia","tag-ronald-bown"],"yoast_head":"<!-- This site is optimized with the Yoast SEO plugin v26.6 - https:\/\/yoast.com\/wordpress\/plugins\/seo\/ -->\n<title>Director INIA: \u201cEstamos trabajando por posicionar a Chile como un motor del desarrollo rural\u201d - Mundoagropecuario<\/title>\n<meta name=\"robots\" content=\"index, follow, max-snippet:-1, max-image-preview:large, max-video-preview:-1\" \/>\n<link rel=\"canonical\" href=\"https:\/\/www.mundoagropecuario.cl\/new\/director-inia-estamos-trabajando-por-posicionar-a-chile-como-un-motor-del-desarrollo-rural\/\" \/>\n<meta property=\"og:locale\" content=\"es_ES\" \/>\n<meta property=\"og:type\" content=\"article\" \/>\n<meta property=\"og:title\" content=\"Director INIA: \u201cEstamos trabajando por posicionar a Chile como un motor del desarrollo rural\u201d - Mundoagropecuario\" \/>\n<meta property=\"og:description\" content=\"En el marco del seminario \u201cInnovaci\u00f3n y Productividad en la Fruticultura Chilena\u201d, organizado por la Universidad de Talca y Cieplan, la m\u00e1xima autoridad del Instituto de Investigaciones Agropecuarias (INIA) expuso...\" \/>\n<meta property=\"og:url\" content=\"https:\/\/www.mundoagropecuario.cl\/new\/director-inia-estamos-trabajando-por-posicionar-a-chile-como-un-motor-del-desarrollo-rural\/\" \/>\n<meta property=\"og:site_name\" content=\"Mundoagropecuario\" \/>\n<meta property=\"article:publisher\" content=\"https:\/\/www.facebook.com\/mundo.agropecuario.3\" \/>\n<meta property=\"article:published_time\" content=\"2019-08-06T13:52:48+00:00\" \/>\n<meta property=\"article:modified_time\" content=\"2019-08-07T15:20:37+00:00\" \/>\n<meta property=\"og:image\" content=\"https:\/\/www.mundoagropecuario.cl\/new\/wp-content\/uploads\/2019\/08\/Director-INIA.jpeg\" \/>\n\t<meta property=\"og:image:width\" content=\"960\" \/>\n\t<meta property=\"og:image:height\" content=\"523\" \/>\n\t<meta property=\"og:image:type\" content=\"image\/jpeg\" \/>\n<meta name=\"author\" content=\"mundo\" \/>\n<meta name=\"twitter:card\" content=\"summary_large_image\" \/>\n<meta name=\"twitter:creator\" content=\"@MundoAgropecuar\" \/>\n<meta name=\"twitter:site\" content=\"@MundoAgropecuar\" \/>\n<meta name=\"twitter:label1\" content=\"Escrito por\" \/>\n\t<meta name=\"twitter:data1\" content=\"mundo\" \/>\n\t<meta name=\"twitter:label2\" content=\"Tiempo de lectura\" \/>\n\t<meta name=\"twitter:data2\" content=\"2 minutos\" \/>\n<script type=\"application\/ld+json\" class=\"yoast-schema-graph\">{\"@context\":\"https:\/\/schema.org\",\"@graph\":[{\"@type\":\"Article\",\"@id\":\"https:\/\/www.mundoagropecuario.cl\/new\/director-inia-estamos-trabajando-por-posicionar-a-chile-como-un-motor-del-desarrollo-rural\/#article\",\"isPartOf\":{\"@id\":\"https:\/\/www.mundoagropecuario.cl\/new\/director-inia-estamos-trabajando-por-posicionar-a-chile-como-un-motor-del-desarrollo-rural\/\"},\"author\":{\"name\":\"mundo\",\"@id\":\"https:\/\/www.mundoagropecuario.cl\/new\/#\/schema\/person\/4e9f74a82a7dac260eb1c44b7eebeb18\"},\"headline\":\"Director INIA: \u201cEstamos trabajando por posicionar a Chile como un motor del desarrollo rural\u201d\",\"datePublished\":\"2019-08-06T13:52:48+00:00\",\"dateModified\":\"2019-08-07T15:20:37+00:00\",\"mainEntityOfPage\":{\"@id\":\"https:\/\/www.mundoagropecuario.cl\/new\/director-inia-estamos-trabajando-por-posicionar-a-chile-como-un-motor-del-desarrollo-rural\/\"},\"wordCount\":451,\"publisher\":{\"@id\":\"https:\/\/www.mundoagropecuario.cl\/new\/#organization\"},\"image\":{\"@id\":\"https:\/\/www.mundoagropecuario.cl\/new\/director-inia-estamos-trabajando-por-posicionar-a-chile-como-un-motor-del-desarrollo-rural\/#primaryimage\"},\"thumbnailUrl\":\"https:\/\/www.mundoagropecuario.cl\/new\/wp-content\/uploads\/2019\/08\/Director-INIA.jpeg\",\"keywords\":[\"Director nacional del INIA\",\"Directora Nacional de Odepa\",\"Gerente General de Hortifrut\",\"INIA\",\"Mar\u00eda Emilia Undurraga\",\"Pedro Bustos\",\"presidente de Asoex\",\"Ramiro Soffia\",\"Ronald Bown\"],\"articleSection\":[\"Instituciones\"],\"inLanguage\":\"es\"},{\"@type\":\"WebPage\",\"@id\":\"https:\/\/www.mundoagropecuario.cl\/new\/director-inia-estamos-trabajando-por-posicionar-a-chile-como-un-motor-del-desarrollo-rural\/\",\"url\":\"https:\/\/www.mundoagropecuario.cl\/new\/director-inia-estamos-trabajando-por-posicionar-a-chile-como-un-motor-del-desarrollo-rural\/\",\"name\":\"Director INIA: \u201cEstamos trabajando por posicionar a Chile como un motor del desarrollo rural\u201d - Mundoagropecuario\",\"isPartOf\":{\"@id\":\"https:\/\/www.mundoagropecuario.cl\/new\/#website\"},\"primaryImageOfPage\":{\"@id\":\"https:\/\/www.mundoagropecuario.cl\/new\/director-inia-estamos-trabajando-por-posicionar-a-chile-como-un-motor-del-desarrollo-rural\/#primaryimage\"},\"image\":{\"@id\":\"https:\/\/www.mundoagropecuario.cl\/new\/director-inia-estamos-trabajando-por-posicionar-a-chile-como-un-motor-del-desarrollo-rural\/#primaryimage\"},\"thumbnailUrl\":\"https:\/\/www.mundoagropecuario.cl\/new\/wp-content\/uploads\/2019\/08\/Director-INIA.jpeg\",\"datePublished\":\"2019-08-06T13:52:48+00:00\",\"dateModified\":\"2019-08-07T15:20:37+00:00\",\"breadcrumb\":{\"@id\":\"https:\/\/www.mundoagropecuario.cl\/new\/director-inia-estamos-trabajando-por-posicionar-a-chile-como-un-motor-del-desarrollo-rural\/#breadcrumb\"},\"inLanguage\":\"es\",\"potentialAction\":[{\"@type\":\"ReadAction\",\"target\":[\"https:\/\/www.mundoagropecuario.cl\/new\/director-inia-estamos-trabajando-por-posicionar-a-chile-como-un-motor-del-desarrollo-rural\/\"]}]},{\"@type\":\"ImageObject\",\"inLanguage\":\"es\",\"@id\":\"https:\/\/www.mundoagropecuario.cl\/new\/director-inia-estamos-trabajando-por-posicionar-a-chile-como-un-motor-del-desarrollo-rural\/#primaryimage\",\"url\":\"https:\/\/www.mundoagropecuario.cl\/new\/wp-content\/uploads\/2019\/08\/Director-INIA.jpeg\",\"contentUrl\":\"https:\/\/www.mundoagropecuario.cl\/new\/wp-content\/uploads\/2019\/08\/Director-INIA.jpeg\",\"width\":720,\"height\":392},{\"@type\":\"BreadcrumbList\",\"@id\":\"https:\/\/www.mundoagropecuario.cl\/new\/director-inia-estamos-trabajando-por-posicionar-a-chile-como-un-motor-del-desarrollo-rural\/#breadcrumb\",\"itemListElement\":[{\"@type\":\"ListItem\",\"position\":1,\"name\":\"Portada\",\"item\":\"https:\/\/www.mundoagropecuario.cl\/new\/\"},{\"@type\":\"ListItem\",\"position\":2,\"name\":\"Director INIA: \u201cEstamos trabajando por posicionar a Chile como un motor del desarrollo rural\u201d\"}]},{\"@type\":\"WebSite\",\"@id\":\"https:\/\/www.mundoagropecuario.cl\/new\/#website\",\"url\":\"https:\/\/www.mundoagropecuario.cl\/new\/\",\"name\":\"Mundoagropecuario\",\"description\":\"Mundo Agropecuario\",\"publisher\":{\"@id\":\"https:\/\/www.mundoagropecuario.cl\/new\/#organization\"},\"potentialAction\":[{\"@type\":\"SearchAction\",\"target\":{\"@type\":\"EntryPoint\",\"urlTemplate\":\"https:\/\/www.mundoagropecuario.cl\/new\/?s={search_term_string}\"},\"query-input\":{\"@type\":\"PropertyValueSpecification\",\"valueRequired\":true,\"valueName\":\"search_term_string\"}}],\"inLanguage\":\"es\"},{\"@type\":\"Organization\",\"@id\":\"https:\/\/www.mundoagropecuario.cl\/new\/#organization\",\"name\":\"Revista de Agricultura\",\"url\":\"https:\/\/www.mundoagropecuario.cl\/new\/\",\"logo\":{\"@type\":\"ImageObject\",\"inLanguage\":\"es\",\"@id\":\"https:\/\/www.mundoagropecuario.cl\/new\/#\/schema\/logo\/image\/\",\"url\":\"https:\/\/www.mundoagropecuario.cl\/new\/wp-content\/uploads\/2020\/11\/PORTAL-1-1.png\",\"contentUrl\":\"https:\/\/www.mundoagropecuario.cl\/new\/wp-content\/uploads\/2020\/11\/PORTAL-1-1.png\",\"width\":1026,\"height\":100,\"caption\":\"Revista de Agricultura\"},\"image\":{\"@id\":\"https:\/\/www.mundoagropecuario.cl\/new\/#\/schema\/logo\/image\/\"},\"sameAs\":[\"https:\/\/www.facebook.com\/mundo.agropecuario.3\",\"https:\/\/x.com\/MundoAgropecuar\",\"https:\/\/www.linkedin.com\/in\/mundo-agropecuario-934009201\/\"]},{\"@type\":\"Person\",\"@id\":\"https:\/\/www.mundoagropecuario.cl\/new\/#\/schema\/person\/4e9f74a82a7dac260eb1c44b7eebeb18\",\"name\":\"mundo\",\"url\":\"https:\/\/www.mundoagropecuario.cl\/new\/author\/mundo\/\"}]}<\/script>\n<!-- \/ Yoast SEO plugin. -->","yoast_head_json":{"title":"Director INIA: \u201cEstamos trabajando por posicionar a Chile como un motor del desarrollo rural\u201d - Mundoagropecuario","robots":{"index":"index","follow":"follow","max-snippet":"max-snippet:-1","max-image-preview":"max-image-preview:large","max-video-preview":"max-video-preview:-1"},"canonical":"https:\/\/www.mundoagropecuario.cl\/new\/director-inia-estamos-trabajando-por-posicionar-a-chile-como-un-motor-del-desarrollo-rural\/","og_locale":"es_ES","og_type":"article","og_title":"Director INIA: \u201cEstamos trabajando por posicionar a Chile como un motor del desarrollo rural\u201d - Mundoagropecuario","og_description":"En el marco del seminario \u201cInnovaci\u00f3n y Productividad en la Fruticultura Chilena\u201d, organizado por la Universidad de Talca y Cieplan, la m\u00e1xima autoridad del Instituto de Investigaciones Agropecuarias (INIA) expuso...","og_url":"https:\/\/www.mundoagropecuario.cl\/new\/director-inia-estamos-trabajando-por-posicionar-a-chile-como-un-motor-del-desarrollo-rural\/","og_site_name":"Mundoagropecuario","article_publisher":"https:\/\/www.facebook.com\/mundo.agropecuario.3","article_published_time":"2019-08-06T13:52:48+00:00","article_modified_time":"2019-08-07T15:20:37+00:00","og_image":[{"width":960,"height":523,"url":"https:\/\/www.mundoagropecuario.cl\/new\/wp-content\/uploads\/2019\/08\/Director-INIA.jpeg","type":"image\/jpeg"}],"author":"mundo","twitter_card":"summary_large_image","twitter_creator":"@MundoAgropecuar","twitter_site":"@MundoAgropecuar","twitter_misc":{"Escrito por":"mundo","Tiempo de lectura":"2 minutos"},"schema":{"@context":"https:\/\/schema.org","@graph":[{"@type":"Article","@id":"https:\/\/www.mundoagropecuario.cl\/new\/director-inia-estamos-trabajando-por-posicionar-a-chile-como-un-motor-del-desarrollo-rural\/#article","isPartOf":{"@id":"https:\/\/www.mundoagropecuario.cl\/new\/director-inia-estamos-trabajando-por-posicionar-a-chile-como-un-motor-del-desarrollo-rural\/"},"author":{"name":"mundo","@id":"https:\/\/www.mundoagropecuario.cl\/new\/#\/schema\/person\/4e9f74a82a7dac260eb1c44b7eebeb18"},"headline":"Director INIA: \u201cEstamos trabajando por posicionar a Chile como un motor del desarrollo rural\u201d","datePublished":"2019-08-06T13:52:48+00:00","dateModified":"2019-08-07T15:20:37+00:00","mainEntityOfPage":{"@id":"https:\/\/www.mundoagropecuario.cl\/new\/director-inia-estamos-trabajando-por-posicionar-a-chile-como-un-motor-del-desarrollo-rural\/"},"wordCount":451,"publisher":{"@id":"https:\/\/www.mundoagropecuario.cl\/new\/#organization"},"image":{"@id":"https:\/\/www.mundoagropecuario.cl\/new\/director-inia-estamos-trabajando-por-posicionar-a-chile-como-un-motor-del-desarrollo-rural\/#primaryimage"},"thumbnailUrl":"https:\/\/www.mundoagropecuario.cl\/new\/wp-content\/uploads\/2019\/08\/Director-INIA.jpeg","keywords":["Director nacional del INIA","Directora Nacional de Odepa","Gerente General de Hortifrut","INIA","Mar\u00eda Emilia Undurraga","Pedro Bustos","presidente de Asoex","Ramiro Soffia","Ronald Bown"],"articleSection":["Instituciones"],"inLanguage":"es"},{"@type":"WebPage","@id":"https:\/\/www.mundoagropecuario.cl\/new\/director-inia-estamos-trabajando-por-posicionar-a-chile-como-un-motor-del-desarrollo-rural\/","url":"https:\/\/www.mundoagropecuario.cl\/new\/director-inia-estamos-trabajando-por-posicionar-a-chile-como-un-motor-del-desarrollo-rural\/","name":"Director INIA: \u201cEstamos trabajando por posicionar a Chile como un motor del desarrollo rural\u201d - Mundoagropecuario","isPartOf":{"@id":"https:\/\/www.mundoagropecuario.cl\/new\/#website"},"primaryImageOfPage":{"@id":"https:\/\/www.mundoagropecuario.cl\/new\/director-inia-estamos-trabajando-por-posicionar-a-chile-como-un-motor-del-desarrollo-rural\/#primaryimage"},"image":{"@id":"https:\/\/www.mundoagropecuario.cl\/new\/director-inia-estamos-trabajando-por-posicionar-a-chile-como-un-motor-del-desarrollo-rural\/#primaryimage"},"thumbnailUrl":"https:\/\/www.mundoagropecuario.cl\/new\/wp-content\/uploads\/2019\/08\/Director-INIA.jpeg","datePublished":"2019-08-06T13:52:48+00:00","dateModified":"2019-08-07T15:20:37+00:00","breadcrumb":{"@id":"https:\/\/www.mundoagropecuario.cl\/new\/director-inia-estamos-trabajando-por-posicionar-a-chile-como-un-motor-del-desarrollo-rural\/#breadcrumb"},"inLanguage":"es","potentialAction":[{"@type":"ReadAction","target":["https:\/\/www.mundoagropecuario.cl\/new\/director-inia-estamos-trabajando-por-posicionar-a-chile-como-un-motor-del-desarrollo-rural\/"]}]},{"@type":"ImageObject","inLanguage":"es","@id":"https:\/\/www.mundoagropecuario.cl\/new\/director-inia-estamos-trabajando-por-posicionar-a-chile-como-un-motor-del-desarrollo-rural\/#primaryimage","url":"https:\/\/www.mundoagropecuario.cl\/new\/wp-content\/uploads\/2019\/08\/Director-INIA.jpeg","contentUrl":"https:\/\/www.mundoagropecuario.cl\/new\/wp-content\/uploads\/2019\/08\/Director-INIA.jpeg","width":720,"height":392},{"@type":"BreadcrumbList","@id":"https:\/\/www.mundoagropecuario.cl\/new\/director-inia-estamos-trabajando-por-posicionar-a-chile-como-un-motor-del-desarrollo-rural\/#breadcrumb","itemListElement":[{"@type":"ListItem","position":1,"name":"Portada","item":"https:\/\/www.mundoagropecuario.cl\/new\/"},{"@type":"ListItem","position":2,"name":"Director INIA: \u201cEstamos trabajando por posicionar a Chile como un motor del desarrollo rural\u201d"}]},{"@type":"WebSite","@id":"https:\/\/www.mundoagropecuario.cl\/new\/#website","url":"https:\/\/www.mundoagropecuario.cl\/new\/","name":"Mundoagropecuario","description":"Mundo Agropecuario","publisher":{"@id":"https:\/\/www.mundoagropecuario.cl\/new\/#organization"},"potentialAction":[{"@type":"SearchAction","target":{"@type":"EntryPoint","urlTemplate":"https:\/\/www.mundoagropecuario.cl\/new\/?s={search_term_string}"},"query-input":{"@type":"PropertyValueSpecification","valueRequired":true,"valueName":"search_term_string"}}],"inLanguage":"es"},{"@type":"Organization","@id":"https:\/\/www.mundoagropecuario.cl\/new\/#organization","name":"Revista de Agricultura","url":"https:\/\/www.mundoagropecuario.cl\/new\/","logo":{"@type":"ImageObject","inLanguage":"es","@id":"https:\/\/www.mundoagropecuario.cl\/new\/#\/schema\/logo\/image\/","url":"https:\/\/www.mundoagropecuario.cl\/new\/wp-content\/uploads\/2020\/11\/PORTAL-1-1.png","contentUrl":"https:\/\/www.mundoagropecuario.cl\/new\/wp-content\/uploads\/2020\/11\/PORTAL-1-1.png","width":1026,"height":100,"caption":"Revista de Agricultura"},"image":{"@id":"https:\/\/www.mundoagropecuario.cl\/new\/#\/schema\/logo\/image\/"},"sameAs":["https:\/\/www.facebook.com\/mundo.agropecuario.3","https:\/\/x.com\/MundoAgropecuar","https:\/\/www.linkedin.com\/in\/mundo-agropecuario-934009201\/"]},{"@type":"Person","@id":"https:\/\/www.mundoagropecuario.cl\/new\/#\/schema\/person\/4e9f74a82a7dac260eb1c44b7eebeb18","name":"mundo","url":"https:\/\/www.mundoagropecuario.cl\/new\/author\/mundo\/"}]}},"_links":{"self":[{"href":"https:\/\/www.mundoagropecuario.cl\/new\/wp-json\/wp\/v2\/posts\/13167","targetHints":{"allow":["GET"]}}],"collection":[{"href":"https:\/\/www.mundoagropecuario.cl\/new\/wp-json\/wp\/v2\/posts"}],"about":[{"href":"https:\/\/www.mundoagropecuario.cl\/new\/wp-json\/wp\/v2\/types\/post"}],"author":[{"embeddable":true,"href":"https:\/\/www.mundoagropecuario.cl\/new\/wp-json\/wp\/v2\/users\/2"}],"replies":[{"embeddable":true,"href":"https:\/\/www.mundoagropecuario.cl\/new\/wp-json\/wp\/v2\/comments?post=13167"}],"version-history":[{"count":2,"href":"https:\/\/www.mundoagropecuario.cl\/new\/wp-json\/wp\/v2\/posts\/13167\/revisions"}],"predecessor-version":[{"id":13217,"href":"https:\/\/www.mundoagropecuario.cl\/new\/wp-json\/wp\/v2\/posts\/13167\/revisions\/13217"}],"wp:featuredmedia":[{"embeddable":true,"href":"https:\/\/www.mundoagropecuario.cl\/new\/wp-json\/wp\/v2\/media\/13168"}],"wp:attachment":[{"href":"https:\/\/www.mundoagropecuario.cl\/new\/wp-json\/wp\/v2\/media?parent=13167"}],"wp:term":[{"taxonomy":"category","embeddable":true,"href":"https:\/\/www.mundoagropecuario.cl\/new\/wp-json\/wp\/v2\/categories?post=13167"},{"taxonomy":"post_tag","embeddable":true,"href":"https:\/\/www.mundoagropecuario.cl\/new\/wp-json\/wp\/v2\/tags?post=13167"}],"curies":[{"name":"wp","href":"https:\/\/api.w.org\/{rel}","templated":true}]}}