{"id":13150,"date":"2019-08-05T11:56:55","date_gmt":"2019-08-05T14:56:55","guid":{"rendered":"http:\/\/www.mundoagropecuario.cl\/new\/?p=13150"},"modified":"2019-08-06T11:36:24","modified_gmt":"2019-08-06T14:36:24","slug":"grupo-controlador-de-hortifrut-destina-57-588-millones-a-suscripcion-de-aumento-de-capital","status":"publish","type":"post","link":"https:\/\/www.mundoagropecuario.cl\/new\/grupo-controlador-de-hortifrut-destina-57-588-millones-a-suscripcion-de-aumento-de-capital\/","title":{"rendered":"Grupo controlador de Hortifrut destina $57.588 millones a suscripci\u00f3n de aumento de capital"},"content":{"rendered":"\n<ul class=\"wp-block-gallery columns-0 is-cropped wp-block-gallery-1 is-layout-flex wp-block-gallery-is-layout-flex\"><\/ul>\n\n\n\n<p><\/p>\n\n\n\n<p><em>Las familias Moller, Quevedo, del R\u00edo y Elberg, concretaron la suscripci\u00f3n y pago de la prorrata del 51,85% que les corresponde, demostrando su compromiso con los proyectos de crecimiento de la compa\u00f1\u00eda (Mundo Agropecuario)  <\/em><\/p>\n\n\n\n<p>El grupo controlador de Hortifrut, compuesto por las familias Moller (Grupo FM), Del R\u00edo y Elberg (Grupo VitalBerry) y Quevero (Grupo Roc\u00edo), concurri\u00f3 al aumento de capital por US$160 millones, suscribiendo y pagando la prorrata que corresponde al 51,85% del total por $57.588.135.180.&nbsp;<\/p>\n\n\n\n<p>La suscripci\u00f3n y pago se realizaron dentro del per\u00edodo legal de 30 d\u00edas de opci\u00f3n preferente en curso, que concluir\u00e1 el pr\u00f3ximo mi\u00e9rcoles 7 de agosto.<\/p>\n\n\n\n<p>El monto del aumento de capital, acordado en la Junta Extraordinaria de Accionistas del 30 de abril pasado, ser\u00e1 destinado a financiar el crecimiento de la compa\u00f1\u00eda en los pa\u00edses que abastecen los mercados de Am\u00e9rica del Norte, Europa y Asia, durante todas las semanas del a\u00f1o.&nbsp;<\/p>\n\n\n\n<p>Esta iniciativa responde a la estrategia de Hortifrut de estar m\u00e1s cerca de sus consumidores, a trav\u00e9s del crecimiento de producciones de berries que est\u00e9n pr\u00f3ximas a los mercados de consumo, y a la consolidaci\u00f3n de un suministro permanente a los clientes en el mundo.<\/p>\n\n\n\n<p>Los recursos tambi\u00e9n permitir\u00e1n a Hortifrut aumentar las plantaciones de variedades exclusivas de ar\u00e1ndanos, frambuesas y moras, con \u00e9nfasis en aquellas desarrolladas por la propia compa\u00f1\u00eda.&nbsp;<\/p>\n\n\n\n<p>De esta forma, Hortifrut espera seguir fortaleciendo su posici\u00f3n de l\u00edder mundial en berries.<\/p>\n","protected":false},"excerpt":{"rendered":"<p>Las familias Moller, Quevedo, del R\u00edo y Elberg, concretaron la suscripci\u00f3n y pago de la prorrata del 51,85% que les corresponde, demostrando su compromiso con los proyectos de crecimiento de&#8230;<\/p>\n","protected":false},"author":2,"featured_media":13152,"comment_status":"closed","ping_status":"closed","sticky":false,"template":"","format":"standard","meta":{"footnotes":""},"categories":[1986],"tags":[3935,3934,2202],"class_list":["post-13150","post","type-post","status-publish","format-standard","has-post-thumbnail","hentry","category-frutas","tag-del-rio-y-elberg-grupo-vitalberry","tag-grupo-fm","tag-hortifrut"],"yoast_head":"<!-- This site is optimized with the Yoast SEO plugin v26.6 - https:\/\/yoast.com\/wordpress\/plugins\/seo\/ -->\n<title>Grupo controlador de Hortifrut destina $57.588 millones a suscripci\u00f3n de aumento de capital - Mundoagropecuario<\/title>\n<meta name=\"robots\" content=\"index, follow, max-snippet:-1, max-image-preview:large, max-video-preview:-1\" \/>\n<link rel=\"canonical\" href=\"https:\/\/www.mundoagropecuario.cl\/new\/grupo-controlador-de-hortifrut-destina-57-588-millones-a-suscripcion-de-aumento-de-capital\/\" \/>\n<meta property=\"og:locale\" content=\"es_ES\" \/>\n<meta property=\"og:type\" content=\"article\" \/>\n<meta property=\"og:title\" content=\"Grupo controlador de Hortifrut destina $57.588 millones a suscripci\u00f3n de aumento de capital - Mundoagropecuario\" \/>\n<meta property=\"og:description\" content=\"Las familias Moller, Quevedo, del R\u00edo y Elberg, concretaron la suscripci\u00f3n y pago de la prorrata del 51,85% que les corresponde, demostrando su compromiso con los proyectos de crecimiento de...\" \/>\n<meta property=\"og:url\" content=\"https:\/\/www.mundoagropecuario.cl\/new\/grupo-controlador-de-hortifrut-destina-57-588-millones-a-suscripcion-de-aumento-de-capital\/\" \/>\n<meta property=\"og:site_name\" content=\"Mundoagropecuario\" \/>\n<meta property=\"article:publisher\" content=\"https:\/\/www.facebook.com\/mundo.agropecuario.3\" \/>\n<meta property=\"article:published_time\" content=\"2019-08-05T14:56:55+00:00\" \/>\n<meta property=\"article:modified_time\" content=\"2019-08-06T14:36:24+00:00\" \/>\n<meta property=\"og:image\" content=\"https:\/\/www.mundoagropecuario.cl\/new\/wp-content\/uploads\/2019\/08\/Hortifrut.jpg\" \/>\n\t<meta property=\"og:image:width\" content=\"600\" \/>\n\t<meta property=\"og:image:height\" content=\"400\" \/>\n\t<meta property=\"og:image:type\" content=\"image\/jpeg\" \/>\n<meta name=\"author\" content=\"mundo\" \/>\n<meta name=\"twitter:card\" content=\"summary_large_image\" \/>\n<meta name=\"twitter:creator\" content=\"@MundoAgropecuar\" \/>\n<meta name=\"twitter:site\" content=\"@MundoAgropecuar\" \/>\n<meta name=\"twitter:label1\" content=\"Escrito por\" \/>\n\t<meta name=\"twitter:data1\" content=\"mundo\" \/>\n\t<meta name=\"twitter:label2\" content=\"Tiempo de lectura\" \/>\n\t<meta name=\"twitter:data2\" content=\"1 minuto\" \/>\n<script type=\"application\/ld+json\" class=\"yoast-schema-graph\">{\"@context\":\"https:\/\/schema.org\",\"@graph\":[{\"@type\":\"Article\",\"@id\":\"https:\/\/www.mundoagropecuario.cl\/new\/grupo-controlador-de-hortifrut-destina-57-588-millones-a-suscripcion-de-aumento-de-capital\/#article\",\"isPartOf\":{\"@id\":\"https:\/\/www.mundoagropecuario.cl\/new\/grupo-controlador-de-hortifrut-destina-57-588-millones-a-suscripcion-de-aumento-de-capital\/\"},\"author\":{\"name\":\"mundo\",\"@id\":\"https:\/\/www.mundoagropecuario.cl\/new\/#\/schema\/person\/4e9f74a82a7dac260eb1c44b7eebeb18\"},\"headline\":\"Grupo controlador de Hortifrut destina $57.588 millones a suscripci\u00f3n de aumento de capital\",\"datePublished\":\"2019-08-05T14:56:55+00:00\",\"dateModified\":\"2019-08-06T14:36:24+00:00\",\"mainEntityOfPage\":{\"@id\":\"https:\/\/www.mundoagropecuario.cl\/new\/grupo-controlador-de-hortifrut-destina-57-588-millones-a-suscripcion-de-aumento-de-capital\/\"},\"wordCount\":271,\"publisher\":{\"@id\":\"https:\/\/www.mundoagropecuario.cl\/new\/#organization\"},\"image\":{\"@id\":\"https:\/\/www.mundoagropecuario.cl\/new\/grupo-controlador-de-hortifrut-destina-57-588-millones-a-suscripcion-de-aumento-de-capital\/#primaryimage\"},\"thumbnailUrl\":\"https:\/\/www.mundoagropecuario.cl\/new\/wp-content\/uploads\/2019\/08\/Hortifrut.jpg\",\"keywords\":[\"Del R\u00edo y Elberg (Grupo VitalBerry)\",\"Grupo FM)\",\"Hortifrut\"],\"articleSection\":[\"Frutas\"],\"inLanguage\":\"es\"},{\"@type\":\"WebPage\",\"@id\":\"https:\/\/www.mundoagropecuario.cl\/new\/grupo-controlador-de-hortifrut-destina-57-588-millones-a-suscripcion-de-aumento-de-capital\/\",\"url\":\"https:\/\/www.mundoagropecuario.cl\/new\/grupo-controlador-de-hortifrut-destina-57-588-millones-a-suscripcion-de-aumento-de-capital\/\",\"name\":\"Grupo controlador de Hortifrut destina $57.588 millones a suscripci\u00f3n de aumento de capital - Mundoagropecuario\",\"isPartOf\":{\"@id\":\"https:\/\/www.mundoagropecuario.cl\/new\/#website\"},\"primaryImageOfPage\":{\"@id\":\"https:\/\/www.mundoagropecuario.cl\/new\/grupo-controlador-de-hortifrut-destina-57-588-millones-a-suscripcion-de-aumento-de-capital\/#primaryimage\"},\"image\":{\"@id\":\"https:\/\/www.mundoagropecuario.cl\/new\/grupo-controlador-de-hortifrut-destina-57-588-millones-a-suscripcion-de-aumento-de-capital\/#primaryimage\"},\"thumbnailUrl\":\"https:\/\/www.mundoagropecuario.cl\/new\/wp-content\/uploads\/2019\/08\/Hortifrut.jpg\",\"datePublished\":\"2019-08-05T14:56:55+00:00\",\"dateModified\":\"2019-08-06T14:36:24+00:00\",\"breadcrumb\":{\"@id\":\"https:\/\/www.mundoagropecuario.cl\/new\/grupo-controlador-de-hortifrut-destina-57-588-millones-a-suscripcion-de-aumento-de-capital\/#breadcrumb\"},\"inLanguage\":\"es\",\"potentialAction\":[{\"@type\":\"ReadAction\",\"target\":[\"https:\/\/www.mundoagropecuario.cl\/new\/grupo-controlador-de-hortifrut-destina-57-588-millones-a-suscripcion-de-aumento-de-capital\/\"]}]},{\"@type\":\"ImageObject\",\"inLanguage\":\"es\",\"@id\":\"https:\/\/www.mundoagropecuario.cl\/new\/grupo-controlador-de-hortifrut-destina-57-588-millones-a-suscripcion-de-aumento-de-capital\/#primaryimage\",\"url\":\"https:\/\/www.mundoagropecuario.cl\/new\/wp-content\/uploads\/2019\/08\/Hortifrut.jpg\",\"contentUrl\":\"https:\/\/www.mundoagropecuario.cl\/new\/wp-content\/uploads\/2019\/08\/Hortifrut.jpg\",\"width\":600,\"height\":400},{\"@type\":\"BreadcrumbList\",\"@id\":\"https:\/\/www.mundoagropecuario.cl\/new\/grupo-controlador-de-hortifrut-destina-57-588-millones-a-suscripcion-de-aumento-de-capital\/#breadcrumb\",\"itemListElement\":[{\"@type\":\"ListItem\",\"position\":1,\"name\":\"Portada\",\"item\":\"https:\/\/www.mundoagropecuario.cl\/new\/\"},{\"@type\":\"ListItem\",\"position\":2,\"name\":\"Grupo controlador de Hortifrut destina $57.588 millones a suscripci\u00f3n de aumento de capital\"}]},{\"@type\":\"WebSite\",\"@id\":\"https:\/\/www.mundoagropecuario.cl\/new\/#website\",\"url\":\"https:\/\/www.mundoagropecuario.cl\/new\/\",\"name\":\"Mundoagropecuario\",\"description\":\"Mundo Agropecuario\",\"publisher\":{\"@id\":\"https:\/\/www.mundoagropecuario.cl\/new\/#organization\"},\"potentialAction\":[{\"@type\":\"SearchAction\",\"target\":{\"@type\":\"EntryPoint\",\"urlTemplate\":\"https:\/\/www.mundoagropecuario.cl\/new\/?s={search_term_string}\"},\"query-input\":{\"@type\":\"PropertyValueSpecification\",\"valueRequired\":true,\"valueName\":\"search_term_string\"}}],\"inLanguage\":\"es\"},{\"@type\":\"Organization\",\"@id\":\"https:\/\/www.mundoagropecuario.cl\/new\/#organization\",\"name\":\"Revista de Agricultura\",\"url\":\"https:\/\/www.mundoagropecuario.cl\/new\/\",\"logo\":{\"@type\":\"ImageObject\",\"inLanguage\":\"es\",\"@id\":\"https:\/\/www.mundoagropecuario.cl\/new\/#\/schema\/logo\/image\/\",\"url\":\"https:\/\/www.mundoagropecuario.cl\/new\/wp-content\/uploads\/2020\/11\/PORTAL-1-1.png\",\"contentUrl\":\"https:\/\/www.mundoagropecuario.cl\/new\/wp-content\/uploads\/2020\/11\/PORTAL-1-1.png\",\"width\":1026,\"height\":100,\"caption\":\"Revista de Agricultura\"},\"image\":{\"@id\":\"https:\/\/www.mundoagropecuario.cl\/new\/#\/schema\/logo\/image\/\"},\"sameAs\":[\"https:\/\/www.facebook.com\/mundo.agropecuario.3\",\"https:\/\/x.com\/MundoAgropecuar\",\"https:\/\/www.linkedin.com\/in\/mundo-agropecuario-934009201\/\"]},{\"@type\":\"Person\",\"@id\":\"https:\/\/www.mundoagropecuario.cl\/new\/#\/schema\/person\/4e9f74a82a7dac260eb1c44b7eebeb18\",\"name\":\"mundo\",\"url\":\"https:\/\/www.mundoagropecuario.cl\/new\/author\/mundo\/\"}]}<\/script>\n<!-- \/ Yoast SEO plugin. -->","yoast_head_json":{"title":"Grupo controlador de Hortifrut destina $57.588 millones a suscripci\u00f3n de aumento de capital - Mundoagropecuario","robots":{"index":"index","follow":"follow","max-snippet":"max-snippet:-1","max-image-preview":"max-image-preview:large","max-video-preview":"max-video-preview:-1"},"canonical":"https:\/\/www.mundoagropecuario.cl\/new\/grupo-controlador-de-hortifrut-destina-57-588-millones-a-suscripcion-de-aumento-de-capital\/","og_locale":"es_ES","og_type":"article","og_title":"Grupo controlador de Hortifrut destina $57.588 millones a suscripci\u00f3n de aumento de capital - Mundoagropecuario","og_description":"Las familias Moller, Quevedo, del R\u00edo y Elberg, concretaron la suscripci\u00f3n y pago de la prorrata del 51,85% que les corresponde, demostrando su compromiso con los proyectos de crecimiento de...","og_url":"https:\/\/www.mundoagropecuario.cl\/new\/grupo-controlador-de-hortifrut-destina-57-588-millones-a-suscripcion-de-aumento-de-capital\/","og_site_name":"Mundoagropecuario","article_publisher":"https:\/\/www.facebook.com\/mundo.agropecuario.3","article_published_time":"2019-08-05T14:56:55+00:00","article_modified_time":"2019-08-06T14:36:24+00:00","og_image":[{"width":600,"height":400,"url":"https:\/\/www.mundoagropecuario.cl\/new\/wp-content\/uploads\/2019\/08\/Hortifrut.jpg","type":"image\/jpeg"}],"author":"mundo","twitter_card":"summary_large_image","twitter_creator":"@MundoAgropecuar","twitter_site":"@MundoAgropecuar","twitter_misc":{"Escrito por":"mundo","Tiempo de lectura":"1 minuto"},"schema":{"@context":"https:\/\/schema.org","@graph":[{"@type":"Article","@id":"https:\/\/www.mundoagropecuario.cl\/new\/grupo-controlador-de-hortifrut-destina-57-588-millones-a-suscripcion-de-aumento-de-capital\/#article","isPartOf":{"@id":"https:\/\/www.mundoagropecuario.cl\/new\/grupo-controlador-de-hortifrut-destina-57-588-millones-a-suscripcion-de-aumento-de-capital\/"},"author":{"name":"mundo","@id":"https:\/\/www.mundoagropecuario.cl\/new\/#\/schema\/person\/4e9f74a82a7dac260eb1c44b7eebeb18"},"headline":"Grupo controlador de Hortifrut destina $57.588 millones a suscripci\u00f3n de aumento de capital","datePublished":"2019-08-05T14:56:55+00:00","dateModified":"2019-08-06T14:36:24+00:00","mainEntityOfPage":{"@id":"https:\/\/www.mundoagropecuario.cl\/new\/grupo-controlador-de-hortifrut-destina-57-588-millones-a-suscripcion-de-aumento-de-capital\/"},"wordCount":271,"publisher":{"@id":"https:\/\/www.mundoagropecuario.cl\/new\/#organization"},"image":{"@id":"https:\/\/www.mundoagropecuario.cl\/new\/grupo-controlador-de-hortifrut-destina-57-588-millones-a-suscripcion-de-aumento-de-capital\/#primaryimage"},"thumbnailUrl":"https:\/\/www.mundoagropecuario.cl\/new\/wp-content\/uploads\/2019\/08\/Hortifrut.jpg","keywords":["Del R\u00edo y Elberg (Grupo VitalBerry)","Grupo FM)","Hortifrut"],"articleSection":["Frutas"],"inLanguage":"es"},{"@type":"WebPage","@id":"https:\/\/www.mundoagropecuario.cl\/new\/grupo-controlador-de-hortifrut-destina-57-588-millones-a-suscripcion-de-aumento-de-capital\/","url":"https:\/\/www.mundoagropecuario.cl\/new\/grupo-controlador-de-hortifrut-destina-57-588-millones-a-suscripcion-de-aumento-de-capital\/","name":"Grupo controlador de Hortifrut destina $57.588 millones a suscripci\u00f3n de aumento de capital - Mundoagropecuario","isPartOf":{"@id":"https:\/\/www.mundoagropecuario.cl\/new\/#website"},"primaryImageOfPage":{"@id":"https:\/\/www.mundoagropecuario.cl\/new\/grupo-controlador-de-hortifrut-destina-57-588-millones-a-suscripcion-de-aumento-de-capital\/#primaryimage"},"image":{"@id":"https:\/\/www.mundoagropecuario.cl\/new\/grupo-controlador-de-hortifrut-destina-57-588-millones-a-suscripcion-de-aumento-de-capital\/#primaryimage"},"thumbnailUrl":"https:\/\/www.mundoagropecuario.cl\/new\/wp-content\/uploads\/2019\/08\/Hortifrut.jpg","datePublished":"2019-08-05T14:56:55+00:00","dateModified":"2019-08-06T14:36:24+00:00","breadcrumb":{"@id":"https:\/\/www.mundoagropecuario.cl\/new\/grupo-controlador-de-hortifrut-destina-57-588-millones-a-suscripcion-de-aumento-de-capital\/#breadcrumb"},"inLanguage":"es","potentialAction":[{"@type":"ReadAction","target":["https:\/\/www.mundoagropecuario.cl\/new\/grupo-controlador-de-hortifrut-destina-57-588-millones-a-suscripcion-de-aumento-de-capital\/"]}]},{"@type":"ImageObject","inLanguage":"es","@id":"https:\/\/www.mundoagropecuario.cl\/new\/grupo-controlador-de-hortifrut-destina-57-588-millones-a-suscripcion-de-aumento-de-capital\/#primaryimage","url":"https:\/\/www.mundoagropecuario.cl\/new\/wp-content\/uploads\/2019\/08\/Hortifrut.jpg","contentUrl":"https:\/\/www.mundoagropecuario.cl\/new\/wp-content\/uploads\/2019\/08\/Hortifrut.jpg","width":600,"height":400},{"@type":"BreadcrumbList","@id":"https:\/\/www.mundoagropecuario.cl\/new\/grupo-controlador-de-hortifrut-destina-57-588-millones-a-suscripcion-de-aumento-de-capital\/#breadcrumb","itemListElement":[{"@type":"ListItem","position":1,"name":"Portada","item":"https:\/\/www.mundoagropecuario.cl\/new\/"},{"@type":"ListItem","position":2,"name":"Grupo controlador de Hortifrut destina $57.588 millones a suscripci\u00f3n de aumento de capital"}]},{"@type":"WebSite","@id":"https:\/\/www.mundoagropecuario.cl\/new\/#website","url":"https:\/\/www.mundoagropecuario.cl\/new\/","name":"Mundoagropecuario","description":"Mundo Agropecuario","publisher":{"@id":"https:\/\/www.mundoagropecuario.cl\/new\/#organization"},"potentialAction":[{"@type":"SearchAction","target":{"@type":"EntryPoint","urlTemplate":"https:\/\/www.mundoagropecuario.cl\/new\/?s={search_term_string}"},"query-input":{"@type":"PropertyValueSpecification","valueRequired":true,"valueName":"search_term_string"}}],"inLanguage":"es"},{"@type":"Organization","@id":"https:\/\/www.mundoagropecuario.cl\/new\/#organization","name":"Revista de Agricultura","url":"https:\/\/www.mundoagropecuario.cl\/new\/","logo":{"@type":"ImageObject","inLanguage":"es","@id":"https:\/\/www.mundoagropecuario.cl\/new\/#\/schema\/logo\/image\/","url":"https:\/\/www.mundoagropecuario.cl\/new\/wp-content\/uploads\/2020\/11\/PORTAL-1-1.png","contentUrl":"https:\/\/www.mundoagropecuario.cl\/new\/wp-content\/uploads\/2020\/11\/PORTAL-1-1.png","width":1026,"height":100,"caption":"Revista de Agricultura"},"image":{"@id":"https:\/\/www.mundoagropecuario.cl\/new\/#\/schema\/logo\/image\/"},"sameAs":["https:\/\/www.facebook.com\/mundo.agropecuario.3","https:\/\/x.com\/MundoAgropecuar","https:\/\/www.linkedin.com\/in\/mundo-agropecuario-934009201\/"]},{"@type":"Person","@id":"https:\/\/www.mundoagropecuario.cl\/new\/#\/schema\/person\/4e9f74a82a7dac260eb1c44b7eebeb18","name":"mundo","url":"https:\/\/www.mundoagropecuario.cl\/new\/author\/mundo\/"}]}},"_links":{"self":[{"href":"https:\/\/www.mundoagropecuario.cl\/new\/wp-json\/wp\/v2\/posts\/13150","targetHints":{"allow":["GET"]}}],"collection":[{"href":"https:\/\/www.mundoagropecuario.cl\/new\/wp-json\/wp\/v2\/posts"}],"about":[{"href":"https:\/\/www.mundoagropecuario.cl\/new\/wp-json\/wp\/v2\/types\/post"}],"author":[{"embeddable":true,"href":"https:\/\/www.mundoagropecuario.cl\/new\/wp-json\/wp\/v2\/users\/2"}],"replies":[{"embeddable":true,"href":"https:\/\/www.mundoagropecuario.cl\/new\/wp-json\/wp\/v2\/comments?post=13150"}],"version-history":[{"count":1,"href":"https:\/\/www.mundoagropecuario.cl\/new\/wp-json\/wp\/v2\/posts\/13150\/revisions"}],"predecessor-version":[{"id":13153,"href":"https:\/\/www.mundoagropecuario.cl\/new\/wp-json\/wp\/v2\/posts\/13150\/revisions\/13153"}],"wp:featuredmedia":[{"embeddable":true,"href":"https:\/\/www.mundoagropecuario.cl\/new\/wp-json\/wp\/v2\/media\/13152"}],"wp:attachment":[{"href":"https:\/\/www.mundoagropecuario.cl\/new\/wp-json\/wp\/v2\/media?parent=13150"}],"wp:term":[{"taxonomy":"category","embeddable":true,"href":"https:\/\/www.mundoagropecuario.cl\/new\/wp-json\/wp\/v2\/categories?post=13150"},{"taxonomy":"post_tag","embeddable":true,"href":"https:\/\/www.mundoagropecuario.cl\/new\/wp-json\/wp\/v2\/tags?post=13150"}],"curies":[{"name":"wp","href":"https:\/\/api.w.org\/{rel}","templated":true}]}}